{"id":1022,"date":"2021-04-12T12:53:56","date_gmt":"2021-04-12T15:53:56","guid":{"rendered":"http:\/\/portaleducacao.guarulhos.sp.gov.br\/wp_site\/saberesemcasa\/?p=1022"},"modified":"2021-04-12T13:00:50","modified_gmt":"2021-04-12T16:00:50","slug":"professoras-da-rede-municipal-falam-sobre-experiencias-no-ensino-remoto-durante-a-pandemia","status":"publish","type":"post","link":"http:\/\/portaleducacao.guarulhos.sp.gov.br\/wp_site\/saberesemcasa\/2021\/04\/12\/professoras-da-rede-municipal-falam-sobre-experiencias-no-ensino-remoto-durante-a-pandemia\/","title":{"rendered":"Professoras da rede municipal falam sobre experi\u00eancias no ensino remoto durante a pandemia"},"content":{"rendered":"\n<p class=\"has-medium-font-size\">O segundo epis\u00f3dio do podcast <strong>Vozes da Rede<\/strong> j\u00e1 est\u00e1 no ar. O bate-papo desta vez foi entre as professoras Eliane de Siqueira, do Centro Municipal de Educa\u00e7\u00e3o a Dist\u00e2ncia (Cemead) e respons\u00e1vel pelo bloco Desafio do Dia do programa Saberes em Casa, Andreia Gomes da Costa, da EPG Jorge Amado, Adalgisa Apol\u00f4nio, diretora da EPG Pixinguinha, Melissa Pires Gomes, respons\u00e1vel pela supervis\u00e3o escolar da Prefeitura, e Solange Turgante, diretora do Departamento de Orienta\u00e7\u00f5es Educacionais e Pedag\u00f3gicas (DOEP).<\/p>\n\n\n\n<p class=\"has-medium-font-size\">A conversa parte das experi\u00eancias vivenciadas nas escolas com o programa Saberes em Casa e os desafios enfrentados em diferentes contextos escolares. Elas deixam claro, j\u00e1 no in\u00edcio, que em qualquer cen\u00e1rio a parceria das fam\u00edlias dos alunos n\u00e3o \u00e9 apenas essencial, mas sim indispens\u00e1vel.<\/p>\n\n\n\n<p class=\"has-medium-font-size\">Durante a conversa o ouvinte ter\u00e1 a oportunidade de conhecer a\u00e7\u00f5es que est\u00e3o sendo desenvolvidas no dia a dia das escolas municipais neste per\u00edodo de pandemia, que implica o contexto remoto.<\/p>\n\n\n\n<p class=\"has-medium-font-size\">O podcast <strong>Vozes da Rede<\/strong> est\u00e1 dispon\u00edvel nos aplicativos Spotify, Google Podcasts, Anchor, Breaker, Overcast, Pocket Casts e RadioPublic.<\/p>\n\n\n\n<p class=\"has-medium-font-size\"><a rel=\"noreferrer noopener\" href=\"https:\/\/anchor.fm\/portalseinforme\/episodes\/Vozes-da-Rede-Episdio-02-Professores-da-rede-municipal-de-Guarulhos-falam-sobre-experincias-no-ensino-remoto-durante-a-pandemia-eublun.\" target=\"_blank\">Clique aqui<\/a> ou no player abaixo para ouvir o podcast.<\/p>\n\n\n\n<p><\/p>\n\n\n<p><iframe loading=\"lazy\" src=\"https:\/\/anchor.fm\/portalseinforme\/embed\/episodes\/Vozes-da-Rede-Episdio-02-Professores-da-rede-municipal-de-Guarulhos-falam-sobre-experincias-no-ensino-remoto-durante-a-pandemia-eublun\" width=\"100%\" height=\"200px\" frameborder=\"0\" scrolling=\"no\"><\/iframe><\/p>","protected":false},"excerpt":{"rendered":"<p>O segundo epis\u00f3dio do podcast Vozes da Rede j\u00e1 est\u00e1 no ar. O bate-papo desta vez foi entre as professoras Eliane de Siqueira, do Centro Municipal de Educa\u00e7\u00e3o a Dist\u00e2ncia [&hellip;]<\/p>\n","protected":false},"author":1,"featured_media":1024,"comment_status":"closed","ping_status":"open","sticky":false,"template":"","format":"standard","meta":{"_monsterinsights_skip_tracking":false,"_monsterinsights_sitenote_active":false,"_monsterinsights_sitenote_note":"","_monsterinsights_sitenote_category":0,"_expiration-date-status":"","_expiration-date":0,"_expiration-date-type":"","_expiration-date-categories":[],"_expiration-date-options":[]},"categories":[1],"tags":[],"yoast_head":"<!-- This site is optimized with the Yoast SEO plugin v19.7.1 - https:\/\/yoast.com\/wordpress\/plugins\/seo\/ -->\r\n<title>Professoras da rede municipal falam sobre experi\u00eancias no ensino remoto durante a pandemia - Programa Saberes em Casa<\/title>\r\n<meta name=\"robots\" content=\"index, follow, max-snippet:-1, max-image-preview:large, max-video-preview:-1\" \/>\r\n<link rel=\"canonical\" href=\"http:\/\/portaleducacao.guarulhos.sp.gov.br\/wp_site\/saberesemcasa\/2021\/04\/12\/professoras-da-rede-municipal-falam-sobre-experiencias-no-ensino-remoto-durante-a-pandemia\/\" \/>\r\n<meta property=\"og:locale\" content=\"pt_BR\" \/>\r\n<meta property=\"og:type\" content=\"article\" \/>\r\n<meta property=\"og:title\" content=\"Professoras da rede municipal falam sobre experi\u00eancias no ensino remoto durante a pandemia - Programa Saberes em Casa\" \/>\r\n<meta property=\"og:description\" content=\"O segundo epis\u00f3dio do podcast Vozes da Rede j\u00e1 est\u00e1 no ar. O bate-papo desta vez foi entre as professoras Eliane de Siqueira, do Centro Municipal de Educa\u00e7\u00e3o a Dist\u00e2ncia [&hellip;]\" \/>\r\n<meta property=\"og:url\" content=\"http:\/\/portaleducacao.guarulhos.sp.gov.br\/wp_site\/saberesemcasa\/2021\/04\/12\/professoras-da-rede-municipal-falam-sobre-experiencias-no-ensino-remoto-durante-a-pandemia\/\" \/>\r\n<meta property=\"og:site_name\" content=\"Programa Saberes em Casa\" \/>\r\n<meta property=\"article:published_time\" content=\"2021-04-12T15:53:56+00:00\" \/>\r\n<meta property=\"article:modified_time\" content=\"2021-04-12T16:00:50+00:00\" \/>\r\n<meta property=\"og:image\" content=\"http:\/\/portaleducacao.guarulhos.sp.gov.br\/wp_site\/saberesemcasa\/wp-content\/uploads\/sites\/6\/2021\/04\/podcast_008.jpg\" \/>\r\n\t<meta property=\"og:image:width\" content=\"750\" \/>\r\n\t<meta property=\"og:image:height\" content=\"520\" \/>\r\n\t<meta property=\"og:image:type\" content=\"image\/jpeg\" \/>\r\n<meta name=\"author\" content=\"sites\" \/>\r\n<meta name=\"twitter:card\" content=\"summary_large_image\" \/>\r\n<meta name=\"twitter:label1\" content=\"Escrito por\" \/>\n\t<meta name=\"twitter:data1\" content=\"sites\" \/>\n\t<meta name=\"twitter:label2\" content=\"Est. tempo de leitura\" \/>\n\t<meta name=\"twitter:data2\" content=\"1 minuto\" \/>\r\n<script type=\"application\/ld+json\" class=\"yoast-schema-graph\">{\"@context\":\"https:\/\/schema.org\",\"@graph\":[{\"@type\":\"Article\",\"@id\":\"http:\/\/portaleducacao.guarulhos.sp.gov.br\/wp_site\/saberesemcasa\/2021\/04\/12\/professoras-da-rede-municipal-falam-sobre-experiencias-no-ensino-remoto-durante-a-pandemia\/#article\",\"isPartOf\":{\"@id\":\"http:\/\/portaleducacao.guarulhos.sp.gov.br\/wp_site\/saberesemcasa\/2021\/04\/12\/professoras-da-rede-municipal-falam-sobre-experiencias-no-ensino-remoto-durante-a-pandemia\/\"},\"author\":{\"name\":\"sites\",\"@id\":\"http:\/\/portaleducacao.guarulhos.sp.gov.br\/wp_site\/saberesemcasa\/#\/schema\/person\/9d1c60216648b2e84d2544ba3ee8bb69\"},\"headline\":\"Professoras da rede municipal falam sobre experi\u00eancias no ensino remoto durante a pandemia\",\"datePublished\":\"2021-04-12T15:53:56+00:00\",\"dateModified\":\"2021-04-12T16:00:50+00:00\",\"mainEntityOfPage\":{\"@id\":\"http:\/\/portaleducacao.guarulhos.sp.gov.br\/wp_site\/saberesemcasa\/2021\/04\/12\/professoras-da-rede-municipal-falam-sobre-experiencias-no-ensino-remoto-durante-a-pandemia\/\"},\"wordCount\":215,\"publisher\":{\"@id\":\"http:\/\/portaleducacao.guarulhos.sp.gov.br\/wp_site\/saberesemcasa\/#organization\"},\"articleSection\":[\"Saberes em Casa 2021\"],\"inLanguage\":\"pt-BR\"},{\"@type\":\"WebPage\",\"@id\":\"http:\/\/portaleducacao.guarulhos.sp.gov.br\/wp_site\/saberesemcasa\/2021\/04\/12\/professoras-da-rede-municipal-falam-sobre-experiencias-no-ensino-remoto-durante-a-pandemia\/\",\"url\":\"http:\/\/portaleducacao.guarulhos.sp.gov.br\/wp_site\/saberesemcasa\/2021\/04\/12\/professoras-da-rede-municipal-falam-sobre-experiencias-no-ensino-remoto-durante-a-pandemia\/\",\"name\":\"Professoras da rede municipal falam sobre experi\u00eancias no ensino remoto durante a pandemia - Programa Saberes em Casa\",\"isPartOf\":{\"@id\":\"http:\/\/portaleducacao.guarulhos.sp.gov.br\/wp_site\/saberesemcasa\/#website\"},\"datePublished\":\"2021-04-12T15:53:56+00:00\",\"dateModified\":\"2021-04-12T16:00:50+00:00\",\"breadcrumb\":{\"@id\":\"http:\/\/portaleducacao.guarulhos.sp.gov.br\/wp_site\/saberesemcasa\/2021\/04\/12\/professoras-da-rede-municipal-falam-sobre-experiencias-no-ensino-remoto-durante-a-pandemia\/#breadcrumb\"},\"inLanguage\":\"pt-BR\",\"potentialAction\":[{\"@type\":\"ReadAction\",\"target\":[\"http:\/\/portaleducacao.guarulhos.sp.gov.br\/wp_site\/saberesemcasa\/2021\/04\/12\/professoras-da-rede-municipal-falam-sobre-experiencias-no-ensino-remoto-durante-a-pandemia\/\"]}]},{\"@type\":\"BreadcrumbList\",\"@id\":\"http:\/\/portaleducacao.guarulhos.sp.gov.br\/wp_site\/saberesemcasa\/2021\/04\/12\/professoras-da-rede-municipal-falam-sobre-experiencias-no-ensino-remoto-durante-a-pandemia\/#breadcrumb\",\"itemListElement\":[{\"@type\":\"ListItem\",\"position\":1,\"name\":\"In\u00edcio\",\"item\":\"http:\/\/portaleducacao.guarulhos.sp.gov.br\/wp_site\/saberesemcasa\/\"},{\"@type\":\"ListItem\",\"position\":2,\"name\":\"Professoras da rede municipal falam sobre experi\u00eancias no ensino remoto durante a pandemia\"}]},{\"@type\":\"WebSite\",\"@id\":\"http:\/\/portaleducacao.guarulhos.sp.gov.br\/wp_site\/saberesemcasa\/#website\",\"url\":\"http:\/\/portaleducacao.guarulhos.sp.gov.br\/wp_site\/saberesemcasa\/\",\"name\":\"Programa Saberes em Casa\",\"description\":\"Ferramenta complementar \u00e0s propostas educativas desenvolvidas nas unidades escolares\",\"publisher\":{\"@id\":\"http:\/\/portaleducacao.guarulhos.sp.gov.br\/wp_site\/saberesemcasa\/#organization\"},\"potentialAction\":[{\"@type\":\"SearchAction\",\"target\":{\"@type\":\"EntryPoint\",\"urlTemplate\":\"http:\/\/portaleducacao.guarulhos.sp.gov.br\/wp_site\/saberesemcasa\/?s={search_term_string}\"},\"query-input\":\"required name=search_term_string\"}],\"inLanguage\":\"pt-BR\"},{\"@type\":\"Organization\",\"@id\":\"http:\/\/portaleducacao.guarulhos.sp.gov.br\/wp_site\/saberesemcasa\/#organization\",\"name\":\"Programa Saberes em Casa\",\"url\":\"http:\/\/portaleducacao.guarulhos.sp.gov.br\/wp_site\/saberesemcasa\/\",\"sameAs\":[],\"logo\":{\"@type\":\"ImageObject\",\"inLanguage\":\"pt-BR\",\"@id\":\"http:\/\/portaleducacao.guarulhos.sp.gov.br\/wp_site\/saberesemcasa\/#\/schema\/logo\/image\/\",\"url\":\"http:\/\/portaleducacao.guarulhos.sp.gov.br\/wp_site\/saberesemcasa\/wp-content\/uploads\/sites\/6\/2021\/02\/cropped-logo_saberes_em_casa.png\",\"contentUrl\":\"http:\/\/portaleducacao.guarulhos.sp.gov.br\/wp_site\/saberesemcasa\/wp-content\/uploads\/sites\/6\/2021\/02\/cropped-logo_saberes_em_casa.png\",\"width\":200,\"height\":100,\"caption\":\"Programa Saberes em Casa\"},\"image\":{\"@id\":\"http:\/\/portaleducacao.guarulhos.sp.gov.br\/wp_site\/saberesemcasa\/#\/schema\/logo\/image\/\"}},{\"@type\":\"Person\",\"@id\":\"http:\/\/portaleducacao.guarulhos.sp.gov.br\/wp_site\/saberesemcasa\/#\/schema\/person\/9d1c60216648b2e84d2544ba3ee8bb69\",\"name\":\"sites\",\"image\":{\"@type\":\"ImageObject\",\"inLanguage\":\"pt-BR\",\"@id\":\"http:\/\/portaleducacao.guarulhos.sp.gov.br\/wp_site\/saberesemcasa\/#\/schema\/person\/image\/\",\"url\":\"http:\/\/1.gravatar.com\/avatar\/d320dc056d58878ea1be67e0f28bb03d?s=96&d=mm&r=g\",\"contentUrl\":\"http:\/\/1.gravatar.com\/avatar\/d320dc056d58878ea1be67e0f28bb03d?s=96&d=mm&r=g\",\"caption\":\"sites\"},\"sameAs\":[\"http:\/\/172.16.208.47\/sites\"],\"url\":\"http:\/\/portaleducacao.guarulhos.sp.gov.br\/wp_site\/saberesemcasa\/author\/sites\/\"}]}<\/script>\r\n<!-- \/ Yoast SEO plugin. -->","yoast_head_json":{"title":"Professoras da rede municipal falam sobre experi\u00eancias no ensino remoto durante a pandemia - Programa Saberes em Casa","robots":{"index":"index","follow":"follow","max-snippet":"max-snippet:-1","max-image-preview":"max-image-preview:large","max-video-preview":"max-video-preview:-1"},"canonical":"http:\/\/portaleducacao.guarulhos.sp.gov.br\/wp_site\/saberesemcasa\/2021\/04\/12\/professoras-da-rede-municipal-falam-sobre-experiencias-no-ensino-remoto-durante-a-pandemia\/","og_locale":"pt_BR","og_type":"article","og_title":"Professoras da rede municipal falam sobre experi\u00eancias no ensino remoto durante a pandemia - Programa Saberes em Casa","og_description":"O segundo epis\u00f3dio do podcast Vozes da Rede j\u00e1 est\u00e1 no ar. O bate-papo desta vez foi entre as professoras Eliane de Siqueira, do Centro Municipal de Educa\u00e7\u00e3o a Dist\u00e2ncia [&hellip;]","og_url":"http:\/\/portaleducacao.guarulhos.sp.gov.br\/wp_site\/saberesemcasa\/2021\/04\/12\/professoras-da-rede-municipal-falam-sobre-experiencias-no-ensino-remoto-durante-a-pandemia\/","og_site_name":"Programa Saberes em Casa","article_published_time":"2021-04-12T15:53:56+00:00","article_modified_time":"2021-04-12T16:00:50+00:00","og_image":[{"width":750,"height":520,"url":"http:\/\/portaleducacao.guarulhos.sp.gov.br\/wp_site\/saberesemcasa\/wp-content\/uploads\/sites\/6\/2021\/04\/podcast_008.jpg","type":"image\/jpeg"}],"author":"sites","twitter_card":"summary_large_image","twitter_misc":{"Escrito por":"sites","Est. tempo de leitura":"1 minuto"},"schema":{"@context":"https:\/\/schema.org","@graph":[{"@type":"Article","@id":"http:\/\/portaleducacao.guarulhos.sp.gov.br\/wp_site\/saberesemcasa\/2021\/04\/12\/professoras-da-rede-municipal-falam-sobre-experiencias-no-ensino-remoto-durante-a-pandemia\/#article","isPartOf":{"@id":"http:\/\/portaleducacao.guarulhos.sp.gov.br\/wp_site\/saberesemcasa\/2021\/04\/12\/professoras-da-rede-municipal-falam-sobre-experiencias-no-ensino-remoto-durante-a-pandemia\/"},"author":{"name":"sites","@id":"http:\/\/portaleducacao.guarulhos.sp.gov.br\/wp_site\/saberesemcasa\/#\/schema\/person\/9d1c60216648b2e84d2544ba3ee8bb69"},"headline":"Professoras da rede municipal falam sobre experi\u00eancias no ensino remoto durante a pandemia","datePublished":"2021-04-12T15:53:56+00:00","dateModified":"2021-04-12T16:00:50+00:00","mainEntityOfPage":{"@id":"http:\/\/portaleducacao.guarulhos.sp.gov.br\/wp_site\/saberesemcasa\/2021\/04\/12\/professoras-da-rede-municipal-falam-sobre-experiencias-no-ensino-remoto-durante-a-pandemia\/"},"wordCount":215,"publisher":{"@id":"http:\/\/portaleducacao.guarulhos.sp.gov.br\/wp_site\/saberesemcasa\/#organization"},"articleSection":["Saberes em Casa 2021"],"inLanguage":"pt-BR"},{"@type":"WebPage","@id":"http:\/\/portaleducacao.guarulhos.sp.gov.br\/wp_site\/saberesemcasa\/2021\/04\/12\/professoras-da-rede-municipal-falam-sobre-experiencias-no-ensino-remoto-durante-a-pandemia\/","url":"http:\/\/portaleducacao.guarulhos.sp.gov.br\/wp_site\/saberesemcasa\/2021\/04\/12\/professoras-da-rede-municipal-falam-sobre-experiencias-no-ensino-remoto-durante-a-pandemia\/","name":"Professoras da rede municipal falam sobre experi\u00eancias no ensino remoto durante a pandemia - Programa Saberes em Casa","isPartOf":{"@id":"http:\/\/portaleducacao.guarulhos.sp.gov.br\/wp_site\/saberesemcasa\/#website"},"datePublished":"2021-04-12T15:53:56+00:00","dateModified":"2021-04-12T16:00:50+00:00","breadcrumb":{"@id":"http:\/\/portaleducacao.guarulhos.sp.gov.br\/wp_site\/saberesemcasa\/2021\/04\/12\/professoras-da-rede-municipal-falam-sobre-experiencias-no-ensino-remoto-durante-a-pandemia\/#breadcrumb"},"inLanguage":"pt-BR","potentialAction":[{"@type":"ReadAction","target":["http:\/\/portaleducacao.guarulhos.sp.gov.br\/wp_site\/saberesemcasa\/2021\/04\/12\/professoras-da-rede-municipal-falam-sobre-experiencias-no-ensino-remoto-durante-a-pandemia\/"]}]},{"@type":"BreadcrumbList","@id":"http:\/\/portaleducacao.guarulhos.sp.gov.br\/wp_site\/saberesemcasa\/2021\/04\/12\/professoras-da-rede-municipal-falam-sobre-experiencias-no-ensino-remoto-durante-a-pandemia\/#breadcrumb","itemListElement":[{"@type":"ListItem","position":1,"name":"In\u00edcio","item":"http:\/\/portaleducacao.guarulhos.sp.gov.br\/wp_site\/saberesemcasa\/"},{"@type":"ListItem","position":2,"name":"Professoras da rede municipal falam sobre experi\u00eancias no ensino remoto durante a pandemia"}]},{"@type":"WebSite","@id":"http:\/\/portaleducacao.guarulhos.sp.gov.br\/wp_site\/saberesemcasa\/#website","url":"http:\/\/portaleducacao.guarulhos.sp.gov.br\/wp_site\/saberesemcasa\/","name":"Programa Saberes em Casa","description":"Ferramenta complementar \u00e0s propostas educativas desenvolvidas nas unidades escolares","publisher":{"@id":"http:\/\/portaleducacao.guarulhos.sp.gov.br\/wp_site\/saberesemcasa\/#organization"},"potentialAction":[{"@type":"SearchAction","target":{"@type":"EntryPoint","urlTemplate":"http:\/\/portaleducacao.guarulhos.sp.gov.br\/wp_site\/saberesemcasa\/?s={search_term_string}"},"query-input":"required name=search_term_string"}],"inLanguage":"pt-BR"},{"@type":"Organization","@id":"http:\/\/portaleducacao.guarulhos.sp.gov.br\/wp_site\/saberesemcasa\/#organization","name":"Programa Saberes em Casa","url":"http:\/\/portaleducacao.guarulhos.sp.gov.br\/wp_site\/saberesemcasa\/","sameAs":[],"logo":{"@type":"ImageObject","inLanguage":"pt-BR","@id":"http:\/\/portaleducacao.guarulhos.sp.gov.br\/wp_site\/saberesemcasa\/#\/schema\/logo\/image\/","url":"http:\/\/portaleducacao.guarulhos.sp.gov.br\/wp_site\/saberesemcasa\/wp-content\/uploads\/sites\/6\/2021\/02\/cropped-logo_saberes_em_casa.png","contentUrl":"http:\/\/portaleducacao.guarulhos.sp.gov.br\/wp_site\/saberesemcasa\/wp-content\/uploads\/sites\/6\/2021\/02\/cropped-logo_saberes_em_casa.png","width":200,"height":100,"caption":"Programa Saberes em Casa"},"image":{"@id":"http:\/\/portaleducacao.guarulhos.sp.gov.br\/wp_site\/saberesemcasa\/#\/schema\/logo\/image\/"}},{"@type":"Person","@id":"http:\/\/portaleducacao.guarulhos.sp.gov.br\/wp_site\/saberesemcasa\/#\/schema\/person\/9d1c60216648b2e84d2544ba3ee8bb69","name":"sites","image":{"@type":"ImageObject","inLanguage":"pt-BR","@id":"http:\/\/portaleducacao.guarulhos.sp.gov.br\/wp_site\/saberesemcasa\/#\/schema\/person\/image\/","url":"http:\/\/1.gravatar.com\/avatar\/d320dc056d58878ea1be67e0f28bb03d?s=96&d=mm&r=g","contentUrl":"http:\/\/1.gravatar.com\/avatar\/d320dc056d58878ea1be67e0f28bb03d?s=96&d=mm&r=g","caption":"sites"},"sameAs":["http:\/\/172.16.208.47\/sites"],"url":"http:\/\/portaleducacao.guarulhos.sp.gov.br\/wp_site\/saberesemcasa\/author\/sites\/"}]}},"_links":{"self":[{"href":"http:\/\/portaleducacao.guarulhos.sp.gov.br\/wp_site\/saberesemcasa\/wp-json\/wp\/v2\/posts\/1022"}],"collection":[{"href":"http:\/\/portaleducacao.guarulhos.sp.gov.br\/wp_site\/saberesemcasa\/wp-json\/wp\/v2\/posts"}],"about":[{"href":"http:\/\/portaleducacao.guarulhos.sp.gov.br\/wp_site\/saberesemcasa\/wp-json\/wp\/v2\/types\/post"}],"author":[{"embeddable":true,"href":"http:\/\/portaleducacao.guarulhos.sp.gov.br\/wp_site\/saberesemcasa\/wp-json\/wp\/v2\/users\/1"}],"replies":[{"embeddable":true,"href":"http:\/\/portaleducacao.guarulhos.sp.gov.br\/wp_site\/saberesemcasa\/wp-json\/wp\/v2\/comments?post=1022"}],"version-history":[{"count":3,"href":"http:\/\/portaleducacao.guarulhos.sp.gov.br\/wp_site\/saberesemcasa\/wp-json\/wp\/v2\/posts\/1022\/revisions"}],"predecessor-version":[{"id":1027,"href":"http:\/\/portaleducacao.guarulhos.sp.gov.br\/wp_site\/saberesemcasa\/wp-json\/wp\/v2\/posts\/1022\/revisions\/1027"}],"wp:featuredmedia":[{"embeddable":true,"href":"http:\/\/portaleducacao.guarulhos.sp.gov.br\/wp_site\/saberesemcasa\/wp-json\/wp\/v2\/media\/1024"}],"wp:attachment":[{"href":"http:\/\/portaleducacao.guarulhos.sp.gov.br\/wp_site\/saberesemcasa\/wp-json\/wp\/v2\/media?parent=1022"}],"wp:term":[{"taxonomy":"category","embeddable":true,"href":"http:\/\/portaleducacao.guarulhos.sp.gov.br\/wp_site\/saberesemcasa\/wp-json\/wp\/v2\/categories?post=1022"},{"taxonomy":"post_tag","embeddable":true,"href":"http:\/\/portaleducacao.guarulhos.sp.gov.br\/wp_site\/saberesemcasa\/wp-json\/wp\/v2\/tags?post=1022"}],"curies":[{"name":"wp","href":"https:\/\/api.w.org\/{rel}","templated":true}]}}