{"id":1035,"date":"2021-04-13T10:30:27","date_gmt":"2021-04-13T13:30:27","guid":{"rendered":"http:\/\/portaleducacao.guarulhos.sp.gov.br\/wp_site\/saberesemcasa\/?p=1035"},"modified":"2021-04-13T10:50:30","modified_gmt":"2021-04-13T13:50:30","slug":"desenho-de-aluna-com-mensagem-positiva-inspira-carta-emocionada","status":"publish","type":"post","link":"http:\/\/portaleducacao.guarulhos.sp.gov.br\/wp_site\/saberesemcasa\/2021\/04\/13\/desenho-de-aluna-com-mensagem-positiva-inspira-carta-emocionada\/","title":{"rendered":"Desenho de aluna com mensagem positiva inspira carta emocionada"},"content":{"rendered":"\n<p class=\"has-medium-font-size\">O desenho de um arco-\u00edris em um cartaz com uma mensagem de esperan\u00e7a. A aluna Sophia Mulzomi da Silva, de 5 anos, estudante da EPG Olavo Bilac, est\u00e1 radiante e n\u00e3o \u00e9 para menos. Logo depois de realizar uma das atividades do programa Saberes em Casa, conte\u00fado digital oferecido pela Secretaria de Educa\u00e7\u00e3o aos alunos da rede municipal, ela recebeu algo surpreendente: uma carta de agradecimento.<\/p>\n\n\n\n<p class=\"has-medium-font-size\">A carta emocionada, assinada por uma mulher que se identificou apenas como Margareth, foi deixada na caixinha de correio da casa de Sophia, no Jardim Tranquilidade, ao lado do cartaz que a menina pregou no port\u00e3o.<\/p>\n\n\n\n<p class=\"has-medium-font-size\">A carta dizia:<\/p>\n\n\n\n<blockquote class=\"wp-block-quote\"><p>\u201cDepois de um dia de trabalho, passo pela sua rua, desanimada, lembrando das not\u00edcias ruins que recebi hoje, de amigos e conhecidos, que ou faleceram ou est\u00e3o doentes. Me deparo em um gesto de carinho, conforto e otimismo no seu port\u00e3o, atrav\u00e9s da linda pintura e mensagem infantil onde est\u00e1 escrito: tudo vai ficar bem, Deus seja louvado\u201d.<\/p><\/blockquote>\n\n\n\n<p class=\"has-medium-font-size\">Desde ent\u00e3o, o que era apenas mais uma das atividades para os alunos elaborarem em casa com a ajuda dos pais e respons\u00e1veis se tornou motivo de esperan\u00e7a, inspira\u00e7\u00e3o e a confirma\u00e7\u00e3o de que o Programa Saberes em Casa tem alcan\u00e7ado muito mais que os objetivos de aprendizagem; ele tem tocado o cora\u00e7\u00e3o das pessoas.<\/p>\n\n\n\n<div style=\"height:100px\" aria-hidden=\"true\" class=\"wp-block-spacer\"><\/div>\n\n\n\n<h2>Tudo vai ficar bem<\/h2>\n\n\n\n<div class=\"wp-block-image\"><figure class=\"aligncenter size-large is-resized\"><a href=\"http:\/\/portaleducacao.guarulhos.sp.gov.br\/wp_site\/saberesemcasa\/wp-content\/uploads\/sites\/6\/2021\/04\/02.jpg\"><img loading=\"lazy\" src=\"http:\/\/portaleducacao.guarulhos.sp.gov.br\/wp_site\/saberesemcasa\/wp-content\/uploads\/sites\/6\/2021\/04\/02-1024x576.jpg\" alt=\"\" class=\"wp-image-1037\" width=\"1200\" height=\"675\" srcset=\"http:\/\/portaleducacao.guarulhos.sp.gov.br\/wp_site\/saberesemcasa\/wp-content\/uploads\/sites\/6\/2021\/04\/02-1024x576.jpg 1024w, http:\/\/portaleducacao.guarulhos.sp.gov.br\/wp_site\/saberesemcasa\/wp-content\/uploads\/sites\/6\/2021\/04\/02-300x169.jpg 300w, http:\/\/portaleducacao.guarulhos.sp.gov.br\/wp_site\/saberesemcasa\/wp-content\/uploads\/sites\/6\/2021\/04\/02-768x432.jpg 768w, http:\/\/portaleducacao.guarulhos.sp.gov.br\/wp_site\/saberesemcasa\/wp-content\/uploads\/sites\/6\/2021\/04\/02.jpg 1280w\" sizes=\"(max-width: 1200px) 100vw, 1200px\" \/><\/a><\/figure><\/div>\n\n\n\n<p class=\"has-medium-font-size\">A tarefa de elaborar o cartaz com o desenho e a mensagem foi solicitada dias antes pela educadora Joyce Recco, apresentadora do quadro \u00c9 Brincando que se Aprende, um cantinho especial dentro do Programa Saberes em Casa, dedicado \u00e0s crian\u00e7as do est\u00e1gios I e II da Educa\u00e7\u00e3o Infantil.<\/p>\n\n\n\n<p class=\"has-medium-font-size\">Apesar de simples, a tarefa tinha l\u00e1 seus desafios: fazer o desenho de um arco-\u00edris para alegrar o mundo. Para isso, era preciso confeccionar um cartaz com qualquer material dispon\u00edvel em casa, l\u00e1pis de cor, canetinha, giz de cera, tinta guache. E n\u00e3o parava por a\u00ed; era necess\u00e1rio ainda deixar o cartaz pregado do lado de fora de casa para que o maior n\u00famero de pessoas pudesse v\u00ea-lo, com a seguinte mensagem de esperan\u00e7a: vai ficar tudo bem!<\/p>\n\n\n\n<p class=\"has-medium-font-size\">A professora do Est\u00e1gio II, Ana Maria de Lima Barros, recebeu da av\u00f3 de Sophia fotos do cartaz da menina e da carta escrita como forma de agradecimento, e compartilhou a devolutiva positiva com os demais professores da escola, no grupo do Whatsapp. \u201cTemos muitas dificuldades para receber devolutivas do nosso trabalho pedag\u00f3gico e das atividades elaboradas de modo remoto, ent\u00e3o, saber que esse trabalho tocou algu\u00e9m, que impactou a vida de outra pessoa que estava precisando daquela mensagem naquele dia \u00e9 muito emocionante, nos deixa a sensa\u00e7\u00e3o \u00e9 de que nosso papel tem sido cumprido\u201d, comemorou a educadora.<\/p>\n\n\n\n<div style=\"height:100px\" aria-hidden=\"true\" class=\"wp-block-spacer\"><\/div>\n\n\n\n<h2>Mudando o futuro<\/h2>\n\n\n\n<div class=\"wp-block-image\"><figure class=\"alignright size-medium\"><img loading=\"lazy\" width=\"225\" height=\"300\" src=\"http:\/\/portaleducacao.guarulhos.sp.gov.br\/wp_site\/saberesemcasa\/wp-content\/uploads\/sites\/6\/2021\/04\/03-225x300.jpeg\" alt=\"\" class=\"wp-image-1038\" srcset=\"http:\/\/portaleducacao.guarulhos.sp.gov.br\/wp_site\/saberesemcasa\/wp-content\/uploads\/sites\/6\/2021\/04\/03-225x300.jpeg 225w, http:\/\/portaleducacao.guarulhos.sp.gov.br\/wp_site\/saberesemcasa\/wp-content\/uploads\/sites\/6\/2021\/04\/03-768x1024.jpeg 768w, http:\/\/portaleducacao.guarulhos.sp.gov.br\/wp_site\/saberesemcasa\/wp-content\/uploads\/sites\/6\/2021\/04\/03.jpeg 780w\" sizes=\"(max-width: 225px) 100vw, 225px\" \/><\/figure><\/div>\n\n\n\n<p class=\"has-medium-font-size\">No come\u00e7o do ano, a equipe respons\u00e1vel por selecionar as atividades do Programa Saberes em Casa adquiriu um kit liter\u00e1rio composto por livros de literatura infantil e atividades para alunos do Ensino Fundamental. Neste m\u00eas de abril, o livro utilizado \u00e9 A Hist\u00f3ria do Arco-\u00cdris, de Daniela Padilha, Paz Marenco, Carolina Schiaffino e Gonzalo Gerandin.<\/p>\n\n\n\n<p class=\"has-medium-font-size\">Durante o programa, Joyce realizou a conta\u00e7\u00e3o da hist\u00f3ria para as crian\u00e7as, que ouviram atentamente sobre a forma\u00e7\u00e3o do arco-\u00edris, borboletas e luzes. A partir da tem\u00e1tica das cores, Joyce incentivou as crian\u00e7as a desenhar o arco-\u00edris e a colocar junto ao desenho uma mensagem de esperan\u00e7a e deixar o desenho pregado em algum lugar do lado de fora de sua casa, para que outras pessoas pudessem v\u00ea-lo.<\/p>\n\n\n\n<p class=\"has-medium-font-size\">\u201cA ideia de desenhar um arco-\u00edris e colocar a frase de esperan\u00e7a n\u00e3o \u00e9 minha; ela \u00e9 parte de uma a\u00e7\u00e3o mundial realizada no ano passado e que envolveu pessoas de in\u00fameros pa\u00edses, logo no in\u00edcio da pandemia, quando as aulas foram suspensas e as crian\u00e7as foram mantidas dentro de casa\u201d, explica Joyce, refor\u00e7ando a necessidade de renovar votos de esperan\u00e7a.<\/p>\n\n\n\n<div style=\"height:100px\" aria-hidden=\"true\" class=\"wp-block-spacer\"><\/div>\n\n\n\n<h2>Saberes em casa, saberes para toda a vida<\/h2>\n\n\n\n<p class=\"has-medium-font-size\">Encarregada de ajudar Sophia a realizar a atividade, Neli Cristiane da Silva, av\u00f3 da menina, aprontou a tinta guache e as folhas de sulfite, emendadas umas as outras para fazer o cartaz. E a Sophia n\u00e3o perdeu tempo, escolheu o port\u00e3o da casa para pregar o cartaz: \u201cele ficou muito bonito e eu quis mostrar para as pessoas\u201d, conta Sophia, que \u00e9 de origem Pankararu, uma das diversas etnias ind\u00edgenas que existem em Guarulhos.<\/p>\n\n\n\n<p class=\"has-medium-font-size\">Na manh\u00e3 seguinte, Neli foi at\u00e9 a frente da casa, verificar se havia alguma correspond\u00eancia do correio. \u201cFoi quando eu encontrei a carta, pensei que se tratava de algu\u00e9m pedindo dinheiro, mas logo que comecei a ler, percebi que ela falava do desenho da Sophia\u201d, conta a av\u00f3, que n\u00e3o perdeu tempo e ligou para o n\u00famero de telefone deixado na carta.<\/p>\n\n\n\n<p class=\"has-medium-font-size\">Do outro lado da linha, a funcion\u00e1ria p\u00fablica Margareth Vasgestian, recebeu com grande alegria a liga\u00e7\u00e3o de Neli: \u201cEu estava muito triste com a quantidade de mortes, n\u00e3o perdi ningu\u00e9m da minha fam\u00edlia, mas a not\u00edcia do falecimento de uma amiga que tem dois filhos me deixou estarrecida\u201d, contou Margareth. Assim que viu o desenho pregado no port\u00e3o, Margareth foi invadida de um sentimento contagiante de alegria e acolhimento: \u201cO desenho e a mensagem que havia nele me encheram de \u00e2nimo. Voltei para casa e fiquei pensando nas pessoas que se foram e me senti inspirada a reagir, peguei papel e caneta e escrevi a carta para aquela crian\u00e7a para dizer a ela o quanto ela me fez bem\u201d, conta emocionada.<\/p>\n\n\n\n<p class=\"has-medium-font-size\">Como aquela esperan\u00e7a que mora em cada um de n\u00f3s, a gratid\u00e3o de Margareth demonstra o potencial transformador da educa\u00e7\u00e3o. No conceito de Paulo Freire, em que reflex\u00e3o e a\u00e7\u00e3o n\u00e3o se separam, a transforma\u00e7\u00e3o do mundo \u00e9 uma conquista dos sujeitos que se encontram para colaborar e exercer uma an\u00e1lise cr\u00edtica sobre a realidade.<\/p>\n\n\n\n<p class=\"has-medium-font-size\">\u201cA equipe do Programa Saberes em Casa agradece, s\u00e3o muitas as pessoas comprometidas com o planejamento, organiza\u00e7\u00e3o e elabora\u00e7\u00e3o do conte\u00fado, eu empresto meu rosto para um dos quadros, mas h\u00e1 algu\u00e9m respons\u00e1vel pelos desenhos, anima\u00e7\u00e3o da vinheta, edi\u00e7\u00e3o, interpreta\u00e7\u00e3o em Libras, \u00e9 tanta gente envolvida para que o programa possa ir ao ar, que nesse momento encontram no desenho da Sophia e na carta da Margareth a verdadeira renova\u00e7\u00e3o dos la\u00e7os de esperan\u00e7a, dos quais todos n\u00f3s precisamos tanto\u201d, vibra Joyce Recco.<\/p>\n\n\n\n<p class=\"has-medium-font-size\">Para al\u00e9m do desenho da Sophia, outras crian\u00e7as tamb\u00e9m realizaram a atividade, colocaram seus desenhos em locais vis\u00edveis e compartilharam a a\u00e7\u00e3o com a hashtag <a href=\"http:\/\/portaleducacao.guarulhos.sp.gov.br\/wp_site\/saberesemcasa\/tag\/saberesemcasa\/\">#saberesemcasa<\/a> e marcaram o perfil @portalseinforme. Vale muito a pena conferir, se agarrar a esses carinhosos fios de esperan\u00e7a e continuar acreditando no futuro, acreditando que tudo vai ficar bem.<\/p>\n","protected":false},"excerpt":{"rendered":"<p>O desenho de um arco-\u00edris em um cartaz com uma mensagem de esperan\u00e7a. A aluna Sophia Mulzomi da Silva, de 5 anos, estudante da EPG Olavo Bilac, est\u00e1 radiante e [&hellip;]<\/p>\n","protected":false},"author":1,"featured_media":1036,"comment_status":"closed","ping_status":"open","sticky":false,"template":"","format":"standard","meta":{"_monsterinsights_skip_tracking":false,"_monsterinsights_sitenote_active":false,"_monsterinsights_sitenote_note":"","_monsterinsights_sitenote_category":0,"_expiration-date-status":"","_expiration-date":0,"_expiration-date-type":"","_expiration-date-categories":[],"_expiration-date-options":[]},"categories":[1],"tags":[5],"yoast_head":"<!-- This site is optimized with the Yoast SEO plugin v19.7.1 - https:\/\/yoast.com\/wordpress\/plugins\/seo\/ -->\r\n<title>Desenho de aluna com mensagem positiva inspira carta emocionada - Programa Saberes em Casa<\/title>\r\n<meta name=\"robots\" content=\"index, follow, max-snippet:-1, max-image-preview:large, max-video-preview:-1\" \/>\r\n<link rel=\"canonical\" href=\"http:\/\/portaleducacao.guarulhos.sp.gov.br\/wp_site\/saberesemcasa\/2021\/04\/13\/desenho-de-aluna-com-mensagem-positiva-inspira-carta-emocionada\/\" \/>\r\n<meta property=\"og:locale\" content=\"pt_BR\" \/>\r\n<meta property=\"og:type\" content=\"article\" \/>\r\n<meta property=\"og:title\" content=\"Desenho de aluna com mensagem positiva inspira carta emocionada - Programa Saberes em Casa\" \/>\r\n<meta property=\"og:description\" content=\"O desenho de um arco-\u00edris em um cartaz com uma mensagem de esperan\u00e7a. A aluna Sophia Mulzomi da Silva, de 5 anos, estudante da EPG Olavo Bilac, est\u00e1 radiante e [&hellip;]\" \/>\r\n<meta property=\"og:url\" content=\"http:\/\/portaleducacao.guarulhos.sp.gov.br\/wp_site\/saberesemcasa\/2021\/04\/13\/desenho-de-aluna-com-mensagem-positiva-inspira-carta-emocionada\/\" \/>\r\n<meta property=\"og:site_name\" content=\"Programa Saberes em Casa\" \/>\r\n<meta property=\"article:published_time\" content=\"2021-04-13T13:30:27+00:00\" \/>\r\n<meta property=\"article:modified_time\" content=\"2021-04-13T13:50:30+00:00\" \/>\r\n<meta property=\"og:image\" content=\"http:\/\/portaleducacao.guarulhos.sp.gov.br\/wp_site\/saberesemcasa\/wp-content\/uploads\/sites\/6\/2021\/04\/01-e1618320477503.jpeg\" \/>\r\n\t<meta property=\"og:image:width\" content=\"1065\" \/>\r\n\t<meta property=\"og:image:height\" content=\"636\" \/>\r\n\t<meta property=\"og:image:type\" content=\"image\/jpeg\" \/>\r\n<meta name=\"author\" content=\"sites\" \/>\r\n<meta name=\"twitter:card\" content=\"summary_large_image\" \/>\r\n<meta name=\"twitter:label1\" content=\"Escrito por\" \/>\n\t<meta name=\"twitter:data1\" content=\"sites\" \/>\n\t<meta name=\"twitter:label2\" content=\"Est. tempo de leitura\" \/>\n\t<meta name=\"twitter:data2\" content=\"6 minutos\" \/>\r\n<script type=\"application\/ld+json\" class=\"yoast-schema-graph\">{\"@context\":\"https:\/\/schema.org\",\"@graph\":[{\"@type\":\"Article\",\"@id\":\"http:\/\/portaleducacao.guarulhos.sp.gov.br\/wp_site\/saberesemcasa\/2021\/04\/13\/desenho-de-aluna-com-mensagem-positiva-inspira-carta-emocionada\/#article\",\"isPartOf\":{\"@id\":\"http:\/\/portaleducacao.guarulhos.sp.gov.br\/wp_site\/saberesemcasa\/2021\/04\/13\/desenho-de-aluna-com-mensagem-positiva-inspira-carta-emocionada\/\"},\"author\":{\"name\":\"sites\",\"@id\":\"http:\/\/portaleducacao.guarulhos.sp.gov.br\/wp_site\/saberesemcasa\/#\/schema\/person\/9d1c60216648b2e84d2544ba3ee8bb69\"},\"headline\":\"Desenho de aluna com mensagem positiva inspira carta emocionada\",\"datePublished\":\"2021-04-13T13:30:27+00:00\",\"dateModified\":\"2021-04-13T13:50:30+00:00\",\"mainEntityOfPage\":{\"@id\":\"http:\/\/portaleducacao.guarulhos.sp.gov.br\/wp_site\/saberesemcasa\/2021\/04\/13\/desenho-de-aluna-com-mensagem-positiva-inspira-carta-emocionada\/\"},\"wordCount\":1224,\"publisher\":{\"@id\":\"http:\/\/portaleducacao.guarulhos.sp.gov.br\/wp_site\/saberesemcasa\/#organization\"},\"keywords\":[\"saberesemcasa\"],\"articleSection\":[\"Saberes em Casa 2021\"],\"inLanguage\":\"pt-BR\"},{\"@type\":\"WebPage\",\"@id\":\"http:\/\/portaleducacao.guarulhos.sp.gov.br\/wp_site\/saberesemcasa\/2021\/04\/13\/desenho-de-aluna-com-mensagem-positiva-inspira-carta-emocionada\/\",\"url\":\"http:\/\/portaleducacao.guarulhos.sp.gov.br\/wp_site\/saberesemcasa\/2021\/04\/13\/desenho-de-aluna-com-mensagem-positiva-inspira-carta-emocionada\/\",\"name\":\"Desenho de aluna com mensagem positiva inspira carta emocionada - Programa Saberes em Casa\",\"isPartOf\":{\"@id\":\"http:\/\/portaleducacao.guarulhos.sp.gov.br\/wp_site\/saberesemcasa\/#website\"},\"datePublished\":\"2021-04-13T13:30:27+00:00\",\"dateModified\":\"2021-04-13T13:50:30+00:00\",\"breadcrumb\":{\"@id\":\"http:\/\/portaleducacao.guarulhos.sp.gov.br\/wp_site\/saberesemcasa\/2021\/04\/13\/desenho-de-aluna-com-mensagem-positiva-inspira-carta-emocionada\/#breadcrumb\"},\"inLanguage\":\"pt-BR\",\"potentialAction\":[{\"@type\":\"ReadAction\",\"target\":[\"http:\/\/portaleducacao.guarulhos.sp.gov.br\/wp_site\/saberesemcasa\/2021\/04\/13\/desenho-de-aluna-com-mensagem-positiva-inspira-carta-emocionada\/\"]}]},{\"@type\":\"BreadcrumbList\",\"@id\":\"http:\/\/portaleducacao.guarulhos.sp.gov.br\/wp_site\/saberesemcasa\/2021\/04\/13\/desenho-de-aluna-com-mensagem-positiva-inspira-carta-emocionada\/#breadcrumb\",\"itemListElement\":[{\"@type\":\"ListItem\",\"position\":1,\"name\":\"In\u00edcio\",\"item\":\"http:\/\/portaleducacao.guarulhos.sp.gov.br\/wp_site\/saberesemcasa\/\"},{\"@type\":\"ListItem\",\"position\":2,\"name\":\"Desenho de aluna com mensagem positiva inspira carta emocionada\"}]},{\"@type\":\"WebSite\",\"@id\":\"http:\/\/portaleducacao.guarulhos.sp.gov.br\/wp_site\/saberesemcasa\/#website\",\"url\":\"http:\/\/portaleducacao.guarulhos.sp.gov.br\/wp_site\/saberesemcasa\/\",\"name\":\"Programa Saberes em Casa\",\"description\":\"Ferramenta complementar \u00e0s propostas educativas desenvolvidas nas unidades escolares\",\"publisher\":{\"@id\":\"http:\/\/portaleducacao.guarulhos.sp.gov.br\/wp_site\/saberesemcasa\/#organization\"},\"potentialAction\":[{\"@type\":\"SearchAction\",\"target\":{\"@type\":\"EntryPoint\",\"urlTemplate\":\"http:\/\/portaleducacao.guarulhos.sp.gov.br\/wp_site\/saberesemcasa\/?s={search_term_string}\"},\"query-input\":\"required name=search_term_string\"}],\"inLanguage\":\"pt-BR\"},{\"@type\":\"Organization\",\"@id\":\"http:\/\/portaleducacao.guarulhos.sp.gov.br\/wp_site\/saberesemcasa\/#organization\",\"name\":\"Programa Saberes em Casa\",\"url\":\"http:\/\/portaleducacao.guarulhos.sp.gov.br\/wp_site\/saberesemcasa\/\",\"sameAs\":[],\"logo\":{\"@type\":\"ImageObject\",\"inLanguage\":\"pt-BR\",\"@id\":\"http:\/\/portaleducacao.guarulhos.sp.gov.br\/wp_site\/saberesemcasa\/#\/schema\/logo\/image\/\",\"url\":\"http:\/\/portaleducacao.guarulhos.sp.gov.br\/wp_site\/saberesemcasa\/wp-content\/uploads\/sites\/6\/2021\/02\/cropped-logo_saberes_em_casa.png\",\"contentUrl\":\"http:\/\/portaleducacao.guarulhos.sp.gov.br\/wp_site\/saberesemcasa\/wp-content\/uploads\/sites\/6\/2021\/02\/cropped-logo_saberes_em_casa.png\",\"width\":200,\"height\":100,\"caption\":\"Programa Saberes em Casa\"},\"image\":{\"@id\":\"http:\/\/portaleducacao.guarulhos.sp.gov.br\/wp_site\/saberesemcasa\/#\/schema\/logo\/image\/\"}},{\"@type\":\"Person\",\"@id\":\"http:\/\/portaleducacao.guarulhos.sp.gov.br\/wp_site\/saberesemcasa\/#\/schema\/person\/9d1c60216648b2e84d2544ba3ee8bb69\",\"name\":\"sites\",\"image\":{\"@type\":\"ImageObject\",\"inLanguage\":\"pt-BR\",\"@id\":\"http:\/\/portaleducacao.guarulhos.sp.gov.br\/wp_site\/saberesemcasa\/#\/schema\/person\/image\/\",\"url\":\"http:\/\/1.gravatar.com\/avatar\/d320dc056d58878ea1be67e0f28bb03d?s=96&d=mm&r=g\",\"contentUrl\":\"http:\/\/1.gravatar.com\/avatar\/d320dc056d58878ea1be67e0f28bb03d?s=96&d=mm&r=g\",\"caption\":\"sites\"},\"sameAs\":[\"http:\/\/172.16.208.47\/sites\"],\"url\":\"http:\/\/portaleducacao.guarulhos.sp.gov.br\/wp_site\/saberesemcasa\/author\/sites\/\"}]}<\/script>\r\n<!-- \/ Yoast SEO plugin. -->","yoast_head_json":{"title":"Desenho de aluna com mensagem positiva inspira carta emocionada - Programa Saberes em Casa","robots":{"index":"index","follow":"follow","max-snippet":"max-snippet:-1","max-image-preview":"max-image-preview:large","max-video-preview":"max-video-preview:-1"},"canonical":"http:\/\/portaleducacao.guarulhos.sp.gov.br\/wp_site\/saberesemcasa\/2021\/04\/13\/desenho-de-aluna-com-mensagem-positiva-inspira-carta-emocionada\/","og_locale":"pt_BR","og_type":"article","og_title":"Desenho de aluna com mensagem positiva inspira carta emocionada - Programa Saberes em Casa","og_description":"O desenho de um arco-\u00edris em um cartaz com uma mensagem de esperan\u00e7a. A aluna Sophia Mulzomi da Silva, de 5 anos, estudante da EPG Olavo Bilac, est\u00e1 radiante e [&hellip;]","og_url":"http:\/\/portaleducacao.guarulhos.sp.gov.br\/wp_site\/saberesemcasa\/2021\/04\/13\/desenho-de-aluna-com-mensagem-positiva-inspira-carta-emocionada\/","og_site_name":"Programa Saberes em Casa","article_published_time":"2021-04-13T13:30:27+00:00","article_modified_time":"2021-04-13T13:50:30+00:00","og_image":[{"width":1065,"height":636,"url":"http:\/\/portaleducacao.guarulhos.sp.gov.br\/wp_site\/saberesemcasa\/wp-content\/uploads\/sites\/6\/2021\/04\/01-e1618320477503.jpeg","type":"image\/jpeg"}],"author":"sites","twitter_card":"summary_large_image","twitter_misc":{"Escrito por":"sites","Est. tempo de leitura":"6 minutos"},"schema":{"@context":"https:\/\/schema.org","@graph":[{"@type":"Article","@id":"http:\/\/portaleducacao.guarulhos.sp.gov.br\/wp_site\/saberesemcasa\/2021\/04\/13\/desenho-de-aluna-com-mensagem-positiva-inspira-carta-emocionada\/#article","isPartOf":{"@id":"http:\/\/portaleducacao.guarulhos.sp.gov.br\/wp_site\/saberesemcasa\/2021\/04\/13\/desenho-de-aluna-com-mensagem-positiva-inspira-carta-emocionada\/"},"author":{"name":"sites","@id":"http:\/\/portaleducacao.guarulhos.sp.gov.br\/wp_site\/saberesemcasa\/#\/schema\/person\/9d1c60216648b2e84d2544ba3ee8bb69"},"headline":"Desenho de aluna com mensagem positiva inspira carta emocionada","datePublished":"2021-04-13T13:30:27+00:00","dateModified":"2021-04-13T13:50:30+00:00","mainEntityOfPage":{"@id":"http:\/\/portaleducacao.guarulhos.sp.gov.br\/wp_site\/saberesemcasa\/2021\/04\/13\/desenho-de-aluna-com-mensagem-positiva-inspira-carta-emocionada\/"},"wordCount":1224,"publisher":{"@id":"http:\/\/portaleducacao.guarulhos.sp.gov.br\/wp_site\/saberesemcasa\/#organization"},"keywords":["saberesemcasa"],"articleSection":["Saberes em Casa 2021"],"inLanguage":"pt-BR"},{"@type":"WebPage","@id":"http:\/\/portaleducacao.guarulhos.sp.gov.br\/wp_site\/saberesemcasa\/2021\/04\/13\/desenho-de-aluna-com-mensagem-positiva-inspira-carta-emocionada\/","url":"http:\/\/portaleducacao.guarulhos.sp.gov.br\/wp_site\/saberesemcasa\/2021\/04\/13\/desenho-de-aluna-com-mensagem-positiva-inspira-carta-emocionada\/","name":"Desenho de aluna com mensagem positiva inspira carta emocionada - Programa Saberes em Casa","isPartOf":{"@id":"http:\/\/portaleducacao.guarulhos.sp.gov.br\/wp_site\/saberesemcasa\/#website"},"datePublished":"2021-04-13T13:30:27+00:00","dateModified":"2021-04-13T13:50:30+00:00","breadcrumb":{"@id":"http:\/\/portaleducacao.guarulhos.sp.gov.br\/wp_site\/saberesemcasa\/2021\/04\/13\/desenho-de-aluna-com-mensagem-positiva-inspira-carta-emocionada\/#breadcrumb"},"inLanguage":"pt-BR","potentialAction":[{"@type":"ReadAction","target":["http:\/\/portaleducacao.guarulhos.sp.gov.br\/wp_site\/saberesemcasa\/2021\/04\/13\/desenho-de-aluna-com-mensagem-positiva-inspira-carta-emocionada\/"]}]},{"@type":"BreadcrumbList","@id":"http:\/\/portaleducacao.guarulhos.sp.gov.br\/wp_site\/saberesemcasa\/2021\/04\/13\/desenho-de-aluna-com-mensagem-positiva-inspira-carta-emocionada\/#breadcrumb","itemListElement":[{"@type":"ListItem","position":1,"name":"In\u00edcio","item":"http:\/\/portaleducacao.guarulhos.sp.gov.br\/wp_site\/saberesemcasa\/"},{"@type":"ListItem","position":2,"name":"Desenho de aluna com mensagem positiva inspira carta emocionada"}]},{"@type":"WebSite","@id":"http:\/\/portaleducacao.guarulhos.sp.gov.br\/wp_site\/saberesemcasa\/#website","url":"http:\/\/portaleducacao.guarulhos.sp.gov.br\/wp_site\/saberesemcasa\/","name":"Programa Saberes em Casa","description":"Ferramenta complementar \u00e0s propostas educativas desenvolvidas nas unidades escolares","publisher":{"@id":"http:\/\/portaleducacao.guarulhos.sp.gov.br\/wp_site\/saberesemcasa\/#organization"},"potentialAction":[{"@type":"SearchAction","target":{"@type":"EntryPoint","urlTemplate":"http:\/\/portaleducacao.guarulhos.sp.gov.br\/wp_site\/saberesemcasa\/?s={search_term_string}"},"query-input":"required name=search_term_string"}],"inLanguage":"pt-BR"},{"@type":"Organization","@id":"http:\/\/portaleducacao.guarulhos.sp.gov.br\/wp_site\/saberesemcasa\/#organization","name":"Programa Saberes em Casa","url":"http:\/\/portaleducacao.guarulhos.sp.gov.br\/wp_site\/saberesemcasa\/","sameAs":[],"logo":{"@type":"ImageObject","inLanguage":"pt-BR","@id":"http:\/\/portaleducacao.guarulhos.sp.gov.br\/wp_site\/saberesemcasa\/#\/schema\/logo\/image\/","url":"http:\/\/portaleducacao.guarulhos.sp.gov.br\/wp_site\/saberesemcasa\/wp-content\/uploads\/sites\/6\/2021\/02\/cropped-logo_saberes_em_casa.png","contentUrl":"http:\/\/portaleducacao.guarulhos.sp.gov.br\/wp_site\/saberesemcasa\/wp-content\/uploads\/sites\/6\/2021\/02\/cropped-logo_saberes_em_casa.png","width":200,"height":100,"caption":"Programa Saberes em Casa"},"image":{"@id":"http:\/\/portaleducacao.guarulhos.sp.gov.br\/wp_site\/saberesemcasa\/#\/schema\/logo\/image\/"}},{"@type":"Person","@id":"http:\/\/portaleducacao.guarulhos.sp.gov.br\/wp_site\/saberesemcasa\/#\/schema\/person\/9d1c60216648b2e84d2544ba3ee8bb69","name":"sites","image":{"@type":"ImageObject","inLanguage":"pt-BR","@id":"http:\/\/portaleducacao.guarulhos.sp.gov.br\/wp_site\/saberesemcasa\/#\/schema\/person\/image\/","url":"http:\/\/1.gravatar.com\/avatar\/d320dc056d58878ea1be67e0f28bb03d?s=96&d=mm&r=g","contentUrl":"http:\/\/1.gravatar.com\/avatar\/d320dc056d58878ea1be67e0f28bb03d?s=96&d=mm&r=g","caption":"sites"},"sameAs":["http:\/\/172.16.208.47\/sites"],"url":"http:\/\/portaleducacao.guarulhos.sp.gov.br\/wp_site\/saberesemcasa\/author\/sites\/"}]}},"_links":{"self":[{"href":"http:\/\/portaleducacao.guarulhos.sp.gov.br\/wp_site\/saberesemcasa\/wp-json\/wp\/v2\/posts\/1035"}],"collection":[{"href":"http:\/\/portaleducacao.guarulhos.sp.gov.br\/wp_site\/saberesemcasa\/wp-json\/wp\/v2\/posts"}],"about":[{"href":"http:\/\/portaleducacao.guarulhos.sp.gov.br\/wp_site\/saberesemcasa\/wp-json\/wp\/v2\/types\/post"}],"author":[{"embeddable":true,"href":"http:\/\/portaleducacao.guarulhos.sp.gov.br\/wp_site\/saberesemcasa\/wp-json\/wp\/v2\/users\/1"}],"replies":[{"embeddable":true,"href":"http:\/\/portaleducacao.guarulhos.sp.gov.br\/wp_site\/saberesemcasa\/wp-json\/wp\/v2\/comments?post=1035"}],"version-history":[{"count":4,"href":"http:\/\/portaleducacao.guarulhos.sp.gov.br\/wp_site\/saberesemcasa\/wp-json\/wp\/v2\/posts\/1035\/revisions"}],"predecessor-version":[{"id":1044,"href":"http:\/\/portaleducacao.guarulhos.sp.gov.br\/wp_site\/saberesemcasa\/wp-json\/wp\/v2\/posts\/1035\/revisions\/1044"}],"wp:featuredmedia":[{"embeddable":true,"href":"http:\/\/portaleducacao.guarulhos.sp.gov.br\/wp_site\/saberesemcasa\/wp-json\/wp\/v2\/media\/1036"}],"wp:attachment":[{"href":"http:\/\/portaleducacao.guarulhos.sp.gov.br\/wp_site\/saberesemcasa\/wp-json\/wp\/v2\/media?parent=1035"}],"wp:term":[{"taxonomy":"category","embeddable":true,"href":"http:\/\/portaleducacao.guarulhos.sp.gov.br\/wp_site\/saberesemcasa\/wp-json\/wp\/v2\/categories?post=1035"},{"taxonomy":"post_tag","embeddable":true,"href":"http:\/\/portaleducacao.guarulhos.sp.gov.br\/wp_site\/saberesemcasa\/wp-json\/wp\/v2\/tags?post=1035"}],"curies":[{"name":"wp","href":"https:\/\/api.w.org\/{rel}","templated":true}]}}