{"id":1087,"date":"2021-04-20T10:18:46","date_gmt":"2021-04-20T13:18:46","guid":{"rendered":"http:\/\/portaleducacao.guarulhos.sp.gov.br\/wp_site\/saberesemcasa\/?p=1087"},"modified":"2021-04-20T10:20:12","modified_gmt":"2021-04-20T13:20:12","slug":"sede-da-secretaria-de-educacao-recebe-exposicao-sobre-diversidade","status":"publish","type":"post","link":"http:\/\/portaleducacao.guarulhos.sp.gov.br\/wp_site\/saberesemcasa\/2021\/04\/20\/sede-da-secretaria-de-educacao-recebe-exposicao-sobre-diversidade\/","title":{"rendered":"Sede da Secretaria de Educa\u00e7\u00e3o recebe exposi\u00e7\u00e3o sobre diversidade"},"content":{"rendered":"\n<p class=\"has-medium-font-size\">Desde a \u00faltima sexta-feira (16) at\u00e9 o dia 30 de abril, as pessoas que frequentarem o pr\u00e9dio sede da Secretaria de Educa\u00e7\u00e3o ser\u00e3o impactadas por uma instala\u00e7\u00e3o que desce do 2\u00ba andar at\u00e9 o t\u00e9rreo reunindo cerca de 800 trabalhos sobre o tema: Diversidade, descobrindo o arco-\u00edris em n\u00f3s.<\/p>\n\n\n\n<p class=\"has-medium-font-size\">A proposta da exposi\u00e7\u00e3o surgiu como desdobramento do Programa Saberes em Casa e os alunos que acompanharam os conte\u00fados online das professoras \u00c2ngela Dezoti Consiglio (Artes), Thalita Wandereley Queiros Rios e Fernanda Batista (L\u00edngua e Cultura Inglesa) aproveitaram a oportunidade para mostrarem talento e criatividade.<\/p>\n\n\n\n<div class=\"wp-block-image is-style-default\"><figure class=\"alignleft size-medium\"><a href=\"http:\/\/portaleducacao.guarulhos.sp.gov.br\/wp_site\/saberesemcasa\/wp-content\/uploads\/sites\/6\/2021\/04\/986A5005.jpg\"><img loading=\"lazy\" width=\"300\" height=\"200\" src=\"http:\/\/portaleducacao.guarulhos.sp.gov.br\/wp_site\/saberesemcasa\/wp-content\/uploads\/sites\/6\/2021\/04\/986A5005-300x200.jpg\" alt=\"\" class=\"wp-image-1089\" srcset=\"http:\/\/portaleducacao.guarulhos.sp.gov.br\/wp_site\/saberesemcasa\/wp-content\/uploads\/sites\/6\/2021\/04\/986A5005-300x200.jpg 300w, http:\/\/portaleducacao.guarulhos.sp.gov.br\/wp_site\/saberesemcasa\/wp-content\/uploads\/sites\/6\/2021\/04\/986A5005.jpg 750w\" sizes=\"(max-width: 300px) 100vw, 300px\" \/><\/a><figcaption>Foto: Eduardo Calabria &#8211; PMG\/SE<\/figcaption><\/figure><\/div>\n\n\n\n<p class=\"has-medium-font-size\">Usando como base para os trabalhos \u201cA hist\u00f3ria do Arco-\u00cdris\u201d, da fot\u00f3grafa Ang\u00e9lica Dass, um dos livros que comp\u00f5em o Kit Liter\u00e1rio entregue gratuitamente a todos os alunos da rede municipal de ensino, cada artista se colocou como um arco-\u00edris, com seus cabelos, seus olhos, suas roupas, sua individualidade.<\/p>\n\n\n\n<p class=\"has-medium-font-size\">Com esse olhar muito particular e pessoal, foi poss\u00edvel construir um amplo mosaico com materiais e objetos que estavam ao alcance de cada um deles. Toda essa diversidade tomou forma de fotografia e poesia, trazendo para a Secretaria de Educa\u00e7\u00e3o novos olhares, novas cores e diferentes vis\u00f5es de mundo.<\/p>\n","protected":false},"excerpt":{"rendered":"<p>Desde a \u00faltima sexta-feira (16) at\u00e9 o dia 30 de abril, as pessoas que frequentarem o pr\u00e9dio sede da Secretaria de Educa\u00e7\u00e3o ser\u00e3o impactadas por uma instala\u00e7\u00e3o que desce do [&hellip;]<\/p>\n","protected":false},"author":1,"featured_media":1088,"comment_status":"closed","ping_status":"open","sticky":false,"template":"","format":"standard","meta":{"_monsterinsights_skip_tracking":false,"_monsterinsights_sitenote_active":false,"_monsterinsights_sitenote_note":"","_monsterinsights_sitenote_category":0,"_expiration-date-status":"","_expiration-date":0,"_expiration-date-type":"","_expiration-date-categories":[],"_expiration-date-options":[]},"categories":[1],"tags":[],"yoast_head":"<!-- This site is optimized with the Yoast SEO plugin v19.7.1 - https:\/\/yoast.com\/wordpress\/plugins\/seo\/ -->\r\n<title>Sede da Secretaria de Educa\u00e7\u00e3o recebe exposi\u00e7\u00e3o sobre diversidade - Programa Saberes em Casa<\/title>\r\n<meta name=\"robots\" content=\"index, follow, max-snippet:-1, max-image-preview:large, max-video-preview:-1\" \/>\r\n<link rel=\"canonical\" href=\"http:\/\/portaleducacao.guarulhos.sp.gov.br\/wp_site\/saberesemcasa\/2021\/04\/20\/sede-da-secretaria-de-educacao-recebe-exposicao-sobre-diversidade\/\" \/>\r\n<meta property=\"og:locale\" content=\"pt_BR\" \/>\r\n<meta property=\"og:type\" content=\"article\" \/>\r\n<meta property=\"og:title\" content=\"Sede da Secretaria de Educa\u00e7\u00e3o recebe exposi\u00e7\u00e3o sobre diversidade - Programa Saberes em Casa\" \/>\r\n<meta property=\"og:description\" content=\"Desde a \u00faltima sexta-feira (16) at\u00e9 o dia 30 de abril, as pessoas que frequentarem o pr\u00e9dio sede da Secretaria de Educa\u00e7\u00e3o ser\u00e3o impactadas por uma instala\u00e7\u00e3o que desce do [&hellip;]\" \/>\r\n<meta property=\"og:url\" content=\"http:\/\/portaleducacao.guarulhos.sp.gov.br\/wp_site\/saberesemcasa\/2021\/04\/20\/sede-da-secretaria-de-educacao-recebe-exposicao-sobre-diversidade\/\" \/>\r\n<meta property=\"og:site_name\" content=\"Programa Saberes em Casa\" \/>\r\n<meta property=\"article:published_time\" content=\"2021-04-20T13:18:46+00:00\" \/>\r\n<meta property=\"article:modified_time\" content=\"2021-04-20T13:20:12+00:00\" \/>\r\n<meta property=\"og:image\" content=\"http:\/\/portaleducacao.guarulhos.sp.gov.br\/wp_site\/saberesemcasa\/wp-content\/uploads\/sites\/6\/2021\/04\/986A5008.jpg\" \/>\r\n\t<meta property=\"og:image:width\" content=\"750\" \/>\r\n\t<meta property=\"og:image:height\" content=\"500\" \/>\r\n\t<meta property=\"og:image:type\" content=\"image\/jpeg\" \/>\r\n<meta name=\"author\" content=\"sites\" \/>\r\n<meta name=\"twitter:card\" content=\"summary_large_image\" \/>\r\n<meta name=\"twitter:label1\" content=\"Escrito por\" \/>\n\t<meta name=\"twitter:data1\" content=\"sites\" \/>\n\t<meta name=\"twitter:label2\" content=\"Est. tempo de leitura\" \/>\n\t<meta name=\"twitter:data2\" content=\"1 minuto\" \/>\r\n<script type=\"application\/ld+json\" class=\"yoast-schema-graph\">{\"@context\":\"https:\/\/schema.org\",\"@graph\":[{\"@type\":\"Article\",\"@id\":\"http:\/\/portaleducacao.guarulhos.sp.gov.br\/wp_site\/saberesemcasa\/2021\/04\/20\/sede-da-secretaria-de-educacao-recebe-exposicao-sobre-diversidade\/#article\",\"isPartOf\":{\"@id\":\"http:\/\/portaleducacao.guarulhos.sp.gov.br\/wp_site\/saberesemcasa\/2021\/04\/20\/sede-da-secretaria-de-educacao-recebe-exposicao-sobre-diversidade\/\"},\"author\":{\"name\":\"sites\",\"@id\":\"http:\/\/portaleducacao.guarulhos.sp.gov.br\/wp_site\/saberesemcasa\/#\/schema\/person\/9d1c60216648b2e84d2544ba3ee8bb69\"},\"headline\":\"Sede da Secretaria de Educa\u00e7\u00e3o recebe exposi\u00e7\u00e3o sobre diversidade\",\"datePublished\":\"2021-04-20T13:18:46+00:00\",\"dateModified\":\"2021-04-20T13:20:12+00:00\",\"mainEntityOfPage\":{\"@id\":\"http:\/\/portaleducacao.guarulhos.sp.gov.br\/wp_site\/saberesemcasa\/2021\/04\/20\/sede-da-secretaria-de-educacao-recebe-exposicao-sobre-diversidade\/\"},\"wordCount\":231,\"publisher\":{\"@id\":\"http:\/\/portaleducacao.guarulhos.sp.gov.br\/wp_site\/saberesemcasa\/#organization\"},\"articleSection\":[\"Saberes em Casa 2021\"],\"inLanguage\":\"pt-BR\"},{\"@type\":\"WebPage\",\"@id\":\"http:\/\/portaleducacao.guarulhos.sp.gov.br\/wp_site\/saberesemcasa\/2021\/04\/20\/sede-da-secretaria-de-educacao-recebe-exposicao-sobre-diversidade\/\",\"url\":\"http:\/\/portaleducacao.guarulhos.sp.gov.br\/wp_site\/saberesemcasa\/2021\/04\/20\/sede-da-secretaria-de-educacao-recebe-exposicao-sobre-diversidade\/\",\"name\":\"Sede da Secretaria de Educa\u00e7\u00e3o recebe exposi\u00e7\u00e3o sobre diversidade - Programa Saberes em Casa\",\"isPartOf\":{\"@id\":\"http:\/\/portaleducacao.guarulhos.sp.gov.br\/wp_site\/saberesemcasa\/#website\"},\"datePublished\":\"2021-04-20T13:18:46+00:00\",\"dateModified\":\"2021-04-20T13:20:12+00:00\",\"breadcrumb\":{\"@id\":\"http:\/\/portaleducacao.guarulhos.sp.gov.br\/wp_site\/saberesemcasa\/2021\/04\/20\/sede-da-secretaria-de-educacao-recebe-exposicao-sobre-diversidade\/#breadcrumb\"},\"inLanguage\":\"pt-BR\",\"potentialAction\":[{\"@type\":\"ReadAction\",\"target\":[\"http:\/\/portaleducacao.guarulhos.sp.gov.br\/wp_site\/saberesemcasa\/2021\/04\/20\/sede-da-secretaria-de-educacao-recebe-exposicao-sobre-diversidade\/\"]}]},{\"@type\":\"BreadcrumbList\",\"@id\":\"http:\/\/portaleducacao.guarulhos.sp.gov.br\/wp_site\/saberesemcasa\/2021\/04\/20\/sede-da-secretaria-de-educacao-recebe-exposicao-sobre-diversidade\/#breadcrumb\",\"itemListElement\":[{\"@type\":\"ListItem\",\"position\":1,\"name\":\"In\u00edcio\",\"item\":\"http:\/\/portaleducacao.guarulhos.sp.gov.br\/wp_site\/saberesemcasa\/\"},{\"@type\":\"ListItem\",\"position\":2,\"name\":\"Sede da Secretaria de Educa\u00e7\u00e3o recebe exposi\u00e7\u00e3o sobre diversidade\"}]},{\"@type\":\"WebSite\",\"@id\":\"http:\/\/portaleducacao.guarulhos.sp.gov.br\/wp_site\/saberesemcasa\/#website\",\"url\":\"http:\/\/portaleducacao.guarulhos.sp.gov.br\/wp_site\/saberesemcasa\/\",\"name\":\"Programa Saberes em Casa\",\"description\":\"Ferramenta complementar \u00e0s propostas educativas desenvolvidas nas unidades escolares\",\"publisher\":{\"@id\":\"http:\/\/portaleducacao.guarulhos.sp.gov.br\/wp_site\/saberesemcasa\/#organization\"},\"potentialAction\":[{\"@type\":\"SearchAction\",\"target\":{\"@type\":\"EntryPoint\",\"urlTemplate\":\"http:\/\/portaleducacao.guarulhos.sp.gov.br\/wp_site\/saberesemcasa\/?s={search_term_string}\"},\"query-input\":\"required name=search_term_string\"}],\"inLanguage\":\"pt-BR\"},{\"@type\":\"Organization\",\"@id\":\"http:\/\/portaleducacao.guarulhos.sp.gov.br\/wp_site\/saberesemcasa\/#organization\",\"name\":\"Programa Saberes em Casa\",\"url\":\"http:\/\/portaleducacao.guarulhos.sp.gov.br\/wp_site\/saberesemcasa\/\",\"sameAs\":[],\"logo\":{\"@type\":\"ImageObject\",\"inLanguage\":\"pt-BR\",\"@id\":\"http:\/\/portaleducacao.guarulhos.sp.gov.br\/wp_site\/saberesemcasa\/#\/schema\/logo\/image\/\",\"url\":\"http:\/\/portaleducacao.guarulhos.sp.gov.br\/wp_site\/saberesemcasa\/wp-content\/uploads\/sites\/6\/2021\/02\/cropped-logo_saberes_em_casa.png\",\"contentUrl\":\"http:\/\/portaleducacao.guarulhos.sp.gov.br\/wp_site\/saberesemcasa\/wp-content\/uploads\/sites\/6\/2021\/02\/cropped-logo_saberes_em_casa.png\",\"width\":200,\"height\":100,\"caption\":\"Programa Saberes em Casa\"},\"image\":{\"@id\":\"http:\/\/portaleducacao.guarulhos.sp.gov.br\/wp_site\/saberesemcasa\/#\/schema\/logo\/image\/\"}},{\"@type\":\"Person\",\"@id\":\"http:\/\/portaleducacao.guarulhos.sp.gov.br\/wp_site\/saberesemcasa\/#\/schema\/person\/9d1c60216648b2e84d2544ba3ee8bb69\",\"name\":\"sites\",\"image\":{\"@type\":\"ImageObject\",\"inLanguage\":\"pt-BR\",\"@id\":\"http:\/\/portaleducacao.guarulhos.sp.gov.br\/wp_site\/saberesemcasa\/#\/schema\/person\/image\/\",\"url\":\"http:\/\/1.gravatar.com\/avatar\/d320dc056d58878ea1be67e0f28bb03d?s=96&d=mm&r=g\",\"contentUrl\":\"http:\/\/1.gravatar.com\/avatar\/d320dc056d58878ea1be67e0f28bb03d?s=96&d=mm&r=g\",\"caption\":\"sites\"},\"sameAs\":[\"http:\/\/172.16.208.47\/sites\"],\"url\":\"http:\/\/portaleducacao.guarulhos.sp.gov.br\/wp_site\/saberesemcasa\/author\/sites\/\"}]}<\/script>\r\n<!-- \/ Yoast SEO plugin. -->","yoast_head_json":{"title":"Sede da Secretaria de Educa\u00e7\u00e3o recebe exposi\u00e7\u00e3o sobre diversidade - Programa Saberes em Casa","robots":{"index":"index","follow":"follow","max-snippet":"max-snippet:-1","max-image-preview":"max-image-preview:large","max-video-preview":"max-video-preview:-1"},"canonical":"http:\/\/portaleducacao.guarulhos.sp.gov.br\/wp_site\/saberesemcasa\/2021\/04\/20\/sede-da-secretaria-de-educacao-recebe-exposicao-sobre-diversidade\/","og_locale":"pt_BR","og_type":"article","og_title":"Sede da Secretaria de Educa\u00e7\u00e3o recebe exposi\u00e7\u00e3o sobre diversidade - Programa Saberes em Casa","og_description":"Desde a \u00faltima sexta-feira (16) at\u00e9 o dia 30 de abril, as pessoas que frequentarem o pr\u00e9dio sede da Secretaria de Educa\u00e7\u00e3o ser\u00e3o impactadas por uma instala\u00e7\u00e3o que desce do [&hellip;]","og_url":"http:\/\/portaleducacao.guarulhos.sp.gov.br\/wp_site\/saberesemcasa\/2021\/04\/20\/sede-da-secretaria-de-educacao-recebe-exposicao-sobre-diversidade\/","og_site_name":"Programa Saberes em Casa","article_published_time":"2021-04-20T13:18:46+00:00","article_modified_time":"2021-04-20T13:20:12+00:00","og_image":[{"width":750,"height":500,"url":"http:\/\/portaleducacao.guarulhos.sp.gov.br\/wp_site\/saberesemcasa\/wp-content\/uploads\/sites\/6\/2021\/04\/986A5008.jpg","type":"image\/jpeg"}],"author":"sites","twitter_card":"summary_large_image","twitter_misc":{"Escrito por":"sites","Est. tempo de leitura":"1 minuto"},"schema":{"@context":"https:\/\/schema.org","@graph":[{"@type":"Article","@id":"http:\/\/portaleducacao.guarulhos.sp.gov.br\/wp_site\/saberesemcasa\/2021\/04\/20\/sede-da-secretaria-de-educacao-recebe-exposicao-sobre-diversidade\/#article","isPartOf":{"@id":"http:\/\/portaleducacao.guarulhos.sp.gov.br\/wp_site\/saberesemcasa\/2021\/04\/20\/sede-da-secretaria-de-educacao-recebe-exposicao-sobre-diversidade\/"},"author":{"name":"sites","@id":"http:\/\/portaleducacao.guarulhos.sp.gov.br\/wp_site\/saberesemcasa\/#\/schema\/person\/9d1c60216648b2e84d2544ba3ee8bb69"},"headline":"Sede da Secretaria de Educa\u00e7\u00e3o recebe exposi\u00e7\u00e3o sobre diversidade","datePublished":"2021-04-20T13:18:46+00:00","dateModified":"2021-04-20T13:20:12+00:00","mainEntityOfPage":{"@id":"http:\/\/portaleducacao.guarulhos.sp.gov.br\/wp_site\/saberesemcasa\/2021\/04\/20\/sede-da-secretaria-de-educacao-recebe-exposicao-sobre-diversidade\/"},"wordCount":231,"publisher":{"@id":"http:\/\/portaleducacao.guarulhos.sp.gov.br\/wp_site\/saberesemcasa\/#organization"},"articleSection":["Saberes em Casa 2021"],"inLanguage":"pt-BR"},{"@type":"WebPage","@id":"http:\/\/portaleducacao.guarulhos.sp.gov.br\/wp_site\/saberesemcasa\/2021\/04\/20\/sede-da-secretaria-de-educacao-recebe-exposicao-sobre-diversidade\/","url":"http:\/\/portaleducacao.guarulhos.sp.gov.br\/wp_site\/saberesemcasa\/2021\/04\/20\/sede-da-secretaria-de-educacao-recebe-exposicao-sobre-diversidade\/","name":"Sede da Secretaria de Educa\u00e7\u00e3o recebe exposi\u00e7\u00e3o sobre diversidade - Programa Saberes em Casa","isPartOf":{"@id":"http:\/\/portaleducacao.guarulhos.sp.gov.br\/wp_site\/saberesemcasa\/#website"},"datePublished":"2021-04-20T13:18:46+00:00","dateModified":"2021-04-20T13:20:12+00:00","breadcrumb":{"@id":"http:\/\/portaleducacao.guarulhos.sp.gov.br\/wp_site\/saberesemcasa\/2021\/04\/20\/sede-da-secretaria-de-educacao-recebe-exposicao-sobre-diversidade\/#breadcrumb"},"inLanguage":"pt-BR","potentialAction":[{"@type":"ReadAction","target":["http:\/\/portaleducacao.guarulhos.sp.gov.br\/wp_site\/saberesemcasa\/2021\/04\/20\/sede-da-secretaria-de-educacao-recebe-exposicao-sobre-diversidade\/"]}]},{"@type":"BreadcrumbList","@id":"http:\/\/portaleducacao.guarulhos.sp.gov.br\/wp_site\/saberesemcasa\/2021\/04\/20\/sede-da-secretaria-de-educacao-recebe-exposicao-sobre-diversidade\/#breadcrumb","itemListElement":[{"@type":"ListItem","position":1,"name":"In\u00edcio","item":"http:\/\/portaleducacao.guarulhos.sp.gov.br\/wp_site\/saberesemcasa\/"},{"@type":"ListItem","position":2,"name":"Sede da Secretaria de Educa\u00e7\u00e3o recebe exposi\u00e7\u00e3o sobre diversidade"}]},{"@type":"WebSite","@id":"http:\/\/portaleducacao.guarulhos.sp.gov.br\/wp_site\/saberesemcasa\/#website","url":"http:\/\/portaleducacao.guarulhos.sp.gov.br\/wp_site\/saberesemcasa\/","name":"Programa Saberes em Casa","description":"Ferramenta complementar \u00e0s propostas educativas desenvolvidas nas unidades escolares","publisher":{"@id":"http:\/\/portaleducacao.guarulhos.sp.gov.br\/wp_site\/saberesemcasa\/#organization"},"potentialAction":[{"@type":"SearchAction","target":{"@type":"EntryPoint","urlTemplate":"http:\/\/portaleducacao.guarulhos.sp.gov.br\/wp_site\/saberesemcasa\/?s={search_term_string}"},"query-input":"required name=search_term_string"}],"inLanguage":"pt-BR"},{"@type":"Organization","@id":"http:\/\/portaleducacao.guarulhos.sp.gov.br\/wp_site\/saberesemcasa\/#organization","name":"Programa Saberes em Casa","url":"http:\/\/portaleducacao.guarulhos.sp.gov.br\/wp_site\/saberesemcasa\/","sameAs":[],"logo":{"@type":"ImageObject","inLanguage":"pt-BR","@id":"http:\/\/portaleducacao.guarulhos.sp.gov.br\/wp_site\/saberesemcasa\/#\/schema\/logo\/image\/","url":"http:\/\/portaleducacao.guarulhos.sp.gov.br\/wp_site\/saberesemcasa\/wp-content\/uploads\/sites\/6\/2021\/02\/cropped-logo_saberes_em_casa.png","contentUrl":"http:\/\/portaleducacao.guarulhos.sp.gov.br\/wp_site\/saberesemcasa\/wp-content\/uploads\/sites\/6\/2021\/02\/cropped-logo_saberes_em_casa.png","width":200,"height":100,"caption":"Programa Saberes em Casa"},"image":{"@id":"http:\/\/portaleducacao.guarulhos.sp.gov.br\/wp_site\/saberesemcasa\/#\/schema\/logo\/image\/"}},{"@type":"Person","@id":"http:\/\/portaleducacao.guarulhos.sp.gov.br\/wp_site\/saberesemcasa\/#\/schema\/person\/9d1c60216648b2e84d2544ba3ee8bb69","name":"sites","image":{"@type":"ImageObject","inLanguage":"pt-BR","@id":"http:\/\/portaleducacao.guarulhos.sp.gov.br\/wp_site\/saberesemcasa\/#\/schema\/person\/image\/","url":"http:\/\/1.gravatar.com\/avatar\/d320dc056d58878ea1be67e0f28bb03d?s=96&d=mm&r=g","contentUrl":"http:\/\/1.gravatar.com\/avatar\/d320dc056d58878ea1be67e0f28bb03d?s=96&d=mm&r=g","caption":"sites"},"sameAs":["http:\/\/172.16.208.47\/sites"],"url":"http:\/\/portaleducacao.guarulhos.sp.gov.br\/wp_site\/saberesemcasa\/author\/sites\/"}]}},"_links":{"self":[{"href":"http:\/\/portaleducacao.guarulhos.sp.gov.br\/wp_site\/saberesemcasa\/wp-json\/wp\/v2\/posts\/1087"}],"collection":[{"href":"http:\/\/portaleducacao.guarulhos.sp.gov.br\/wp_site\/saberesemcasa\/wp-json\/wp\/v2\/posts"}],"about":[{"href":"http:\/\/portaleducacao.guarulhos.sp.gov.br\/wp_site\/saberesemcasa\/wp-json\/wp\/v2\/types\/post"}],"author":[{"embeddable":true,"href":"http:\/\/portaleducacao.guarulhos.sp.gov.br\/wp_site\/saberesemcasa\/wp-json\/wp\/v2\/users\/1"}],"replies":[{"embeddable":true,"href":"http:\/\/portaleducacao.guarulhos.sp.gov.br\/wp_site\/saberesemcasa\/wp-json\/wp\/v2\/comments?post=1087"}],"version-history":[{"count":3,"href":"http:\/\/portaleducacao.guarulhos.sp.gov.br\/wp_site\/saberesemcasa\/wp-json\/wp\/v2\/posts\/1087\/revisions"}],"predecessor-version":[{"id":1092,"href":"http:\/\/portaleducacao.guarulhos.sp.gov.br\/wp_site\/saberesemcasa\/wp-json\/wp\/v2\/posts\/1087\/revisions\/1092"}],"wp:featuredmedia":[{"embeddable":true,"href":"http:\/\/portaleducacao.guarulhos.sp.gov.br\/wp_site\/saberesemcasa\/wp-json\/wp\/v2\/media\/1088"}],"wp:attachment":[{"href":"http:\/\/portaleducacao.guarulhos.sp.gov.br\/wp_site\/saberesemcasa\/wp-json\/wp\/v2\/media?parent=1087"}],"wp:term":[{"taxonomy":"category","embeddable":true,"href":"http:\/\/portaleducacao.guarulhos.sp.gov.br\/wp_site\/saberesemcasa\/wp-json\/wp\/v2\/categories?post=1087"},{"taxonomy":"post_tag","embeddable":true,"href":"http:\/\/portaleducacao.guarulhos.sp.gov.br\/wp_site\/saberesemcasa\/wp-json\/wp\/v2\/tags?post=1087"}],"curies":[{"name":"wp","href":"https:\/\/api.w.org\/{rel}","templated":true}]}}