{"id":1438,"date":"2021-06-17T08:59:40","date_gmt":"2021-06-17T11:59:40","guid":{"rendered":"http:\/\/portaleducacao.guarulhos.sp.gov.br\/wp_site\/saberesemcasa\/?p=1438"},"modified":"2021-06-17T09:02:11","modified_gmt":"2021-06-17T12:02:11","slug":"ilustracoes-de-aluno-do-ensino-fundamental-ganham-destaque-no-programa-saberes-em-casa","status":"publish","type":"post","link":"http:\/\/portaleducacao.guarulhos.sp.gov.br\/wp_site\/saberesemcasa\/2021\/06\/17\/ilustracoes-de-aluno-do-ensino-fundamental-ganham-destaque-no-programa-saberes-em-casa\/","title":{"rendered":"Ilustra\u00e7\u00f5es de aluno do ensino fundamental ganham destaque no programa Saberes em Casa"},"content":{"rendered":"\n<p class=\"has-medium-font-size\">Criatividade, cores e muita imagina\u00e7\u00e3o. O programa Saberes em Casa contou com o talento do estudante Pedro Bovo Tavares, de sete anos, ex-aluno da EPG Izolina Alves David, que ilustrou a hist\u00f3ria infantil do livro The Word Collector, conto repleto de fantasia, palavras e conhecimento. O programa online \u00e9 oferecido pela Secretaria de Educa\u00e7\u00e3o de Guarulhos e envolve os alunos da rede municipal de ensino.<\/p>\n\n\n\n<p class=\"has-medium-font-size\">Em mais um epis\u00f3dio, o quadro \u00c9 Hora de Ingl\u00eas, destinado aos alunos do ensino fundamental, abordou a variedades de palavras, s\u00edlabas, sons e pron\u00fancias que nos cercam. A ideia acompanha as aprendizagens propostas ao longo do m\u00eas de junho por meio da jornada liter\u00e1ria do livro Alfabeto Escalafob\u00e9tico.<\/p>\n\n\n\n<p class=\"has-medium-font-size\">A hist\u00f3ria do livro The Word Collector (O Colecionador de Palavras, em portugu\u00eas), de Peter H. Reynolds, um autor cl\u00e1ssico da literatura infantil norte-americana e inglesa, aborda a descoberta de um menino chamado Jerome, que coleciona palavras e depois as distribui ao vento para que o mundo perceba a beleza e o significado de termos como empatia, gratid\u00e3o, gentileza e respeito, entre outras.<\/p>\n\n\n\n<p class=\"has-medium-font-size\">\u201cQuando pensamos no roteiro do epis\u00f3dio decidimos que tinha que ser ilustrado com desenhos de crian\u00e7a. Foi quando a professora Thalita Rios pensou no Pedro para ilustrar a hist\u00f3ria, pois deu aula pra ele h\u00e1 alguns anos\u201d, explica a tamb\u00e9m professora Fernanda Batista.<\/p>\n\n\n\n<h2>Tra\u00e7os criativos<\/h2>\n\n\n\n<p class=\"has-medium-font-size\">Os desenhos foram enviados para as professoras e tamb\u00e9m \u00e0s apresentadoras do quadro, e a equipe transformou as ilustra\u00e7\u00f5es em anima\u00e7\u00e3o para o programa. A hist\u00f3ria contou ainda com a narra\u00e7\u00e3o do professor de ingl\u00eas Sergio Corsini e de Murilo Batista, filho da professora Fernanda, para o p\u00fablico desenvolver conhecimentos para compreens\u00e3o e apropria\u00e7\u00e3o da escrita de forma simples e objetiva.<\/p>\n\n\n\n<p class=\"has-medium-font-size\">\u201cO Saberes em Casa \u00e9 muito legal, eu fiquei muito feliz por receber o convite para participar do programa, saltitei pela casa toda. Escutei algumas vezes a conta\u00e7\u00e3o de hist\u00f3ria que a professora mandou e depois fiz v\u00e1rios desenhos. Ao todo foram doze desenhos, al\u00e9m do que a professora Thalita pediu\u201d, contou o aluno Pedro, entusiasmado com o convite.<\/p>\n\n\n\n<div class=\"wp-block-image\"><figure class=\"alignleft size-medium\"><img loading=\"lazy\" width=\"169\" height=\"300\" src=\"http:\/\/portaleducacao.guarulhos.sp.gov.br\/wp_site\/saberesemcasa\/wp-content\/uploads\/sites\/6\/2021\/06\/54778274-0b11-4a9c-be5a-24b782920fdf-169x300.jpeg\" alt=\"\" class=\"wp-image-1441\" srcset=\"http:\/\/portaleducacao.guarulhos.sp.gov.br\/wp_site\/saberesemcasa\/wp-content\/uploads\/sites\/6\/2021\/06\/54778274-0b11-4a9c-be5a-24b782920fdf-169x300.jpeg 169w, http:\/\/portaleducacao.guarulhos.sp.gov.br\/wp_site\/saberesemcasa\/wp-content\/uploads\/sites\/6\/2021\/06\/54778274-0b11-4a9c-be5a-24b782920fdf-576x1024.jpeg 576w, http:\/\/portaleducacao.guarulhos.sp.gov.br\/wp_site\/saberesemcasa\/wp-content\/uploads\/sites\/6\/2021\/06\/54778274-0b11-4a9c-be5a-24b782920fdf.jpeg 720w\" sizes=\"(max-width: 169px) 100vw, 169px\" \/><\/figure><\/div>\n\n\n\n<p class=\"has-medium-font-size\">Os tra\u00e7os art\u00edsticos e espont\u00e2neos fazem parte da vida do Pedro e ele j\u00e1 sabe o quer ser quando crescer. \u201cQuero ser artista, fazer desenho animado, ser dublador e diretor de filmes. Antes eu j\u00e1 pensava em ser diretor, por causa do filme Vingadores e do (escritor norte-americano) Stan Lee, criador de grandes personagens e her\u00f3is. No ano passado aprendi no Saberes em Casa sobre stop motion, atrav\u00e9s do qual voc\u00ea tira diversas fotos e faz uma anima\u00e7\u00e3o, e tem um aplicativo pra isso, \u00e9 muito legal\u201d, destacou o aluno, que tamb\u00e9m admira o artista Maur\u00edcio de Sousa, criador da Turma da M\u00f4nica.<\/p>\n\n\n\n<p class=\"has-medium-font-size\">O resultado das ilustra\u00e7\u00f5es criadas a partir da literatura infantil fez sucesso no programa. A m\u00e3e do Pedro, Elaine Bovo Tavares, \u00e9 professora da rede h\u00e1 20 anos e atua na EPG Izolina Alves David. Ela incentiva os filhos nos estudos e sempre participa das atividades, do quadro Desafio do Dia, entre outros.<\/p>\n\n\n\n<p class=\"has-medium-font-size\">Depois dos desenhos, a hist\u00f3ria n\u00e3o parou por a\u00ed. A partir de uma ideia que viu nas redes sociais, Elaine mandou fazer um boneco Jerome, personagem do livro. \u201cDecidimos dar continuidade \u00e0 proposta iniciada no programa e foi feito um bonequinho do desenho, na vis\u00e3o do Pedro, de acordo com a imagina\u00e7\u00e3o dele. E deu muito certo\u201d, contou.<\/p>\n\n\n\n<figure class=\"wp-block-embed-youtube wp-block-embed is-type-video is-provider-youtube wp-embed-aspect-16-9 wp-has-aspect-ratio\"><div class=\"wp-block-embed__wrapper\">\n<iframe loading=\"lazy\" title=\"Ensino Fundamental | Epis\u00f3dio 47 - quarta, 02 de junho\" width=\"870\" height=\"489\" src=\"https:\/\/www.youtube.com\/embed\/q1HNqyOu9gM?feature=oembed\" frameborder=\"0\" allow=\"accelerometer; autoplay; clipboard-write; encrypted-media; gyroscope; picture-in-picture\" allowfullscreen><\/iframe>\n<\/div><\/figure>\n","protected":false},"excerpt":{"rendered":"<p>Criatividade, cores e muita imagina\u00e7\u00e3o. O programa Saberes em Casa contou com o talento do estudante Pedro Bovo Tavares, de sete anos, ex-aluno da EPG Izolina Alves David, que ilustrou [&hellip;]<\/p>\n","protected":false},"author":1,"featured_media":1439,"comment_status":"closed","ping_status":"open","sticky":false,"template":"","format":"standard","meta":{"_monsterinsights_skip_tracking":false,"_monsterinsights_sitenote_active":false,"_monsterinsights_sitenote_note":"","_monsterinsights_sitenote_category":0,"_expiration-date-status":"","_expiration-date":0,"_expiration-date-type":"","_expiration-date-categories":[],"_expiration-date-options":[]},"categories":[1],"tags":[],"yoast_head":"<!-- This site is optimized with the Yoast SEO plugin v19.7.1 - https:\/\/yoast.com\/wordpress\/plugins\/seo\/ -->\r\n<title>Ilustra\u00e7\u00f5es de aluno do ensino fundamental ganham destaque no programa Saberes em Casa - Programa Saberes em Casa<\/title>\r\n<meta name=\"robots\" content=\"index, follow, max-snippet:-1, max-image-preview:large, max-video-preview:-1\" \/>\r\n<link rel=\"canonical\" href=\"http:\/\/portaleducacao.guarulhos.sp.gov.br\/wp_site\/saberesemcasa\/2021\/06\/17\/ilustracoes-de-aluno-do-ensino-fundamental-ganham-destaque-no-programa-saberes-em-casa\/\" \/>\r\n<meta property=\"og:locale\" content=\"pt_BR\" \/>\r\n<meta property=\"og:type\" content=\"article\" \/>\r\n<meta property=\"og:title\" content=\"Ilustra\u00e7\u00f5es de aluno do ensino fundamental ganham destaque no programa Saberes em Casa - Programa Saberes em Casa\" \/>\r\n<meta property=\"og:description\" content=\"Criatividade, cores e muita imagina\u00e7\u00e3o. O programa Saberes em Casa contou com o talento do estudante Pedro Bovo Tavares, de sete anos, ex-aluno da EPG Izolina Alves David, que ilustrou [&hellip;]\" \/>\r\n<meta property=\"og:url\" content=\"http:\/\/portaleducacao.guarulhos.sp.gov.br\/wp_site\/saberesemcasa\/2021\/06\/17\/ilustracoes-de-aluno-do-ensino-fundamental-ganham-destaque-no-programa-saberes-em-casa\/\" \/>\r\n<meta property=\"og:site_name\" content=\"Programa Saberes em Casa\" \/>\r\n<meta property=\"article:published_time\" content=\"2021-06-17T11:59:40+00:00\" \/>\r\n<meta property=\"article:modified_time\" content=\"2021-06-17T12:02:11+00:00\" \/>\r\n<meta property=\"og:image\" content=\"http:\/\/portaleducacao.guarulhos.sp.gov.br\/wp_site\/saberesemcasa\/wp-content\/uploads\/sites\/6\/2021\/06\/37fbc541-fa20-49d2-ac4a-a8926e52dd5b.jpg\" \/>\r\n\t<meta property=\"og:image:width\" content=\"1747\" \/>\r\n\t<meta property=\"og:image:height\" content=\"1240\" \/>\r\n\t<meta property=\"og:image:type\" content=\"image\/jpeg\" \/>\r\n<meta name=\"author\" content=\"sites\" \/>\r\n<meta name=\"twitter:card\" content=\"summary_large_image\" \/>\r\n<meta name=\"twitter:label1\" content=\"Escrito por\" \/>\n\t<meta name=\"twitter:data1\" content=\"sites\" \/>\n\t<meta name=\"twitter:label2\" content=\"Est. tempo de leitura\" \/>\n\t<meta name=\"twitter:data2\" content=\"3 minutos\" \/>\r\n<script type=\"application\/ld+json\" class=\"yoast-schema-graph\">{\"@context\":\"https:\/\/schema.org\",\"@graph\":[{\"@type\":\"Article\",\"@id\":\"http:\/\/portaleducacao.guarulhos.sp.gov.br\/wp_site\/saberesemcasa\/2021\/06\/17\/ilustracoes-de-aluno-do-ensino-fundamental-ganham-destaque-no-programa-saberes-em-casa\/#article\",\"isPartOf\":{\"@id\":\"http:\/\/portaleducacao.guarulhos.sp.gov.br\/wp_site\/saberesemcasa\/2021\/06\/17\/ilustracoes-de-aluno-do-ensino-fundamental-ganham-destaque-no-programa-saberes-em-casa\/\"},\"author\":{\"name\":\"sites\",\"@id\":\"http:\/\/portaleducacao.guarulhos.sp.gov.br\/wp_site\/saberesemcasa\/#\/schema\/person\/9d1c60216648b2e84d2544ba3ee8bb69\"},\"headline\":\"Ilustra\u00e7\u00f5es de aluno do ensino fundamental ganham destaque no programa Saberes em Casa\",\"datePublished\":\"2021-06-17T11:59:40+00:00\",\"dateModified\":\"2021-06-17T12:02:11+00:00\",\"mainEntityOfPage\":{\"@id\":\"http:\/\/portaleducacao.guarulhos.sp.gov.br\/wp_site\/saberesemcasa\/2021\/06\/17\/ilustracoes-de-aluno-do-ensino-fundamental-ganham-destaque-no-programa-saberes-em-casa\/\"},\"wordCount\":629,\"publisher\":{\"@id\":\"http:\/\/portaleducacao.guarulhos.sp.gov.br\/wp_site\/saberesemcasa\/#organization\"},\"articleSection\":[\"Saberes em Casa 2021\"],\"inLanguage\":\"pt-BR\"},{\"@type\":\"WebPage\",\"@id\":\"http:\/\/portaleducacao.guarulhos.sp.gov.br\/wp_site\/saberesemcasa\/2021\/06\/17\/ilustracoes-de-aluno-do-ensino-fundamental-ganham-destaque-no-programa-saberes-em-casa\/\",\"url\":\"http:\/\/portaleducacao.guarulhos.sp.gov.br\/wp_site\/saberesemcasa\/2021\/06\/17\/ilustracoes-de-aluno-do-ensino-fundamental-ganham-destaque-no-programa-saberes-em-casa\/\",\"name\":\"Ilustra\u00e7\u00f5es de aluno do ensino fundamental ganham destaque no programa Saberes em Casa - Programa Saberes em Casa\",\"isPartOf\":{\"@id\":\"http:\/\/portaleducacao.guarulhos.sp.gov.br\/wp_site\/saberesemcasa\/#website\"},\"datePublished\":\"2021-06-17T11:59:40+00:00\",\"dateModified\":\"2021-06-17T12:02:11+00:00\",\"breadcrumb\":{\"@id\":\"http:\/\/portaleducacao.guarulhos.sp.gov.br\/wp_site\/saberesemcasa\/2021\/06\/17\/ilustracoes-de-aluno-do-ensino-fundamental-ganham-destaque-no-programa-saberes-em-casa\/#breadcrumb\"},\"inLanguage\":\"pt-BR\",\"potentialAction\":[{\"@type\":\"ReadAction\",\"target\":[\"http:\/\/portaleducacao.guarulhos.sp.gov.br\/wp_site\/saberesemcasa\/2021\/06\/17\/ilustracoes-de-aluno-do-ensino-fundamental-ganham-destaque-no-programa-saberes-em-casa\/\"]}]},{\"@type\":\"BreadcrumbList\",\"@id\":\"http:\/\/portaleducacao.guarulhos.sp.gov.br\/wp_site\/saberesemcasa\/2021\/06\/17\/ilustracoes-de-aluno-do-ensino-fundamental-ganham-destaque-no-programa-saberes-em-casa\/#breadcrumb\",\"itemListElement\":[{\"@type\":\"ListItem\",\"position\":1,\"name\":\"In\u00edcio\",\"item\":\"http:\/\/portaleducacao.guarulhos.sp.gov.br\/wp_site\/saberesemcasa\/\"},{\"@type\":\"ListItem\",\"position\":2,\"name\":\"Ilustra\u00e7\u00f5es de aluno do ensino fundamental ganham destaque no programa Saberes em Casa\"}]},{\"@type\":\"WebSite\",\"@id\":\"http:\/\/portaleducacao.guarulhos.sp.gov.br\/wp_site\/saberesemcasa\/#website\",\"url\":\"http:\/\/portaleducacao.guarulhos.sp.gov.br\/wp_site\/saberesemcasa\/\",\"name\":\"Programa Saberes em Casa\",\"description\":\"Ferramenta complementar \u00e0s propostas educativas desenvolvidas nas unidades escolares\",\"publisher\":{\"@id\":\"http:\/\/portaleducacao.guarulhos.sp.gov.br\/wp_site\/saberesemcasa\/#organization\"},\"potentialAction\":[{\"@type\":\"SearchAction\",\"target\":{\"@type\":\"EntryPoint\",\"urlTemplate\":\"http:\/\/portaleducacao.guarulhos.sp.gov.br\/wp_site\/saberesemcasa\/?s={search_term_string}\"},\"query-input\":\"required name=search_term_string\"}],\"inLanguage\":\"pt-BR\"},{\"@type\":\"Organization\",\"@id\":\"http:\/\/portaleducacao.guarulhos.sp.gov.br\/wp_site\/saberesemcasa\/#organization\",\"name\":\"Programa Saberes em Casa\",\"url\":\"http:\/\/portaleducacao.guarulhos.sp.gov.br\/wp_site\/saberesemcasa\/\",\"sameAs\":[],\"logo\":{\"@type\":\"ImageObject\",\"inLanguage\":\"pt-BR\",\"@id\":\"http:\/\/portaleducacao.guarulhos.sp.gov.br\/wp_site\/saberesemcasa\/#\/schema\/logo\/image\/\",\"url\":\"http:\/\/portaleducacao.guarulhos.sp.gov.br\/wp_site\/saberesemcasa\/wp-content\/uploads\/sites\/6\/2021\/02\/cropped-logo_saberes_em_casa.png\",\"contentUrl\":\"http:\/\/portaleducacao.guarulhos.sp.gov.br\/wp_site\/saberesemcasa\/wp-content\/uploads\/sites\/6\/2021\/02\/cropped-logo_saberes_em_casa.png\",\"width\":200,\"height\":100,\"caption\":\"Programa Saberes em Casa\"},\"image\":{\"@id\":\"http:\/\/portaleducacao.guarulhos.sp.gov.br\/wp_site\/saberesemcasa\/#\/schema\/logo\/image\/\"}},{\"@type\":\"Person\",\"@id\":\"http:\/\/portaleducacao.guarulhos.sp.gov.br\/wp_site\/saberesemcasa\/#\/schema\/person\/9d1c60216648b2e84d2544ba3ee8bb69\",\"name\":\"sites\",\"image\":{\"@type\":\"ImageObject\",\"inLanguage\":\"pt-BR\",\"@id\":\"http:\/\/portaleducacao.guarulhos.sp.gov.br\/wp_site\/saberesemcasa\/#\/schema\/person\/image\/\",\"url\":\"http:\/\/1.gravatar.com\/avatar\/d320dc056d58878ea1be67e0f28bb03d?s=96&d=mm&r=g\",\"contentUrl\":\"http:\/\/1.gravatar.com\/avatar\/d320dc056d58878ea1be67e0f28bb03d?s=96&d=mm&r=g\",\"caption\":\"sites\"},\"sameAs\":[\"http:\/\/172.16.208.47\/sites\"],\"url\":\"http:\/\/portaleducacao.guarulhos.sp.gov.br\/wp_site\/saberesemcasa\/author\/sites\/\"}]}<\/script>\r\n<!-- \/ Yoast SEO plugin. -->","yoast_head_json":{"title":"Ilustra\u00e7\u00f5es de aluno do ensino fundamental ganham destaque no programa Saberes em Casa - Programa Saberes em Casa","robots":{"index":"index","follow":"follow","max-snippet":"max-snippet:-1","max-image-preview":"max-image-preview:large","max-video-preview":"max-video-preview:-1"},"canonical":"http:\/\/portaleducacao.guarulhos.sp.gov.br\/wp_site\/saberesemcasa\/2021\/06\/17\/ilustracoes-de-aluno-do-ensino-fundamental-ganham-destaque-no-programa-saberes-em-casa\/","og_locale":"pt_BR","og_type":"article","og_title":"Ilustra\u00e7\u00f5es de aluno do ensino fundamental ganham destaque no programa Saberes em Casa - Programa Saberes em Casa","og_description":"Criatividade, cores e muita imagina\u00e7\u00e3o. O programa Saberes em Casa contou com o talento do estudante Pedro Bovo Tavares, de sete anos, ex-aluno da EPG Izolina Alves David, que ilustrou [&hellip;]","og_url":"http:\/\/portaleducacao.guarulhos.sp.gov.br\/wp_site\/saberesemcasa\/2021\/06\/17\/ilustracoes-de-aluno-do-ensino-fundamental-ganham-destaque-no-programa-saberes-em-casa\/","og_site_name":"Programa Saberes em Casa","article_published_time":"2021-06-17T11:59:40+00:00","article_modified_time":"2021-06-17T12:02:11+00:00","og_image":[{"width":1747,"height":1240,"url":"http:\/\/portaleducacao.guarulhos.sp.gov.br\/wp_site\/saberesemcasa\/wp-content\/uploads\/sites\/6\/2021\/06\/37fbc541-fa20-49d2-ac4a-a8926e52dd5b.jpg","type":"image\/jpeg"}],"author":"sites","twitter_card":"summary_large_image","twitter_misc":{"Escrito por":"sites","Est. tempo de leitura":"3 minutos"},"schema":{"@context":"https:\/\/schema.org","@graph":[{"@type":"Article","@id":"http:\/\/portaleducacao.guarulhos.sp.gov.br\/wp_site\/saberesemcasa\/2021\/06\/17\/ilustracoes-de-aluno-do-ensino-fundamental-ganham-destaque-no-programa-saberes-em-casa\/#article","isPartOf":{"@id":"http:\/\/portaleducacao.guarulhos.sp.gov.br\/wp_site\/saberesemcasa\/2021\/06\/17\/ilustracoes-de-aluno-do-ensino-fundamental-ganham-destaque-no-programa-saberes-em-casa\/"},"author":{"name":"sites","@id":"http:\/\/portaleducacao.guarulhos.sp.gov.br\/wp_site\/saberesemcasa\/#\/schema\/person\/9d1c60216648b2e84d2544ba3ee8bb69"},"headline":"Ilustra\u00e7\u00f5es de aluno do ensino fundamental ganham destaque no programa Saberes em Casa","datePublished":"2021-06-17T11:59:40+00:00","dateModified":"2021-06-17T12:02:11+00:00","mainEntityOfPage":{"@id":"http:\/\/portaleducacao.guarulhos.sp.gov.br\/wp_site\/saberesemcasa\/2021\/06\/17\/ilustracoes-de-aluno-do-ensino-fundamental-ganham-destaque-no-programa-saberes-em-casa\/"},"wordCount":629,"publisher":{"@id":"http:\/\/portaleducacao.guarulhos.sp.gov.br\/wp_site\/saberesemcasa\/#organization"},"articleSection":["Saberes em Casa 2021"],"inLanguage":"pt-BR"},{"@type":"WebPage","@id":"http:\/\/portaleducacao.guarulhos.sp.gov.br\/wp_site\/saberesemcasa\/2021\/06\/17\/ilustracoes-de-aluno-do-ensino-fundamental-ganham-destaque-no-programa-saberes-em-casa\/","url":"http:\/\/portaleducacao.guarulhos.sp.gov.br\/wp_site\/saberesemcasa\/2021\/06\/17\/ilustracoes-de-aluno-do-ensino-fundamental-ganham-destaque-no-programa-saberes-em-casa\/","name":"Ilustra\u00e7\u00f5es de aluno do ensino fundamental ganham destaque no programa Saberes em Casa - Programa Saberes em Casa","isPartOf":{"@id":"http:\/\/portaleducacao.guarulhos.sp.gov.br\/wp_site\/saberesemcasa\/#website"},"datePublished":"2021-06-17T11:59:40+00:00","dateModified":"2021-06-17T12:02:11+00:00","breadcrumb":{"@id":"http:\/\/portaleducacao.guarulhos.sp.gov.br\/wp_site\/saberesemcasa\/2021\/06\/17\/ilustracoes-de-aluno-do-ensino-fundamental-ganham-destaque-no-programa-saberes-em-casa\/#breadcrumb"},"inLanguage":"pt-BR","potentialAction":[{"@type":"ReadAction","target":["http:\/\/portaleducacao.guarulhos.sp.gov.br\/wp_site\/saberesemcasa\/2021\/06\/17\/ilustracoes-de-aluno-do-ensino-fundamental-ganham-destaque-no-programa-saberes-em-casa\/"]}]},{"@type":"BreadcrumbList","@id":"http:\/\/portaleducacao.guarulhos.sp.gov.br\/wp_site\/saberesemcasa\/2021\/06\/17\/ilustracoes-de-aluno-do-ensino-fundamental-ganham-destaque-no-programa-saberes-em-casa\/#breadcrumb","itemListElement":[{"@type":"ListItem","position":1,"name":"In\u00edcio","item":"http:\/\/portaleducacao.guarulhos.sp.gov.br\/wp_site\/saberesemcasa\/"},{"@type":"ListItem","position":2,"name":"Ilustra\u00e7\u00f5es de aluno do ensino fundamental ganham destaque no programa Saberes em Casa"}]},{"@type":"WebSite","@id":"http:\/\/portaleducacao.guarulhos.sp.gov.br\/wp_site\/saberesemcasa\/#website","url":"http:\/\/portaleducacao.guarulhos.sp.gov.br\/wp_site\/saberesemcasa\/","name":"Programa Saberes em Casa","description":"Ferramenta complementar \u00e0s propostas educativas desenvolvidas nas unidades escolares","publisher":{"@id":"http:\/\/portaleducacao.guarulhos.sp.gov.br\/wp_site\/saberesemcasa\/#organization"},"potentialAction":[{"@type":"SearchAction","target":{"@type":"EntryPoint","urlTemplate":"http:\/\/portaleducacao.guarulhos.sp.gov.br\/wp_site\/saberesemcasa\/?s={search_term_string}"},"query-input":"required name=search_term_string"}],"inLanguage":"pt-BR"},{"@type":"Organization","@id":"http:\/\/portaleducacao.guarulhos.sp.gov.br\/wp_site\/saberesemcasa\/#organization","name":"Programa Saberes em Casa","url":"http:\/\/portaleducacao.guarulhos.sp.gov.br\/wp_site\/saberesemcasa\/","sameAs":[],"logo":{"@type":"ImageObject","inLanguage":"pt-BR","@id":"http:\/\/portaleducacao.guarulhos.sp.gov.br\/wp_site\/saberesemcasa\/#\/schema\/logo\/image\/","url":"http:\/\/portaleducacao.guarulhos.sp.gov.br\/wp_site\/saberesemcasa\/wp-content\/uploads\/sites\/6\/2021\/02\/cropped-logo_saberes_em_casa.png","contentUrl":"http:\/\/portaleducacao.guarulhos.sp.gov.br\/wp_site\/saberesemcasa\/wp-content\/uploads\/sites\/6\/2021\/02\/cropped-logo_saberes_em_casa.png","width":200,"height":100,"caption":"Programa Saberes em Casa"},"image":{"@id":"http:\/\/portaleducacao.guarulhos.sp.gov.br\/wp_site\/saberesemcasa\/#\/schema\/logo\/image\/"}},{"@type":"Person","@id":"http:\/\/portaleducacao.guarulhos.sp.gov.br\/wp_site\/saberesemcasa\/#\/schema\/person\/9d1c60216648b2e84d2544ba3ee8bb69","name":"sites","image":{"@type":"ImageObject","inLanguage":"pt-BR","@id":"http:\/\/portaleducacao.guarulhos.sp.gov.br\/wp_site\/saberesemcasa\/#\/schema\/person\/image\/","url":"http:\/\/1.gravatar.com\/avatar\/d320dc056d58878ea1be67e0f28bb03d?s=96&d=mm&r=g","contentUrl":"http:\/\/1.gravatar.com\/avatar\/d320dc056d58878ea1be67e0f28bb03d?s=96&d=mm&r=g","caption":"sites"},"sameAs":["http:\/\/172.16.208.47\/sites"],"url":"http:\/\/portaleducacao.guarulhos.sp.gov.br\/wp_site\/saberesemcasa\/author\/sites\/"}]}},"_links":{"self":[{"href":"http:\/\/portaleducacao.guarulhos.sp.gov.br\/wp_site\/saberesemcasa\/wp-json\/wp\/v2\/posts\/1438"}],"collection":[{"href":"http:\/\/portaleducacao.guarulhos.sp.gov.br\/wp_site\/saberesemcasa\/wp-json\/wp\/v2\/posts"}],"about":[{"href":"http:\/\/portaleducacao.guarulhos.sp.gov.br\/wp_site\/saberesemcasa\/wp-json\/wp\/v2\/types\/post"}],"author":[{"embeddable":true,"href":"http:\/\/portaleducacao.guarulhos.sp.gov.br\/wp_site\/saberesemcasa\/wp-json\/wp\/v2\/users\/1"}],"replies":[{"embeddable":true,"href":"http:\/\/portaleducacao.guarulhos.sp.gov.br\/wp_site\/saberesemcasa\/wp-json\/wp\/v2\/comments?post=1438"}],"version-history":[{"count":3,"href":"http:\/\/portaleducacao.guarulhos.sp.gov.br\/wp_site\/saberesemcasa\/wp-json\/wp\/v2\/posts\/1438\/revisions"}],"predecessor-version":[{"id":1443,"href":"http:\/\/portaleducacao.guarulhos.sp.gov.br\/wp_site\/saberesemcasa\/wp-json\/wp\/v2\/posts\/1438\/revisions\/1443"}],"wp:featuredmedia":[{"embeddable":true,"href":"http:\/\/portaleducacao.guarulhos.sp.gov.br\/wp_site\/saberesemcasa\/wp-json\/wp\/v2\/media\/1439"}],"wp:attachment":[{"href":"http:\/\/portaleducacao.guarulhos.sp.gov.br\/wp_site\/saberesemcasa\/wp-json\/wp\/v2\/media?parent=1438"}],"wp:term":[{"taxonomy":"category","embeddable":true,"href":"http:\/\/portaleducacao.guarulhos.sp.gov.br\/wp_site\/saberesemcasa\/wp-json\/wp\/v2\/categories?post=1438"},{"taxonomy":"post_tag","embeddable":true,"href":"http:\/\/portaleducacao.guarulhos.sp.gov.br\/wp_site\/saberesemcasa\/wp-json\/wp\/v2\/tags?post=1438"}],"curies":[{"name":"wp","href":"https:\/\/api.w.org\/{rel}","templated":true}]}}