{"id":1600,"date":"2021-07-26T14:36:09","date_gmt":"2021-07-26T17:36:09","guid":{"rendered":"http:\/\/portaleducacao.guarulhos.sp.gov.br\/wp_site\/saberesemcasa\/?p=1600"},"modified":"2021-07-26T14:48:36","modified_gmt":"2021-07-26T17:48:36","slug":"saberes-em-casa-constroi-vinculos-entre-professores-e-alunos-no-processo-de-alfabetizacao","status":"publish","type":"post","link":"http:\/\/portaleducacao.guarulhos.sp.gov.br\/wp_site\/saberesemcasa\/2021\/07\/26\/saberes-em-casa-constroi-vinculos-entre-professores-e-alunos-no-processo-de-alfabetizacao\/","title":{"rendered":"Saberes em Casa constr\u00f3i v\u00ednculos entre professores e alunos no processo de alfabetiza\u00e7\u00e3o"},"content":{"rendered":"\n<p class=\"has-medium-font-size\">O Programa Saberes em Casa, por meio do quadro Al\u00e9m das Letras, prop\u00f5e atividades planejadas a fim de favorecer o processo de alfabetiza\u00e7\u00e3o dos educandos de Guarulhos. As propostas primam pela constru\u00e7\u00e3o do conhecimento, pelo desenvolvimento da criatividade, do pensar, fazer e agir e s\u00e3o complementares \u00e0s pr\u00e1ticas pedag\u00f3gicas promovidas pelos educadores da rede municipal de ensino. Visam ainda, a proporcionar a aprendizagem por meio de hist\u00f3rias, parlendas, ilustra\u00e7\u00f5es, jogos, trava-l\u00ednguas e brincadeiras, entre outras atividades.<\/p>\n\n\n\n<p class=\"has-medium-font-size\">Neste ano de 2021 o bloco Al\u00e9m das Letras \u00e9 apresentado pela professora Talita Brito, que no primeiro semestre contou ainda com a apresenta\u00e7\u00e3o da tamb\u00e9m professora Raquel Pereira. \u201cTudo \u00e9 pensado com base nos eixos da Proposta Curricular &#8211; Quadro de Saberes Necess\u00e1rios 2019 do Ensino Fundamental, o que proporciona momentos de aprendizagem na concep\u00e7\u00e3o do letramento e do protagonismo dos educandos. Uma das principais preocupa\u00e7\u00f5es \u00e9 incentivar a pesquisa, a investiga\u00e7\u00e3o, sempre permeado pelo l\u00fadico e pelos g\u00eaneros textuais e orais\u201d, explica Talita.<\/p>\n\n\n\n<figure class=\"wp-block-image alignwide size-large\"><img loading=\"lazy\" width=\"1024\" height=\"576\" src=\"http:\/\/portaleducacao.guarulhos.sp.gov.br\/wp_site\/saberesemcasa\/wp-content\/uploads\/sites\/6\/2021\/07\/0da010e5-69dc-4e7a-a537-4b935b87e1f2-1024x576.jpeg\" alt=\"\" class=\"wp-image-1603\" srcset=\"http:\/\/portaleducacao.guarulhos.sp.gov.br\/wp_site\/saberesemcasa\/wp-content\/uploads\/sites\/6\/2021\/07\/0da010e5-69dc-4e7a-a537-4b935b87e1f2-1024x576.jpeg 1024w, http:\/\/portaleducacao.guarulhos.sp.gov.br\/wp_site\/saberesemcasa\/wp-content\/uploads\/sites\/6\/2021\/07\/0da010e5-69dc-4e7a-a537-4b935b87e1f2-300x169.jpeg 300w, http:\/\/portaleducacao.guarulhos.sp.gov.br\/wp_site\/saberesemcasa\/wp-content\/uploads\/sites\/6\/2021\/07\/0da010e5-69dc-4e7a-a537-4b935b87e1f2-768x432.jpeg 768w, http:\/\/portaleducacao.guarulhos.sp.gov.br\/wp_site\/saberesemcasa\/wp-content\/uploads\/sites\/6\/2021\/07\/0da010e5-69dc-4e7a-a537-4b935b87e1f2-1536x864.jpeg 1536w, http:\/\/portaleducacao.guarulhos.sp.gov.br\/wp_site\/saberesemcasa\/wp-content\/uploads\/sites\/6\/2021\/07\/0da010e5-69dc-4e7a-a537-4b935b87e1f2.jpeg 1600w\" sizes=\"(max-width: 1024px) 100vw, 1024px\" \/><\/figure>\n\n\n\n<p class=\"has-text-align-left has-medium-font-size\">A equipe do Programa Saberes em Casa planeja e envia roteiros de estudos aos educadores da rede municipal, que orientam as fam\u00edlias para que incentivem as crian\u00e7as na participa\u00e7\u00e3o e realiza\u00e7\u00e3o das atividades. \u201cO programa proporciona ao educando conhecimentos para que ele tenha o seu direito de ler, escrever, se posicionar e se expressar\u201d, refor\u00e7a Talita.<\/p>\n\n\n\n<div style=\"height:100px\" aria-hidden=\"true\" class=\"wp-block-spacer\"><\/div>\n\n\n\n<h2><strong>Desenvolvimento e aprendizagem<\/strong><\/h2>\n\n\n\n<p class=\"has-medium-font-size\">Al\u00e9m disso, em cada etapa de ensino, o incentivo das fam\u00edlias impacta positivamente a vida escolar das crian\u00e7as. Elaine Moreira Oliveira, m\u00e3e da aluna Esther Moreira Oliveira, de sete anos, ressalta que o ensino online \u00e9 desafiador, principalmente no in\u00edcio da alfabetiza\u00e7\u00e3o, mas acompanhar e incentivar a crian\u00e7a faz toda a diferen\u00e7a nesse processo.&nbsp;<\/p>\n\n\n\n<div class=\"wp-block-image\"><figure class=\"alignleft size-medium\"><img loading=\"lazy\" width=\"223\" height=\"300\" src=\"http:\/\/portaleducacao.guarulhos.sp.gov.br\/wp_site\/saberesemcasa\/wp-content\/uploads\/sites\/6\/2021\/07\/1d9f44ad-1913-4bfa-9820-57129b7720ed-223x300.jpeg\" alt=\"\" class=\"wp-image-1604\" srcset=\"http:\/\/portaleducacao.guarulhos.sp.gov.br\/wp_site\/saberesemcasa\/wp-content\/uploads\/sites\/6\/2021\/07\/1d9f44ad-1913-4bfa-9820-57129b7720ed-223x300.jpeg 223w, http:\/\/portaleducacao.guarulhos.sp.gov.br\/wp_site\/saberesemcasa\/wp-content\/uploads\/sites\/6\/2021\/07\/1d9f44ad-1913-4bfa-9820-57129b7720ed-761x1024.jpeg 761w, http:\/\/portaleducacao.guarulhos.sp.gov.br\/wp_site\/saberesemcasa\/wp-content\/uploads\/sites\/6\/2021\/07\/1d9f44ad-1913-4bfa-9820-57129b7720ed-768x1034.jpeg 768w, http:\/\/portaleducacao.guarulhos.sp.gov.br\/wp_site\/saberesemcasa\/wp-content\/uploads\/sites\/6\/2021\/07\/1d9f44ad-1913-4bfa-9820-57129b7720ed.jpeg 899w\" sizes=\"(max-width: 223px) 100vw, 223px\" \/><\/figure><\/div>\n\n\n\n<p class=\"has-medium-font-size\">\u201cDesde 2020 o Programa Saberes em Casa tem desenvolvido a leitura e a escrita. Contamos com todo o apoio e a dedica\u00e7\u00e3o dos professores, que t\u00eam estado muito pr\u00f3ximos de n\u00f3s e incentivado bastante no aprendizado. Ela (Esther) tem conseguido pegar bem as atividades, desenvolver tudo que est\u00e1 sendo pedido com o programa e manter a motiva\u00e7\u00e3o, principalmente com as atividades mais pr\u00e1ticas. Hoje a vemos lendo bem e desenvolvendo frases, o que nos enche de orgulho\u201d, destaca Elaine Oliveira.<\/p>\n\n\n\n<p class=\"has-medium-font-size\">O Programa Saberes em Casa permite que as crian\u00e7as aprendam de forma l\u00fadica por meio de dramatiza\u00e7\u00f5es, brincadeiras, investiga\u00e7\u00f5es e gloss\u00e1rios bil\u00edngues, como o bloco espec\u00edfico Libras em Casa, citado por Esther. \u201cEu gosto do momento quando as professoras Talita e Raquel contam hist\u00f3rias, trava-l\u00ednguas e quando tem quiz. Adoro tamb\u00e9m os epis\u00f3dios espec\u00edficos de Libras com o professor Rafael\u201d, conta a aluna do 2\u00ba ano, matriculada na EPG Deuc\u00e9lia Adegas Pera.<\/p>\n\n\n\n<p class=\"has-medium-font-size\">Para Elaine, o estudo de Libras ajuda no entendimento e na interpreta\u00e7\u00e3o das palavras atrav\u00e9s dos sinais de cada uma delas. \u201cEsse espa\u00e7o \u00e9 bem interessante para a crian\u00e7a, pois ela aprende uma nova l\u00edngua e consegue se desenvolver, o que ajuda tanto na parte da inclus\u00e3o quanto no pr\u00f3prio desenvolvimento estudantil\u201d, ressalta a m\u00e3e sobre a import\u00e2ncia dessa comunica\u00e7\u00e3o.<\/p>\n\n\n\n<div style=\"height:100px\" aria-hidden=\"true\" class=\"wp-block-spacer\"><\/div>\n\n\n\n<h2><strong>Import\u00e2ncia dos v\u00ednculos<\/strong><\/h2>\n\n\n\n<div class=\"wp-block-image\"><figure class=\"alignright size-medium\"><img loading=\"lazy\" width=\"225\" height=\"300\" src=\"http:\/\/portaleducacao.guarulhos.sp.gov.br\/wp_site\/saberesemcasa\/wp-content\/uploads\/sites\/6\/2021\/07\/465f0fc9-2835-4fd6-bdcb-130ec71c6487-225x300.jpeg\" alt=\"\" class=\"wp-image-1605\" srcset=\"http:\/\/portaleducacao.guarulhos.sp.gov.br\/wp_site\/saberesemcasa\/wp-content\/uploads\/sites\/6\/2021\/07\/465f0fc9-2835-4fd6-bdcb-130ec71c6487-225x300.jpeg 225w, http:\/\/portaleducacao.guarulhos.sp.gov.br\/wp_site\/saberesemcasa\/wp-content\/uploads\/sites\/6\/2021\/07\/465f0fc9-2835-4fd6-bdcb-130ec71c6487-768x1024.jpeg 768w, http:\/\/portaleducacao.guarulhos.sp.gov.br\/wp_site\/saberesemcasa\/wp-content\/uploads\/sites\/6\/2021\/07\/465f0fc9-2835-4fd6-bdcb-130ec71c6487.jpeg 960w\" sizes=\"(max-width: 225px) 100vw, 225px\" \/><figcaption>Professora C\u00e9lia Regina da Silva<\/figcaption><\/figure><\/div>\n\n\n\n<p class=\"has-medium-font-size\">A professora C\u00e9lia Regina da Silva, que acompanha a aluna Esther, falou sobre os avan\u00e7os alcan\u00e7ados no processo de alfabetiza\u00e7\u00e3o e a import\u00e2ncia dos v\u00ednculos com os educandos, mesmo que de forma remota. \u201cSinto-me realizada e feliz por saber que tudo aquilo que tenho planejado e realizado traz benef\u00edcios para a alfabetiza\u00e7\u00e3o dos meus alunos e alunas, que est\u00e3o no ensino remoto. Para mim tem sido um grande incentivo receber o retorno do trabalho pedag\u00f3gico que estamos desenvolvendo. Isso tem me motivado a continuar, pois sei que est\u00e1 sendo fundamental no aprendizado das crian\u00e7as, mesmo que estejamos distantes fisicamente. Manter o v\u00ednculo com os alunos contribui significativamente para o avan\u00e7o da alfabetiza\u00e7\u00e3o\u201d, conta C\u00e9lia, professora h\u00e1 nove anos na rede de ensino de Guarulhos.<\/p>\n\n\n\n<p class=\"has-medium-font-size\">A Secretaria de Educa\u00e7\u00e3o, no que diz respeito \u00e0 alfabetiza\u00e7\u00e3o e ao letramento, promove a\u00e7\u00f5es formativas aos educadores da rede por meio do Programa Leia (Leitura, Emancipa\u00e7\u00e3o, Intera\u00e7\u00e3o e Alfabetiza\u00e7\u00e3o), confer\u00eancias virtuais com especialistas da \u00e1rea, entre outras, al\u00e9m dos epis\u00f3dios do Podcast Vozes da Rede, que valorizam as experi\u00eancias e saberes dos profissionais para uma educa\u00e7\u00e3o de qualidade no munic\u00edpio.&nbsp;Para saber mais acesse o&nbsp;<strong><u><a href=\"https:\/\/portaleducacao.guarulhos.sp.gov.br\/siseduc\/portal\/site\/detalhar\/conteudo\/5185\/\" target=\"_blank\" rel=\"noreferrer noopener\">link<\/a>.<\/u><\/strong><\/p>\n","protected":false},"excerpt":{"rendered":"<p>O Programa Saberes em Casa, por meio do quadro Al\u00e9m das Letras, prop\u00f5e atividades planejadas a fim de favorecer o processo de alfabetiza\u00e7\u00e3o dos educandos de Guarulhos. As propostas primam [&hellip;]<\/p>\n","protected":false},"author":1,"featured_media":1602,"comment_status":"closed","ping_status":"open","sticky":false,"template":"","format":"standard","meta":{"_monsterinsights_skip_tracking":false,"_monsterinsights_sitenote_active":false,"_monsterinsights_sitenote_note":"","_monsterinsights_sitenote_category":0,"_expiration-date-status":"","_expiration-date":0,"_expiration-date-type":"","_expiration-date-categories":[],"_expiration-date-options":[]},"categories":[1],"tags":[],"yoast_head":"<!-- This site is optimized with the Yoast SEO plugin v19.7.1 - https:\/\/yoast.com\/wordpress\/plugins\/seo\/ -->\r\n<title>Saberes em Casa constr\u00f3i v\u00ednculos entre professores e alunos no processo de alfabetiza\u00e7\u00e3o - Programa Saberes em Casa<\/title>\r\n<meta name=\"robots\" content=\"index, follow, max-snippet:-1, max-image-preview:large, max-video-preview:-1\" \/>\r\n<link rel=\"canonical\" href=\"http:\/\/portaleducacao.guarulhos.sp.gov.br\/wp_site\/saberesemcasa\/2021\/07\/26\/saberes-em-casa-constroi-vinculos-entre-professores-e-alunos-no-processo-de-alfabetizacao\/\" \/>\r\n<meta property=\"og:locale\" content=\"pt_BR\" \/>\r\n<meta property=\"og:type\" content=\"article\" \/>\r\n<meta property=\"og:title\" content=\"Saberes em Casa constr\u00f3i v\u00ednculos entre professores e alunos no processo de alfabetiza\u00e7\u00e3o - Programa Saberes em Casa\" \/>\r\n<meta property=\"og:description\" content=\"O Programa Saberes em Casa, por meio do quadro Al\u00e9m das Letras, prop\u00f5e atividades planejadas a fim de favorecer o processo de alfabetiza\u00e7\u00e3o dos educandos de Guarulhos. As propostas primam [&hellip;]\" \/>\r\n<meta property=\"og:url\" content=\"http:\/\/portaleducacao.guarulhos.sp.gov.br\/wp_site\/saberesemcasa\/2021\/07\/26\/saberes-em-casa-constroi-vinculos-entre-professores-e-alunos-no-processo-de-alfabetizacao\/\" \/>\r\n<meta property=\"og:site_name\" content=\"Programa Saberes em Casa\" \/>\r\n<meta property=\"article:published_time\" content=\"2021-07-26T17:36:09+00:00\" \/>\r\n<meta property=\"article:modified_time\" content=\"2021-07-26T17:48:36+00:00\" \/>\r\n<meta property=\"og:image\" content=\"http:\/\/portaleducacao.guarulhos.sp.gov.br\/wp_site\/saberesemcasa\/wp-content\/uploads\/sites\/6\/2021\/07\/680a7454-ac13-42bc-b151-be187f79a192.jpg\" \/>\r\n\t<meta property=\"og:image:width\" content=\"1587\" \/>\r\n\t<meta property=\"og:image:height\" content=\"1325\" \/>\r\n\t<meta property=\"og:image:type\" content=\"image\/jpeg\" \/>\r\n<meta name=\"author\" content=\"sites\" \/>\r\n<meta name=\"twitter:card\" content=\"summary_large_image\" \/>\r\n<meta name=\"twitter:label1\" content=\"Escrito por\" \/>\n\t<meta name=\"twitter:data1\" content=\"sites\" \/>\n\t<meta name=\"twitter:label2\" content=\"Est. tempo de leitura\" \/>\n\t<meta name=\"twitter:data2\" content=\"4 minutos\" \/>\r\n<script type=\"application\/ld+json\" class=\"yoast-schema-graph\">{\"@context\":\"https:\/\/schema.org\",\"@graph\":[{\"@type\":\"Article\",\"@id\":\"http:\/\/portaleducacao.guarulhos.sp.gov.br\/wp_site\/saberesemcasa\/2021\/07\/26\/saberes-em-casa-constroi-vinculos-entre-professores-e-alunos-no-processo-de-alfabetizacao\/#article\",\"isPartOf\":{\"@id\":\"http:\/\/portaleducacao.guarulhos.sp.gov.br\/wp_site\/saberesemcasa\/2021\/07\/26\/saberes-em-casa-constroi-vinculos-entre-professores-e-alunos-no-processo-de-alfabetizacao\/\"},\"author\":{\"name\":\"sites\",\"@id\":\"http:\/\/portaleducacao.guarulhos.sp.gov.br\/wp_site\/saberesemcasa\/#\/schema\/person\/9d1c60216648b2e84d2544ba3ee8bb69\"},\"headline\":\"Saberes em Casa constr\u00f3i v\u00ednculos entre professores e alunos no processo de alfabetiza\u00e7\u00e3o\",\"datePublished\":\"2021-07-26T17:36:09+00:00\",\"dateModified\":\"2021-07-26T17:48:36+00:00\",\"mainEntityOfPage\":{\"@id\":\"http:\/\/portaleducacao.guarulhos.sp.gov.br\/wp_site\/saberesemcasa\/2021\/07\/26\/saberes-em-casa-constroi-vinculos-entre-professores-e-alunos-no-processo-de-alfabetizacao\/\"},\"wordCount\":815,\"publisher\":{\"@id\":\"http:\/\/portaleducacao.guarulhos.sp.gov.br\/wp_site\/saberesemcasa\/#organization\"},\"articleSection\":[\"Saberes em Casa 2021\"],\"inLanguage\":\"pt-BR\"},{\"@type\":\"WebPage\",\"@id\":\"http:\/\/portaleducacao.guarulhos.sp.gov.br\/wp_site\/saberesemcasa\/2021\/07\/26\/saberes-em-casa-constroi-vinculos-entre-professores-e-alunos-no-processo-de-alfabetizacao\/\",\"url\":\"http:\/\/portaleducacao.guarulhos.sp.gov.br\/wp_site\/saberesemcasa\/2021\/07\/26\/saberes-em-casa-constroi-vinculos-entre-professores-e-alunos-no-processo-de-alfabetizacao\/\",\"name\":\"Saberes em Casa constr\u00f3i v\u00ednculos entre professores e alunos no processo de alfabetiza\u00e7\u00e3o - Programa Saberes em Casa\",\"isPartOf\":{\"@id\":\"http:\/\/portaleducacao.guarulhos.sp.gov.br\/wp_site\/saberesemcasa\/#website\"},\"datePublished\":\"2021-07-26T17:36:09+00:00\",\"dateModified\":\"2021-07-26T17:48:36+00:00\",\"breadcrumb\":{\"@id\":\"http:\/\/portaleducacao.guarulhos.sp.gov.br\/wp_site\/saberesemcasa\/2021\/07\/26\/saberes-em-casa-constroi-vinculos-entre-professores-e-alunos-no-processo-de-alfabetizacao\/#breadcrumb\"},\"inLanguage\":\"pt-BR\",\"potentialAction\":[{\"@type\":\"ReadAction\",\"target\":[\"http:\/\/portaleducacao.guarulhos.sp.gov.br\/wp_site\/saberesemcasa\/2021\/07\/26\/saberes-em-casa-constroi-vinculos-entre-professores-e-alunos-no-processo-de-alfabetizacao\/\"]}]},{\"@type\":\"BreadcrumbList\",\"@id\":\"http:\/\/portaleducacao.guarulhos.sp.gov.br\/wp_site\/saberesemcasa\/2021\/07\/26\/saberes-em-casa-constroi-vinculos-entre-professores-e-alunos-no-processo-de-alfabetizacao\/#breadcrumb\",\"itemListElement\":[{\"@type\":\"ListItem\",\"position\":1,\"name\":\"In\u00edcio\",\"item\":\"http:\/\/portaleducacao.guarulhos.sp.gov.br\/wp_site\/saberesemcasa\/\"},{\"@type\":\"ListItem\",\"position\":2,\"name\":\"Saberes em Casa constr\u00f3i v\u00ednculos entre professores e alunos no processo de alfabetiza\u00e7\u00e3o\"}]},{\"@type\":\"WebSite\",\"@id\":\"http:\/\/portaleducacao.guarulhos.sp.gov.br\/wp_site\/saberesemcasa\/#website\",\"url\":\"http:\/\/portaleducacao.guarulhos.sp.gov.br\/wp_site\/saberesemcasa\/\",\"name\":\"Programa Saberes em Casa\",\"description\":\"Ferramenta complementar \u00e0s propostas educativas desenvolvidas nas unidades escolares\",\"publisher\":{\"@id\":\"http:\/\/portaleducacao.guarulhos.sp.gov.br\/wp_site\/saberesemcasa\/#organization\"},\"potentialAction\":[{\"@type\":\"SearchAction\",\"target\":{\"@type\":\"EntryPoint\",\"urlTemplate\":\"http:\/\/portaleducacao.guarulhos.sp.gov.br\/wp_site\/saberesemcasa\/?s={search_term_string}\"},\"query-input\":\"required name=search_term_string\"}],\"inLanguage\":\"pt-BR\"},{\"@type\":\"Organization\",\"@id\":\"http:\/\/portaleducacao.guarulhos.sp.gov.br\/wp_site\/saberesemcasa\/#organization\",\"name\":\"Programa Saberes em Casa\",\"url\":\"http:\/\/portaleducacao.guarulhos.sp.gov.br\/wp_site\/saberesemcasa\/\",\"sameAs\":[],\"logo\":{\"@type\":\"ImageObject\",\"inLanguage\":\"pt-BR\",\"@id\":\"http:\/\/portaleducacao.guarulhos.sp.gov.br\/wp_site\/saberesemcasa\/#\/schema\/logo\/image\/\",\"url\":\"http:\/\/portaleducacao.guarulhos.sp.gov.br\/wp_site\/saberesemcasa\/wp-content\/uploads\/sites\/6\/2021\/02\/cropped-logo_saberes_em_casa.png\",\"contentUrl\":\"http:\/\/portaleducacao.guarulhos.sp.gov.br\/wp_site\/saberesemcasa\/wp-content\/uploads\/sites\/6\/2021\/02\/cropped-logo_saberes_em_casa.png\",\"width\":200,\"height\":100,\"caption\":\"Programa Saberes em Casa\"},\"image\":{\"@id\":\"http:\/\/portaleducacao.guarulhos.sp.gov.br\/wp_site\/saberesemcasa\/#\/schema\/logo\/image\/\"}},{\"@type\":\"Person\",\"@id\":\"http:\/\/portaleducacao.guarulhos.sp.gov.br\/wp_site\/saberesemcasa\/#\/schema\/person\/9d1c60216648b2e84d2544ba3ee8bb69\",\"name\":\"sites\",\"image\":{\"@type\":\"ImageObject\",\"inLanguage\":\"pt-BR\",\"@id\":\"http:\/\/portaleducacao.guarulhos.sp.gov.br\/wp_site\/saberesemcasa\/#\/schema\/person\/image\/\",\"url\":\"http:\/\/1.gravatar.com\/avatar\/d320dc056d58878ea1be67e0f28bb03d?s=96&d=mm&r=g\",\"contentUrl\":\"http:\/\/1.gravatar.com\/avatar\/d320dc056d58878ea1be67e0f28bb03d?s=96&d=mm&r=g\",\"caption\":\"sites\"},\"sameAs\":[\"http:\/\/172.16.208.47\/sites\"],\"url\":\"http:\/\/portaleducacao.guarulhos.sp.gov.br\/wp_site\/saberesemcasa\/author\/sites\/\"}]}<\/script>\r\n<!-- \/ Yoast SEO plugin. -->","yoast_head_json":{"title":"Saberes em Casa constr\u00f3i v\u00ednculos entre professores e alunos no processo de alfabetiza\u00e7\u00e3o - Programa Saberes em Casa","robots":{"index":"index","follow":"follow","max-snippet":"max-snippet:-1","max-image-preview":"max-image-preview:large","max-video-preview":"max-video-preview:-1"},"canonical":"http:\/\/portaleducacao.guarulhos.sp.gov.br\/wp_site\/saberesemcasa\/2021\/07\/26\/saberes-em-casa-constroi-vinculos-entre-professores-e-alunos-no-processo-de-alfabetizacao\/","og_locale":"pt_BR","og_type":"article","og_title":"Saberes em Casa constr\u00f3i v\u00ednculos entre professores e alunos no processo de alfabetiza\u00e7\u00e3o - Programa Saberes em Casa","og_description":"O Programa Saberes em Casa, por meio do quadro Al\u00e9m das Letras, prop\u00f5e atividades planejadas a fim de favorecer o processo de alfabetiza\u00e7\u00e3o dos educandos de Guarulhos. As propostas primam [&hellip;]","og_url":"http:\/\/portaleducacao.guarulhos.sp.gov.br\/wp_site\/saberesemcasa\/2021\/07\/26\/saberes-em-casa-constroi-vinculos-entre-professores-e-alunos-no-processo-de-alfabetizacao\/","og_site_name":"Programa Saberes em Casa","article_published_time":"2021-07-26T17:36:09+00:00","article_modified_time":"2021-07-26T17:48:36+00:00","og_image":[{"width":1587,"height":1325,"url":"http:\/\/portaleducacao.guarulhos.sp.gov.br\/wp_site\/saberesemcasa\/wp-content\/uploads\/sites\/6\/2021\/07\/680a7454-ac13-42bc-b151-be187f79a192.jpg","type":"image\/jpeg"}],"author":"sites","twitter_card":"summary_large_image","twitter_misc":{"Escrito por":"sites","Est. tempo de leitura":"4 minutos"},"schema":{"@context":"https:\/\/schema.org","@graph":[{"@type":"Article","@id":"http:\/\/portaleducacao.guarulhos.sp.gov.br\/wp_site\/saberesemcasa\/2021\/07\/26\/saberes-em-casa-constroi-vinculos-entre-professores-e-alunos-no-processo-de-alfabetizacao\/#article","isPartOf":{"@id":"http:\/\/portaleducacao.guarulhos.sp.gov.br\/wp_site\/saberesemcasa\/2021\/07\/26\/saberes-em-casa-constroi-vinculos-entre-professores-e-alunos-no-processo-de-alfabetizacao\/"},"author":{"name":"sites","@id":"http:\/\/portaleducacao.guarulhos.sp.gov.br\/wp_site\/saberesemcasa\/#\/schema\/person\/9d1c60216648b2e84d2544ba3ee8bb69"},"headline":"Saberes em Casa constr\u00f3i v\u00ednculos entre professores e alunos no processo de alfabetiza\u00e7\u00e3o","datePublished":"2021-07-26T17:36:09+00:00","dateModified":"2021-07-26T17:48:36+00:00","mainEntityOfPage":{"@id":"http:\/\/portaleducacao.guarulhos.sp.gov.br\/wp_site\/saberesemcasa\/2021\/07\/26\/saberes-em-casa-constroi-vinculos-entre-professores-e-alunos-no-processo-de-alfabetizacao\/"},"wordCount":815,"publisher":{"@id":"http:\/\/portaleducacao.guarulhos.sp.gov.br\/wp_site\/saberesemcasa\/#organization"},"articleSection":["Saberes em Casa 2021"],"inLanguage":"pt-BR"},{"@type":"WebPage","@id":"http:\/\/portaleducacao.guarulhos.sp.gov.br\/wp_site\/saberesemcasa\/2021\/07\/26\/saberes-em-casa-constroi-vinculos-entre-professores-e-alunos-no-processo-de-alfabetizacao\/","url":"http:\/\/portaleducacao.guarulhos.sp.gov.br\/wp_site\/saberesemcasa\/2021\/07\/26\/saberes-em-casa-constroi-vinculos-entre-professores-e-alunos-no-processo-de-alfabetizacao\/","name":"Saberes em Casa constr\u00f3i v\u00ednculos entre professores e alunos no processo de alfabetiza\u00e7\u00e3o - Programa Saberes em Casa","isPartOf":{"@id":"http:\/\/portaleducacao.guarulhos.sp.gov.br\/wp_site\/saberesemcasa\/#website"},"datePublished":"2021-07-26T17:36:09+00:00","dateModified":"2021-07-26T17:48:36+00:00","breadcrumb":{"@id":"http:\/\/portaleducacao.guarulhos.sp.gov.br\/wp_site\/saberesemcasa\/2021\/07\/26\/saberes-em-casa-constroi-vinculos-entre-professores-e-alunos-no-processo-de-alfabetizacao\/#breadcrumb"},"inLanguage":"pt-BR","potentialAction":[{"@type":"ReadAction","target":["http:\/\/portaleducacao.guarulhos.sp.gov.br\/wp_site\/saberesemcasa\/2021\/07\/26\/saberes-em-casa-constroi-vinculos-entre-professores-e-alunos-no-processo-de-alfabetizacao\/"]}]},{"@type":"BreadcrumbList","@id":"http:\/\/portaleducacao.guarulhos.sp.gov.br\/wp_site\/saberesemcasa\/2021\/07\/26\/saberes-em-casa-constroi-vinculos-entre-professores-e-alunos-no-processo-de-alfabetizacao\/#breadcrumb","itemListElement":[{"@type":"ListItem","position":1,"name":"In\u00edcio","item":"http:\/\/portaleducacao.guarulhos.sp.gov.br\/wp_site\/saberesemcasa\/"},{"@type":"ListItem","position":2,"name":"Saberes em Casa constr\u00f3i v\u00ednculos entre professores e alunos no processo de alfabetiza\u00e7\u00e3o"}]},{"@type":"WebSite","@id":"http:\/\/portaleducacao.guarulhos.sp.gov.br\/wp_site\/saberesemcasa\/#website","url":"http:\/\/portaleducacao.guarulhos.sp.gov.br\/wp_site\/saberesemcasa\/","name":"Programa Saberes em Casa","description":"Ferramenta complementar \u00e0s propostas educativas desenvolvidas nas unidades escolares","publisher":{"@id":"http:\/\/portaleducacao.guarulhos.sp.gov.br\/wp_site\/saberesemcasa\/#organization"},"potentialAction":[{"@type":"SearchAction","target":{"@type":"EntryPoint","urlTemplate":"http:\/\/portaleducacao.guarulhos.sp.gov.br\/wp_site\/saberesemcasa\/?s={search_term_string}"},"query-input":"required name=search_term_string"}],"inLanguage":"pt-BR"},{"@type":"Organization","@id":"http:\/\/portaleducacao.guarulhos.sp.gov.br\/wp_site\/saberesemcasa\/#organization","name":"Programa Saberes em Casa","url":"http:\/\/portaleducacao.guarulhos.sp.gov.br\/wp_site\/saberesemcasa\/","sameAs":[],"logo":{"@type":"ImageObject","inLanguage":"pt-BR","@id":"http:\/\/portaleducacao.guarulhos.sp.gov.br\/wp_site\/saberesemcasa\/#\/schema\/logo\/image\/","url":"http:\/\/portaleducacao.guarulhos.sp.gov.br\/wp_site\/saberesemcasa\/wp-content\/uploads\/sites\/6\/2021\/02\/cropped-logo_saberes_em_casa.png","contentUrl":"http:\/\/portaleducacao.guarulhos.sp.gov.br\/wp_site\/saberesemcasa\/wp-content\/uploads\/sites\/6\/2021\/02\/cropped-logo_saberes_em_casa.png","width":200,"height":100,"caption":"Programa Saberes em Casa"},"image":{"@id":"http:\/\/portaleducacao.guarulhos.sp.gov.br\/wp_site\/saberesemcasa\/#\/schema\/logo\/image\/"}},{"@type":"Person","@id":"http:\/\/portaleducacao.guarulhos.sp.gov.br\/wp_site\/saberesemcasa\/#\/schema\/person\/9d1c60216648b2e84d2544ba3ee8bb69","name":"sites","image":{"@type":"ImageObject","inLanguage":"pt-BR","@id":"http:\/\/portaleducacao.guarulhos.sp.gov.br\/wp_site\/saberesemcasa\/#\/schema\/person\/image\/","url":"http:\/\/1.gravatar.com\/avatar\/d320dc056d58878ea1be67e0f28bb03d?s=96&d=mm&r=g","contentUrl":"http:\/\/1.gravatar.com\/avatar\/d320dc056d58878ea1be67e0f28bb03d?s=96&d=mm&r=g","caption":"sites"},"sameAs":["http:\/\/172.16.208.47\/sites"],"url":"http:\/\/portaleducacao.guarulhos.sp.gov.br\/wp_site\/saberesemcasa\/author\/sites\/"}]}},"_links":{"self":[{"href":"http:\/\/portaleducacao.guarulhos.sp.gov.br\/wp_site\/saberesemcasa\/wp-json\/wp\/v2\/posts\/1600"}],"collection":[{"href":"http:\/\/portaleducacao.guarulhos.sp.gov.br\/wp_site\/saberesemcasa\/wp-json\/wp\/v2\/posts"}],"about":[{"href":"http:\/\/portaleducacao.guarulhos.sp.gov.br\/wp_site\/saberesemcasa\/wp-json\/wp\/v2\/types\/post"}],"author":[{"embeddable":true,"href":"http:\/\/portaleducacao.guarulhos.sp.gov.br\/wp_site\/saberesemcasa\/wp-json\/wp\/v2\/users\/1"}],"replies":[{"embeddable":true,"href":"http:\/\/portaleducacao.guarulhos.sp.gov.br\/wp_site\/saberesemcasa\/wp-json\/wp\/v2\/comments?post=1600"}],"version-history":[{"count":3,"href":"http:\/\/portaleducacao.guarulhos.sp.gov.br\/wp_site\/saberesemcasa\/wp-json\/wp\/v2\/posts\/1600\/revisions"}],"predecessor-version":[{"id":1607,"href":"http:\/\/portaleducacao.guarulhos.sp.gov.br\/wp_site\/saberesemcasa\/wp-json\/wp\/v2\/posts\/1600\/revisions\/1607"}],"wp:featuredmedia":[{"embeddable":true,"href":"http:\/\/portaleducacao.guarulhos.sp.gov.br\/wp_site\/saberesemcasa\/wp-json\/wp\/v2\/media\/1602"}],"wp:attachment":[{"href":"http:\/\/portaleducacao.guarulhos.sp.gov.br\/wp_site\/saberesemcasa\/wp-json\/wp\/v2\/media?parent=1600"}],"wp:term":[{"taxonomy":"category","embeddable":true,"href":"http:\/\/portaleducacao.guarulhos.sp.gov.br\/wp_site\/saberesemcasa\/wp-json\/wp\/v2\/categories?post=1600"},{"taxonomy":"post_tag","embeddable":true,"href":"http:\/\/portaleducacao.guarulhos.sp.gov.br\/wp_site\/saberesemcasa\/wp-json\/wp\/v2\/tags?post=1600"}],"curies":[{"name":"wp","href":"https:\/\/api.w.org\/{rel}","templated":true}]}}