{"id":1811,"date":"2021-10-06T10:08:24","date_gmt":"2021-10-06T13:08:24","guid":{"rendered":"http:\/\/portaleducacao.guarulhos.sp.gov.br\/wp_site\/saberesemcasa\/?p=1811"},"modified":"2021-10-06T10:08:25","modified_gmt":"2021-10-06T13:08:25","slug":"saberes-em-casa-apresenta-episodio-especial-com-atleta-paralimpico","status":"publish","type":"post","link":"http:\/\/portaleducacao.guarulhos.sp.gov.br\/wp_site\/saberesemcasa\/2021\/10\/06\/saberes-em-casa-apresenta-episodio-especial-com-atleta-paralimpico\/","title":{"rendered":"Saberes em Casa apresenta epis\u00f3dio especial com atleta paral\u00edmpico"},"content":{"rendered":"\n<p class=\"has-medium-font-size\">O programa Saberes em Casa exibiu na \u00faltima quarta-feira (29) um epis\u00f3dio especial sobre as Paralimp\u00edadas, que ocorreram em agosto deste ano em T\u00f3quio, no Jap\u00e3o. A equipe pedag\u00f3gica da Secretaria de Educa\u00e7\u00e3o de Guarulhos convidou o atleta paral\u00edmpico brasileiro C\u00edcero Valdiran Nobre, medalhista de bronze no lan\u00e7amento de dardo, para falar sobre sua trajet\u00f3ria no esporte com as crian\u00e7as da rede municipal.<\/p>\n\n\n\n<p class=\"has-medium-font-size\">O paratleta gravou um depoimento ressaltando a import\u00e2ncia de enfrentar desafios e adversidades da vida, apesar das suas dificuldades de mobilidade, com o comprometimento dos membros inferiores. Nobre demonstrou muita emo\u00e7\u00e3o por participar do programa, al\u00e9m de incentivar os alunos a n\u00e3o desistirem dos seus sonhos.<\/p>\n\n\n\n<p class=\"has-medium-font-size\">\u201cSeja na carreira de atleta ou em qualquer outra profissional, cada um de n\u00f3s precisa ir em busca dos nossos objetivos, persistir sempre, pois valer\u00e1 a pena o nosso esfor\u00e7o\u201d, destacou o atleta, que j\u00e1 foi ouro nos Jogos Parapan e no Munidal de 2019.<\/p>\n\n\n\n<p class=\"has-medium-font-size\">Este epis\u00f3dio foi constru\u00eddo de forma coletiva envolvendo os professores de tr\u00eas \u00e1reas das linguagens: arte, educa\u00e7\u00e3o f\u00edsica e l\u00edngua e cultura inglesa.<\/p>\n\n\n\n<p class=\"has-medium-font-size\">O programa foi veiculado pelo canal da Secretaria de Educa\u00e7\u00e3o no YouTube aos alunos da Prefeitura de Guarulhos e teve como objetivo abordar o evento esportivo realizado para atletas com diferentes graus de defici\u00eancias, ressaltar a participa\u00e7\u00e3o da sele\u00e7\u00e3o brasileira, as medalhas conquistadas e a import\u00e2ncia de superar os obst\u00e1culos.<\/p>\n","protected":false},"excerpt":{"rendered":"<p>O programa Saberes em Casa exibiu na \u00faltima quarta-feira (29) um epis\u00f3dio especial sobre as Paralimp\u00edadas, que ocorreram em agosto deste ano em T\u00f3quio, no Jap\u00e3o. A equipe pedag\u00f3gica da [&hellip;]<\/p>\n","protected":false},"author":1,"featured_media":1812,"comment_status":"closed","ping_status":"open","sticky":false,"template":"","format":"standard","meta":{"_monsterinsights_skip_tracking":false,"_monsterinsights_sitenote_active":false,"_monsterinsights_sitenote_note":"","_monsterinsights_sitenote_category":0,"_expiration-date-status":"","_expiration-date":0,"_expiration-date-type":"","_expiration-date-categories":[],"_expiration-date-options":[]},"categories":[1],"tags":[],"yoast_head":"<!-- This site is optimized with the Yoast SEO plugin v19.7.1 - https:\/\/yoast.com\/wordpress\/plugins\/seo\/ -->\r\n<title>Saberes em Casa apresenta epis\u00f3dio especial com atleta paral\u00edmpico - Programa Saberes em Casa<\/title>\r\n<meta name=\"robots\" content=\"index, follow, max-snippet:-1, max-image-preview:large, max-video-preview:-1\" \/>\r\n<link rel=\"canonical\" href=\"http:\/\/portaleducacao.guarulhos.sp.gov.br\/wp_site\/saberesemcasa\/2021\/10\/06\/saberes-em-casa-apresenta-episodio-especial-com-atleta-paralimpico\/\" \/>\r\n<meta property=\"og:locale\" content=\"pt_BR\" \/>\r\n<meta property=\"og:type\" content=\"article\" \/>\r\n<meta property=\"og:title\" content=\"Saberes em Casa apresenta epis\u00f3dio especial com atleta paral\u00edmpico - Programa Saberes em Casa\" \/>\r\n<meta property=\"og:description\" content=\"O programa Saberes em Casa exibiu na \u00faltima quarta-feira (29) um epis\u00f3dio especial sobre as Paralimp\u00edadas, que ocorreram em agosto deste ano em T\u00f3quio, no Jap\u00e3o. A equipe pedag\u00f3gica da [&hellip;]\" \/>\r\n<meta property=\"og:url\" content=\"http:\/\/portaleducacao.guarulhos.sp.gov.br\/wp_site\/saberesemcasa\/2021\/10\/06\/saberes-em-casa-apresenta-episodio-especial-com-atleta-paralimpico\/\" \/>\r\n<meta property=\"og:site_name\" content=\"Programa Saberes em Casa\" \/>\r\n<meta property=\"article:published_time\" content=\"2021-10-06T13:08:24+00:00\" \/>\r\n<meta property=\"article:modified_time\" content=\"2021-10-06T13:08:25+00:00\" \/>\r\n<meta property=\"og:image\" content=\"http:\/\/portaleducacao.guarulhos.sp.gov.br\/wp_site\/saberesemcasa\/wp-content\/uploads\/sites\/6\/2021\/10\/Sem-Titulo-1.jpg\" \/>\r\n\t<meta property=\"og:image:width\" content=\"750\" \/>\r\n\t<meta property=\"og:image:height\" content=\"520\" \/>\r\n\t<meta property=\"og:image:type\" content=\"image\/jpeg\" \/>\r\n<meta name=\"author\" content=\"sites\" \/>\r\n<meta name=\"twitter:card\" content=\"summary_large_image\" \/>\r\n<meta name=\"twitter:label1\" content=\"Escrito por\" \/>\n\t<meta name=\"twitter:data1\" content=\"sites\" \/>\n\t<meta name=\"twitter:label2\" content=\"Est. tempo de leitura\" \/>\n\t<meta name=\"twitter:data2\" content=\"1 minuto\" \/>\r\n<script type=\"application\/ld+json\" class=\"yoast-schema-graph\">{\"@context\":\"https:\/\/schema.org\",\"@graph\":[{\"@type\":\"Article\",\"@id\":\"http:\/\/portaleducacao.guarulhos.sp.gov.br\/wp_site\/saberesemcasa\/2021\/10\/06\/saberes-em-casa-apresenta-episodio-especial-com-atleta-paralimpico\/#article\",\"isPartOf\":{\"@id\":\"http:\/\/portaleducacao.guarulhos.sp.gov.br\/wp_site\/saberesemcasa\/2021\/10\/06\/saberes-em-casa-apresenta-episodio-especial-com-atleta-paralimpico\/\"},\"author\":{\"name\":\"sites\",\"@id\":\"http:\/\/portaleducacao.guarulhos.sp.gov.br\/wp_site\/saberesemcasa\/#\/schema\/person\/9d1c60216648b2e84d2544ba3ee8bb69\"},\"headline\":\"Saberes em Casa apresenta epis\u00f3dio especial com atleta paral\u00edmpico\",\"datePublished\":\"2021-10-06T13:08:24+00:00\",\"dateModified\":\"2021-10-06T13:08:25+00:00\",\"mainEntityOfPage\":{\"@id\":\"http:\/\/portaleducacao.guarulhos.sp.gov.br\/wp_site\/saberesemcasa\/2021\/10\/06\/saberes-em-casa-apresenta-episodio-especial-com-atleta-paralimpico\/\"},\"wordCount\":271,\"publisher\":{\"@id\":\"http:\/\/portaleducacao.guarulhos.sp.gov.br\/wp_site\/saberesemcasa\/#organization\"},\"articleSection\":[\"Saberes em Casa 2021\"],\"inLanguage\":\"pt-BR\"},{\"@type\":\"WebPage\",\"@id\":\"http:\/\/portaleducacao.guarulhos.sp.gov.br\/wp_site\/saberesemcasa\/2021\/10\/06\/saberes-em-casa-apresenta-episodio-especial-com-atleta-paralimpico\/\",\"url\":\"http:\/\/portaleducacao.guarulhos.sp.gov.br\/wp_site\/saberesemcasa\/2021\/10\/06\/saberes-em-casa-apresenta-episodio-especial-com-atleta-paralimpico\/\",\"name\":\"Saberes em Casa apresenta epis\u00f3dio especial com atleta paral\u00edmpico - Programa Saberes em Casa\",\"isPartOf\":{\"@id\":\"http:\/\/portaleducacao.guarulhos.sp.gov.br\/wp_site\/saberesemcasa\/#website\"},\"datePublished\":\"2021-10-06T13:08:24+00:00\",\"dateModified\":\"2021-10-06T13:08:25+00:00\",\"breadcrumb\":{\"@id\":\"http:\/\/portaleducacao.guarulhos.sp.gov.br\/wp_site\/saberesemcasa\/2021\/10\/06\/saberes-em-casa-apresenta-episodio-especial-com-atleta-paralimpico\/#breadcrumb\"},\"inLanguage\":\"pt-BR\",\"potentialAction\":[{\"@type\":\"ReadAction\",\"target\":[\"http:\/\/portaleducacao.guarulhos.sp.gov.br\/wp_site\/saberesemcasa\/2021\/10\/06\/saberes-em-casa-apresenta-episodio-especial-com-atleta-paralimpico\/\"]}]},{\"@type\":\"BreadcrumbList\",\"@id\":\"http:\/\/portaleducacao.guarulhos.sp.gov.br\/wp_site\/saberesemcasa\/2021\/10\/06\/saberes-em-casa-apresenta-episodio-especial-com-atleta-paralimpico\/#breadcrumb\",\"itemListElement\":[{\"@type\":\"ListItem\",\"position\":1,\"name\":\"In\u00edcio\",\"item\":\"http:\/\/portaleducacao.guarulhos.sp.gov.br\/wp_site\/saberesemcasa\/\"},{\"@type\":\"ListItem\",\"position\":2,\"name\":\"Saberes em Casa apresenta epis\u00f3dio especial com atleta paral\u00edmpico\"}]},{\"@type\":\"WebSite\",\"@id\":\"http:\/\/portaleducacao.guarulhos.sp.gov.br\/wp_site\/saberesemcasa\/#website\",\"url\":\"http:\/\/portaleducacao.guarulhos.sp.gov.br\/wp_site\/saberesemcasa\/\",\"name\":\"Programa Saberes em Casa\",\"description\":\"Ferramenta complementar \u00e0s propostas educativas desenvolvidas nas unidades escolares\",\"publisher\":{\"@id\":\"http:\/\/portaleducacao.guarulhos.sp.gov.br\/wp_site\/saberesemcasa\/#organization\"},\"potentialAction\":[{\"@type\":\"SearchAction\",\"target\":{\"@type\":\"EntryPoint\",\"urlTemplate\":\"http:\/\/portaleducacao.guarulhos.sp.gov.br\/wp_site\/saberesemcasa\/?s={search_term_string}\"},\"query-input\":\"required name=search_term_string\"}],\"inLanguage\":\"pt-BR\"},{\"@type\":\"Organization\",\"@id\":\"http:\/\/portaleducacao.guarulhos.sp.gov.br\/wp_site\/saberesemcasa\/#organization\",\"name\":\"Programa Saberes em Casa\",\"url\":\"http:\/\/portaleducacao.guarulhos.sp.gov.br\/wp_site\/saberesemcasa\/\",\"sameAs\":[],\"logo\":{\"@type\":\"ImageObject\",\"inLanguage\":\"pt-BR\",\"@id\":\"http:\/\/portaleducacao.guarulhos.sp.gov.br\/wp_site\/saberesemcasa\/#\/schema\/logo\/image\/\",\"url\":\"http:\/\/portaleducacao.guarulhos.sp.gov.br\/wp_site\/saberesemcasa\/wp-content\/uploads\/sites\/6\/2021\/02\/cropped-logo_saberes_em_casa.png\",\"contentUrl\":\"http:\/\/portaleducacao.guarulhos.sp.gov.br\/wp_site\/saberesemcasa\/wp-content\/uploads\/sites\/6\/2021\/02\/cropped-logo_saberes_em_casa.png\",\"width\":200,\"height\":100,\"caption\":\"Programa Saberes em Casa\"},\"image\":{\"@id\":\"http:\/\/portaleducacao.guarulhos.sp.gov.br\/wp_site\/saberesemcasa\/#\/schema\/logo\/image\/\"}},{\"@type\":\"Person\",\"@id\":\"http:\/\/portaleducacao.guarulhos.sp.gov.br\/wp_site\/saberesemcasa\/#\/schema\/person\/9d1c60216648b2e84d2544ba3ee8bb69\",\"name\":\"sites\",\"image\":{\"@type\":\"ImageObject\",\"inLanguage\":\"pt-BR\",\"@id\":\"http:\/\/portaleducacao.guarulhos.sp.gov.br\/wp_site\/saberesemcasa\/#\/schema\/person\/image\/\",\"url\":\"http:\/\/1.gravatar.com\/avatar\/d320dc056d58878ea1be67e0f28bb03d?s=96&d=mm&r=g\",\"contentUrl\":\"http:\/\/1.gravatar.com\/avatar\/d320dc056d58878ea1be67e0f28bb03d?s=96&d=mm&r=g\",\"caption\":\"sites\"},\"sameAs\":[\"http:\/\/172.16.208.47\/sites\"],\"url\":\"http:\/\/portaleducacao.guarulhos.sp.gov.br\/wp_site\/saberesemcasa\/author\/sites\/\"}]}<\/script>\r\n<!-- \/ Yoast SEO plugin. -->","yoast_head_json":{"title":"Saberes em Casa apresenta epis\u00f3dio especial com atleta paral\u00edmpico - Programa Saberes em Casa","robots":{"index":"index","follow":"follow","max-snippet":"max-snippet:-1","max-image-preview":"max-image-preview:large","max-video-preview":"max-video-preview:-1"},"canonical":"http:\/\/portaleducacao.guarulhos.sp.gov.br\/wp_site\/saberesemcasa\/2021\/10\/06\/saberes-em-casa-apresenta-episodio-especial-com-atleta-paralimpico\/","og_locale":"pt_BR","og_type":"article","og_title":"Saberes em Casa apresenta epis\u00f3dio especial com atleta paral\u00edmpico - Programa Saberes em Casa","og_description":"O programa Saberes em Casa exibiu na \u00faltima quarta-feira (29) um epis\u00f3dio especial sobre as Paralimp\u00edadas, que ocorreram em agosto deste ano em T\u00f3quio, no Jap\u00e3o. A equipe pedag\u00f3gica da [&hellip;]","og_url":"http:\/\/portaleducacao.guarulhos.sp.gov.br\/wp_site\/saberesemcasa\/2021\/10\/06\/saberes-em-casa-apresenta-episodio-especial-com-atleta-paralimpico\/","og_site_name":"Programa Saberes em Casa","article_published_time":"2021-10-06T13:08:24+00:00","article_modified_time":"2021-10-06T13:08:25+00:00","og_image":[{"width":750,"height":520,"url":"http:\/\/portaleducacao.guarulhos.sp.gov.br\/wp_site\/saberesemcasa\/wp-content\/uploads\/sites\/6\/2021\/10\/Sem-Titulo-1.jpg","type":"image\/jpeg"}],"author":"sites","twitter_card":"summary_large_image","twitter_misc":{"Escrito por":"sites","Est. tempo de leitura":"1 minuto"},"schema":{"@context":"https:\/\/schema.org","@graph":[{"@type":"Article","@id":"http:\/\/portaleducacao.guarulhos.sp.gov.br\/wp_site\/saberesemcasa\/2021\/10\/06\/saberes-em-casa-apresenta-episodio-especial-com-atleta-paralimpico\/#article","isPartOf":{"@id":"http:\/\/portaleducacao.guarulhos.sp.gov.br\/wp_site\/saberesemcasa\/2021\/10\/06\/saberes-em-casa-apresenta-episodio-especial-com-atleta-paralimpico\/"},"author":{"name":"sites","@id":"http:\/\/portaleducacao.guarulhos.sp.gov.br\/wp_site\/saberesemcasa\/#\/schema\/person\/9d1c60216648b2e84d2544ba3ee8bb69"},"headline":"Saberes em Casa apresenta epis\u00f3dio especial com atleta paral\u00edmpico","datePublished":"2021-10-06T13:08:24+00:00","dateModified":"2021-10-06T13:08:25+00:00","mainEntityOfPage":{"@id":"http:\/\/portaleducacao.guarulhos.sp.gov.br\/wp_site\/saberesemcasa\/2021\/10\/06\/saberes-em-casa-apresenta-episodio-especial-com-atleta-paralimpico\/"},"wordCount":271,"publisher":{"@id":"http:\/\/portaleducacao.guarulhos.sp.gov.br\/wp_site\/saberesemcasa\/#organization"},"articleSection":["Saberes em Casa 2021"],"inLanguage":"pt-BR"},{"@type":"WebPage","@id":"http:\/\/portaleducacao.guarulhos.sp.gov.br\/wp_site\/saberesemcasa\/2021\/10\/06\/saberes-em-casa-apresenta-episodio-especial-com-atleta-paralimpico\/","url":"http:\/\/portaleducacao.guarulhos.sp.gov.br\/wp_site\/saberesemcasa\/2021\/10\/06\/saberes-em-casa-apresenta-episodio-especial-com-atleta-paralimpico\/","name":"Saberes em Casa apresenta epis\u00f3dio especial com atleta paral\u00edmpico - Programa Saberes em Casa","isPartOf":{"@id":"http:\/\/portaleducacao.guarulhos.sp.gov.br\/wp_site\/saberesemcasa\/#website"},"datePublished":"2021-10-06T13:08:24+00:00","dateModified":"2021-10-06T13:08:25+00:00","breadcrumb":{"@id":"http:\/\/portaleducacao.guarulhos.sp.gov.br\/wp_site\/saberesemcasa\/2021\/10\/06\/saberes-em-casa-apresenta-episodio-especial-com-atleta-paralimpico\/#breadcrumb"},"inLanguage":"pt-BR","potentialAction":[{"@type":"ReadAction","target":["http:\/\/portaleducacao.guarulhos.sp.gov.br\/wp_site\/saberesemcasa\/2021\/10\/06\/saberes-em-casa-apresenta-episodio-especial-com-atleta-paralimpico\/"]}]},{"@type":"BreadcrumbList","@id":"http:\/\/portaleducacao.guarulhos.sp.gov.br\/wp_site\/saberesemcasa\/2021\/10\/06\/saberes-em-casa-apresenta-episodio-especial-com-atleta-paralimpico\/#breadcrumb","itemListElement":[{"@type":"ListItem","position":1,"name":"In\u00edcio","item":"http:\/\/portaleducacao.guarulhos.sp.gov.br\/wp_site\/saberesemcasa\/"},{"@type":"ListItem","position":2,"name":"Saberes em Casa apresenta epis\u00f3dio especial com atleta paral\u00edmpico"}]},{"@type":"WebSite","@id":"http:\/\/portaleducacao.guarulhos.sp.gov.br\/wp_site\/saberesemcasa\/#website","url":"http:\/\/portaleducacao.guarulhos.sp.gov.br\/wp_site\/saberesemcasa\/","name":"Programa Saberes em Casa","description":"Ferramenta complementar \u00e0s propostas educativas desenvolvidas nas unidades escolares","publisher":{"@id":"http:\/\/portaleducacao.guarulhos.sp.gov.br\/wp_site\/saberesemcasa\/#organization"},"potentialAction":[{"@type":"SearchAction","target":{"@type":"EntryPoint","urlTemplate":"http:\/\/portaleducacao.guarulhos.sp.gov.br\/wp_site\/saberesemcasa\/?s={search_term_string}"},"query-input":"required name=search_term_string"}],"inLanguage":"pt-BR"},{"@type":"Organization","@id":"http:\/\/portaleducacao.guarulhos.sp.gov.br\/wp_site\/saberesemcasa\/#organization","name":"Programa Saberes em Casa","url":"http:\/\/portaleducacao.guarulhos.sp.gov.br\/wp_site\/saberesemcasa\/","sameAs":[],"logo":{"@type":"ImageObject","inLanguage":"pt-BR","@id":"http:\/\/portaleducacao.guarulhos.sp.gov.br\/wp_site\/saberesemcasa\/#\/schema\/logo\/image\/","url":"http:\/\/portaleducacao.guarulhos.sp.gov.br\/wp_site\/saberesemcasa\/wp-content\/uploads\/sites\/6\/2021\/02\/cropped-logo_saberes_em_casa.png","contentUrl":"http:\/\/portaleducacao.guarulhos.sp.gov.br\/wp_site\/saberesemcasa\/wp-content\/uploads\/sites\/6\/2021\/02\/cropped-logo_saberes_em_casa.png","width":200,"height":100,"caption":"Programa Saberes em Casa"},"image":{"@id":"http:\/\/portaleducacao.guarulhos.sp.gov.br\/wp_site\/saberesemcasa\/#\/schema\/logo\/image\/"}},{"@type":"Person","@id":"http:\/\/portaleducacao.guarulhos.sp.gov.br\/wp_site\/saberesemcasa\/#\/schema\/person\/9d1c60216648b2e84d2544ba3ee8bb69","name":"sites","image":{"@type":"ImageObject","inLanguage":"pt-BR","@id":"http:\/\/portaleducacao.guarulhos.sp.gov.br\/wp_site\/saberesemcasa\/#\/schema\/person\/image\/","url":"http:\/\/1.gravatar.com\/avatar\/d320dc056d58878ea1be67e0f28bb03d?s=96&d=mm&r=g","contentUrl":"http:\/\/1.gravatar.com\/avatar\/d320dc056d58878ea1be67e0f28bb03d?s=96&d=mm&r=g","caption":"sites"},"sameAs":["http:\/\/172.16.208.47\/sites"],"url":"http:\/\/portaleducacao.guarulhos.sp.gov.br\/wp_site\/saberesemcasa\/author\/sites\/"}]}},"_links":{"self":[{"href":"http:\/\/portaleducacao.guarulhos.sp.gov.br\/wp_site\/saberesemcasa\/wp-json\/wp\/v2\/posts\/1811"}],"collection":[{"href":"http:\/\/portaleducacao.guarulhos.sp.gov.br\/wp_site\/saberesemcasa\/wp-json\/wp\/v2\/posts"}],"about":[{"href":"http:\/\/portaleducacao.guarulhos.sp.gov.br\/wp_site\/saberesemcasa\/wp-json\/wp\/v2\/types\/post"}],"author":[{"embeddable":true,"href":"http:\/\/portaleducacao.guarulhos.sp.gov.br\/wp_site\/saberesemcasa\/wp-json\/wp\/v2\/users\/1"}],"replies":[{"embeddable":true,"href":"http:\/\/portaleducacao.guarulhos.sp.gov.br\/wp_site\/saberesemcasa\/wp-json\/wp\/v2\/comments?post=1811"}],"version-history":[{"count":1,"href":"http:\/\/portaleducacao.guarulhos.sp.gov.br\/wp_site\/saberesemcasa\/wp-json\/wp\/v2\/posts\/1811\/revisions"}],"predecessor-version":[{"id":1813,"href":"http:\/\/portaleducacao.guarulhos.sp.gov.br\/wp_site\/saberesemcasa\/wp-json\/wp\/v2\/posts\/1811\/revisions\/1813"}],"wp:featuredmedia":[{"embeddable":true,"href":"http:\/\/portaleducacao.guarulhos.sp.gov.br\/wp_site\/saberesemcasa\/wp-json\/wp\/v2\/media\/1812"}],"wp:attachment":[{"href":"http:\/\/portaleducacao.guarulhos.sp.gov.br\/wp_site\/saberesemcasa\/wp-json\/wp\/v2\/media?parent=1811"}],"wp:term":[{"taxonomy":"category","embeddable":true,"href":"http:\/\/portaleducacao.guarulhos.sp.gov.br\/wp_site\/saberesemcasa\/wp-json\/wp\/v2\/categories?post=1811"},{"taxonomy":"post_tag","embeddable":true,"href":"http:\/\/portaleducacao.guarulhos.sp.gov.br\/wp_site\/saberesemcasa\/wp-json\/wp\/v2\/tags?post=1811"}],"curies":[{"name":"wp","href":"https:\/\/api.w.org\/{rel}","templated":true}]}}