{"id":1892,"date":"2022-02-25T16:31:06","date_gmt":"2022-02-25T19:31:06","guid":{"rendered":"http:\/\/portaleducacao.guarulhos.sp.gov.br\/wp_site\/saberesemcasa\/?p=1892"},"modified":"2022-02-25T16:32:47","modified_gmt":"2022-02-25T19:32:47","slug":"programa-saberes-em-casa-volta-em-novo-formato-para-complementar-a-aprendizagem-dos-alunos","status":"publish","type":"post","link":"http:\/\/portaleducacao.guarulhos.sp.gov.br\/wp_site\/saberesemcasa\/2022\/02\/25\/programa-saberes-em-casa-volta-em-novo-formato-para-complementar-a-aprendizagem-dos-alunos\/","title":{"rendered":"Programa Saberes em Casa volta em novo formato para complementar a aprendizagem dos alunos"},"content":{"rendered":"\n<p class=\"has-medium-font-size\">O Programa Saberes em Casa volta ao ar a partir da pr\u00f3xima quinta-feira (3), em um novo formato e transmiss\u00e3o toda ter\u00e7a e quinta, pelo canal do&nbsp;<a href=\"https:\/\/www.youtube.com\/c\/PortalSEInforme\" target=\"_blank\" rel=\"noreferrer noopener\"><strong><u>Portal da Secretaria Municipal de Educa\u00e7\u00e3o de Guarulhos<\/u><\/strong><\/a>&nbsp;no YouTube. O programa, que se tornou mais uma pol\u00edtica p\u00fablica para garantir a aprendizagem dos alunos da rede municipal, ter\u00e1 continuidade mesmo com a volta do ensino 100% presencial.<\/p>\n\n\n\n<p class=\"has-medium-font-size\">O Saberes em Casa \u00e9 uma ferramenta que complementa as propostas educativas desenvolvidas nas unidades escolares. Baseado nas diretrizes tra\u00e7adas pela Proposta Curricular \u2013 Quadro de Saberes Necess\u00e1rios (QSN), ele tamb\u00e9m auxilia os alunos da Educa\u00e7\u00e3o Infantil, Ensino Fundamental e Educa\u00e7\u00e3o de Jovens e Adultos (EJA) no processo de ensino e aprendizagem.&nbsp;<\/p>\n\n\n\n<p class=\"has-medium-font-size\">A nova programa\u00e7\u00e3o ser\u00e1 composta pelos seguintes blocos: Linguagens (Ingl\u00eas, Artes e Educa\u00e7\u00e3o F\u00edsica), transmitido semanalmente. Viv\u00eancias na Creche, \u00c9 Brincando que se Aprende, Al\u00e9m das Letras, Desafio do Dia e EJA ser\u00e3o transmitidos a cada quinze dias. Os blocos Libras em Casa e Desenvolvimento de Autonomia ser\u00e3o transmitidos uma vez por m\u00eas.<\/p>\n\n\n\n<p class=\"has-medium-font-size\">Para Solange Turgante, diretora do Departamento de Orienta\u00e7\u00f5es Educacionais e Pedag\u00f3gicas (DOEP), o Programa Saberes em Casa toma um rumo diferente a partir desse ano. \u201cDurante o per\u00edodo de distanciamento f\u00edsico das unidades escolares, o Programa cumpria o papel de garantir parte do dia letivo dos educandos da rede. Com o retorno presencial, ele se consolida como apoio complementar \u00e0s atividades propostas pelas equipes escolares, que ter\u00e3o \u00e0 disposi\u00e7\u00e3o atividades para serem enviadas \u00e0s fam\u00edlias ao mesmo tempo em que poder\u00e3o utiliz\u00e1-las como orienta\u00e7\u00f5es did\u00e1ticas\u201d, destaca.&nbsp;<\/p>\n\n\n\n<p class=\"has-medium-font-size\">Nesta temporada o site\u00a0ser\u00e1 atualizado diariamente com novos programas, desafios do dia, revista, roteiros de estudo e aprendizagem e orienta\u00e7\u00f5es did\u00e1ticas, que podem ser utilizados por professores, fam\u00edlias e, principalmente, pelos alunos.<\/p>\n","protected":false},"excerpt":{"rendered":"<p>O Programa Saberes em Casa volta ao ar a partir da pr\u00f3xima quinta-feira (3), em um novo formato e transmiss\u00e3o toda ter\u00e7a e quinta, pelo canal do&nbsp;Portal da Secretaria Municipal [&hellip;]<\/p>\n","protected":false},"author":1,"featured_media":1896,"comment_status":"closed","ping_status":"open","sticky":false,"template":"","format":"standard","meta":{"_monsterinsights_skip_tracking":false,"_monsterinsights_sitenote_active":false,"_monsterinsights_sitenote_note":"","_monsterinsights_sitenote_category":0,"_expiration-date-status":"","_expiration-date":0,"_expiration-date-type":"","_expiration-date-categories":[],"_expiration-date-options":[]},"categories":[1],"tags":[],"yoast_head":"<!-- This site is optimized with the Yoast SEO plugin v19.7.1 - https:\/\/yoast.com\/wordpress\/plugins\/seo\/ -->\r\n<title>Programa Saberes em Casa volta em novo formato para complementar a aprendizagem dos alunos - Programa Saberes em Casa<\/title>\r\n<meta name=\"robots\" content=\"index, follow, max-snippet:-1, max-image-preview:large, max-video-preview:-1\" \/>\r\n<link rel=\"canonical\" href=\"https:\/\/portaleducacao.guarulhos.sp.gov.br\/wp_site\/saberesemcasa\/2022\/02\/25\/programa-saberes-em-casa-volta-em-novo-formato-para-complementar-a-aprendizagem-dos-alunos\/\" \/>\r\n<meta property=\"og:locale\" content=\"pt_BR\" \/>\r\n<meta property=\"og:type\" content=\"article\" \/>\r\n<meta property=\"og:title\" content=\"Programa Saberes em Casa volta em novo formato para complementar a aprendizagem dos alunos - Programa Saberes em Casa\" \/>\r\n<meta property=\"og:description\" content=\"O Programa Saberes em Casa volta ao ar a partir da pr\u00f3xima quinta-feira (3), em um novo formato e transmiss\u00e3o toda ter\u00e7a e quinta, pelo canal do&nbsp;Portal da Secretaria Municipal [&hellip;]\" \/>\r\n<meta property=\"og:url\" content=\"https:\/\/portaleducacao.guarulhos.sp.gov.br\/wp_site\/saberesemcasa\/2022\/02\/25\/programa-saberes-em-casa-volta-em-novo-formato-para-complementar-a-aprendizagem-dos-alunos\/\" \/>\r\n<meta property=\"og:site_name\" content=\"Programa Saberes em Casa\" \/>\r\n<meta property=\"article:published_time\" content=\"2022-02-25T19:31:06+00:00\" \/>\r\n<meta property=\"article:modified_time\" content=\"2022-02-25T19:32:47+00:00\" \/>\r\n<meta property=\"og:image\" content=\"https:\/\/portaleducacao.guarulhos.sp.gov.br\/wp_site\/saberesemcasa\/wp-content\/uploads\/sites\/6\/2022\/02\/55e83fce-720a-43d1-8de1-e7060c2376e0.jpeg\" \/>\r\n\t<meta property=\"og:image:width\" content=\"750\" \/>\r\n\t<meta property=\"og:image:height\" content=\"520\" \/>\r\n\t<meta property=\"og:image:type\" content=\"image\/jpeg\" \/>\r\n<meta name=\"author\" content=\"sites\" \/>\r\n<meta name=\"twitter:card\" content=\"summary_large_image\" \/>\r\n<meta name=\"twitter:label1\" content=\"Escrito por\" \/>\n\t<meta name=\"twitter:data1\" content=\"sites\" \/>\n\t<meta name=\"twitter:label2\" content=\"Est. tempo de leitura\" \/>\n\t<meta name=\"twitter:data2\" content=\"2 minutos\" \/>\r\n<script type=\"application\/ld+json\" class=\"yoast-schema-graph\">{\"@context\":\"https:\/\/schema.org\",\"@graph\":[{\"@type\":\"Article\",\"@id\":\"https:\/\/portaleducacao.guarulhos.sp.gov.br\/wp_site\/saberesemcasa\/2022\/02\/25\/programa-saberes-em-casa-volta-em-novo-formato-para-complementar-a-aprendizagem-dos-alunos\/#article\",\"isPartOf\":{\"@id\":\"https:\/\/portaleducacao.guarulhos.sp.gov.br\/wp_site\/saberesemcasa\/2022\/02\/25\/programa-saberes-em-casa-volta-em-novo-formato-para-complementar-a-aprendizagem-dos-alunos\/\"},\"author\":{\"name\":\"sites\",\"@id\":\"http:\/\/portaleducacao.guarulhos.sp.gov.br\/wp_site\/saberesemcasa\/#\/schema\/person\/9d1c60216648b2e84d2544ba3ee8bb69\"},\"headline\":\"Programa Saberes em Casa volta em novo formato para complementar a aprendizagem dos alunos\",\"datePublished\":\"2022-02-25T19:31:06+00:00\",\"dateModified\":\"2022-02-25T19:32:47+00:00\",\"mainEntityOfPage\":{\"@id\":\"https:\/\/portaleducacao.guarulhos.sp.gov.br\/wp_site\/saberesemcasa\/2022\/02\/25\/programa-saberes-em-casa-volta-em-novo-formato-para-complementar-a-aprendizagem-dos-alunos\/\"},\"wordCount\":344,\"publisher\":{\"@id\":\"http:\/\/portaleducacao.guarulhos.sp.gov.br\/wp_site\/saberesemcasa\/#organization\"},\"articleSection\":[\"Saberes em Casa 2021\"],\"inLanguage\":\"pt-BR\"},{\"@type\":\"WebPage\",\"@id\":\"https:\/\/portaleducacao.guarulhos.sp.gov.br\/wp_site\/saberesemcasa\/2022\/02\/25\/programa-saberes-em-casa-volta-em-novo-formato-para-complementar-a-aprendizagem-dos-alunos\/\",\"url\":\"https:\/\/portaleducacao.guarulhos.sp.gov.br\/wp_site\/saberesemcasa\/2022\/02\/25\/programa-saberes-em-casa-volta-em-novo-formato-para-complementar-a-aprendizagem-dos-alunos\/\",\"name\":\"Programa Saberes em Casa volta em novo formato para complementar a aprendizagem dos alunos - Programa Saberes em Casa\",\"isPartOf\":{\"@id\":\"http:\/\/portaleducacao.guarulhos.sp.gov.br\/wp_site\/saberesemcasa\/#website\"},\"datePublished\":\"2022-02-25T19:31:06+00:00\",\"dateModified\":\"2022-02-25T19:32:47+00:00\",\"breadcrumb\":{\"@id\":\"https:\/\/portaleducacao.guarulhos.sp.gov.br\/wp_site\/saberesemcasa\/2022\/02\/25\/programa-saberes-em-casa-volta-em-novo-formato-para-complementar-a-aprendizagem-dos-alunos\/#breadcrumb\"},\"inLanguage\":\"pt-BR\",\"potentialAction\":[{\"@type\":\"ReadAction\",\"target\":[\"https:\/\/portaleducacao.guarulhos.sp.gov.br\/wp_site\/saberesemcasa\/2022\/02\/25\/programa-saberes-em-casa-volta-em-novo-formato-para-complementar-a-aprendizagem-dos-alunos\/\"]}]},{\"@type\":\"BreadcrumbList\",\"@id\":\"https:\/\/portaleducacao.guarulhos.sp.gov.br\/wp_site\/saberesemcasa\/2022\/02\/25\/programa-saberes-em-casa-volta-em-novo-formato-para-complementar-a-aprendizagem-dos-alunos\/#breadcrumb\",\"itemListElement\":[{\"@type\":\"ListItem\",\"position\":1,\"name\":\"In\u00edcio\",\"item\":\"http:\/\/portaleducacao.guarulhos.sp.gov.br\/wp_site\/saberesemcasa\/\"},{\"@type\":\"ListItem\",\"position\":2,\"name\":\"Programa Saberes em Casa volta em novo formato para complementar a aprendizagem dos alunos\"}]},{\"@type\":\"WebSite\",\"@id\":\"http:\/\/portaleducacao.guarulhos.sp.gov.br\/wp_site\/saberesemcasa\/#website\",\"url\":\"http:\/\/portaleducacao.guarulhos.sp.gov.br\/wp_site\/saberesemcasa\/\",\"name\":\"Programa Saberes em Casa\",\"description\":\"Ferramenta complementar \u00e0s propostas educativas desenvolvidas nas unidades escolares\",\"publisher\":{\"@id\":\"http:\/\/portaleducacao.guarulhos.sp.gov.br\/wp_site\/saberesemcasa\/#organization\"},\"potentialAction\":[{\"@type\":\"SearchAction\",\"target\":{\"@type\":\"EntryPoint\",\"urlTemplate\":\"http:\/\/portaleducacao.guarulhos.sp.gov.br\/wp_site\/saberesemcasa\/?s={search_term_string}\"},\"query-input\":\"required name=search_term_string\"}],\"inLanguage\":\"pt-BR\"},{\"@type\":\"Organization\",\"@id\":\"http:\/\/portaleducacao.guarulhos.sp.gov.br\/wp_site\/saberesemcasa\/#organization\",\"name\":\"Programa Saberes em Casa\",\"url\":\"http:\/\/portaleducacao.guarulhos.sp.gov.br\/wp_site\/saberesemcasa\/\",\"sameAs\":[],\"logo\":{\"@type\":\"ImageObject\",\"inLanguage\":\"pt-BR\",\"@id\":\"http:\/\/portaleducacao.guarulhos.sp.gov.br\/wp_site\/saberesemcasa\/#\/schema\/logo\/image\/\",\"url\":\"http:\/\/portaleducacao.guarulhos.sp.gov.br\/wp_site\/saberesemcasa\/wp-content\/uploads\/sites\/6\/2021\/02\/cropped-logo_saberes_em_casa.png\",\"contentUrl\":\"http:\/\/portaleducacao.guarulhos.sp.gov.br\/wp_site\/saberesemcasa\/wp-content\/uploads\/sites\/6\/2021\/02\/cropped-logo_saberes_em_casa.png\",\"width\":200,\"height\":100,\"caption\":\"Programa Saberes em Casa\"},\"image\":{\"@id\":\"http:\/\/portaleducacao.guarulhos.sp.gov.br\/wp_site\/saberesemcasa\/#\/schema\/logo\/image\/\"}},{\"@type\":\"Person\",\"@id\":\"http:\/\/portaleducacao.guarulhos.sp.gov.br\/wp_site\/saberesemcasa\/#\/schema\/person\/9d1c60216648b2e84d2544ba3ee8bb69\",\"name\":\"sites\",\"image\":{\"@type\":\"ImageObject\",\"inLanguage\":\"pt-BR\",\"@id\":\"http:\/\/portaleducacao.guarulhos.sp.gov.br\/wp_site\/saberesemcasa\/#\/schema\/person\/image\/\",\"url\":\"http:\/\/1.gravatar.com\/avatar\/d320dc056d58878ea1be67e0f28bb03d?s=96&d=mm&r=g\",\"contentUrl\":\"http:\/\/1.gravatar.com\/avatar\/d320dc056d58878ea1be67e0f28bb03d?s=96&d=mm&r=g\",\"caption\":\"sites\"},\"sameAs\":[\"http:\/\/172.16.208.47\/sites\"],\"url\":\"http:\/\/portaleducacao.guarulhos.sp.gov.br\/wp_site\/saberesemcasa\/author\/sites\/\"}]}<\/script>\r\n<!-- \/ Yoast SEO plugin. -->","yoast_head_json":{"title":"Programa Saberes em Casa volta em novo formato para complementar a aprendizagem dos alunos - Programa Saberes em Casa","robots":{"index":"index","follow":"follow","max-snippet":"max-snippet:-1","max-image-preview":"max-image-preview:large","max-video-preview":"max-video-preview:-1"},"canonical":"https:\/\/portaleducacao.guarulhos.sp.gov.br\/wp_site\/saberesemcasa\/2022\/02\/25\/programa-saberes-em-casa-volta-em-novo-formato-para-complementar-a-aprendizagem-dos-alunos\/","og_locale":"pt_BR","og_type":"article","og_title":"Programa Saberes em Casa volta em novo formato para complementar a aprendizagem dos alunos - Programa Saberes em Casa","og_description":"O Programa Saberes em Casa volta ao ar a partir da pr\u00f3xima quinta-feira (3), em um novo formato e transmiss\u00e3o toda ter\u00e7a e quinta, pelo canal do&nbsp;Portal da Secretaria Municipal [&hellip;]","og_url":"https:\/\/portaleducacao.guarulhos.sp.gov.br\/wp_site\/saberesemcasa\/2022\/02\/25\/programa-saberes-em-casa-volta-em-novo-formato-para-complementar-a-aprendizagem-dos-alunos\/","og_site_name":"Programa Saberes em Casa","article_published_time":"2022-02-25T19:31:06+00:00","article_modified_time":"2022-02-25T19:32:47+00:00","og_image":[{"width":750,"height":520,"url":"https:\/\/portaleducacao.guarulhos.sp.gov.br\/wp_site\/saberesemcasa\/wp-content\/uploads\/sites\/6\/2022\/02\/55e83fce-720a-43d1-8de1-e7060c2376e0.jpeg","type":"image\/jpeg"}],"author":"sites","twitter_card":"summary_large_image","twitter_misc":{"Escrito por":"sites","Est. tempo de leitura":"2 minutos"},"schema":{"@context":"https:\/\/schema.org","@graph":[{"@type":"Article","@id":"https:\/\/portaleducacao.guarulhos.sp.gov.br\/wp_site\/saberesemcasa\/2022\/02\/25\/programa-saberes-em-casa-volta-em-novo-formato-para-complementar-a-aprendizagem-dos-alunos\/#article","isPartOf":{"@id":"https:\/\/portaleducacao.guarulhos.sp.gov.br\/wp_site\/saberesemcasa\/2022\/02\/25\/programa-saberes-em-casa-volta-em-novo-formato-para-complementar-a-aprendizagem-dos-alunos\/"},"author":{"name":"sites","@id":"http:\/\/portaleducacao.guarulhos.sp.gov.br\/wp_site\/saberesemcasa\/#\/schema\/person\/9d1c60216648b2e84d2544ba3ee8bb69"},"headline":"Programa Saberes em Casa volta em novo formato para complementar a aprendizagem dos alunos","datePublished":"2022-02-25T19:31:06+00:00","dateModified":"2022-02-25T19:32:47+00:00","mainEntityOfPage":{"@id":"https:\/\/portaleducacao.guarulhos.sp.gov.br\/wp_site\/saberesemcasa\/2022\/02\/25\/programa-saberes-em-casa-volta-em-novo-formato-para-complementar-a-aprendizagem-dos-alunos\/"},"wordCount":344,"publisher":{"@id":"http:\/\/portaleducacao.guarulhos.sp.gov.br\/wp_site\/saberesemcasa\/#organization"},"articleSection":["Saberes em Casa 2021"],"inLanguage":"pt-BR"},{"@type":"WebPage","@id":"https:\/\/portaleducacao.guarulhos.sp.gov.br\/wp_site\/saberesemcasa\/2022\/02\/25\/programa-saberes-em-casa-volta-em-novo-formato-para-complementar-a-aprendizagem-dos-alunos\/","url":"https:\/\/portaleducacao.guarulhos.sp.gov.br\/wp_site\/saberesemcasa\/2022\/02\/25\/programa-saberes-em-casa-volta-em-novo-formato-para-complementar-a-aprendizagem-dos-alunos\/","name":"Programa Saberes em Casa volta em novo formato para complementar a aprendizagem dos alunos - Programa Saberes em Casa","isPartOf":{"@id":"http:\/\/portaleducacao.guarulhos.sp.gov.br\/wp_site\/saberesemcasa\/#website"},"datePublished":"2022-02-25T19:31:06+00:00","dateModified":"2022-02-25T19:32:47+00:00","breadcrumb":{"@id":"https:\/\/portaleducacao.guarulhos.sp.gov.br\/wp_site\/saberesemcasa\/2022\/02\/25\/programa-saberes-em-casa-volta-em-novo-formato-para-complementar-a-aprendizagem-dos-alunos\/#breadcrumb"},"inLanguage":"pt-BR","potentialAction":[{"@type":"ReadAction","target":["https:\/\/portaleducacao.guarulhos.sp.gov.br\/wp_site\/saberesemcasa\/2022\/02\/25\/programa-saberes-em-casa-volta-em-novo-formato-para-complementar-a-aprendizagem-dos-alunos\/"]}]},{"@type":"BreadcrumbList","@id":"https:\/\/portaleducacao.guarulhos.sp.gov.br\/wp_site\/saberesemcasa\/2022\/02\/25\/programa-saberes-em-casa-volta-em-novo-formato-para-complementar-a-aprendizagem-dos-alunos\/#breadcrumb","itemListElement":[{"@type":"ListItem","position":1,"name":"In\u00edcio","item":"http:\/\/portaleducacao.guarulhos.sp.gov.br\/wp_site\/saberesemcasa\/"},{"@type":"ListItem","position":2,"name":"Programa Saberes em Casa volta em novo formato para complementar a aprendizagem dos alunos"}]},{"@type":"WebSite","@id":"http:\/\/portaleducacao.guarulhos.sp.gov.br\/wp_site\/saberesemcasa\/#website","url":"http:\/\/portaleducacao.guarulhos.sp.gov.br\/wp_site\/saberesemcasa\/","name":"Programa Saberes em Casa","description":"Ferramenta complementar \u00e0s propostas educativas desenvolvidas nas unidades escolares","publisher":{"@id":"http:\/\/portaleducacao.guarulhos.sp.gov.br\/wp_site\/saberesemcasa\/#organization"},"potentialAction":[{"@type":"SearchAction","target":{"@type":"EntryPoint","urlTemplate":"http:\/\/portaleducacao.guarulhos.sp.gov.br\/wp_site\/saberesemcasa\/?s={search_term_string}"},"query-input":"required name=search_term_string"}],"inLanguage":"pt-BR"},{"@type":"Organization","@id":"http:\/\/portaleducacao.guarulhos.sp.gov.br\/wp_site\/saberesemcasa\/#organization","name":"Programa Saberes em Casa","url":"http:\/\/portaleducacao.guarulhos.sp.gov.br\/wp_site\/saberesemcasa\/","sameAs":[],"logo":{"@type":"ImageObject","inLanguage":"pt-BR","@id":"http:\/\/portaleducacao.guarulhos.sp.gov.br\/wp_site\/saberesemcasa\/#\/schema\/logo\/image\/","url":"http:\/\/portaleducacao.guarulhos.sp.gov.br\/wp_site\/saberesemcasa\/wp-content\/uploads\/sites\/6\/2021\/02\/cropped-logo_saberes_em_casa.png","contentUrl":"http:\/\/portaleducacao.guarulhos.sp.gov.br\/wp_site\/saberesemcasa\/wp-content\/uploads\/sites\/6\/2021\/02\/cropped-logo_saberes_em_casa.png","width":200,"height":100,"caption":"Programa Saberes em Casa"},"image":{"@id":"http:\/\/portaleducacao.guarulhos.sp.gov.br\/wp_site\/saberesemcasa\/#\/schema\/logo\/image\/"}},{"@type":"Person","@id":"http:\/\/portaleducacao.guarulhos.sp.gov.br\/wp_site\/saberesemcasa\/#\/schema\/person\/9d1c60216648b2e84d2544ba3ee8bb69","name":"sites","image":{"@type":"ImageObject","inLanguage":"pt-BR","@id":"http:\/\/portaleducacao.guarulhos.sp.gov.br\/wp_site\/saberesemcasa\/#\/schema\/person\/image\/","url":"http:\/\/1.gravatar.com\/avatar\/d320dc056d58878ea1be67e0f28bb03d?s=96&d=mm&r=g","contentUrl":"http:\/\/1.gravatar.com\/avatar\/d320dc056d58878ea1be67e0f28bb03d?s=96&d=mm&r=g","caption":"sites"},"sameAs":["http:\/\/172.16.208.47\/sites"],"url":"http:\/\/portaleducacao.guarulhos.sp.gov.br\/wp_site\/saberesemcasa\/author\/sites\/"}]}},"_links":{"self":[{"href":"http:\/\/portaleducacao.guarulhos.sp.gov.br\/wp_site\/saberesemcasa\/wp-json\/wp\/v2\/posts\/1892"}],"collection":[{"href":"http:\/\/portaleducacao.guarulhos.sp.gov.br\/wp_site\/saberesemcasa\/wp-json\/wp\/v2\/posts"}],"about":[{"href":"http:\/\/portaleducacao.guarulhos.sp.gov.br\/wp_site\/saberesemcasa\/wp-json\/wp\/v2\/types\/post"}],"author":[{"embeddable":true,"href":"http:\/\/portaleducacao.guarulhos.sp.gov.br\/wp_site\/saberesemcasa\/wp-json\/wp\/v2\/users\/1"}],"replies":[{"embeddable":true,"href":"http:\/\/portaleducacao.guarulhos.sp.gov.br\/wp_site\/saberesemcasa\/wp-json\/wp\/v2\/comments?post=1892"}],"version-history":[{"count":2,"href":"http:\/\/portaleducacao.guarulhos.sp.gov.br\/wp_site\/saberesemcasa\/wp-json\/wp\/v2\/posts\/1892\/revisions"}],"predecessor-version":[{"id":1895,"href":"http:\/\/portaleducacao.guarulhos.sp.gov.br\/wp_site\/saberesemcasa\/wp-json\/wp\/v2\/posts\/1892\/revisions\/1895"}],"wp:featuredmedia":[{"embeddable":true,"href":"http:\/\/portaleducacao.guarulhos.sp.gov.br\/wp_site\/saberesemcasa\/wp-json\/wp\/v2\/media\/1896"}],"wp:attachment":[{"href":"http:\/\/portaleducacao.guarulhos.sp.gov.br\/wp_site\/saberesemcasa\/wp-json\/wp\/v2\/media?parent=1892"}],"wp:term":[{"taxonomy":"category","embeddable":true,"href":"http:\/\/portaleducacao.guarulhos.sp.gov.br\/wp_site\/saberesemcasa\/wp-json\/wp\/v2\/categories?post=1892"},{"taxonomy":"post_tag","embeddable":true,"href":"http:\/\/portaleducacao.guarulhos.sp.gov.br\/wp_site\/saberesemcasa\/wp-json\/wp\/v2\/tags?post=1892"}],"curies":[{"name":"wp","href":"https:\/\/api.w.org\/{rel}","templated":true}]}}