{"id":493,"date":"2021-02-13T12:19:50","date_gmt":"2021-02-13T14:19:50","guid":{"rendered":"http:\/\/portaleducacao.guarulhos.sp.gov.br\/wp_site\/saberesemcasa\/?p=493"},"modified":"2021-02-13T12:19:50","modified_gmt":"2021-02-13T14:19:50","slug":"estreia-da-nova-temporada-do-programa-saberes-em-casa-atinge-milhares-de-visualizacoes","status":"publish","type":"post","link":"http:\/\/portaleducacao.guarulhos.sp.gov.br\/wp_site\/saberesemcasa\/2021\/02\/13\/estreia-da-nova-temporada-do-programa-saberes-em-casa-atinge-milhares-de-visualizacoes\/","title":{"rendered":"Estreia da nova temporada do programa Saberes em Casa atinge milhares de visualiza\u00e7\u00f5es"},"content":{"rendered":"\n<p class=\"has-medium-font-size\">Nesta semana, a segunda temporada do programa Saberes em Casa estreou com mais de 72 mil visualiza\u00e7\u00f5es no YouTube. Em cinco dias, milhares de alunos da rede municipal de Guarulhos assistiram ao programa disponibilizado pelo canal da Secretaria de Educa\u00e7\u00e3o, al\u00e9m das fam\u00edlias que acompanham pela televis\u00e3o.<\/p>\n\n\n\n<p class=\"has-medium-font-size\">Em 2021 o programa Saberes em Casa tornou-se uma a\u00e7\u00e3o permanente da Educa\u00e7\u00e3o, oferecendo diversas propostas de atividades para cada etapa e modalidade de ensino a fim de proporcionar mais dinamismo no processo de ensino e aprendizagem dos alunos.<\/p>\n\n\n\n<p class=\"has-medium-font-size\">Durante a semana, os professores se apresentaram para os alunos da educa\u00e7\u00e3o infantil, destacando a import\u00e2ncia do acolhimento. As atividades t\u00eam como foco explorar o brincar e o criar com materiais variados, incluindo parlendas, trava-l\u00ednguas, adivinhas, entre outras atividades. As propostas para os alunos do Ensino Fundamental incluem o processo de alfabetiza\u00e7\u00e3o, atividades de pesquisa, desenvolvimento de procedimentos de leitura, resolu\u00e7\u00e3o de situa\u00e7\u00f5es e experimenta\u00e7\u00f5es diversas.<\/p>\n\n\n\n<p class=\"has-medium-font-size\">Iniciativa da Prefeitura de Guarulhos por meio da constru\u00e7\u00e3o coletiva de profissionais da educa\u00e7\u00e3o, o programa Saberes em Casa foi lan\u00e7ado em maio de 2020 em decorr\u00eancia da pandemia de Covid-19 e tem impactado significativamente a vida dos alunos por meio de intera\u00e7\u00f5es remotas.<\/p>\n","protected":false},"excerpt":{"rendered":"<p>Nesta semana, a segunda temporada do programa Saberes em Casa estreou com mais de 72 mil visualiza\u00e7\u00f5es no YouTube. Em cinco dias, milhares de alunos da rede municipal de Guarulhos [&hellip;]<\/p>\n","protected":false},"author":1,"featured_media":494,"comment_status":"closed","ping_status":"open","sticky":false,"template":"","format":"standard","meta":{"_monsterinsights_skip_tracking":false,"_monsterinsights_sitenote_active":false,"_monsterinsights_sitenote_note":"","_monsterinsights_sitenote_category":0,"_expiration-date-status":"","_expiration-date":0,"_expiration-date-type":"","_expiration-date-categories":[],"_expiration-date-options":[]},"categories":[1],"tags":[],"yoast_head":"<!-- This site is optimized with the Yoast SEO plugin v19.7.1 - https:\/\/yoast.com\/wordpress\/plugins\/seo\/ -->\r\n<title>Estreia da nova temporada do programa Saberes em Casa atinge milhares de visualiza\u00e7\u00f5es - Programa Saberes em Casa<\/title>\r\n<meta name=\"robots\" content=\"index, follow, max-snippet:-1, max-image-preview:large, max-video-preview:-1\" \/>\r\n<link rel=\"canonical\" href=\"http:\/\/portaleducacao.guarulhos.sp.gov.br\/wp_site\/saberesemcasa\/2021\/02\/13\/estreia-da-nova-temporada-do-programa-saberes-em-casa-atinge-milhares-de-visualizacoes\/\" \/>\r\n<meta property=\"og:locale\" content=\"pt_BR\" \/>\r\n<meta property=\"og:type\" content=\"article\" \/>\r\n<meta property=\"og:title\" content=\"Estreia da nova temporada do programa Saberes em Casa atinge milhares de visualiza\u00e7\u00f5es - Programa Saberes em Casa\" \/>\r\n<meta property=\"og:description\" content=\"Nesta semana, a segunda temporada do programa Saberes em Casa estreou com mais de 72 mil visualiza\u00e7\u00f5es no YouTube. Em cinco dias, milhares de alunos da rede municipal de Guarulhos [&hellip;]\" \/>\r\n<meta property=\"og:url\" content=\"http:\/\/portaleducacao.guarulhos.sp.gov.br\/wp_site\/saberesemcasa\/2021\/02\/13\/estreia-da-nova-temporada-do-programa-saberes-em-casa-atinge-milhares-de-visualizacoes\/\" \/>\r\n<meta property=\"og:site_name\" content=\"Programa Saberes em Casa\" \/>\r\n<meta property=\"article:published_time\" content=\"2021-02-13T14:19:50+00:00\" \/>\r\n<meta property=\"og:image\" content=\"http:\/\/portaleducacao.guarulhos.sp.gov.br\/wp_site\/saberesemcasa\/wp-content\/uploads\/sites\/6\/2021\/02\/a293fbb5-80e6-4ada-8daa-de99b87cd398.jpeg\" \/>\r\n\t<meta property=\"og:image:width\" content=\"1280\" \/>\r\n\t<meta property=\"og:image:height\" content=\"853\" \/>\r\n\t<meta property=\"og:image:type\" content=\"image\/jpeg\" \/>\r\n<meta name=\"author\" content=\"sites\" \/>\r\n<meta name=\"twitter:card\" content=\"summary_large_image\" \/>\r\n<meta name=\"twitter:label1\" content=\"Escrito por\" \/>\n\t<meta name=\"twitter:data1\" content=\"sites\" \/>\n\t<meta name=\"twitter:label2\" content=\"Est. tempo de leitura\" \/>\n\t<meta name=\"twitter:data2\" content=\"1 minuto\" \/>\r\n<script type=\"application\/ld+json\" class=\"yoast-schema-graph\">{\"@context\":\"https:\/\/schema.org\",\"@graph\":[{\"@type\":\"Article\",\"@id\":\"http:\/\/portaleducacao.guarulhos.sp.gov.br\/wp_site\/saberesemcasa\/2021\/02\/13\/estreia-da-nova-temporada-do-programa-saberes-em-casa-atinge-milhares-de-visualizacoes\/#article\",\"isPartOf\":{\"@id\":\"http:\/\/portaleducacao.guarulhos.sp.gov.br\/wp_site\/saberesemcasa\/2021\/02\/13\/estreia-da-nova-temporada-do-programa-saberes-em-casa-atinge-milhares-de-visualizacoes\/\"},\"author\":{\"name\":\"sites\",\"@id\":\"http:\/\/portaleducacao.guarulhos.sp.gov.br\/wp_site\/saberesemcasa\/#\/schema\/person\/9d1c60216648b2e84d2544ba3ee8bb69\"},\"headline\":\"Estreia da nova temporada do programa Saberes em Casa atinge milhares de visualiza\u00e7\u00f5es\",\"datePublished\":\"2021-02-13T14:19:50+00:00\",\"dateModified\":\"2021-02-13T14:19:50+00:00\",\"mainEntityOfPage\":{\"@id\":\"http:\/\/portaleducacao.guarulhos.sp.gov.br\/wp_site\/saberesemcasa\/2021\/02\/13\/estreia-da-nova-temporada-do-programa-saberes-em-casa-atinge-milhares-de-visualizacoes\/\"},\"wordCount\":233,\"publisher\":{\"@id\":\"http:\/\/portaleducacao.guarulhos.sp.gov.br\/wp_site\/saberesemcasa\/#organization\"},\"articleSection\":[\"Saberes em Casa 2021\"],\"inLanguage\":\"pt-BR\"},{\"@type\":\"WebPage\",\"@id\":\"http:\/\/portaleducacao.guarulhos.sp.gov.br\/wp_site\/saberesemcasa\/2021\/02\/13\/estreia-da-nova-temporada-do-programa-saberes-em-casa-atinge-milhares-de-visualizacoes\/\",\"url\":\"http:\/\/portaleducacao.guarulhos.sp.gov.br\/wp_site\/saberesemcasa\/2021\/02\/13\/estreia-da-nova-temporada-do-programa-saberes-em-casa-atinge-milhares-de-visualizacoes\/\",\"name\":\"Estreia da nova temporada do programa Saberes em Casa atinge milhares de visualiza\u00e7\u00f5es - Programa Saberes em Casa\",\"isPartOf\":{\"@id\":\"http:\/\/portaleducacao.guarulhos.sp.gov.br\/wp_site\/saberesemcasa\/#website\"},\"datePublished\":\"2021-02-13T14:19:50+00:00\",\"dateModified\":\"2021-02-13T14:19:50+00:00\",\"breadcrumb\":{\"@id\":\"http:\/\/portaleducacao.guarulhos.sp.gov.br\/wp_site\/saberesemcasa\/2021\/02\/13\/estreia-da-nova-temporada-do-programa-saberes-em-casa-atinge-milhares-de-visualizacoes\/#breadcrumb\"},\"inLanguage\":\"pt-BR\",\"potentialAction\":[{\"@type\":\"ReadAction\",\"target\":[\"http:\/\/portaleducacao.guarulhos.sp.gov.br\/wp_site\/saberesemcasa\/2021\/02\/13\/estreia-da-nova-temporada-do-programa-saberes-em-casa-atinge-milhares-de-visualizacoes\/\"]}]},{\"@type\":\"BreadcrumbList\",\"@id\":\"http:\/\/portaleducacao.guarulhos.sp.gov.br\/wp_site\/saberesemcasa\/2021\/02\/13\/estreia-da-nova-temporada-do-programa-saberes-em-casa-atinge-milhares-de-visualizacoes\/#breadcrumb\",\"itemListElement\":[{\"@type\":\"ListItem\",\"position\":1,\"name\":\"In\u00edcio\",\"item\":\"http:\/\/portaleducacao.guarulhos.sp.gov.br\/wp_site\/saberesemcasa\/\"},{\"@type\":\"ListItem\",\"position\":2,\"name\":\"Estreia da nova temporada do programa Saberes em Casa atinge milhares de visualiza\u00e7\u00f5es\"}]},{\"@type\":\"WebSite\",\"@id\":\"http:\/\/portaleducacao.guarulhos.sp.gov.br\/wp_site\/saberesemcasa\/#website\",\"url\":\"http:\/\/portaleducacao.guarulhos.sp.gov.br\/wp_site\/saberesemcasa\/\",\"name\":\"Programa Saberes em Casa\",\"description\":\"Ferramenta complementar \u00e0s propostas educativas desenvolvidas nas unidades escolares\",\"publisher\":{\"@id\":\"http:\/\/portaleducacao.guarulhos.sp.gov.br\/wp_site\/saberesemcasa\/#organization\"},\"potentialAction\":[{\"@type\":\"SearchAction\",\"target\":{\"@type\":\"EntryPoint\",\"urlTemplate\":\"http:\/\/portaleducacao.guarulhos.sp.gov.br\/wp_site\/saberesemcasa\/?s={search_term_string}\"},\"query-input\":\"required name=search_term_string\"}],\"inLanguage\":\"pt-BR\"},{\"@type\":\"Organization\",\"@id\":\"http:\/\/portaleducacao.guarulhos.sp.gov.br\/wp_site\/saberesemcasa\/#organization\",\"name\":\"Programa Saberes em Casa\",\"url\":\"http:\/\/portaleducacao.guarulhos.sp.gov.br\/wp_site\/saberesemcasa\/\",\"sameAs\":[],\"logo\":{\"@type\":\"ImageObject\",\"inLanguage\":\"pt-BR\",\"@id\":\"http:\/\/portaleducacao.guarulhos.sp.gov.br\/wp_site\/saberesemcasa\/#\/schema\/logo\/image\/\",\"url\":\"http:\/\/portaleducacao.guarulhos.sp.gov.br\/wp_site\/saberesemcasa\/wp-content\/uploads\/sites\/6\/2021\/02\/cropped-logo_saberes_em_casa.png\",\"contentUrl\":\"http:\/\/portaleducacao.guarulhos.sp.gov.br\/wp_site\/saberesemcasa\/wp-content\/uploads\/sites\/6\/2021\/02\/cropped-logo_saberes_em_casa.png\",\"width\":200,\"height\":100,\"caption\":\"Programa Saberes em Casa\"},\"image\":{\"@id\":\"http:\/\/portaleducacao.guarulhos.sp.gov.br\/wp_site\/saberesemcasa\/#\/schema\/logo\/image\/\"}},{\"@type\":\"Person\",\"@id\":\"http:\/\/portaleducacao.guarulhos.sp.gov.br\/wp_site\/saberesemcasa\/#\/schema\/person\/9d1c60216648b2e84d2544ba3ee8bb69\",\"name\":\"sites\",\"image\":{\"@type\":\"ImageObject\",\"inLanguage\":\"pt-BR\",\"@id\":\"http:\/\/portaleducacao.guarulhos.sp.gov.br\/wp_site\/saberesemcasa\/#\/schema\/person\/image\/\",\"url\":\"http:\/\/1.gravatar.com\/avatar\/d320dc056d58878ea1be67e0f28bb03d?s=96&d=mm&r=g\",\"contentUrl\":\"http:\/\/1.gravatar.com\/avatar\/d320dc056d58878ea1be67e0f28bb03d?s=96&d=mm&r=g\",\"caption\":\"sites\"},\"sameAs\":[\"http:\/\/172.16.208.47\/sites\"],\"url\":\"http:\/\/portaleducacao.guarulhos.sp.gov.br\/wp_site\/saberesemcasa\/author\/sites\/\"}]}<\/script>\r\n<!-- \/ Yoast SEO plugin. -->","yoast_head_json":{"title":"Estreia da nova temporada do programa Saberes em Casa atinge milhares de visualiza\u00e7\u00f5es - Programa Saberes em Casa","robots":{"index":"index","follow":"follow","max-snippet":"max-snippet:-1","max-image-preview":"max-image-preview:large","max-video-preview":"max-video-preview:-1"},"canonical":"http:\/\/portaleducacao.guarulhos.sp.gov.br\/wp_site\/saberesemcasa\/2021\/02\/13\/estreia-da-nova-temporada-do-programa-saberes-em-casa-atinge-milhares-de-visualizacoes\/","og_locale":"pt_BR","og_type":"article","og_title":"Estreia da nova temporada do programa Saberes em Casa atinge milhares de visualiza\u00e7\u00f5es - Programa Saberes em Casa","og_description":"Nesta semana, a segunda temporada do programa Saberes em Casa estreou com mais de 72 mil visualiza\u00e7\u00f5es no YouTube. Em cinco dias, milhares de alunos da rede municipal de Guarulhos [&hellip;]","og_url":"http:\/\/portaleducacao.guarulhos.sp.gov.br\/wp_site\/saberesemcasa\/2021\/02\/13\/estreia-da-nova-temporada-do-programa-saberes-em-casa-atinge-milhares-de-visualizacoes\/","og_site_name":"Programa Saberes em Casa","article_published_time":"2021-02-13T14:19:50+00:00","og_image":[{"width":1280,"height":853,"url":"http:\/\/portaleducacao.guarulhos.sp.gov.br\/wp_site\/saberesemcasa\/wp-content\/uploads\/sites\/6\/2021\/02\/a293fbb5-80e6-4ada-8daa-de99b87cd398.jpeg","type":"image\/jpeg"}],"author":"sites","twitter_card":"summary_large_image","twitter_misc":{"Escrito por":"sites","Est. tempo de leitura":"1 minuto"},"schema":{"@context":"https:\/\/schema.org","@graph":[{"@type":"Article","@id":"http:\/\/portaleducacao.guarulhos.sp.gov.br\/wp_site\/saberesemcasa\/2021\/02\/13\/estreia-da-nova-temporada-do-programa-saberes-em-casa-atinge-milhares-de-visualizacoes\/#article","isPartOf":{"@id":"http:\/\/portaleducacao.guarulhos.sp.gov.br\/wp_site\/saberesemcasa\/2021\/02\/13\/estreia-da-nova-temporada-do-programa-saberes-em-casa-atinge-milhares-de-visualizacoes\/"},"author":{"name":"sites","@id":"http:\/\/portaleducacao.guarulhos.sp.gov.br\/wp_site\/saberesemcasa\/#\/schema\/person\/9d1c60216648b2e84d2544ba3ee8bb69"},"headline":"Estreia da nova temporada do programa Saberes em Casa atinge milhares de visualiza\u00e7\u00f5es","datePublished":"2021-02-13T14:19:50+00:00","dateModified":"2021-02-13T14:19:50+00:00","mainEntityOfPage":{"@id":"http:\/\/portaleducacao.guarulhos.sp.gov.br\/wp_site\/saberesemcasa\/2021\/02\/13\/estreia-da-nova-temporada-do-programa-saberes-em-casa-atinge-milhares-de-visualizacoes\/"},"wordCount":233,"publisher":{"@id":"http:\/\/portaleducacao.guarulhos.sp.gov.br\/wp_site\/saberesemcasa\/#organization"},"articleSection":["Saberes em Casa 2021"],"inLanguage":"pt-BR"},{"@type":"WebPage","@id":"http:\/\/portaleducacao.guarulhos.sp.gov.br\/wp_site\/saberesemcasa\/2021\/02\/13\/estreia-da-nova-temporada-do-programa-saberes-em-casa-atinge-milhares-de-visualizacoes\/","url":"http:\/\/portaleducacao.guarulhos.sp.gov.br\/wp_site\/saberesemcasa\/2021\/02\/13\/estreia-da-nova-temporada-do-programa-saberes-em-casa-atinge-milhares-de-visualizacoes\/","name":"Estreia da nova temporada do programa Saberes em Casa atinge milhares de visualiza\u00e7\u00f5es - Programa Saberes em Casa","isPartOf":{"@id":"http:\/\/portaleducacao.guarulhos.sp.gov.br\/wp_site\/saberesemcasa\/#website"},"datePublished":"2021-02-13T14:19:50+00:00","dateModified":"2021-02-13T14:19:50+00:00","breadcrumb":{"@id":"http:\/\/portaleducacao.guarulhos.sp.gov.br\/wp_site\/saberesemcasa\/2021\/02\/13\/estreia-da-nova-temporada-do-programa-saberes-em-casa-atinge-milhares-de-visualizacoes\/#breadcrumb"},"inLanguage":"pt-BR","potentialAction":[{"@type":"ReadAction","target":["http:\/\/portaleducacao.guarulhos.sp.gov.br\/wp_site\/saberesemcasa\/2021\/02\/13\/estreia-da-nova-temporada-do-programa-saberes-em-casa-atinge-milhares-de-visualizacoes\/"]}]},{"@type":"BreadcrumbList","@id":"http:\/\/portaleducacao.guarulhos.sp.gov.br\/wp_site\/saberesemcasa\/2021\/02\/13\/estreia-da-nova-temporada-do-programa-saberes-em-casa-atinge-milhares-de-visualizacoes\/#breadcrumb","itemListElement":[{"@type":"ListItem","position":1,"name":"In\u00edcio","item":"http:\/\/portaleducacao.guarulhos.sp.gov.br\/wp_site\/saberesemcasa\/"},{"@type":"ListItem","position":2,"name":"Estreia da nova temporada do programa Saberes em Casa atinge milhares de visualiza\u00e7\u00f5es"}]},{"@type":"WebSite","@id":"http:\/\/portaleducacao.guarulhos.sp.gov.br\/wp_site\/saberesemcasa\/#website","url":"http:\/\/portaleducacao.guarulhos.sp.gov.br\/wp_site\/saberesemcasa\/","name":"Programa Saberes em Casa","description":"Ferramenta complementar \u00e0s propostas educativas desenvolvidas nas unidades escolares","publisher":{"@id":"http:\/\/portaleducacao.guarulhos.sp.gov.br\/wp_site\/saberesemcasa\/#organization"},"potentialAction":[{"@type":"SearchAction","target":{"@type":"EntryPoint","urlTemplate":"http:\/\/portaleducacao.guarulhos.sp.gov.br\/wp_site\/saberesemcasa\/?s={search_term_string}"},"query-input":"required name=search_term_string"}],"inLanguage":"pt-BR"},{"@type":"Organization","@id":"http:\/\/portaleducacao.guarulhos.sp.gov.br\/wp_site\/saberesemcasa\/#organization","name":"Programa Saberes em Casa","url":"http:\/\/portaleducacao.guarulhos.sp.gov.br\/wp_site\/saberesemcasa\/","sameAs":[],"logo":{"@type":"ImageObject","inLanguage":"pt-BR","@id":"http:\/\/portaleducacao.guarulhos.sp.gov.br\/wp_site\/saberesemcasa\/#\/schema\/logo\/image\/","url":"http:\/\/portaleducacao.guarulhos.sp.gov.br\/wp_site\/saberesemcasa\/wp-content\/uploads\/sites\/6\/2021\/02\/cropped-logo_saberes_em_casa.png","contentUrl":"http:\/\/portaleducacao.guarulhos.sp.gov.br\/wp_site\/saberesemcasa\/wp-content\/uploads\/sites\/6\/2021\/02\/cropped-logo_saberes_em_casa.png","width":200,"height":100,"caption":"Programa Saberes em Casa"},"image":{"@id":"http:\/\/portaleducacao.guarulhos.sp.gov.br\/wp_site\/saberesemcasa\/#\/schema\/logo\/image\/"}},{"@type":"Person","@id":"http:\/\/portaleducacao.guarulhos.sp.gov.br\/wp_site\/saberesemcasa\/#\/schema\/person\/9d1c60216648b2e84d2544ba3ee8bb69","name":"sites","image":{"@type":"ImageObject","inLanguage":"pt-BR","@id":"http:\/\/portaleducacao.guarulhos.sp.gov.br\/wp_site\/saberesemcasa\/#\/schema\/person\/image\/","url":"http:\/\/1.gravatar.com\/avatar\/d320dc056d58878ea1be67e0f28bb03d?s=96&d=mm&r=g","contentUrl":"http:\/\/1.gravatar.com\/avatar\/d320dc056d58878ea1be67e0f28bb03d?s=96&d=mm&r=g","caption":"sites"},"sameAs":["http:\/\/172.16.208.47\/sites"],"url":"http:\/\/portaleducacao.guarulhos.sp.gov.br\/wp_site\/saberesemcasa\/author\/sites\/"}]}},"_links":{"self":[{"href":"http:\/\/portaleducacao.guarulhos.sp.gov.br\/wp_site\/saberesemcasa\/wp-json\/wp\/v2\/posts\/493"}],"collection":[{"href":"http:\/\/portaleducacao.guarulhos.sp.gov.br\/wp_site\/saberesemcasa\/wp-json\/wp\/v2\/posts"}],"about":[{"href":"http:\/\/portaleducacao.guarulhos.sp.gov.br\/wp_site\/saberesemcasa\/wp-json\/wp\/v2\/types\/post"}],"author":[{"embeddable":true,"href":"http:\/\/portaleducacao.guarulhos.sp.gov.br\/wp_site\/saberesemcasa\/wp-json\/wp\/v2\/users\/1"}],"replies":[{"embeddable":true,"href":"http:\/\/portaleducacao.guarulhos.sp.gov.br\/wp_site\/saberesemcasa\/wp-json\/wp\/v2\/comments?post=493"}],"version-history":[{"count":1,"href":"http:\/\/portaleducacao.guarulhos.sp.gov.br\/wp_site\/saberesemcasa\/wp-json\/wp\/v2\/posts\/493\/revisions"}],"predecessor-version":[{"id":495,"href":"http:\/\/portaleducacao.guarulhos.sp.gov.br\/wp_site\/saberesemcasa\/wp-json\/wp\/v2\/posts\/493\/revisions\/495"}],"wp:featuredmedia":[{"embeddable":true,"href":"http:\/\/portaleducacao.guarulhos.sp.gov.br\/wp_site\/saberesemcasa\/wp-json\/wp\/v2\/media\/494"}],"wp:attachment":[{"href":"http:\/\/portaleducacao.guarulhos.sp.gov.br\/wp_site\/saberesemcasa\/wp-json\/wp\/v2\/media?parent=493"}],"wp:term":[{"taxonomy":"category","embeddable":true,"href":"http:\/\/portaleducacao.guarulhos.sp.gov.br\/wp_site\/saberesemcasa\/wp-json\/wp\/v2\/categories?post=493"},{"taxonomy":"post_tag","embeddable":true,"href":"http:\/\/portaleducacao.guarulhos.sp.gov.br\/wp_site\/saberesemcasa\/wp-json\/wp\/v2\/tags?post=493"}],"curies":[{"name":"wp","href":"https:\/\/api.w.org\/{rel}","templated":true}]}}