{"id":601,"date":"2021-02-23T15:46:21","date_gmt":"2021-02-23T18:46:21","guid":{"rendered":"http:\/\/portaleducacao.guarulhos.sp.gov.br\/wp_site\/saberesemcasa\/?p=601"},"modified":"2021-02-23T15:47:33","modified_gmt":"2021-02-23T18:47:33","slug":"programa-saberes-em-casa-ferramenta-complementar-de-referencia-na-educacao-dos-alunos-das-escolas-da-prefeitura-de-guarulhos","status":"publish","type":"post","link":"http:\/\/portaleducacao.guarulhos.sp.gov.br\/wp_site\/saberesemcasa\/2021\/02\/23\/programa-saberes-em-casa-ferramenta-complementar-de-referencia-na-educacao-dos-alunos-das-escolas-da-prefeitura-de-guarulhos\/","title":{"rendered":"[V\u00cdDEO] PROGRAMA SABERES EM CASA \u2013 FERRAMENTA COMPLEMENTAR DE REFER\u00caNCIA NA EDUCA\u00c7\u00c3O DOS ALUNOS DAS ESCOLAS DA PREFEITURA DE GUARULHOS"},"content":{"rendered":"\n<figure class=\"wp-block-embed-youtube wp-block-embed is-type-video is-provider-youtube wp-embed-aspect-16-9 wp-has-aspect-ratio\"><div class=\"wp-block-embed__wrapper\">\n<iframe loading=\"lazy\" title=\"Programa Saberes em Casa - ferramenta complementar de refer\u00eancia na educa\u00e7\u00e3o dos alunos de Guarulhos\" width=\"870\" height=\"489\" src=\"https:\/\/www.youtube.com\/embed\/HrmTiUJ3AAI?feature=oembed\" frameborder=\"0\" allow=\"accelerometer; autoplay; clipboard-write; encrypted-media; gyroscope; picture-in-picture\" allowfullscreen><\/iframe>\n<\/div><\/figure>\n","protected":false},"excerpt":{"rendered":"","protected":false},"author":1,"featured_media":0,"comment_status":"closed","ping_status":"open","sticky":false,"template":"","format":"standard","meta":{"_monsterinsights_skip_tracking":false,"_monsterinsights_sitenote_active":false,"_monsterinsights_sitenote_note":"","_monsterinsights_sitenote_category":0,"_expiration-date-status":"","_expiration-date":0,"_expiration-date-type":"","_expiration-date-categories":[],"_expiration-date-options":[]},"categories":[1],"tags":[],"yoast_head":"<!-- This site is optimized with the Yoast SEO plugin v19.7.1 - https:\/\/yoast.com\/wordpress\/plugins\/seo\/ -->\r\n<title>[V\u00cdDEO] PROGRAMA SABERES EM CASA \u2013 FERRAMENTA COMPLEMENTAR DE REFER\u00caNCIA NA EDUCA\u00c7\u00c3O DOS ALUNOS DAS ESCOLAS DA PREFEITURA DE GUARULHOS - Programa Saberes em Casa<\/title>\r\n<meta name=\"robots\" content=\"index, follow, max-snippet:-1, max-image-preview:large, max-video-preview:-1\" \/>\r\n<link rel=\"canonical\" href=\"http:\/\/portaleducacao.guarulhos.sp.gov.br\/wp_site\/saberesemcasa\/2021\/02\/23\/programa-saberes-em-casa-ferramenta-complementar-de-referencia-na-educacao-dos-alunos-das-escolas-da-prefeitura-de-guarulhos\/\" \/>\r\n<meta property=\"og:locale\" content=\"pt_BR\" \/>\r\n<meta property=\"og:type\" content=\"article\" \/>\r\n<meta property=\"og:title\" content=\"[V\u00cdDEO] PROGRAMA SABERES EM CASA \u2013 FERRAMENTA COMPLEMENTAR DE REFER\u00caNCIA NA EDUCA\u00c7\u00c3O DOS ALUNOS DAS ESCOLAS DA PREFEITURA DE GUARULHOS - Programa Saberes em Casa\" \/>\r\n<meta property=\"og:url\" content=\"http:\/\/portaleducacao.guarulhos.sp.gov.br\/wp_site\/saberesemcasa\/2021\/02\/23\/programa-saberes-em-casa-ferramenta-complementar-de-referencia-na-educacao-dos-alunos-das-escolas-da-prefeitura-de-guarulhos\/\" \/>\r\n<meta property=\"og:site_name\" content=\"Programa Saberes em Casa\" \/>\r\n<meta property=\"article:published_time\" content=\"2021-02-23T18:46:21+00:00\" \/>\r\n<meta property=\"article:modified_time\" content=\"2021-02-23T18:47:33+00:00\" \/>\r\n<meta name=\"author\" content=\"sites\" \/>\r\n<meta name=\"twitter:card\" content=\"summary_large_image\" \/>\r\n<meta name=\"twitter:label1\" content=\"Escrito por\" \/>\n\t<meta name=\"twitter:data1\" content=\"sites\" \/>\r\n<script type=\"application\/ld+json\" class=\"yoast-schema-graph\">{\"@context\":\"https:\/\/schema.org\",\"@graph\":[{\"@type\":\"Article\",\"@id\":\"http:\/\/portaleducacao.guarulhos.sp.gov.br\/wp_site\/saberesemcasa\/2021\/02\/23\/programa-saberes-em-casa-ferramenta-complementar-de-referencia-na-educacao-dos-alunos-das-escolas-da-prefeitura-de-guarulhos\/#article\",\"isPartOf\":{\"@id\":\"http:\/\/portaleducacao.guarulhos.sp.gov.br\/wp_site\/saberesemcasa\/2021\/02\/23\/programa-saberes-em-casa-ferramenta-complementar-de-referencia-na-educacao-dos-alunos-das-escolas-da-prefeitura-de-guarulhos\/\"},\"author\":{\"name\":\"sites\",\"@id\":\"http:\/\/portaleducacao.guarulhos.sp.gov.br\/wp_site\/saberesemcasa\/#\/schema\/person\/9d1c60216648b2e84d2544ba3ee8bb69\"},\"headline\":\"[V\u00cdDEO] PROGRAMA SABERES EM CASA \u2013 FERRAMENTA COMPLEMENTAR DE REFER\u00caNCIA NA EDUCA\u00c7\u00c3O DOS ALUNOS DAS ESCOLAS DA PREFEITURA DE GUARULHOS\",\"datePublished\":\"2021-02-23T18:46:21+00:00\",\"dateModified\":\"2021-02-23T18:47:33+00:00\",\"mainEntityOfPage\":{\"@id\":\"http:\/\/portaleducacao.guarulhos.sp.gov.br\/wp_site\/saberesemcasa\/2021\/02\/23\/programa-saberes-em-casa-ferramenta-complementar-de-referencia-na-educacao-dos-alunos-das-escolas-da-prefeitura-de-guarulhos\/\"},\"wordCount\":27,\"publisher\":{\"@id\":\"http:\/\/portaleducacao.guarulhos.sp.gov.br\/wp_site\/saberesemcasa\/#organization\"},\"articleSection\":[\"Saberes em Casa 2021\"],\"inLanguage\":\"pt-BR\"},{\"@type\":\"WebPage\",\"@id\":\"http:\/\/portaleducacao.guarulhos.sp.gov.br\/wp_site\/saberesemcasa\/2021\/02\/23\/programa-saberes-em-casa-ferramenta-complementar-de-referencia-na-educacao-dos-alunos-das-escolas-da-prefeitura-de-guarulhos\/\",\"url\":\"http:\/\/portaleducacao.guarulhos.sp.gov.br\/wp_site\/saberesemcasa\/2021\/02\/23\/programa-saberes-em-casa-ferramenta-complementar-de-referencia-na-educacao-dos-alunos-das-escolas-da-prefeitura-de-guarulhos\/\",\"name\":\"[V\u00cdDEO] PROGRAMA SABERES EM CASA \u2013 FERRAMENTA COMPLEMENTAR DE REFER\u00caNCIA NA EDUCA\u00c7\u00c3O DOS ALUNOS DAS ESCOLAS DA PREFEITURA DE GUARULHOS - Programa Saberes em Casa\",\"isPartOf\":{\"@id\":\"http:\/\/portaleducacao.guarulhos.sp.gov.br\/wp_site\/saberesemcasa\/#website\"},\"datePublished\":\"2021-02-23T18:46:21+00:00\",\"dateModified\":\"2021-02-23T18:47:33+00:00\",\"breadcrumb\":{\"@id\":\"http:\/\/portaleducacao.guarulhos.sp.gov.br\/wp_site\/saberesemcasa\/2021\/02\/23\/programa-saberes-em-casa-ferramenta-complementar-de-referencia-na-educacao-dos-alunos-das-escolas-da-prefeitura-de-guarulhos\/#breadcrumb\"},\"inLanguage\":\"pt-BR\",\"potentialAction\":[{\"@type\":\"ReadAction\",\"target\":[\"http:\/\/portaleducacao.guarulhos.sp.gov.br\/wp_site\/saberesemcasa\/2021\/02\/23\/programa-saberes-em-casa-ferramenta-complementar-de-referencia-na-educacao-dos-alunos-das-escolas-da-prefeitura-de-guarulhos\/\"]}]},{\"@type\":\"BreadcrumbList\",\"@id\":\"http:\/\/portaleducacao.guarulhos.sp.gov.br\/wp_site\/saberesemcasa\/2021\/02\/23\/programa-saberes-em-casa-ferramenta-complementar-de-referencia-na-educacao-dos-alunos-das-escolas-da-prefeitura-de-guarulhos\/#breadcrumb\",\"itemListElement\":[{\"@type\":\"ListItem\",\"position\":1,\"name\":\"In\u00edcio\",\"item\":\"http:\/\/portaleducacao.guarulhos.sp.gov.br\/wp_site\/saberesemcasa\/\"},{\"@type\":\"ListItem\",\"position\":2,\"name\":\"[V\u00cdDEO] PROGRAMA SABERES EM CASA \u2013 FERRAMENTA COMPLEMENTAR DE REFER\u00caNCIA NA EDUCA\u00c7\u00c3O DOS ALUNOS DAS ESCOLAS DA PREFEITURA DE GUARULHOS\"}]},{\"@type\":\"WebSite\",\"@id\":\"http:\/\/portaleducacao.guarulhos.sp.gov.br\/wp_site\/saberesemcasa\/#website\",\"url\":\"http:\/\/portaleducacao.guarulhos.sp.gov.br\/wp_site\/saberesemcasa\/\",\"name\":\"Programa Saberes em Casa\",\"description\":\"Ferramenta complementar \u00e0s propostas educativas desenvolvidas nas unidades escolares\",\"publisher\":{\"@id\":\"http:\/\/portaleducacao.guarulhos.sp.gov.br\/wp_site\/saberesemcasa\/#organization\"},\"potentialAction\":[{\"@type\":\"SearchAction\",\"target\":{\"@type\":\"EntryPoint\",\"urlTemplate\":\"http:\/\/portaleducacao.guarulhos.sp.gov.br\/wp_site\/saberesemcasa\/?s={search_term_string}\"},\"query-input\":\"required name=search_term_string\"}],\"inLanguage\":\"pt-BR\"},{\"@type\":\"Organization\",\"@id\":\"http:\/\/portaleducacao.guarulhos.sp.gov.br\/wp_site\/saberesemcasa\/#organization\",\"name\":\"Programa Saberes em Casa\",\"url\":\"http:\/\/portaleducacao.guarulhos.sp.gov.br\/wp_site\/saberesemcasa\/\",\"sameAs\":[],\"logo\":{\"@type\":\"ImageObject\",\"inLanguage\":\"pt-BR\",\"@id\":\"http:\/\/portaleducacao.guarulhos.sp.gov.br\/wp_site\/saberesemcasa\/#\/schema\/logo\/image\/\",\"url\":\"http:\/\/portaleducacao.guarulhos.sp.gov.br\/wp_site\/saberesemcasa\/wp-content\/uploads\/sites\/6\/2021\/02\/cropped-logo_saberes_em_casa.png\",\"contentUrl\":\"http:\/\/portaleducacao.guarulhos.sp.gov.br\/wp_site\/saberesemcasa\/wp-content\/uploads\/sites\/6\/2021\/02\/cropped-logo_saberes_em_casa.png\",\"width\":200,\"height\":100,\"caption\":\"Programa Saberes em Casa\"},\"image\":{\"@id\":\"http:\/\/portaleducacao.guarulhos.sp.gov.br\/wp_site\/saberesemcasa\/#\/schema\/logo\/image\/\"}},{\"@type\":\"Person\",\"@id\":\"http:\/\/portaleducacao.guarulhos.sp.gov.br\/wp_site\/saberesemcasa\/#\/schema\/person\/9d1c60216648b2e84d2544ba3ee8bb69\",\"name\":\"sites\",\"image\":{\"@type\":\"ImageObject\",\"inLanguage\":\"pt-BR\",\"@id\":\"http:\/\/portaleducacao.guarulhos.sp.gov.br\/wp_site\/saberesemcasa\/#\/schema\/person\/image\/\",\"url\":\"http:\/\/1.gravatar.com\/avatar\/d320dc056d58878ea1be67e0f28bb03d?s=96&d=mm&r=g\",\"contentUrl\":\"http:\/\/1.gravatar.com\/avatar\/d320dc056d58878ea1be67e0f28bb03d?s=96&d=mm&r=g\",\"caption\":\"sites\"},\"sameAs\":[\"http:\/\/172.16.208.47\/sites\"],\"url\":\"http:\/\/portaleducacao.guarulhos.sp.gov.br\/wp_site\/saberesemcasa\/author\/sites\/\"}]}<\/script>\r\n<!-- \/ Yoast SEO plugin. -->","yoast_head_json":{"title":"[V\u00cdDEO] PROGRAMA SABERES EM CASA \u2013 FERRAMENTA COMPLEMENTAR DE REFER\u00caNCIA NA EDUCA\u00c7\u00c3O DOS ALUNOS DAS ESCOLAS DA PREFEITURA DE GUARULHOS - Programa Saberes em Casa","robots":{"index":"index","follow":"follow","max-snippet":"max-snippet:-1","max-image-preview":"max-image-preview:large","max-video-preview":"max-video-preview:-1"},"canonical":"http:\/\/portaleducacao.guarulhos.sp.gov.br\/wp_site\/saberesemcasa\/2021\/02\/23\/programa-saberes-em-casa-ferramenta-complementar-de-referencia-na-educacao-dos-alunos-das-escolas-da-prefeitura-de-guarulhos\/","og_locale":"pt_BR","og_type":"article","og_title":"[V\u00cdDEO] PROGRAMA SABERES EM CASA \u2013 FERRAMENTA COMPLEMENTAR DE REFER\u00caNCIA NA EDUCA\u00c7\u00c3O DOS ALUNOS DAS ESCOLAS DA PREFEITURA DE GUARULHOS - Programa Saberes em Casa","og_url":"http:\/\/portaleducacao.guarulhos.sp.gov.br\/wp_site\/saberesemcasa\/2021\/02\/23\/programa-saberes-em-casa-ferramenta-complementar-de-referencia-na-educacao-dos-alunos-das-escolas-da-prefeitura-de-guarulhos\/","og_site_name":"Programa Saberes em Casa","article_published_time":"2021-02-23T18:46:21+00:00","article_modified_time":"2021-02-23T18:47:33+00:00","author":"sites","twitter_card":"summary_large_image","twitter_misc":{"Escrito por":"sites"},"schema":{"@context":"https:\/\/schema.org","@graph":[{"@type":"Article","@id":"http:\/\/portaleducacao.guarulhos.sp.gov.br\/wp_site\/saberesemcasa\/2021\/02\/23\/programa-saberes-em-casa-ferramenta-complementar-de-referencia-na-educacao-dos-alunos-das-escolas-da-prefeitura-de-guarulhos\/#article","isPartOf":{"@id":"http:\/\/portaleducacao.guarulhos.sp.gov.br\/wp_site\/saberesemcasa\/2021\/02\/23\/programa-saberes-em-casa-ferramenta-complementar-de-referencia-na-educacao-dos-alunos-das-escolas-da-prefeitura-de-guarulhos\/"},"author":{"name":"sites","@id":"http:\/\/portaleducacao.guarulhos.sp.gov.br\/wp_site\/saberesemcasa\/#\/schema\/person\/9d1c60216648b2e84d2544ba3ee8bb69"},"headline":"[V\u00cdDEO] PROGRAMA SABERES EM CASA \u2013 FERRAMENTA COMPLEMENTAR DE REFER\u00caNCIA NA EDUCA\u00c7\u00c3O DOS ALUNOS DAS ESCOLAS DA PREFEITURA DE GUARULHOS","datePublished":"2021-02-23T18:46:21+00:00","dateModified":"2021-02-23T18:47:33+00:00","mainEntityOfPage":{"@id":"http:\/\/portaleducacao.guarulhos.sp.gov.br\/wp_site\/saberesemcasa\/2021\/02\/23\/programa-saberes-em-casa-ferramenta-complementar-de-referencia-na-educacao-dos-alunos-das-escolas-da-prefeitura-de-guarulhos\/"},"wordCount":27,"publisher":{"@id":"http:\/\/portaleducacao.guarulhos.sp.gov.br\/wp_site\/saberesemcasa\/#organization"},"articleSection":["Saberes em Casa 2021"],"inLanguage":"pt-BR"},{"@type":"WebPage","@id":"http:\/\/portaleducacao.guarulhos.sp.gov.br\/wp_site\/saberesemcasa\/2021\/02\/23\/programa-saberes-em-casa-ferramenta-complementar-de-referencia-na-educacao-dos-alunos-das-escolas-da-prefeitura-de-guarulhos\/","url":"http:\/\/portaleducacao.guarulhos.sp.gov.br\/wp_site\/saberesemcasa\/2021\/02\/23\/programa-saberes-em-casa-ferramenta-complementar-de-referencia-na-educacao-dos-alunos-das-escolas-da-prefeitura-de-guarulhos\/","name":"[V\u00cdDEO] PROGRAMA SABERES EM CASA \u2013 FERRAMENTA COMPLEMENTAR DE REFER\u00caNCIA NA EDUCA\u00c7\u00c3O DOS ALUNOS DAS ESCOLAS DA PREFEITURA DE GUARULHOS - Programa Saberes em Casa","isPartOf":{"@id":"http:\/\/portaleducacao.guarulhos.sp.gov.br\/wp_site\/saberesemcasa\/#website"},"datePublished":"2021-02-23T18:46:21+00:00","dateModified":"2021-02-23T18:47:33+00:00","breadcrumb":{"@id":"http:\/\/portaleducacao.guarulhos.sp.gov.br\/wp_site\/saberesemcasa\/2021\/02\/23\/programa-saberes-em-casa-ferramenta-complementar-de-referencia-na-educacao-dos-alunos-das-escolas-da-prefeitura-de-guarulhos\/#breadcrumb"},"inLanguage":"pt-BR","potentialAction":[{"@type":"ReadAction","target":["http:\/\/portaleducacao.guarulhos.sp.gov.br\/wp_site\/saberesemcasa\/2021\/02\/23\/programa-saberes-em-casa-ferramenta-complementar-de-referencia-na-educacao-dos-alunos-das-escolas-da-prefeitura-de-guarulhos\/"]}]},{"@type":"BreadcrumbList","@id":"http:\/\/portaleducacao.guarulhos.sp.gov.br\/wp_site\/saberesemcasa\/2021\/02\/23\/programa-saberes-em-casa-ferramenta-complementar-de-referencia-na-educacao-dos-alunos-das-escolas-da-prefeitura-de-guarulhos\/#breadcrumb","itemListElement":[{"@type":"ListItem","position":1,"name":"In\u00edcio","item":"http:\/\/portaleducacao.guarulhos.sp.gov.br\/wp_site\/saberesemcasa\/"},{"@type":"ListItem","position":2,"name":"[V\u00cdDEO] PROGRAMA SABERES EM CASA \u2013 FERRAMENTA COMPLEMENTAR DE REFER\u00caNCIA NA EDUCA\u00c7\u00c3O DOS ALUNOS DAS ESCOLAS DA PREFEITURA DE GUARULHOS"}]},{"@type":"WebSite","@id":"http:\/\/portaleducacao.guarulhos.sp.gov.br\/wp_site\/saberesemcasa\/#website","url":"http:\/\/portaleducacao.guarulhos.sp.gov.br\/wp_site\/saberesemcasa\/","name":"Programa Saberes em Casa","description":"Ferramenta complementar \u00e0s propostas educativas desenvolvidas nas unidades escolares","publisher":{"@id":"http:\/\/portaleducacao.guarulhos.sp.gov.br\/wp_site\/saberesemcasa\/#organization"},"potentialAction":[{"@type":"SearchAction","target":{"@type":"EntryPoint","urlTemplate":"http:\/\/portaleducacao.guarulhos.sp.gov.br\/wp_site\/saberesemcasa\/?s={search_term_string}"},"query-input":"required name=search_term_string"}],"inLanguage":"pt-BR"},{"@type":"Organization","@id":"http:\/\/portaleducacao.guarulhos.sp.gov.br\/wp_site\/saberesemcasa\/#organization","name":"Programa Saberes em Casa","url":"http:\/\/portaleducacao.guarulhos.sp.gov.br\/wp_site\/saberesemcasa\/","sameAs":[],"logo":{"@type":"ImageObject","inLanguage":"pt-BR","@id":"http:\/\/portaleducacao.guarulhos.sp.gov.br\/wp_site\/saberesemcasa\/#\/schema\/logo\/image\/","url":"http:\/\/portaleducacao.guarulhos.sp.gov.br\/wp_site\/saberesemcasa\/wp-content\/uploads\/sites\/6\/2021\/02\/cropped-logo_saberes_em_casa.png","contentUrl":"http:\/\/portaleducacao.guarulhos.sp.gov.br\/wp_site\/saberesemcasa\/wp-content\/uploads\/sites\/6\/2021\/02\/cropped-logo_saberes_em_casa.png","width":200,"height":100,"caption":"Programa Saberes em Casa"},"image":{"@id":"http:\/\/portaleducacao.guarulhos.sp.gov.br\/wp_site\/saberesemcasa\/#\/schema\/logo\/image\/"}},{"@type":"Person","@id":"http:\/\/portaleducacao.guarulhos.sp.gov.br\/wp_site\/saberesemcasa\/#\/schema\/person\/9d1c60216648b2e84d2544ba3ee8bb69","name":"sites","image":{"@type":"ImageObject","inLanguage":"pt-BR","@id":"http:\/\/portaleducacao.guarulhos.sp.gov.br\/wp_site\/saberesemcasa\/#\/schema\/person\/image\/","url":"http:\/\/1.gravatar.com\/avatar\/d320dc056d58878ea1be67e0f28bb03d?s=96&d=mm&r=g","contentUrl":"http:\/\/1.gravatar.com\/avatar\/d320dc056d58878ea1be67e0f28bb03d?s=96&d=mm&r=g","caption":"sites"},"sameAs":["http:\/\/172.16.208.47\/sites"],"url":"http:\/\/portaleducacao.guarulhos.sp.gov.br\/wp_site\/saberesemcasa\/author\/sites\/"}]}},"_links":{"self":[{"href":"http:\/\/portaleducacao.guarulhos.sp.gov.br\/wp_site\/saberesemcasa\/wp-json\/wp\/v2\/posts\/601"}],"collection":[{"href":"http:\/\/portaleducacao.guarulhos.sp.gov.br\/wp_site\/saberesemcasa\/wp-json\/wp\/v2\/posts"}],"about":[{"href":"http:\/\/portaleducacao.guarulhos.sp.gov.br\/wp_site\/saberesemcasa\/wp-json\/wp\/v2\/types\/post"}],"author":[{"embeddable":true,"href":"http:\/\/portaleducacao.guarulhos.sp.gov.br\/wp_site\/saberesemcasa\/wp-json\/wp\/v2\/users\/1"}],"replies":[{"embeddable":true,"href":"http:\/\/portaleducacao.guarulhos.sp.gov.br\/wp_site\/saberesemcasa\/wp-json\/wp\/v2\/comments?post=601"}],"version-history":[{"count":2,"href":"http:\/\/portaleducacao.guarulhos.sp.gov.br\/wp_site\/saberesemcasa\/wp-json\/wp\/v2\/posts\/601\/revisions"}],"predecessor-version":[{"id":603,"href":"http:\/\/portaleducacao.guarulhos.sp.gov.br\/wp_site\/saberesemcasa\/wp-json\/wp\/v2\/posts\/601\/revisions\/603"}],"wp:attachment":[{"href":"http:\/\/portaleducacao.guarulhos.sp.gov.br\/wp_site\/saberesemcasa\/wp-json\/wp\/v2\/media?parent=601"}],"wp:term":[{"taxonomy":"category","embeddable":true,"href":"http:\/\/portaleducacao.guarulhos.sp.gov.br\/wp_site\/saberesemcasa\/wp-json\/wp\/v2\/categories?post=601"},{"taxonomy":"post_tag","embeddable":true,"href":"http:\/\/portaleducacao.guarulhos.sp.gov.br\/wp_site\/saberesemcasa\/wp-json\/wp\/v2\/tags?post=601"}],"curies":[{"name":"wp","href":"https:\/\/api.w.org\/{rel}","templated":true}]}}