{"id":858,"date":"2021-03-25T13:43:14","date_gmt":"2021-03-25T16:43:14","guid":{"rendered":"http:\/\/portaleducacao.guarulhos.sp.gov.br\/wp_site\/saberesemcasa\/?p=858"},"modified":"2021-03-25T13:47:55","modified_gmt":"2021-03-25T16:47:55","slug":"educacao-bilingue-ganha-destaque-no-programa-saberes-em-casa","status":"publish","type":"post","link":"http:\/\/portaleducacao.guarulhos.sp.gov.br\/wp_site\/saberesemcasa\/2021\/03\/25\/educacao-bilingue-ganha-destaque-no-programa-saberes-em-casa\/","title":{"rendered":"Educa\u00e7\u00e3o bil\u00edngue ganha destaque no programa Saberes em Casa"},"content":{"rendered":"\n<p class=\"has-medium-font-size\">Hist\u00f3rias, dramatiza\u00e7\u00f5es, brincadeiras, investiga\u00e7\u00f5es e gloss\u00e1rios bil\u00edngues, entre outras atividades em Libras, integram a programa\u00e7\u00e3o do Saberes em Casa. Desde o in\u00edcio do programa, a Prefeitura de Guarulhos refor\u00e7a a import\u00e2ncia da educa\u00e7\u00e3o bil\u00edngue com propostas educativas na l\u00edngua de sinais (Libras) no processo de alfabetiza\u00e7\u00e3o de educandos surdos, com o objetivo de assegurar as mesmas oportunidades a todos os estudantes da rede municipal de ensino.<\/p>\n\n\n\n<p class=\"has-medium-font-size\">Al\u00e9m de toda a programa\u00e7\u00e3o possuir um int\u00e9rprete de Libras, o programa Saberes em Casa apresenta o quadro Libras em Casa, que tem como objetivo acessar o curr\u00edculo por meio de Libras a partir do ensino, constru\u00e7\u00e3o, aprofundamento e compartilhamento de diversos conhecimentos. As propostas contribuem com a difus\u00e3o e o uso da L\u00edngua Brasileira de Sinais pelos educandos surdos, permitindo tamb\u00e9m que, gradativamente, se construa um caminho da Libras como l\u00edngua adicional de muitas crian\u00e7as ouvintes para que possam aprender e produzir suas primeiras sinaliza\u00e7\u00f5es a partir do programa.<\/p>\n\n\n\n<p class=\"has-medium-font-size\">H\u00e1 14 anos atuando como professor bil\u00edngue na Prefeitura de Guarulhos, Rafael Miguel explica que o Brasil \u00e9 um pa\u00eds multil\u00edngue e rico em diversidade humana. \u201cSabe-se que, al\u00e9m do portugu\u00eas, mais de 222 l\u00ednguas s\u00e3o faladas no pa\u00eds. Dentro dessa multiplicidade est\u00e1 a L\u00edngua Brasileira de Sinais, reconhecida como meio legal de comunica\u00e7\u00e3o e express\u00e3o de beb\u00eas, crian\u00e7as, jovens e adultos surdos\u201d, conta Miguel, que apresenta o quadro Libras em Casa.<\/p>\n\n\n\n<p><\/p>\n\n\n\n<h2>Criatividade na aprendizagem<\/h2>\n\n\n\n<p class=\"has-medium-font-size\">A educa\u00e7\u00e3o inclusiva tem se mostrado cada vez mais relevante na atualidade, buscando novas did\u00e1ticas capazes de produzir aprendizagens e promover a independ\u00eancia dos alunos surdos. De forma l\u00fadica e criativa, o espa\u00e7o Libras em Casa tem cativado o p\u00fablico com hist\u00f3rias contadas por meio de dramatiza\u00e7\u00f5es, envolvendo crian\u00e7as de todas as idades do come\u00e7o ao fim do epis\u00f3dio.<\/p>\n\n\n\n<p class=\"has-medium-font-size\">As atividades s\u00e3o apresentadas em Libras, com tradu\u00e7\u00e3o simult\u00e2nea para o portugu\u00eas oral, permitindo que os educandos ouvintes, bem como os familiares e amigos de surdos, possam acompanhar e entender o que est\u00e1 sendo sinalizado.<\/p>\n\n\n\n<p class=\"has-medium-font-size\">As devolutivas das propostas apresentadas no programa abrangem todos os educandos. A equipe pedag\u00f3gica acompanha as atividades que s\u00e3o compartilhadas tanto pelo educando surdo como pelo ouvinte ap\u00f3s o t\u00e9rmino do epis\u00f3dio. O retorno \u00e9 permanente pelas redes sociais, o p\u00fablico interage e tem se interessado cada vez mais. \u201cN\u00f3s professores observamos que muitos querem aprender essa l\u00edngua, existe uma demanda e esse espa\u00e7o de Libras supre uma lacuna. De fato, as pessoas querem se aproximar desse conhecimento, dessa l\u00edngua, pois s\u00e3o as diferen\u00e7as que nos fazem indiv\u00edduos, e o programa faz isso, aproxima as pessoas nas suas diferen\u00e7as, como a lingu\u00edstica\u201d, explica Rafael Miguel.<\/p>\n\n\n\n<p class=\"has-medium-font-size\">Muitos s\u00e3o os desafios enfrentados pelos estudantes e suas fam\u00edlias para o aprendizado de forma remota. Para Valeria Rebou\u00e7as Silva, m\u00e3e do educando surdo Daniel Alves Rebou\u00e7as, 8 anos, da EPG Crispiniano Soares, mesmo o aluno podendo assistir ao programa em qualquer lugar, por meio de computador, celular ou acompanhar pela TV, a intera\u00e7\u00e3o da sala de aula e o contato direto com o professor fazem a diferen\u00e7a, sobretudo para os alunos surdos.<\/p>\n\n\n\n<div class=\"wp-block-image\"><figure class=\"alignleft size-large is-resized\"><a href=\"http:\/\/portaleducacao.guarulhos.sp.gov.br\/wp_site\/saberesemcasa\/wp-content\/uploads\/sites\/6\/2021\/03\/5b381df3-8b19-4174-8c33-de04de63145c.jpeg\"><img loading=\"lazy\" src=\"http:\/\/portaleducacao.guarulhos.sp.gov.br\/wp_site\/saberesemcasa\/wp-content\/uploads\/sites\/6\/2021\/03\/5b381df3-8b19-4174-8c33-de04de63145c-854x1024.jpeg\" alt=\"\" class=\"wp-image-862\" width=\"374\" height=\"449\" srcset=\"http:\/\/portaleducacao.guarulhos.sp.gov.br\/wp_site\/saberesemcasa\/wp-content\/uploads\/sites\/6\/2021\/03\/5b381df3-8b19-4174-8c33-de04de63145c-854x1024.jpeg 854w, http:\/\/portaleducacao.guarulhos.sp.gov.br\/wp_site\/saberesemcasa\/wp-content\/uploads\/sites\/6\/2021\/03\/5b381df3-8b19-4174-8c33-de04de63145c-250x300.jpeg 250w, http:\/\/portaleducacao.guarulhos.sp.gov.br\/wp_site\/saberesemcasa\/wp-content\/uploads\/sites\/6\/2021\/03\/5b381df3-8b19-4174-8c33-de04de63145c-768x921.jpeg 768w, http:\/\/portaleducacao.guarulhos.sp.gov.br\/wp_site\/saberesemcasa\/wp-content\/uploads\/sites\/6\/2021\/03\/5b381df3-8b19-4174-8c33-de04de63145c.jpeg 1067w\" sizes=\"(max-width: 374px) 100vw, 374px\" \/><\/a><\/figure><\/div>\n\n\n\n<p class=\"has-medium-font-size\">\u201cSabemos que n\u00e3o \u00e9 f\u00e1cil estudar de forma online. Se para o adolescente n\u00e3o tem sido f\u00e1cil, para as crian\u00e7as surdas torna-se mais complexo em casa. Por isso, \u00e9 indispens\u00e1vel ter propostas bem atrativas para prender a aten\u00e7\u00e3o do Daniel. Os epis\u00f3dios em que o professor Rafael aparece contando as hist\u00f3rias em Libras s\u00e3o as partes que prendem a aten\u00e7\u00e3o dele de verdade, fazem com que ele assista v\u00e1rias vezes para depois conseguir contar a hist\u00f3ria perfeitamente bem\u201d, avalia Valeria sobre a necessidade de um aprendizado diferenciado e bem elaborado para o desenvolvimento das crian\u00e7as surdas, principalmente sem a interatividade que a escola proporciona.<\/p>\n\n\n\n<p class=\"has-medium-font-size\">No Brasil os desafios do ensino remoto na pandemia causaram in\u00fameros debates e reflex\u00f5es sobre a import\u00e2ncia da tecnologia. Da mesma forma, a educa\u00e7\u00e3o bil\u00edngue oferecida pela Prefeitura de Guarulhos tem sido valorizada, apontando melhores caminhos para o ensino de educandos surdos.<\/p>\n\n\n\n<p class=\"has-medium-font-size\">Atualmente o programa Saberes em Casa conta com a participa\u00e7\u00e3o das int\u00e9rpretes de Libras Emylle Cassia Cabral dos Anjos, Leticia Muniz e Regina Fernandes.<\/p>\n","protected":false},"excerpt":{"rendered":"<p>Hist\u00f3rias, dramatiza\u00e7\u00f5es, brincadeiras, investiga\u00e7\u00f5es e gloss\u00e1rios bil\u00edngues, entre outras atividades em Libras, integram a programa\u00e7\u00e3o do Saberes em Casa. Desde o in\u00edcio do programa, a Prefeitura de Guarulhos refor\u00e7a a [&hellip;]<\/p>\n","protected":false},"author":1,"featured_media":860,"comment_status":"closed","ping_status":"open","sticky":false,"template":"","format":"standard","meta":{"_monsterinsights_skip_tracking":false,"_monsterinsights_sitenote_active":false,"_monsterinsights_sitenote_note":"","_monsterinsights_sitenote_category":0,"_expiration-date-status":"","_expiration-date":0,"_expiration-date-type":"","_expiration-date-categories":[],"_expiration-date-options":[]},"categories":[1],"tags":[],"yoast_head":"<!-- This site is optimized with the Yoast SEO plugin v19.7.1 - https:\/\/yoast.com\/wordpress\/plugins\/seo\/ -->\r\n<title>Educa\u00e7\u00e3o bil\u00edngue ganha destaque no programa Saberes em Casa - Programa Saberes em Casa<\/title>\r\n<meta name=\"robots\" content=\"index, follow, max-snippet:-1, max-image-preview:large, max-video-preview:-1\" \/>\r\n<link rel=\"canonical\" href=\"http:\/\/portaleducacao.guarulhos.sp.gov.br\/wp_site\/saberesemcasa\/2021\/03\/25\/educacao-bilingue-ganha-destaque-no-programa-saberes-em-casa\/\" \/>\r\n<meta property=\"og:locale\" content=\"pt_BR\" \/>\r\n<meta property=\"og:type\" content=\"article\" \/>\r\n<meta property=\"og:title\" content=\"Educa\u00e7\u00e3o bil\u00edngue ganha destaque no programa Saberes em Casa - Programa Saberes em Casa\" \/>\r\n<meta property=\"og:description\" content=\"Hist\u00f3rias, dramatiza\u00e7\u00f5es, brincadeiras, investiga\u00e7\u00f5es e gloss\u00e1rios bil\u00edngues, entre outras atividades em Libras, integram a programa\u00e7\u00e3o do Saberes em Casa. Desde o in\u00edcio do programa, a Prefeitura de Guarulhos refor\u00e7a a [&hellip;]\" \/>\r\n<meta property=\"og:url\" content=\"http:\/\/portaleducacao.guarulhos.sp.gov.br\/wp_site\/saberesemcasa\/2021\/03\/25\/educacao-bilingue-ganha-destaque-no-programa-saberes-em-casa\/\" \/>\r\n<meta property=\"og:site_name\" content=\"Programa Saberes em Casa\" \/>\r\n<meta property=\"article:published_time\" content=\"2021-03-25T16:43:14+00:00\" \/>\r\n<meta property=\"article:modified_time\" content=\"2021-03-25T16:47:55+00:00\" \/>\r\n<meta property=\"og:image\" content=\"http:\/\/portaleducacao.guarulhos.sp.gov.br\/wp_site\/saberesemcasa\/wp-content\/uploads\/sites\/6\/2021\/03\/be8e26f3-91a1-4b3c-a155-3023fce4cb5e.png\" \/>\r\n\t<meta property=\"og:image:width\" content=\"663\" \/>\r\n\t<meta property=\"og:image:height\" content=\"368\" \/>\r\n\t<meta property=\"og:image:type\" content=\"image\/png\" \/>\r\n<meta name=\"author\" content=\"sites\" \/>\r\n<meta name=\"twitter:card\" content=\"summary_large_image\" \/>\r\n<meta name=\"twitter:label1\" content=\"Escrito por\" \/>\n\t<meta name=\"twitter:data1\" content=\"sites\" \/>\n\t<meta name=\"twitter:label2\" content=\"Est. tempo de leitura\" \/>\n\t<meta name=\"twitter:data2\" content=\"4 minutos\" \/>\r\n<script type=\"application\/ld+json\" class=\"yoast-schema-graph\">{\"@context\":\"https:\/\/schema.org\",\"@graph\":[{\"@type\":\"Article\",\"@id\":\"http:\/\/portaleducacao.guarulhos.sp.gov.br\/wp_site\/saberesemcasa\/2021\/03\/25\/educacao-bilingue-ganha-destaque-no-programa-saberes-em-casa\/#article\",\"isPartOf\":{\"@id\":\"http:\/\/portaleducacao.guarulhos.sp.gov.br\/wp_site\/saberesemcasa\/2021\/03\/25\/educacao-bilingue-ganha-destaque-no-programa-saberes-em-casa\/\"},\"author\":{\"name\":\"sites\",\"@id\":\"http:\/\/portaleducacao.guarulhos.sp.gov.br\/wp_site\/saberesemcasa\/#\/schema\/person\/9d1c60216648b2e84d2544ba3ee8bb69\"},\"headline\":\"Educa\u00e7\u00e3o bil\u00edngue ganha destaque no programa Saberes em Casa\",\"datePublished\":\"2021-03-25T16:43:14+00:00\",\"dateModified\":\"2021-03-25T16:47:55+00:00\",\"mainEntityOfPage\":{\"@id\":\"http:\/\/portaleducacao.guarulhos.sp.gov.br\/wp_site\/saberesemcasa\/2021\/03\/25\/educacao-bilingue-ganha-destaque-no-programa-saberes-em-casa\/\"},\"wordCount\":784,\"publisher\":{\"@id\":\"http:\/\/portaleducacao.guarulhos.sp.gov.br\/wp_site\/saberesemcasa\/#organization\"},\"articleSection\":[\"Saberes em Casa 2021\"],\"inLanguage\":\"pt-BR\"},{\"@type\":\"WebPage\",\"@id\":\"http:\/\/portaleducacao.guarulhos.sp.gov.br\/wp_site\/saberesemcasa\/2021\/03\/25\/educacao-bilingue-ganha-destaque-no-programa-saberes-em-casa\/\",\"url\":\"http:\/\/portaleducacao.guarulhos.sp.gov.br\/wp_site\/saberesemcasa\/2021\/03\/25\/educacao-bilingue-ganha-destaque-no-programa-saberes-em-casa\/\",\"name\":\"Educa\u00e7\u00e3o bil\u00edngue ganha destaque no programa Saberes em Casa - Programa Saberes em Casa\",\"isPartOf\":{\"@id\":\"http:\/\/portaleducacao.guarulhos.sp.gov.br\/wp_site\/saberesemcasa\/#website\"},\"datePublished\":\"2021-03-25T16:43:14+00:00\",\"dateModified\":\"2021-03-25T16:47:55+00:00\",\"breadcrumb\":{\"@id\":\"http:\/\/portaleducacao.guarulhos.sp.gov.br\/wp_site\/saberesemcasa\/2021\/03\/25\/educacao-bilingue-ganha-destaque-no-programa-saberes-em-casa\/#breadcrumb\"},\"inLanguage\":\"pt-BR\",\"potentialAction\":[{\"@type\":\"ReadAction\",\"target\":[\"http:\/\/portaleducacao.guarulhos.sp.gov.br\/wp_site\/saberesemcasa\/2021\/03\/25\/educacao-bilingue-ganha-destaque-no-programa-saberes-em-casa\/\"]}]},{\"@type\":\"BreadcrumbList\",\"@id\":\"http:\/\/portaleducacao.guarulhos.sp.gov.br\/wp_site\/saberesemcasa\/2021\/03\/25\/educacao-bilingue-ganha-destaque-no-programa-saberes-em-casa\/#breadcrumb\",\"itemListElement\":[{\"@type\":\"ListItem\",\"position\":1,\"name\":\"In\u00edcio\",\"item\":\"http:\/\/portaleducacao.guarulhos.sp.gov.br\/wp_site\/saberesemcasa\/\"},{\"@type\":\"ListItem\",\"position\":2,\"name\":\"Educa\u00e7\u00e3o bil\u00edngue ganha destaque no programa Saberes em Casa\"}]},{\"@type\":\"WebSite\",\"@id\":\"http:\/\/portaleducacao.guarulhos.sp.gov.br\/wp_site\/saberesemcasa\/#website\",\"url\":\"http:\/\/portaleducacao.guarulhos.sp.gov.br\/wp_site\/saberesemcasa\/\",\"name\":\"Programa Saberes em Casa\",\"description\":\"Ferramenta complementar \u00e0s propostas educativas desenvolvidas nas unidades escolares\",\"publisher\":{\"@id\":\"http:\/\/portaleducacao.guarulhos.sp.gov.br\/wp_site\/saberesemcasa\/#organization\"},\"potentialAction\":[{\"@type\":\"SearchAction\",\"target\":{\"@type\":\"EntryPoint\",\"urlTemplate\":\"http:\/\/portaleducacao.guarulhos.sp.gov.br\/wp_site\/saberesemcasa\/?s={search_term_string}\"},\"query-input\":\"required name=search_term_string\"}],\"inLanguage\":\"pt-BR\"},{\"@type\":\"Organization\",\"@id\":\"http:\/\/portaleducacao.guarulhos.sp.gov.br\/wp_site\/saberesemcasa\/#organization\",\"name\":\"Programa Saberes em Casa\",\"url\":\"http:\/\/portaleducacao.guarulhos.sp.gov.br\/wp_site\/saberesemcasa\/\",\"sameAs\":[],\"logo\":{\"@type\":\"ImageObject\",\"inLanguage\":\"pt-BR\",\"@id\":\"http:\/\/portaleducacao.guarulhos.sp.gov.br\/wp_site\/saberesemcasa\/#\/schema\/logo\/image\/\",\"url\":\"http:\/\/portaleducacao.guarulhos.sp.gov.br\/wp_site\/saberesemcasa\/wp-content\/uploads\/sites\/6\/2021\/02\/cropped-logo_saberes_em_casa.png\",\"contentUrl\":\"http:\/\/portaleducacao.guarulhos.sp.gov.br\/wp_site\/saberesemcasa\/wp-content\/uploads\/sites\/6\/2021\/02\/cropped-logo_saberes_em_casa.png\",\"width\":200,\"height\":100,\"caption\":\"Programa Saberes em Casa\"},\"image\":{\"@id\":\"http:\/\/portaleducacao.guarulhos.sp.gov.br\/wp_site\/saberesemcasa\/#\/schema\/logo\/image\/\"}},{\"@type\":\"Person\",\"@id\":\"http:\/\/portaleducacao.guarulhos.sp.gov.br\/wp_site\/saberesemcasa\/#\/schema\/person\/9d1c60216648b2e84d2544ba3ee8bb69\",\"name\":\"sites\",\"image\":{\"@type\":\"ImageObject\",\"inLanguage\":\"pt-BR\",\"@id\":\"http:\/\/portaleducacao.guarulhos.sp.gov.br\/wp_site\/saberesemcasa\/#\/schema\/person\/image\/\",\"url\":\"http:\/\/1.gravatar.com\/avatar\/d320dc056d58878ea1be67e0f28bb03d?s=96&d=mm&r=g\",\"contentUrl\":\"http:\/\/1.gravatar.com\/avatar\/d320dc056d58878ea1be67e0f28bb03d?s=96&d=mm&r=g\",\"caption\":\"sites\"},\"sameAs\":[\"http:\/\/172.16.208.47\/sites\"],\"url\":\"http:\/\/portaleducacao.guarulhos.sp.gov.br\/wp_site\/saberesemcasa\/author\/sites\/\"}]}<\/script>\r\n<!-- \/ Yoast SEO plugin. -->","yoast_head_json":{"title":"Educa\u00e7\u00e3o bil\u00edngue ganha destaque no programa Saberes em Casa - Programa Saberes em Casa","robots":{"index":"index","follow":"follow","max-snippet":"max-snippet:-1","max-image-preview":"max-image-preview:large","max-video-preview":"max-video-preview:-1"},"canonical":"http:\/\/portaleducacao.guarulhos.sp.gov.br\/wp_site\/saberesemcasa\/2021\/03\/25\/educacao-bilingue-ganha-destaque-no-programa-saberes-em-casa\/","og_locale":"pt_BR","og_type":"article","og_title":"Educa\u00e7\u00e3o bil\u00edngue ganha destaque no programa Saberes em Casa - Programa Saberes em Casa","og_description":"Hist\u00f3rias, dramatiza\u00e7\u00f5es, brincadeiras, investiga\u00e7\u00f5es e gloss\u00e1rios bil\u00edngues, entre outras atividades em Libras, integram a programa\u00e7\u00e3o do Saberes em Casa. Desde o in\u00edcio do programa, a Prefeitura de Guarulhos refor\u00e7a a [&hellip;]","og_url":"http:\/\/portaleducacao.guarulhos.sp.gov.br\/wp_site\/saberesemcasa\/2021\/03\/25\/educacao-bilingue-ganha-destaque-no-programa-saberes-em-casa\/","og_site_name":"Programa Saberes em Casa","article_published_time":"2021-03-25T16:43:14+00:00","article_modified_time":"2021-03-25T16:47:55+00:00","og_image":[{"width":663,"height":368,"url":"http:\/\/portaleducacao.guarulhos.sp.gov.br\/wp_site\/saberesemcasa\/wp-content\/uploads\/sites\/6\/2021\/03\/be8e26f3-91a1-4b3c-a155-3023fce4cb5e.png","type":"image\/png"}],"author":"sites","twitter_card":"summary_large_image","twitter_misc":{"Escrito por":"sites","Est. tempo de leitura":"4 minutos"},"schema":{"@context":"https:\/\/schema.org","@graph":[{"@type":"Article","@id":"http:\/\/portaleducacao.guarulhos.sp.gov.br\/wp_site\/saberesemcasa\/2021\/03\/25\/educacao-bilingue-ganha-destaque-no-programa-saberes-em-casa\/#article","isPartOf":{"@id":"http:\/\/portaleducacao.guarulhos.sp.gov.br\/wp_site\/saberesemcasa\/2021\/03\/25\/educacao-bilingue-ganha-destaque-no-programa-saberes-em-casa\/"},"author":{"name":"sites","@id":"http:\/\/portaleducacao.guarulhos.sp.gov.br\/wp_site\/saberesemcasa\/#\/schema\/person\/9d1c60216648b2e84d2544ba3ee8bb69"},"headline":"Educa\u00e7\u00e3o bil\u00edngue ganha destaque no programa Saberes em Casa","datePublished":"2021-03-25T16:43:14+00:00","dateModified":"2021-03-25T16:47:55+00:00","mainEntityOfPage":{"@id":"http:\/\/portaleducacao.guarulhos.sp.gov.br\/wp_site\/saberesemcasa\/2021\/03\/25\/educacao-bilingue-ganha-destaque-no-programa-saberes-em-casa\/"},"wordCount":784,"publisher":{"@id":"http:\/\/portaleducacao.guarulhos.sp.gov.br\/wp_site\/saberesemcasa\/#organization"},"articleSection":["Saberes em Casa 2021"],"inLanguage":"pt-BR"},{"@type":"WebPage","@id":"http:\/\/portaleducacao.guarulhos.sp.gov.br\/wp_site\/saberesemcasa\/2021\/03\/25\/educacao-bilingue-ganha-destaque-no-programa-saberes-em-casa\/","url":"http:\/\/portaleducacao.guarulhos.sp.gov.br\/wp_site\/saberesemcasa\/2021\/03\/25\/educacao-bilingue-ganha-destaque-no-programa-saberes-em-casa\/","name":"Educa\u00e7\u00e3o bil\u00edngue ganha destaque no programa Saberes em Casa - Programa Saberes em Casa","isPartOf":{"@id":"http:\/\/portaleducacao.guarulhos.sp.gov.br\/wp_site\/saberesemcasa\/#website"},"datePublished":"2021-03-25T16:43:14+00:00","dateModified":"2021-03-25T16:47:55+00:00","breadcrumb":{"@id":"http:\/\/portaleducacao.guarulhos.sp.gov.br\/wp_site\/saberesemcasa\/2021\/03\/25\/educacao-bilingue-ganha-destaque-no-programa-saberes-em-casa\/#breadcrumb"},"inLanguage":"pt-BR","potentialAction":[{"@type":"ReadAction","target":["http:\/\/portaleducacao.guarulhos.sp.gov.br\/wp_site\/saberesemcasa\/2021\/03\/25\/educacao-bilingue-ganha-destaque-no-programa-saberes-em-casa\/"]}]},{"@type":"BreadcrumbList","@id":"http:\/\/portaleducacao.guarulhos.sp.gov.br\/wp_site\/saberesemcasa\/2021\/03\/25\/educacao-bilingue-ganha-destaque-no-programa-saberes-em-casa\/#breadcrumb","itemListElement":[{"@type":"ListItem","position":1,"name":"In\u00edcio","item":"http:\/\/portaleducacao.guarulhos.sp.gov.br\/wp_site\/saberesemcasa\/"},{"@type":"ListItem","position":2,"name":"Educa\u00e7\u00e3o bil\u00edngue ganha destaque no programa Saberes em Casa"}]},{"@type":"WebSite","@id":"http:\/\/portaleducacao.guarulhos.sp.gov.br\/wp_site\/saberesemcasa\/#website","url":"http:\/\/portaleducacao.guarulhos.sp.gov.br\/wp_site\/saberesemcasa\/","name":"Programa Saberes em Casa","description":"Ferramenta complementar \u00e0s propostas educativas desenvolvidas nas unidades escolares","publisher":{"@id":"http:\/\/portaleducacao.guarulhos.sp.gov.br\/wp_site\/saberesemcasa\/#organization"},"potentialAction":[{"@type":"SearchAction","target":{"@type":"EntryPoint","urlTemplate":"http:\/\/portaleducacao.guarulhos.sp.gov.br\/wp_site\/saberesemcasa\/?s={search_term_string}"},"query-input":"required name=search_term_string"}],"inLanguage":"pt-BR"},{"@type":"Organization","@id":"http:\/\/portaleducacao.guarulhos.sp.gov.br\/wp_site\/saberesemcasa\/#organization","name":"Programa Saberes em Casa","url":"http:\/\/portaleducacao.guarulhos.sp.gov.br\/wp_site\/saberesemcasa\/","sameAs":[],"logo":{"@type":"ImageObject","inLanguage":"pt-BR","@id":"http:\/\/portaleducacao.guarulhos.sp.gov.br\/wp_site\/saberesemcasa\/#\/schema\/logo\/image\/","url":"http:\/\/portaleducacao.guarulhos.sp.gov.br\/wp_site\/saberesemcasa\/wp-content\/uploads\/sites\/6\/2021\/02\/cropped-logo_saberes_em_casa.png","contentUrl":"http:\/\/portaleducacao.guarulhos.sp.gov.br\/wp_site\/saberesemcasa\/wp-content\/uploads\/sites\/6\/2021\/02\/cropped-logo_saberes_em_casa.png","width":200,"height":100,"caption":"Programa Saberes em Casa"},"image":{"@id":"http:\/\/portaleducacao.guarulhos.sp.gov.br\/wp_site\/saberesemcasa\/#\/schema\/logo\/image\/"}},{"@type":"Person","@id":"http:\/\/portaleducacao.guarulhos.sp.gov.br\/wp_site\/saberesemcasa\/#\/schema\/person\/9d1c60216648b2e84d2544ba3ee8bb69","name":"sites","image":{"@type":"ImageObject","inLanguage":"pt-BR","@id":"http:\/\/portaleducacao.guarulhos.sp.gov.br\/wp_site\/saberesemcasa\/#\/schema\/person\/image\/","url":"http:\/\/1.gravatar.com\/avatar\/d320dc056d58878ea1be67e0f28bb03d?s=96&d=mm&r=g","contentUrl":"http:\/\/1.gravatar.com\/avatar\/d320dc056d58878ea1be67e0f28bb03d?s=96&d=mm&r=g","caption":"sites"},"sameAs":["http:\/\/172.16.208.47\/sites"],"url":"http:\/\/portaleducacao.guarulhos.sp.gov.br\/wp_site\/saberesemcasa\/author\/sites\/"}]}},"_links":{"self":[{"href":"http:\/\/portaleducacao.guarulhos.sp.gov.br\/wp_site\/saberesemcasa\/wp-json\/wp\/v2\/posts\/858"}],"collection":[{"href":"http:\/\/portaleducacao.guarulhos.sp.gov.br\/wp_site\/saberesemcasa\/wp-json\/wp\/v2\/posts"}],"about":[{"href":"http:\/\/portaleducacao.guarulhos.sp.gov.br\/wp_site\/saberesemcasa\/wp-json\/wp\/v2\/types\/post"}],"author":[{"embeddable":true,"href":"http:\/\/portaleducacao.guarulhos.sp.gov.br\/wp_site\/saberesemcasa\/wp-json\/wp\/v2\/users\/1"}],"replies":[{"embeddable":true,"href":"http:\/\/portaleducacao.guarulhos.sp.gov.br\/wp_site\/saberesemcasa\/wp-json\/wp\/v2\/comments?post=858"}],"version-history":[{"count":3,"href":"http:\/\/portaleducacao.guarulhos.sp.gov.br\/wp_site\/saberesemcasa\/wp-json\/wp\/v2\/posts\/858\/revisions"}],"predecessor-version":[{"id":863,"href":"http:\/\/portaleducacao.guarulhos.sp.gov.br\/wp_site\/saberesemcasa\/wp-json\/wp\/v2\/posts\/858\/revisions\/863"}],"wp:featuredmedia":[{"embeddable":true,"href":"http:\/\/portaleducacao.guarulhos.sp.gov.br\/wp_site\/saberesemcasa\/wp-json\/wp\/v2\/media\/860"}],"wp:attachment":[{"href":"http:\/\/portaleducacao.guarulhos.sp.gov.br\/wp_site\/saberesemcasa\/wp-json\/wp\/v2\/media?parent=858"}],"wp:term":[{"taxonomy":"category","embeddable":true,"href":"http:\/\/portaleducacao.guarulhos.sp.gov.br\/wp_site\/saberesemcasa\/wp-json\/wp\/v2\/categories?post=858"},{"taxonomy":"post_tag","embeddable":true,"href":"http:\/\/portaleducacao.guarulhos.sp.gov.br\/wp_site\/saberesemcasa\/wp-json\/wp\/v2\/tags?post=858"}],"curies":[{"name":"wp","href":"https:\/\/api.w.org\/{rel}","templated":true}]}}