{"id":981,"date":"2021-04-07T17:03:08","date_gmt":"2021-04-07T20:03:08","guid":{"rendered":"http:\/\/portaleducacao.guarulhos.sp.gov.br\/wp_site\/saberesemcasa\/?p=981"},"modified":"2021-04-07T17:03:09","modified_gmt":"2021-04-07T20:03:09","slug":"prefeitura-quer-garantir-continuidade-do-programa-saberes-em-casa-para-alunos-da-rede-municipal-de-guarulhos","status":"publish","type":"post","link":"http:\/\/portaleducacao.guarulhos.sp.gov.br\/wp_site\/saberesemcasa\/2021\/04\/07\/prefeitura-quer-garantir-continuidade-do-programa-saberes-em-casa-para-alunos-da-rede-municipal-de-guarulhos\/","title":{"rendered":"Prefeitura quer garantir continuidade do Programa Saberes em Casa para alunos da rede municipal de Guarulhos"},"content":{"rendered":"\n<p class=\"has-medium-font-size\">\u201c<strong>Pol\u00edtica p\u00fablica<\/strong>\u201d \u00e9 um desses termos que aparecem com muita frequ\u00eancia em jornais, sites e revistas. Muita gente l\u00ea e ouve, mas n\u00e3o compreende de primeira a import\u00e2ncia desse conceito. Pol\u00edtica p\u00fablica \u00e9 um processo, com uma s\u00e9rie de etapas e regras, que um governo implanta para alcan\u00e7ar o bem-estar da sociedade, resolver um problema e proteger o interesse p\u00fablico.&nbsp;&nbsp;<\/p>\n\n\n\n<p class=\"has-medium-font-size\">\u00c9 com esse objetivo que o Prefeito Guti enviou \u00e0 C\u00e2mara Municipal o Projeto de Lei 1020\/2020, publicado no Di\u00e1rio Oficial do Munic\u00edpio na \u00faltima quinta-feira, 1, que institui a Pol\u00edtica Municipal de Atividades Complementares Remotas por meio do Programa Saberes em Casa. \u201cQueremos garantir que essa ferramenta, comprovadamente moderna e eficiente, siga sendo oferecida aos alunos da rede municipal de ensino, tornando-se uma pol\u00edtica p\u00fablica perene e n\u00e3o apenas uma iniciativa pontual de um governo\u201d, ressalta Guti.&nbsp;<\/p>\n\n\n\n<p class=\"has-medium-font-size\">Desenvolvido pela equipe pedag\u00f3gica da Secretaria de Educa\u00e7\u00e3o, o Programa Saberes em Casa foi criado para complementar as propostas educativas de car\u00e1ter remoto, auxiliando os alunos da Educa\u00e7\u00e3o Infantil, Ensino Fundamental e Educa\u00e7\u00e3o de Jovens e Adultos das Escolas da Prefeitura de Guarulhos e entidades parceiras no processo de ensino e aprendizagem. Sempre seguindo as diretrizes tra\u00e7adas na Proposta Curricular \u2013 Quadro de Saberes Necess\u00e1rios.&nbsp;<\/p>\n\n\n\n<p class=\"has-medium-font-size\">Para o secret\u00e1rio de Educa\u00e7\u00e3o, Paulo Matheus, o Programa tornou-se uma ferramenta essencial para aproximar professores, alunos e familiares. \u201cSeu sucesso \u00e9 fruto do comprometimento e colabora\u00e7\u00e3o dos nossos profissionais e a continuidade deste trabalho, como pol\u00edtica p\u00fablica, refor\u00e7a nosso compromisso com a qualidade da educa\u00e7\u00e3o oferecida em nossa rede\u201d, destaca Matheus.<\/p>\n","protected":false},"excerpt":{"rendered":"<p>\u201cPol\u00edtica p\u00fablica\u201d \u00e9 um desses termos que aparecem com muita frequ\u00eancia em jornais, sites e revistas. Muita gente l\u00ea e ouve, mas n\u00e3o compreende de primeira a import\u00e2ncia desse conceito. [&hellip;]<\/p>\n","protected":false},"author":1,"featured_media":982,"comment_status":"closed","ping_status":"open","sticky":false,"template":"","format":"standard","meta":{"_monsterinsights_skip_tracking":false,"_monsterinsights_sitenote_active":false,"_monsterinsights_sitenote_note":"","_monsterinsights_sitenote_category":0,"_expiration-date-status":"","_expiration-date":0,"_expiration-date-type":"","_expiration-date-categories":[],"_expiration-date-options":[]},"categories":[1],"tags":[],"yoast_head":"<!-- This site is optimized with the Yoast SEO plugin v19.7.1 - https:\/\/yoast.com\/wordpress\/plugins\/seo\/ -->\r\n<title>Prefeitura quer garantir continuidade do Programa Saberes em Casa para alunos da rede municipal de Guarulhos - Programa Saberes em Casa<\/title>\r\n<meta name=\"robots\" content=\"index, follow, max-snippet:-1, max-image-preview:large, max-video-preview:-1\" \/>\r\n<link rel=\"canonical\" href=\"https:\/\/portaleducacao.guarulhos.sp.gov.br\/wp_site\/saberesemcasa\/2021\/04\/07\/prefeitura-quer-garantir-continuidade-do-programa-saberes-em-casa-para-alunos-da-rede-municipal-de-guarulhos\/\" \/>\r\n<meta property=\"og:locale\" content=\"pt_BR\" \/>\r\n<meta property=\"og:type\" content=\"article\" \/>\r\n<meta property=\"og:title\" content=\"Prefeitura quer garantir continuidade do Programa Saberes em Casa para alunos da rede municipal de Guarulhos - Programa Saberes em Casa\" \/>\r\n<meta property=\"og:description\" content=\"\u201cPol\u00edtica p\u00fablica\u201d \u00e9 um desses termos que aparecem com muita frequ\u00eancia em jornais, sites e revistas. Muita gente l\u00ea e ouve, mas n\u00e3o compreende de primeira a import\u00e2ncia desse conceito. [&hellip;]\" \/>\r\n<meta property=\"og:url\" content=\"https:\/\/portaleducacao.guarulhos.sp.gov.br\/wp_site\/saberesemcasa\/2021\/04\/07\/prefeitura-quer-garantir-continuidade-do-programa-saberes-em-casa-para-alunos-da-rede-municipal-de-guarulhos\/\" \/>\r\n<meta property=\"og:site_name\" content=\"Programa Saberes em Casa\" \/>\r\n<meta property=\"article:published_time\" content=\"2021-04-07T20:03:08+00:00\" \/>\r\n<meta property=\"article:modified_time\" content=\"2021-04-07T20:03:09+00:00\" \/>\r\n<meta property=\"og:image\" content=\"https:\/\/portaleducacao.guarulhos.sp.gov.br\/wp_site\/saberesemcasa\/wp-content\/uploads\/sites\/6\/2021\/04\/sec_lei.jpg\" \/>\r\n\t<meta property=\"og:image:width\" content=\"750\" \/>\r\n\t<meta property=\"og:image:height\" content=\"520\" \/>\r\n\t<meta property=\"og:image:type\" content=\"image\/jpeg\" \/>\r\n<meta name=\"author\" content=\"sites\" \/>\r\n<meta name=\"twitter:card\" content=\"summary_large_image\" \/>\r\n<meta name=\"twitter:label1\" content=\"Escrito por\" \/>\n\t<meta name=\"twitter:data1\" content=\"sites\" \/>\n\t<meta name=\"twitter:label2\" content=\"Est. tempo de leitura\" \/>\n\t<meta name=\"twitter:data2\" content=\"1 minuto\" \/>\r\n<script type=\"application\/ld+json\" class=\"yoast-schema-graph\">{\"@context\":\"https:\/\/schema.org\",\"@graph\":[{\"@type\":\"Article\",\"@id\":\"https:\/\/portaleducacao.guarulhos.sp.gov.br\/wp_site\/saberesemcasa\/2021\/04\/07\/prefeitura-quer-garantir-continuidade-do-programa-saberes-em-casa-para-alunos-da-rede-municipal-de-guarulhos\/#article\",\"isPartOf\":{\"@id\":\"https:\/\/portaleducacao.guarulhos.sp.gov.br\/wp_site\/saberesemcasa\/2021\/04\/07\/prefeitura-quer-garantir-continuidade-do-programa-saberes-em-casa-para-alunos-da-rede-municipal-de-guarulhos\/\"},\"author\":{\"name\":\"sites\",\"@id\":\"http:\/\/portaleducacao.guarulhos.sp.gov.br\/wp_site\/saberesemcasa\/#\/schema\/person\/9d1c60216648b2e84d2544ba3ee8bb69\"},\"headline\":\"Prefeitura quer garantir continuidade do Programa Saberes em Casa para alunos da rede municipal de Guarulhos\",\"datePublished\":\"2021-04-07T20:03:08+00:00\",\"dateModified\":\"2021-04-07T20:03:09+00:00\",\"mainEntityOfPage\":{\"@id\":\"https:\/\/portaleducacao.guarulhos.sp.gov.br\/wp_site\/saberesemcasa\/2021\/04\/07\/prefeitura-quer-garantir-continuidade-do-programa-saberes-em-casa-para-alunos-da-rede-municipal-de-guarulhos\/\"},\"wordCount\":307,\"publisher\":{\"@id\":\"http:\/\/portaleducacao.guarulhos.sp.gov.br\/wp_site\/saberesemcasa\/#organization\"},\"articleSection\":[\"Saberes em Casa 2021\"],\"inLanguage\":\"pt-BR\"},{\"@type\":\"WebPage\",\"@id\":\"https:\/\/portaleducacao.guarulhos.sp.gov.br\/wp_site\/saberesemcasa\/2021\/04\/07\/prefeitura-quer-garantir-continuidade-do-programa-saberes-em-casa-para-alunos-da-rede-municipal-de-guarulhos\/\",\"url\":\"https:\/\/portaleducacao.guarulhos.sp.gov.br\/wp_site\/saberesemcasa\/2021\/04\/07\/prefeitura-quer-garantir-continuidade-do-programa-saberes-em-casa-para-alunos-da-rede-municipal-de-guarulhos\/\",\"name\":\"Prefeitura quer garantir continuidade do Programa Saberes em Casa para alunos da rede municipal de Guarulhos - Programa Saberes em Casa\",\"isPartOf\":{\"@id\":\"http:\/\/portaleducacao.guarulhos.sp.gov.br\/wp_site\/saberesemcasa\/#website\"},\"datePublished\":\"2021-04-07T20:03:08+00:00\",\"dateModified\":\"2021-04-07T20:03:09+00:00\",\"breadcrumb\":{\"@id\":\"https:\/\/portaleducacao.guarulhos.sp.gov.br\/wp_site\/saberesemcasa\/2021\/04\/07\/prefeitura-quer-garantir-continuidade-do-programa-saberes-em-casa-para-alunos-da-rede-municipal-de-guarulhos\/#breadcrumb\"},\"inLanguage\":\"pt-BR\",\"potentialAction\":[{\"@type\":\"ReadAction\",\"target\":[\"https:\/\/portaleducacao.guarulhos.sp.gov.br\/wp_site\/saberesemcasa\/2021\/04\/07\/prefeitura-quer-garantir-continuidade-do-programa-saberes-em-casa-para-alunos-da-rede-municipal-de-guarulhos\/\"]}]},{\"@type\":\"BreadcrumbList\",\"@id\":\"https:\/\/portaleducacao.guarulhos.sp.gov.br\/wp_site\/saberesemcasa\/2021\/04\/07\/prefeitura-quer-garantir-continuidade-do-programa-saberes-em-casa-para-alunos-da-rede-municipal-de-guarulhos\/#breadcrumb\",\"itemListElement\":[{\"@type\":\"ListItem\",\"position\":1,\"name\":\"In\u00edcio\",\"item\":\"http:\/\/portaleducacao.guarulhos.sp.gov.br\/wp_site\/saberesemcasa\/\"},{\"@type\":\"ListItem\",\"position\":2,\"name\":\"Prefeitura quer garantir continuidade do Programa Saberes em Casa para alunos da rede municipal de Guarulhos\"}]},{\"@type\":\"WebSite\",\"@id\":\"http:\/\/portaleducacao.guarulhos.sp.gov.br\/wp_site\/saberesemcasa\/#website\",\"url\":\"http:\/\/portaleducacao.guarulhos.sp.gov.br\/wp_site\/saberesemcasa\/\",\"name\":\"Programa Saberes em Casa\",\"description\":\"Ferramenta complementar \u00e0s propostas educativas desenvolvidas nas unidades escolares\",\"publisher\":{\"@id\":\"http:\/\/portaleducacao.guarulhos.sp.gov.br\/wp_site\/saberesemcasa\/#organization\"},\"potentialAction\":[{\"@type\":\"SearchAction\",\"target\":{\"@type\":\"EntryPoint\",\"urlTemplate\":\"http:\/\/portaleducacao.guarulhos.sp.gov.br\/wp_site\/saberesemcasa\/?s={search_term_string}\"},\"query-input\":\"required name=search_term_string\"}],\"inLanguage\":\"pt-BR\"},{\"@type\":\"Organization\",\"@id\":\"http:\/\/portaleducacao.guarulhos.sp.gov.br\/wp_site\/saberesemcasa\/#organization\",\"name\":\"Programa Saberes em Casa\",\"url\":\"http:\/\/portaleducacao.guarulhos.sp.gov.br\/wp_site\/saberesemcasa\/\",\"sameAs\":[],\"logo\":{\"@type\":\"ImageObject\",\"inLanguage\":\"pt-BR\",\"@id\":\"http:\/\/portaleducacao.guarulhos.sp.gov.br\/wp_site\/saberesemcasa\/#\/schema\/logo\/image\/\",\"url\":\"http:\/\/portaleducacao.guarulhos.sp.gov.br\/wp_site\/saberesemcasa\/wp-content\/uploads\/sites\/6\/2021\/02\/cropped-logo_saberes_em_casa.png\",\"contentUrl\":\"http:\/\/portaleducacao.guarulhos.sp.gov.br\/wp_site\/saberesemcasa\/wp-content\/uploads\/sites\/6\/2021\/02\/cropped-logo_saberes_em_casa.png\",\"width\":200,\"height\":100,\"caption\":\"Programa Saberes em Casa\"},\"image\":{\"@id\":\"http:\/\/portaleducacao.guarulhos.sp.gov.br\/wp_site\/saberesemcasa\/#\/schema\/logo\/image\/\"}},{\"@type\":\"Person\",\"@id\":\"http:\/\/portaleducacao.guarulhos.sp.gov.br\/wp_site\/saberesemcasa\/#\/schema\/person\/9d1c60216648b2e84d2544ba3ee8bb69\",\"name\":\"sites\",\"image\":{\"@type\":\"ImageObject\",\"inLanguage\":\"pt-BR\",\"@id\":\"http:\/\/portaleducacao.guarulhos.sp.gov.br\/wp_site\/saberesemcasa\/#\/schema\/person\/image\/\",\"url\":\"http:\/\/1.gravatar.com\/avatar\/d320dc056d58878ea1be67e0f28bb03d?s=96&d=mm&r=g\",\"contentUrl\":\"http:\/\/1.gravatar.com\/avatar\/d320dc056d58878ea1be67e0f28bb03d?s=96&d=mm&r=g\",\"caption\":\"sites\"},\"sameAs\":[\"http:\/\/172.16.208.47\/sites\"],\"url\":\"http:\/\/portaleducacao.guarulhos.sp.gov.br\/wp_site\/saberesemcasa\/author\/sites\/\"}]}<\/script>\r\n<!-- \/ Yoast SEO plugin. -->","yoast_head_json":{"title":"Prefeitura quer garantir continuidade do Programa Saberes em Casa para alunos da rede municipal de Guarulhos - Programa Saberes em Casa","robots":{"index":"index","follow":"follow","max-snippet":"max-snippet:-1","max-image-preview":"max-image-preview:large","max-video-preview":"max-video-preview:-1"},"canonical":"https:\/\/portaleducacao.guarulhos.sp.gov.br\/wp_site\/saberesemcasa\/2021\/04\/07\/prefeitura-quer-garantir-continuidade-do-programa-saberes-em-casa-para-alunos-da-rede-municipal-de-guarulhos\/","og_locale":"pt_BR","og_type":"article","og_title":"Prefeitura quer garantir continuidade do Programa Saberes em Casa para alunos da rede municipal de Guarulhos - Programa Saberes em Casa","og_description":"\u201cPol\u00edtica p\u00fablica\u201d \u00e9 um desses termos que aparecem com muita frequ\u00eancia em jornais, sites e revistas. Muita gente l\u00ea e ouve, mas n\u00e3o compreende de primeira a import\u00e2ncia desse conceito. [&hellip;]","og_url":"https:\/\/portaleducacao.guarulhos.sp.gov.br\/wp_site\/saberesemcasa\/2021\/04\/07\/prefeitura-quer-garantir-continuidade-do-programa-saberes-em-casa-para-alunos-da-rede-municipal-de-guarulhos\/","og_site_name":"Programa Saberes em Casa","article_published_time":"2021-04-07T20:03:08+00:00","article_modified_time":"2021-04-07T20:03:09+00:00","og_image":[{"width":750,"height":520,"url":"https:\/\/portaleducacao.guarulhos.sp.gov.br\/wp_site\/saberesemcasa\/wp-content\/uploads\/sites\/6\/2021\/04\/sec_lei.jpg","type":"image\/jpeg"}],"author":"sites","twitter_card":"summary_large_image","twitter_misc":{"Escrito por":"sites","Est. tempo de leitura":"1 minuto"},"schema":{"@context":"https:\/\/schema.org","@graph":[{"@type":"Article","@id":"https:\/\/portaleducacao.guarulhos.sp.gov.br\/wp_site\/saberesemcasa\/2021\/04\/07\/prefeitura-quer-garantir-continuidade-do-programa-saberes-em-casa-para-alunos-da-rede-municipal-de-guarulhos\/#article","isPartOf":{"@id":"https:\/\/portaleducacao.guarulhos.sp.gov.br\/wp_site\/saberesemcasa\/2021\/04\/07\/prefeitura-quer-garantir-continuidade-do-programa-saberes-em-casa-para-alunos-da-rede-municipal-de-guarulhos\/"},"author":{"name":"sites","@id":"http:\/\/portaleducacao.guarulhos.sp.gov.br\/wp_site\/saberesemcasa\/#\/schema\/person\/9d1c60216648b2e84d2544ba3ee8bb69"},"headline":"Prefeitura quer garantir continuidade do Programa Saberes em Casa para alunos da rede municipal de Guarulhos","datePublished":"2021-04-07T20:03:08+00:00","dateModified":"2021-04-07T20:03:09+00:00","mainEntityOfPage":{"@id":"https:\/\/portaleducacao.guarulhos.sp.gov.br\/wp_site\/saberesemcasa\/2021\/04\/07\/prefeitura-quer-garantir-continuidade-do-programa-saberes-em-casa-para-alunos-da-rede-municipal-de-guarulhos\/"},"wordCount":307,"publisher":{"@id":"http:\/\/portaleducacao.guarulhos.sp.gov.br\/wp_site\/saberesemcasa\/#organization"},"articleSection":["Saberes em Casa 2021"],"inLanguage":"pt-BR"},{"@type":"WebPage","@id":"https:\/\/portaleducacao.guarulhos.sp.gov.br\/wp_site\/saberesemcasa\/2021\/04\/07\/prefeitura-quer-garantir-continuidade-do-programa-saberes-em-casa-para-alunos-da-rede-municipal-de-guarulhos\/","url":"https:\/\/portaleducacao.guarulhos.sp.gov.br\/wp_site\/saberesemcasa\/2021\/04\/07\/prefeitura-quer-garantir-continuidade-do-programa-saberes-em-casa-para-alunos-da-rede-municipal-de-guarulhos\/","name":"Prefeitura quer garantir continuidade do Programa Saberes em Casa para alunos da rede municipal de Guarulhos - Programa Saberes em Casa","isPartOf":{"@id":"http:\/\/portaleducacao.guarulhos.sp.gov.br\/wp_site\/saberesemcasa\/#website"},"datePublished":"2021-04-07T20:03:08+00:00","dateModified":"2021-04-07T20:03:09+00:00","breadcrumb":{"@id":"https:\/\/portaleducacao.guarulhos.sp.gov.br\/wp_site\/saberesemcasa\/2021\/04\/07\/prefeitura-quer-garantir-continuidade-do-programa-saberes-em-casa-para-alunos-da-rede-municipal-de-guarulhos\/#breadcrumb"},"inLanguage":"pt-BR","potentialAction":[{"@type":"ReadAction","target":["https:\/\/portaleducacao.guarulhos.sp.gov.br\/wp_site\/saberesemcasa\/2021\/04\/07\/prefeitura-quer-garantir-continuidade-do-programa-saberes-em-casa-para-alunos-da-rede-municipal-de-guarulhos\/"]}]},{"@type":"BreadcrumbList","@id":"https:\/\/portaleducacao.guarulhos.sp.gov.br\/wp_site\/saberesemcasa\/2021\/04\/07\/prefeitura-quer-garantir-continuidade-do-programa-saberes-em-casa-para-alunos-da-rede-municipal-de-guarulhos\/#breadcrumb","itemListElement":[{"@type":"ListItem","position":1,"name":"In\u00edcio","item":"http:\/\/portaleducacao.guarulhos.sp.gov.br\/wp_site\/saberesemcasa\/"},{"@type":"ListItem","position":2,"name":"Prefeitura quer garantir continuidade do Programa Saberes em Casa para alunos da rede municipal de Guarulhos"}]},{"@type":"WebSite","@id":"http:\/\/portaleducacao.guarulhos.sp.gov.br\/wp_site\/saberesemcasa\/#website","url":"http:\/\/portaleducacao.guarulhos.sp.gov.br\/wp_site\/saberesemcasa\/","name":"Programa Saberes em Casa","description":"Ferramenta complementar \u00e0s propostas educativas desenvolvidas nas unidades escolares","publisher":{"@id":"http:\/\/portaleducacao.guarulhos.sp.gov.br\/wp_site\/saberesemcasa\/#organization"},"potentialAction":[{"@type":"SearchAction","target":{"@type":"EntryPoint","urlTemplate":"http:\/\/portaleducacao.guarulhos.sp.gov.br\/wp_site\/saberesemcasa\/?s={search_term_string}"},"query-input":"required name=search_term_string"}],"inLanguage":"pt-BR"},{"@type":"Organization","@id":"http:\/\/portaleducacao.guarulhos.sp.gov.br\/wp_site\/saberesemcasa\/#organization","name":"Programa Saberes em Casa","url":"http:\/\/portaleducacao.guarulhos.sp.gov.br\/wp_site\/saberesemcasa\/","sameAs":[],"logo":{"@type":"ImageObject","inLanguage":"pt-BR","@id":"http:\/\/portaleducacao.guarulhos.sp.gov.br\/wp_site\/saberesemcasa\/#\/schema\/logo\/image\/","url":"http:\/\/portaleducacao.guarulhos.sp.gov.br\/wp_site\/saberesemcasa\/wp-content\/uploads\/sites\/6\/2021\/02\/cropped-logo_saberes_em_casa.png","contentUrl":"http:\/\/portaleducacao.guarulhos.sp.gov.br\/wp_site\/saberesemcasa\/wp-content\/uploads\/sites\/6\/2021\/02\/cropped-logo_saberes_em_casa.png","width":200,"height":100,"caption":"Programa Saberes em Casa"},"image":{"@id":"http:\/\/portaleducacao.guarulhos.sp.gov.br\/wp_site\/saberesemcasa\/#\/schema\/logo\/image\/"}},{"@type":"Person","@id":"http:\/\/portaleducacao.guarulhos.sp.gov.br\/wp_site\/saberesemcasa\/#\/schema\/person\/9d1c60216648b2e84d2544ba3ee8bb69","name":"sites","image":{"@type":"ImageObject","inLanguage":"pt-BR","@id":"http:\/\/portaleducacao.guarulhos.sp.gov.br\/wp_site\/saberesemcasa\/#\/schema\/person\/image\/","url":"http:\/\/1.gravatar.com\/avatar\/d320dc056d58878ea1be67e0f28bb03d?s=96&d=mm&r=g","contentUrl":"http:\/\/1.gravatar.com\/avatar\/d320dc056d58878ea1be67e0f28bb03d?s=96&d=mm&r=g","caption":"sites"},"sameAs":["http:\/\/172.16.208.47\/sites"],"url":"http:\/\/portaleducacao.guarulhos.sp.gov.br\/wp_site\/saberesemcasa\/author\/sites\/"}]}},"_links":{"self":[{"href":"http:\/\/portaleducacao.guarulhos.sp.gov.br\/wp_site\/saberesemcasa\/wp-json\/wp\/v2\/posts\/981"}],"collection":[{"href":"http:\/\/portaleducacao.guarulhos.sp.gov.br\/wp_site\/saberesemcasa\/wp-json\/wp\/v2\/posts"}],"about":[{"href":"http:\/\/portaleducacao.guarulhos.sp.gov.br\/wp_site\/saberesemcasa\/wp-json\/wp\/v2\/types\/post"}],"author":[{"embeddable":true,"href":"http:\/\/portaleducacao.guarulhos.sp.gov.br\/wp_site\/saberesemcasa\/wp-json\/wp\/v2\/users\/1"}],"replies":[{"embeddable":true,"href":"http:\/\/portaleducacao.guarulhos.sp.gov.br\/wp_site\/saberesemcasa\/wp-json\/wp\/v2\/comments?post=981"}],"version-history":[{"count":2,"href":"http:\/\/portaleducacao.guarulhos.sp.gov.br\/wp_site\/saberesemcasa\/wp-json\/wp\/v2\/posts\/981\/revisions"}],"predecessor-version":[{"id":984,"href":"http:\/\/portaleducacao.guarulhos.sp.gov.br\/wp_site\/saberesemcasa\/wp-json\/wp\/v2\/posts\/981\/revisions\/984"}],"wp:featuredmedia":[{"embeddable":true,"href":"http:\/\/portaleducacao.guarulhos.sp.gov.br\/wp_site\/saberesemcasa\/wp-json\/wp\/v2\/media\/982"}],"wp:attachment":[{"href":"http:\/\/portaleducacao.guarulhos.sp.gov.br\/wp_site\/saberesemcasa\/wp-json\/wp\/v2\/media?parent=981"}],"wp:term":[{"taxonomy":"category","embeddable":true,"href":"http:\/\/portaleducacao.guarulhos.sp.gov.br\/wp_site\/saberesemcasa\/wp-json\/wp\/v2\/categories?post=981"},{"taxonomy":"post_tag","embeddable":true,"href":"http:\/\/portaleducacao.guarulhos.sp.gov.br\/wp_site\/saberesemcasa\/wp-json\/wp\/v2\/tags?post=981"}],"curies":[{"name":"wp","href":"https:\/\/api.w.org\/{rel}","templated":true}]}}