{"id":1017,"date":"2023-05-02T11:14:27","date_gmt":"2023-05-02T14:14:27","guid":{"rendered":"https:\/\/portaleducacao.guarulhos.sp.gov.br\/wp_site\/abrilliterario\/?p=1017"},"modified":"2023-05-02T16:10:27","modified_gmt":"2023-05-02T19:10:27","slug":"epg-moreira-matos-recebe-o-cartunista-fausto-bergocce-para-bate-papo-sobre-ziraldo","status":"publish","type":"post","link":"https:\/\/portaleducacao.guarulhos.sp.gov.br\/wp_site\/abrilliterario\/2023\/05\/02\/epg-moreira-matos-recebe-o-cartunista-fausto-bergocce-para-bate-papo-sobre-ziraldo\/","title":{"rendered":"EPG Moreira Matos recebe o cartunista Fausto Bergocce para bate-papo sobre Ziraldo"},"content":{"rendered":"\n<p><strong>Por Carla Maio<\/strong><br>Publicado em 19\/04\/2023<br>Editado em 24\/04\/2023, \u00e0s 15:53<\/p>\n\n\n\n<figure class=\"wp-block-image aligncenter size-full\"><img loading=\"lazy\" width=\"840\" height=\"560\" src=\"https:\/\/portaleducacao.guarulhos.sp.gov.br\/wp_site\/abrilliterario\/wp-content\/uploads\/sites\/24\/2023\/05\/8e04a57d-36cc-45ff-974e-53b6d85d016f.jpg\" alt=\"\" class=\"wp-image-1018\" srcset=\"https:\/\/portaleducacao.guarulhos.sp.gov.br\/wp_site\/abrilliterario\/wp-content\/uploads\/sites\/24\/2023\/05\/8e04a57d-36cc-45ff-974e-53b6d85d016f.jpg 840w, https:\/\/portaleducacao.guarulhos.sp.gov.br\/wp_site\/abrilliterario\/wp-content\/uploads\/sites\/24\/2023\/05\/8e04a57d-36cc-45ff-974e-53b6d85d016f-300x200.jpg 300w, https:\/\/portaleducacao.guarulhos.sp.gov.br\/wp_site\/abrilliterario\/wp-content\/uploads\/sites\/24\/2023\/05\/8e04a57d-36cc-45ff-974e-53b6d85d016f-768x512.jpg 768w\" sizes=\"(max-width: 840px) 100vw, 840px\" \/><figcaption class=\"wp-element-caption\"><strong><sup>Camila Rhodes\/SE<\/sup><\/strong><\/figcaption><\/figure>\n\n\n\n<p>Promover um espa\u00e7o para que crian\u00e7as possam expressar suas ideias e vivenciar o processo de cria\u00e7\u00e3o de livros. Na manh\u00e3 da \u00faltima segunda-feira (17), a EPG Moreira Matos, na Vila Galv\u00e3o, recebeu o cartunista Fausto Bergocce para bate-papo com os alunos dos 4\u00ba e 5\u00ba anos do ensino fundamental sobre o tamb\u00e9m cartunista Ziraldo, que completou recentemente 90 anos.<\/p>\n\n\n\n<p>O bate-papo de Fausto com os alunos do ensino fundamental \u00e9 uma das a\u00e7\u00f5es que integra o projeto Abril Liter\u00e1rio Da Diversidade Humana \u00e0 Diversidade Liter\u00e1ria. Na EPG Moreira Matos, o projeto se desdobra em in\u00fameras a\u00e7\u00f5es liter\u00e1rias, potencializadas no m\u00eas de abril, mas que s\u00e3o refer\u00eancia nas pr\u00e1ticas pedag\u00f3gicas da equipe docente com as turmas, ao longo de todo o ano letivo.<\/p>\n\n\n\n<p>\u201cNa perspectiva de incentivo ao livro e \u00e0 literatura, realizar atividades que aproximam os alunos dos autores \u00e9 uma \u00f3tima oportunidade de enriquecimento cultural, uma forma muito real das crian\u00e7as compreenderem as hist\u00f3rias a partir de quem as escreve, de quem as cria\u201d, explica a coordenadora pedag\u00f3gica Camila Leite Araujo Roncon.<\/p>\n\n\n\n<p>Nesse encontro com os alunos da EPG Moreira Matos, Fausto desenhou alguns de seus personagens, autografou livros e falou sobre sua amizade com Ziraldo, e a iniciativa de convid\u00e1-lo para escrever o pref\u00e1cio de um de seus primeiros livros, o Viva Cartum, lan\u00e7ado em 2007.<\/p>\n\n\n\n<p>Evelyn Gomes Pereira, de 10 anos, ficou encantada com a visita de Fausto e encheu o cartunista de perguntas. \u201cEu achei muito bom conversar com ele, deu para ter uma ideia melhor de como os livros s\u00e3o feitos. O que mais chamou minha aten\u00e7\u00e3o \u00e9 que ele faz desenhos em livros todos esses anos, ele \u00e9 muito bom nisso\u201d, conta a menina.<\/p>\n\n\n\n<p class=\"has-medium-font-size\"><strong>Entre livros e cartuns<\/strong><\/p>\n\n\n\n<figure class=\"wp-block-image aligncenter size-full\"><img loading=\"lazy\" width=\"840\" height=\"560\" src=\"https:\/\/portaleducacao.guarulhos.sp.gov.br\/wp_site\/abrilliterario\/wp-content\/uploads\/sites\/24\/2023\/05\/cc520366-421f-45c7-837e-4640302ddaf7.jpg\" alt=\"\" class=\"wp-image-1019\" srcset=\"https:\/\/portaleducacao.guarulhos.sp.gov.br\/wp_site\/abrilliterario\/wp-content\/uploads\/sites\/24\/2023\/05\/cc520366-421f-45c7-837e-4640302ddaf7.jpg 840w, https:\/\/portaleducacao.guarulhos.sp.gov.br\/wp_site\/abrilliterario\/wp-content\/uploads\/sites\/24\/2023\/05\/cc520366-421f-45c7-837e-4640302ddaf7-300x200.jpg 300w, https:\/\/portaleducacao.guarulhos.sp.gov.br\/wp_site\/abrilliterario\/wp-content\/uploads\/sites\/24\/2023\/05\/cc520366-421f-45c7-837e-4640302ddaf7-768x512.jpg 768w\" sizes=\"(max-width: 840px) 100vw, 840px\" \/><\/figure>\n\n\n\n<p><\/p>\n\n\n\n<p>Autor de 17 livros com forte atua\u00e7\u00e3o em ve\u00edculos de imprensa como Folha de S. Paulo, Di\u00e1rio de S\u00e3o Paulo e Jornal \u00daltima Hora, entre outros, Fausto Bergocce nasceu em Regin\u00f3polis, interior paulista, e se mudou para Guarulhos com a fam\u00edlia em 1964.<\/p>\n\n\n\n<p>Fausto \u00e9 um dos cartunistas cujo depoimento e cartum integram o livro 90 Maluquinhos por Ziraldo: Hist\u00f3rias e Causos (Melhoramentos, 2023), publica\u00e7\u00e3o organizada pelo cartunista brasileiro EDRA e que celebra a vida, obra e a influ\u00eancia de um dos maiores e mais completos artistas da cultura brasileira.<\/p>\n\n\n\n<p>\u201cOs quadrinhos do Ziraldo sempre foram muito importantes para a minha forma\u00e7\u00e3o, ele \u00e9 meu \u00eddolo, eu sou mesmo um maluquinho por Ziraldo. Descobri seus personagens aos 10 anos e, al\u00e9m do Menino Maluquinho, que todos voc\u00eas conhecem, ele tamb\u00e9m criou a Turma do Perer\u00ea, a primeira hist\u00f3ria em quadrinhos genuinamente brasileira, lan\u00e7ada na d\u00e9cada de 60, com personagens muito conhecidos de todos n\u00f3s, a on\u00e7a, o tatu e o macaco\u201d, conta Fausto aos alunos.<\/p>\n\n\n\n<p>O aluno Yuri Carvalho, 10, tem o cora\u00e7\u00e3o dividido entre duas paix\u00f5es: o desenho e o futebol. \u201cGosto muito de desenhar, pintar e escrever, minha letra \u00e9 bonita, mas meus desenhos s\u00e3o muito bons, tenho pensado em ser desenhista, quem sabe escritor, mas hoje eu ainda quero ser jogador de futebol\u201d, brinca.<\/p>\n\n\n\n<p>O professor Jos\u00e9 Augusto Lisboa refor\u00e7a a import\u00e2ncia de ampliar atividades como cirandas liter\u00e1rias e leituras compartilhadas entre os alunos, que t\u00eam como foco diferentes g\u00eaneros textuais como quadrinhos, par\u00f3dias, parlendas, entre outros.<\/p>\n\n\n\n<figure class=\"wp-block-image aligncenter size-full\"><img loading=\"lazy\" width=\"840\" height=\"560\" src=\"https:\/\/portaleducacao.guarulhos.sp.gov.br\/wp_site\/abrilliterario\/wp-content\/uploads\/sites\/24\/2023\/05\/64a8d446-bc12-49e3-b0b6-dea1b05b38fd.jpg\" alt=\"\" class=\"wp-image-1020\" srcset=\"https:\/\/portaleducacao.guarulhos.sp.gov.br\/wp_site\/abrilliterario\/wp-content\/uploads\/sites\/24\/2023\/05\/64a8d446-bc12-49e3-b0b6-dea1b05b38fd.jpg 840w, https:\/\/portaleducacao.guarulhos.sp.gov.br\/wp_site\/abrilliterario\/wp-content\/uploads\/sites\/24\/2023\/05\/64a8d446-bc12-49e3-b0b6-dea1b05b38fd-300x200.jpg 300w, https:\/\/portaleducacao.guarulhos.sp.gov.br\/wp_site\/abrilliterario\/wp-content\/uploads\/sites\/24\/2023\/05\/64a8d446-bc12-49e3-b0b6-dea1b05b38fd-768x512.jpg 768w\" sizes=\"(max-width: 840px) 100vw, 840px\" \/><\/figure>\n\n\n\n<p><\/p>\n\n\n\n<p>\u201cN\u00f3s fazemos um trabalho intenso com as publica\u00e7\u00f5es, para que os alunos entendam como funciona a cria\u00e7\u00e3o de um livro, as ilustra\u00e7\u00f5es produzidas a partir do texto, a revis\u00e3o, elabora\u00e7\u00e3o da capa e do texto que vai na quarta capa, uma metodologia sistem\u00e1tica que objetiva muito mais que despertar o prazer pela leitura, mas tamb\u00e9m, mostrar a satisfa\u00e7\u00e3o pelo universo do livro\u201d, explica Jos\u00e9.<\/p>\n\n\n\n<p>Na continuidade das atividades do Abril Liter\u00e1rio, a EPG Moreira Matos fomenta ainda abordagens sobre outros autores brasileiros, igualmente relevantes para a constru\u00e7\u00e3o da sociedade em torno da escrita, como Mauricio de Souza e Monteiro Lobato.<\/p>\n\n\n\n<p class=\"has-medium-font-size\"><strong><code>Galeria<\/code><\/strong><\/p>\n\n\n\n<figure class=\"wp-container-2 wp-block-gallery-1 wp-block-gallery has-nested-images columns-default is-cropped\">\n<figure class=\"wp-block-image size-large\"><img loading=\"lazy\" width=\"840\" height=\"560\" data-id=\"1029\"  src=\"https:\/\/portaleducacao.guarulhos.sp.gov.br\/wp_site\/abrilliterario\/wp-content\/uploads\/sites\/24\/2023\/05\/e762e7dc-4633-4d21-9b85-daa2aec73af9.jpg\" alt=\"\" class=\"wp-image-1029\" srcset=\"https:\/\/portaleducacao.guarulhos.sp.gov.br\/wp_site\/abrilliterario\/wp-content\/uploads\/sites\/24\/2023\/05\/e762e7dc-4633-4d21-9b85-daa2aec73af9.jpg 840w, https:\/\/portaleducacao.guarulhos.sp.gov.br\/wp_site\/abrilliterario\/wp-content\/uploads\/sites\/24\/2023\/05\/e762e7dc-4633-4d21-9b85-daa2aec73af9-300x200.jpg 300w, https:\/\/portaleducacao.guarulhos.sp.gov.br\/wp_site\/abrilliterario\/wp-content\/uploads\/sites\/24\/2023\/05\/e762e7dc-4633-4d21-9b85-daa2aec73af9-768x512.jpg 768w\" sizes=\"(max-width: 840px) 100vw, 840px\" \/><\/figure>\n\n\n\n<figure class=\"wp-block-image size-large\"><img loading=\"lazy\" width=\"840\" height=\"560\" data-id=\"1028\"  src=\"https:\/\/portaleducacao.guarulhos.sp.gov.br\/wp_site\/abrilliterario\/wp-content\/uploads\/sites\/24\/2023\/05\/e8ed2ac7-4778-4622-90a0-e2de33cac614.jpg\" alt=\"\" class=\"wp-image-1028\" srcset=\"https:\/\/portaleducacao.guarulhos.sp.gov.br\/wp_site\/abrilliterario\/wp-content\/uploads\/sites\/24\/2023\/05\/e8ed2ac7-4778-4622-90a0-e2de33cac614.jpg 840w, https:\/\/portaleducacao.guarulhos.sp.gov.br\/wp_site\/abrilliterario\/wp-content\/uploads\/sites\/24\/2023\/05\/e8ed2ac7-4778-4622-90a0-e2de33cac614-300x200.jpg 300w, https:\/\/portaleducacao.guarulhos.sp.gov.br\/wp_site\/abrilliterario\/wp-content\/uploads\/sites\/24\/2023\/05\/e8ed2ac7-4778-4622-90a0-e2de33cac614-768x512.jpg 768w\" sizes=\"(max-width: 840px) 100vw, 840px\" \/><\/figure>\n\n\n\n<figure class=\"wp-block-image size-large\"><img loading=\"lazy\" width=\"840\" height=\"560\" data-id=\"1027\"  src=\"https:\/\/portaleducacao.guarulhos.sp.gov.br\/wp_site\/abrilliterario\/wp-content\/uploads\/sites\/24\/2023\/05\/cc520366-421f-45c7-837e-4640302ddaf7-1.jpg\" alt=\"\" class=\"wp-image-1027\" srcset=\"https:\/\/portaleducacao.guarulhos.sp.gov.br\/wp_site\/abrilliterario\/wp-content\/uploads\/sites\/24\/2023\/05\/cc520366-421f-45c7-837e-4640302ddaf7-1.jpg 840w, https:\/\/portaleducacao.guarulhos.sp.gov.br\/wp_site\/abrilliterario\/wp-content\/uploads\/sites\/24\/2023\/05\/cc520366-421f-45c7-837e-4640302ddaf7-1-300x200.jpg 300w, https:\/\/portaleducacao.guarulhos.sp.gov.br\/wp_site\/abrilliterario\/wp-content\/uploads\/sites\/24\/2023\/05\/cc520366-421f-45c7-837e-4640302ddaf7-1-768x512.jpg 768w\" sizes=\"(max-width: 840px) 100vw, 840px\" \/><\/figure>\n\n\n\n<figure class=\"wp-block-image size-large\"><img loading=\"lazy\" width=\"816\" height=\"544\" data-id=\"1026\"  src=\"https:\/\/portaleducacao.guarulhos.sp.gov.br\/wp_site\/abrilliterario\/wp-content\/uploads\/sites\/24\/2023\/05\/b1a02bad-2127-4a9d-93d4-a3910e45edb8.jpg\" alt=\"\" class=\"wp-image-1026\" srcset=\"https:\/\/portaleducacao.guarulhos.sp.gov.br\/wp_site\/abrilliterario\/wp-content\/uploads\/sites\/24\/2023\/05\/b1a02bad-2127-4a9d-93d4-a3910e45edb8.jpg 816w, https:\/\/portaleducacao.guarulhos.sp.gov.br\/wp_site\/abrilliterario\/wp-content\/uploads\/sites\/24\/2023\/05\/b1a02bad-2127-4a9d-93d4-a3910e45edb8-300x200.jpg 300w, https:\/\/portaleducacao.guarulhos.sp.gov.br\/wp_site\/abrilliterario\/wp-content\/uploads\/sites\/24\/2023\/05\/b1a02bad-2127-4a9d-93d4-a3910e45edb8-768x512.jpg 768w\" sizes=\"(max-width: 816px) 100vw, 816px\" \/><\/figure>\n\n\n\n<figure class=\"wp-block-image size-large\"><img loading=\"lazy\" width=\"840\" height=\"560\" data-id=\"1025\"  src=\"https:\/\/portaleducacao.guarulhos.sp.gov.br\/wp_site\/abrilliterario\/wp-content\/uploads\/sites\/24\/2023\/05\/a1a8f3f6-d3e3-4f76-b7b5-781aac0cc977.jpg\" alt=\"\" class=\"wp-image-1025\" srcset=\"https:\/\/portaleducacao.guarulhos.sp.gov.br\/wp_site\/abrilliterario\/wp-content\/uploads\/sites\/24\/2023\/05\/a1a8f3f6-d3e3-4f76-b7b5-781aac0cc977.jpg 840w, https:\/\/portaleducacao.guarulhos.sp.gov.br\/wp_site\/abrilliterario\/wp-content\/uploads\/sites\/24\/2023\/05\/a1a8f3f6-d3e3-4f76-b7b5-781aac0cc977-300x200.jpg 300w, https:\/\/portaleducacao.guarulhos.sp.gov.br\/wp_site\/abrilliterario\/wp-content\/uploads\/sites\/24\/2023\/05\/a1a8f3f6-d3e3-4f76-b7b5-781aac0cc977-768x512.jpg 768w\" sizes=\"(max-width: 840px) 100vw, 840px\" \/><\/figure>\n\n\n\n<figure class=\"wp-block-image size-large\"><img loading=\"lazy\" width=\"840\" height=\"560\" data-id=\"1024\"  src=\"https:\/\/portaleducacao.guarulhos.sp.gov.br\/wp_site\/abrilliterario\/wp-content\/uploads\/sites\/24\/2023\/05\/30320e7d-6fcb-4dc0-94b5-a64e12ae8c24.jpg\" alt=\"\" class=\"wp-image-1024\" srcset=\"https:\/\/portaleducacao.guarulhos.sp.gov.br\/wp_site\/abrilliterario\/wp-content\/uploads\/sites\/24\/2023\/05\/30320e7d-6fcb-4dc0-94b5-a64e12ae8c24.jpg 840w, https:\/\/portaleducacao.guarulhos.sp.gov.br\/wp_site\/abrilliterario\/wp-content\/uploads\/sites\/24\/2023\/05\/30320e7d-6fcb-4dc0-94b5-a64e12ae8c24-300x200.jpg 300w, https:\/\/portaleducacao.guarulhos.sp.gov.br\/wp_site\/abrilliterario\/wp-content\/uploads\/sites\/24\/2023\/05\/30320e7d-6fcb-4dc0-94b5-a64e12ae8c24-768x512.jpg 768w\" sizes=\"(max-width: 840px) 100vw, 840px\" \/><\/figure>\n\n\n\n<figure class=\"wp-block-image size-large\"><img loading=\"lazy\" width=\"840\" height=\"560\" data-id=\"1023\"  src=\"https:\/\/portaleducacao.guarulhos.sp.gov.br\/wp_site\/abrilliterario\/wp-content\/uploads\/sites\/24\/2023\/05\/1722c3d7-86f9-4d3e-b6a3-62b665e0b265.jpg\" alt=\"\" class=\"wp-image-1023\" srcset=\"https:\/\/portaleducacao.guarulhos.sp.gov.br\/wp_site\/abrilliterario\/wp-content\/uploads\/sites\/24\/2023\/05\/1722c3d7-86f9-4d3e-b6a3-62b665e0b265.jpg 840w, https:\/\/portaleducacao.guarulhos.sp.gov.br\/wp_site\/abrilliterario\/wp-content\/uploads\/sites\/24\/2023\/05\/1722c3d7-86f9-4d3e-b6a3-62b665e0b265-300x200.jpg 300w, https:\/\/portaleducacao.guarulhos.sp.gov.br\/wp_site\/abrilliterario\/wp-content\/uploads\/sites\/24\/2023\/05\/1722c3d7-86f9-4d3e-b6a3-62b665e0b265-768x512.jpg 768w\" sizes=\"(max-width: 840px) 100vw, 840px\" \/><\/figure>\n\n\n\n<figure class=\"wp-block-image size-large\"><img loading=\"lazy\" width=\"840\" height=\"560\" data-id=\"1022\"  src=\"https:\/\/portaleducacao.guarulhos.sp.gov.br\/wp_site\/abrilliterario\/wp-content\/uploads\/sites\/24\/2023\/05\/925b48e2-a169-4f87-b306-82bed0a97d89.jpg\" alt=\"\" class=\"wp-image-1022\" srcset=\"https:\/\/portaleducacao.guarulhos.sp.gov.br\/wp_site\/abrilliterario\/wp-content\/uploads\/sites\/24\/2023\/05\/925b48e2-a169-4f87-b306-82bed0a97d89.jpg 840w, https:\/\/portaleducacao.guarulhos.sp.gov.br\/wp_site\/abrilliterario\/wp-content\/uploads\/sites\/24\/2023\/05\/925b48e2-a169-4f87-b306-82bed0a97d89-300x200.jpg 300w, https:\/\/portaleducacao.guarulhos.sp.gov.br\/wp_site\/abrilliterario\/wp-content\/uploads\/sites\/24\/2023\/05\/925b48e2-a169-4f87-b306-82bed0a97d89-768x512.jpg 768w\" sizes=\"(max-width: 840px) 100vw, 840px\" \/><\/figure>\n\n\n\n<figure class=\"wp-block-image size-large\"><img loading=\"lazy\" width=\"400\" height=\"301\" data-id=\"1021\"  src=\"https:\/\/portaleducacao.guarulhos.sp.gov.br\/wp_site\/abrilliterario\/wp-content\/uploads\/sites\/24\/2023\/05\/8f013688-5c67-410c-82fa-b36db458942e.jpeg\" alt=\"\" class=\"wp-image-1021\" srcset=\"https:\/\/portaleducacao.guarulhos.sp.gov.br\/wp_site\/abrilliterario\/wp-content\/uploads\/sites\/24\/2023\/05\/8f013688-5c67-410c-82fa-b36db458942e.jpeg 400w, https:\/\/portaleducacao.guarulhos.sp.gov.br\/wp_site\/abrilliterario\/wp-content\/uploads\/sites\/24\/2023\/05\/8f013688-5c67-410c-82fa-b36db458942e-300x226.jpeg 300w\" sizes=\"(max-width: 400px) 100vw, 400px\" \/><\/figure>\n<\/figure>\n\n\n\n<p><a href=\"https:\/\/portaleducacao.guarulhos.sp.gov.br\/siseduc\/portal\/site\/detalhar\/conteudo\/6044\/\">https:\/\/portaleducacao.guarulhos.sp.gov.br\/siseduc\/portal\/site\/detalhar\/conteudo\/6044\/<\/a><\/p>\n","protected":false},"excerpt":{"rendered":"<p>Por Carla MaioPublicado em 19\/04\/2023Editado em 24\/04\/2023, \u00e0s 15:53 Promover um espa\u00e7o para que crian\u00e7as possam expressar suas ideias e vivenciar o processo de cria\u00e7\u00e3o de livros. Na manh\u00e3 da &hellip;<\/p>\n<p class=\"read-more\"> <a class=\"\" href=\"https:\/\/portaleducacao.guarulhos.sp.gov.br\/wp_site\/abrilliterario\/2023\/05\/02\/epg-moreira-matos-recebe-o-cartunista-fausto-bergocce-para-bate-papo-sobre-ziraldo\/\"> <span class=\"screen-reader-text\">EPG Moreira Matos recebe o cartunista Fausto Bergocce para bate-papo sobre Ziraldo<\/span> Leia mais &raquo;<\/a><\/p>\n","protected":false},"author":8,"featured_media":1018,"comment_status":"closed","ping_status":"open","sticky":false,"template":"","format":"standard","meta":{"_monsterinsights_skip_tracking":false,"_monsterinsights_sitenote_active":false,"_monsterinsights_sitenote_note":"","_monsterinsights_sitenote_category":0,"site-sidebar-layout":"default","site-content-layout":"default","ast-global-header-display":"","ast-main-header-display":"","ast-hfb-above-header-display":"","ast-hfb-below-header-display":"","ast-hfb-mobile-header-display":"","site-post-title":"","ast-breadcrumbs-content":"","ast-featured-img":"","footer-sml-layout":"","theme-transparent-header-meta":"","adv-header-id-meta":"","stick-header-meta":"","header-above-stick-meta":"","header-main-stick-meta":"","header-below-stick-meta":"","_expiration-date-status":"","_expiration-date":1683659401,"_expiration-date-type":"draft","_expiration-date-categories":[],"_expiration-date-options":[]},"categories":[34],"tags":[],"yoast_head":"<!-- This site is optimized with the Yoast SEO plugin v19.7.1 - https:\/\/yoast.com\/wordpress\/plugins\/seo\/ -->\r\n<title>EPG Moreira Matos recebe o cartunista Fausto Bergocce para bate-papo sobre Ziraldo - Abril Liter\u00e1rio<\/title>\r\n<meta name=\"robots\" content=\"index, follow, max-snippet:-1, max-image-preview:large, max-video-preview:-1\" \/>\r\n<link rel=\"canonical\" href=\"https:\/\/portaleducacao.guarulhos.sp.gov.br\/wp_site\/abrilliterario\/2023\/05\/02\/epg-moreira-matos-recebe-o-cartunista-fausto-bergocce-para-bate-papo-sobre-ziraldo\/\" \/>\r\n<meta property=\"og:locale\" content=\"pt_BR\" \/>\r\n<meta property=\"og:type\" content=\"article\" \/>\r\n<meta property=\"og:title\" content=\"EPG Moreira Matos recebe o cartunista Fausto Bergocce para bate-papo sobre Ziraldo - Abril Liter\u00e1rio\" \/>\r\n<meta property=\"og:description\" content=\"Por Carla MaioPublicado em 19\/04\/2023Editado em 24\/04\/2023, \u00e0s 15:53 Promover um espa\u00e7o para que crian\u00e7as possam expressar suas ideias e vivenciar o processo de cria\u00e7\u00e3o de livros. Na manh\u00e3 da &hellip; EPG Moreira Matos recebe o cartunista Fausto Bergocce para bate-papo sobre Ziraldo Leia mais &raquo;\" \/>\r\n<meta property=\"og:url\" content=\"https:\/\/portaleducacao.guarulhos.sp.gov.br\/wp_site\/abrilliterario\/2023\/05\/02\/epg-moreira-matos-recebe-o-cartunista-fausto-bergocce-para-bate-papo-sobre-ziraldo\/\" \/>\r\n<meta property=\"og:site_name\" content=\"Abril Liter\u00e1rio\" \/>\r\n<meta property=\"article:published_time\" content=\"2023-05-02T14:14:27+00:00\" \/>\r\n<meta property=\"article:modified_time\" content=\"2023-05-02T19:10:27+00:00\" \/>\r\n<meta property=\"og:image\" content=\"http:\/\/portaleducacao.guarulhos.sp.gov.br\/wp_site\/abrilliterario\/wp-content\/uploads\/sites\/24\/2023\/05\/8e04a57d-36cc-45ff-974e-53b6d85d016f.jpg\" \/>\r\n\t<meta property=\"og:image:width\" content=\"840\" \/>\r\n\t<meta property=\"og:image:height\" content=\"560\" \/>\r\n\t<meta property=\"og:image:type\" content=\"image\/jpeg\" \/>\r\n<meta name=\"author\" content=\"Programas e Projetos\" \/>\r\n<meta name=\"twitter:card\" content=\"summary_large_image\" \/>\r\n<meta name=\"twitter:label1\" content=\"Escrito por\" \/>\n\t<meta name=\"twitter:data1\" content=\"Programas e Projetos\" \/>\n\t<meta name=\"twitter:label2\" content=\"Est. tempo de leitura\" \/>\n\t<meta name=\"twitter:data2\" content=\"6 minutos\" \/>\r\n<script type=\"application\/ld+json\" class=\"yoast-schema-graph\">{\"@context\":\"https:\/\/schema.org\",\"@graph\":[{\"@type\":\"WebPage\",\"@id\":\"https:\/\/portaleducacao.guarulhos.sp.gov.br\/wp_site\/abrilliterario\/2023\/05\/02\/epg-moreira-matos-recebe-o-cartunista-fausto-bergocce-para-bate-papo-sobre-ziraldo\/\",\"url\":\"https:\/\/portaleducacao.guarulhos.sp.gov.br\/wp_site\/abrilliterario\/2023\/05\/02\/epg-moreira-matos-recebe-o-cartunista-fausto-bergocce-para-bate-papo-sobre-ziraldo\/\",\"name\":\"EPG Moreira Matos recebe o cartunista Fausto Bergocce para bate-papo sobre Ziraldo - Abril Liter\u00e1rio\",\"isPartOf\":{\"@id\":\"https:\/\/portaleducacao.guarulhos.sp.gov.br\/wp_site\/abrilliterario\/#website\"},\"datePublished\":\"2023-05-02T14:14:27+00:00\",\"dateModified\":\"2023-05-02T19:10:27+00:00\",\"author\":{\"@id\":\"https:\/\/portaleducacao.guarulhos.sp.gov.br\/wp_site\/abrilliterario\/#\/schema\/person\/e8e9fffd002bb931a098d764df5fe663\"},\"breadcrumb\":{\"@id\":\"https:\/\/portaleducacao.guarulhos.sp.gov.br\/wp_site\/abrilliterario\/2023\/05\/02\/epg-moreira-matos-recebe-o-cartunista-fausto-bergocce-para-bate-papo-sobre-ziraldo\/#breadcrumb\"},\"inLanguage\":\"pt-BR\",\"potentialAction\":[{\"@type\":\"ReadAction\",\"target\":[\"https:\/\/portaleducacao.guarulhos.sp.gov.br\/wp_site\/abrilliterario\/2023\/05\/02\/epg-moreira-matos-recebe-o-cartunista-fausto-bergocce-para-bate-papo-sobre-ziraldo\/\"]}]},{\"@type\":\"BreadcrumbList\",\"@id\":\"https:\/\/portaleducacao.guarulhos.sp.gov.br\/wp_site\/abrilliterario\/2023\/05\/02\/epg-moreira-matos-recebe-o-cartunista-fausto-bergocce-para-bate-papo-sobre-ziraldo\/#breadcrumb\",\"itemListElement\":[{\"@type\":\"ListItem\",\"position\":1,\"name\":\"In\u00edcio\",\"item\":\"https:\/\/portaleducacao.guarulhos.sp.gov.br\/wp_site\/abrilliterario\/\"},{\"@type\":\"ListItem\",\"position\":2,\"name\":\"EPG Moreira Matos recebe o cartunista Fausto Bergocce para bate-papo sobre Ziraldo\"}]},{\"@type\":\"WebSite\",\"@id\":\"https:\/\/portaleducacao.guarulhos.sp.gov.br\/wp_site\/abrilliterario\/#website\",\"url\":\"https:\/\/portaleducacao.guarulhos.sp.gov.br\/wp_site\/abrilliterario\/\",\"name\":\"Abril Liter\u00e1rio\",\"description\":\"Literalmente isso...\",\"potentialAction\":[{\"@type\":\"SearchAction\",\"target\":{\"@type\":\"EntryPoint\",\"urlTemplate\":\"https:\/\/portaleducacao.guarulhos.sp.gov.br\/wp_site\/abrilliterario\/?s={search_term_string}\"},\"query-input\":\"required name=search_term_string\"}],\"inLanguage\":\"pt-BR\"},{\"@type\":\"Person\",\"@id\":\"https:\/\/portaleducacao.guarulhos.sp.gov.br\/wp_site\/abrilliterario\/#\/schema\/person\/e8e9fffd002bb931a098d764df5fe663\",\"name\":\"Programas e Projetos\",\"image\":{\"@type\":\"ImageObject\",\"inLanguage\":\"pt-BR\",\"@id\":\"https:\/\/portaleducacao.guarulhos.sp.gov.br\/wp_site\/abrilliterario\/#\/schema\/person\/image\/\",\"url\":\"https:\/\/secure.gravatar.com\/avatar\/5d11d5b4f6464e238415ff43bd8a530c?s=96&d=mm&r=g\",\"contentUrl\":\"https:\/\/secure.gravatar.com\/avatar\/5d11d5b4f6464e238415ff43bd8a530c?s=96&d=mm&r=g\",\"caption\":\"Programas e Projetos\"},\"url\":\"https:\/\/portaleducacao.guarulhos.sp.gov.br\/wp_site\/abrilliterario\/author\/programas\/\"}]}<\/script>\r\n<!-- \/ Yoast SEO plugin. -->","yoast_head_json":{"title":"EPG Moreira Matos recebe o cartunista Fausto Bergocce para bate-papo sobre Ziraldo - Abril Liter\u00e1rio","robots":{"index":"index","follow":"follow","max-snippet":"max-snippet:-1","max-image-preview":"max-image-preview:large","max-video-preview":"max-video-preview:-1"},"canonical":"https:\/\/portaleducacao.guarulhos.sp.gov.br\/wp_site\/abrilliterario\/2023\/05\/02\/epg-moreira-matos-recebe-o-cartunista-fausto-bergocce-para-bate-papo-sobre-ziraldo\/","og_locale":"pt_BR","og_type":"article","og_title":"EPG Moreira Matos recebe o cartunista Fausto Bergocce para bate-papo sobre Ziraldo - Abril Liter\u00e1rio","og_description":"Por Carla MaioPublicado em 19\/04\/2023Editado em 24\/04\/2023, \u00e0s 15:53 Promover um espa\u00e7o para que crian\u00e7as possam expressar suas ideias e vivenciar o processo de cria\u00e7\u00e3o de livros. Na manh\u00e3 da &hellip; EPG Moreira Matos recebe o cartunista Fausto Bergocce para bate-papo sobre Ziraldo Leia mais &raquo;","og_url":"https:\/\/portaleducacao.guarulhos.sp.gov.br\/wp_site\/abrilliterario\/2023\/05\/02\/epg-moreira-matos-recebe-o-cartunista-fausto-bergocce-para-bate-papo-sobre-ziraldo\/","og_site_name":"Abril Liter\u00e1rio","article_published_time":"2023-05-02T14:14:27+00:00","article_modified_time":"2023-05-02T19:10:27+00:00","og_image":[{"width":840,"height":560,"url":"http:\/\/portaleducacao.guarulhos.sp.gov.br\/wp_site\/abrilliterario\/wp-content\/uploads\/sites\/24\/2023\/05\/8e04a57d-36cc-45ff-974e-53b6d85d016f.jpg","type":"image\/jpeg"}],"author":"Programas e Projetos","twitter_card":"summary_large_image","twitter_misc":{"Escrito por":"Programas e Projetos","Est. tempo de leitura":"6 minutos"},"schema":{"@context":"https:\/\/schema.org","@graph":[{"@type":"WebPage","@id":"https:\/\/portaleducacao.guarulhos.sp.gov.br\/wp_site\/abrilliterario\/2023\/05\/02\/epg-moreira-matos-recebe-o-cartunista-fausto-bergocce-para-bate-papo-sobre-ziraldo\/","url":"https:\/\/portaleducacao.guarulhos.sp.gov.br\/wp_site\/abrilliterario\/2023\/05\/02\/epg-moreira-matos-recebe-o-cartunista-fausto-bergocce-para-bate-papo-sobre-ziraldo\/","name":"EPG Moreira Matos recebe o cartunista Fausto Bergocce para bate-papo sobre Ziraldo - Abril Liter\u00e1rio","isPartOf":{"@id":"https:\/\/portaleducacao.guarulhos.sp.gov.br\/wp_site\/abrilliterario\/#website"},"datePublished":"2023-05-02T14:14:27+00:00","dateModified":"2023-05-02T19:10:27+00:00","author":{"@id":"https:\/\/portaleducacao.guarulhos.sp.gov.br\/wp_site\/abrilliterario\/#\/schema\/person\/e8e9fffd002bb931a098d764df5fe663"},"breadcrumb":{"@id":"https:\/\/portaleducacao.guarulhos.sp.gov.br\/wp_site\/abrilliterario\/2023\/05\/02\/epg-moreira-matos-recebe-o-cartunista-fausto-bergocce-para-bate-papo-sobre-ziraldo\/#breadcrumb"},"inLanguage":"pt-BR","potentialAction":[{"@type":"ReadAction","target":["https:\/\/portaleducacao.guarulhos.sp.gov.br\/wp_site\/abrilliterario\/2023\/05\/02\/epg-moreira-matos-recebe-o-cartunista-fausto-bergocce-para-bate-papo-sobre-ziraldo\/"]}]},{"@type":"BreadcrumbList","@id":"https:\/\/portaleducacao.guarulhos.sp.gov.br\/wp_site\/abrilliterario\/2023\/05\/02\/epg-moreira-matos-recebe-o-cartunista-fausto-bergocce-para-bate-papo-sobre-ziraldo\/#breadcrumb","itemListElement":[{"@type":"ListItem","position":1,"name":"In\u00edcio","item":"https:\/\/portaleducacao.guarulhos.sp.gov.br\/wp_site\/abrilliterario\/"},{"@type":"ListItem","position":2,"name":"EPG Moreira Matos recebe o cartunista Fausto Bergocce para bate-papo sobre Ziraldo"}]},{"@type":"WebSite","@id":"https:\/\/portaleducacao.guarulhos.sp.gov.br\/wp_site\/abrilliterario\/#website","url":"https:\/\/portaleducacao.guarulhos.sp.gov.br\/wp_site\/abrilliterario\/","name":"Abril Liter\u00e1rio","description":"Literalmente isso...","potentialAction":[{"@type":"SearchAction","target":{"@type":"EntryPoint","urlTemplate":"https:\/\/portaleducacao.guarulhos.sp.gov.br\/wp_site\/abrilliterario\/?s={search_term_string}"},"query-input":"required name=search_term_string"}],"inLanguage":"pt-BR"},{"@type":"Person","@id":"https:\/\/portaleducacao.guarulhos.sp.gov.br\/wp_site\/abrilliterario\/#\/schema\/person\/e8e9fffd002bb931a098d764df5fe663","name":"Programas e Projetos","image":{"@type":"ImageObject","inLanguage":"pt-BR","@id":"https:\/\/portaleducacao.guarulhos.sp.gov.br\/wp_site\/abrilliterario\/#\/schema\/person\/image\/","url":"https:\/\/secure.gravatar.com\/avatar\/5d11d5b4f6464e238415ff43bd8a530c?s=96&d=mm&r=g","contentUrl":"https:\/\/secure.gravatar.com\/avatar\/5d11d5b4f6464e238415ff43bd8a530c?s=96&d=mm&r=g","caption":"Programas e Projetos"},"url":"https:\/\/portaleducacao.guarulhos.sp.gov.br\/wp_site\/abrilliterario\/author\/programas\/"}]}},"_links":{"self":[{"href":"https:\/\/portaleducacao.guarulhos.sp.gov.br\/wp_site\/abrilliterario\/wp-json\/wp\/v2\/posts\/1017"}],"collection":[{"href":"https:\/\/portaleducacao.guarulhos.sp.gov.br\/wp_site\/abrilliterario\/wp-json\/wp\/v2\/posts"}],"about":[{"href":"https:\/\/portaleducacao.guarulhos.sp.gov.br\/wp_site\/abrilliterario\/wp-json\/wp\/v2\/types\/post"}],"author":[{"embeddable":true,"href":"https:\/\/portaleducacao.guarulhos.sp.gov.br\/wp_site\/abrilliterario\/wp-json\/wp\/v2\/users\/8"}],"replies":[{"embeddable":true,"href":"https:\/\/portaleducacao.guarulhos.sp.gov.br\/wp_site\/abrilliterario\/wp-json\/wp\/v2\/comments?post=1017"}],"version-history":[{"count":2,"href":"https:\/\/portaleducacao.guarulhos.sp.gov.br\/wp_site\/abrilliterario\/wp-json\/wp\/v2\/posts\/1017\/revisions"}],"predecessor-version":[{"id":1057,"href":"https:\/\/portaleducacao.guarulhos.sp.gov.br\/wp_site\/abrilliterario\/wp-json\/wp\/v2\/posts\/1017\/revisions\/1057"}],"wp:featuredmedia":[{"embeddable":true,"href":"https:\/\/portaleducacao.guarulhos.sp.gov.br\/wp_site\/abrilliterario\/wp-json\/wp\/v2\/media\/1018"}],"wp:attachment":[{"href":"https:\/\/portaleducacao.guarulhos.sp.gov.br\/wp_site\/abrilliterario\/wp-json\/wp\/v2\/media?parent=1017"}],"wp:term":[{"taxonomy":"category","embeddable":true,"href":"https:\/\/portaleducacao.guarulhos.sp.gov.br\/wp_site\/abrilliterario\/wp-json\/wp\/v2\/categories?post=1017"},{"taxonomy":"post_tag","embeddable":true,"href":"https:\/\/portaleducacao.guarulhos.sp.gov.br\/wp_site\/abrilliterario\/wp-json\/wp\/v2\/tags?post=1017"}],"curies":[{"name":"wp","href":"https:\/\/api.w.org\/{rel}","templated":true}]}}