{"id":1163,"date":"2024-03-27T15:06:57","date_gmt":"2024-03-27T18:06:57","guid":{"rendered":"https:\/\/portaleducacao.guarulhos.sp.gov.br\/wp_site\/abrilliterario\/?p=1163"},"modified":"2024-04-10T13:38:30","modified_gmt":"2024-04-10T16:38:30","slug":"ceus","status":"publish","type":"post","link":"https:\/\/portaleducacao.guarulhos.sp.gov.br\/wp_site\/abrilliterario\/2024\/03\/27\/ceus\/","title":{"rendered":"CEUs"},"content":{"rendered":"\n<p class=\"has-medium-font-size\"><strong>Unidade: CEU BAMBI<\/strong><br><strong>Atividade\/Descri\u00e7\u00e3o:<\/strong> Participa\u00e7\u00e3o no Abril Liter\u00e1rio apresentando um participante da linhagem do Tiradentes. Aquele, gentilmente, trar\u00e1 um pouco da hist\u00f3ria dos seus antepassados, assim como exposi\u00e7\u00e3o de objetos e documentos comprobat\u00f3rios da genealogia\/parentesco como livros, medalhas e fotografias que a atual fam\u00edlia ganhou em homenagens quando convidados em eventos na ALESP.<br><strong>Data(s) da Atividade: <\/strong>23\/04<\/p>\n\n\n\n<hr class=\"wp-block-separator has-alpha-channel-opacity is-style-wide\" \/>\n\n\n\n<p class=\"has-medium-font-size\"><strong>Unidade: CEU JARDIM CUMBICA<\/strong><br><strong>Atividade\/Descri\u00e7\u00e3o:<\/strong> &#8220;Os Piratas da Leitura&#8221; \u00e9 uma pe\u00e7a de teatro itinerante que leva o p\u00fablico a uma jornada emocionante atrav\u00e9s da hist\u00f3ria do teatro, karat\u00ea e circo . Enquanto as crian\u00e7as exploram diferentes espa\u00e7os, s\u00e3o transportadas para \u00e9pocas e lugares distintos, onde s\u00e3o envolvidas por hist\u00f3rias fascinantes. Desde as origens do teatro na Gr\u00e9cia Antiga at\u00e9 os espet\u00e1culos circenses mais grandiosos, passando pela disciplina e arte do karat\u00ea, cada parada revela segredos e aventuras \u00fanicas. Por fim, no CIL (Centro de Incentivo \u00e0 Leitura) , uma hist\u00f3ria encantadora fecha a pe\u00e7a, ressaltando a import\u00e2ncia do conhecimento e da imagina\u00e7\u00e3o. Ao longo dessa jornada , o p\u00fablico n\u00e3o apenas assiste, mas, tamb\u00e9m viaja num emocionante passeio em um navio pirata, tornando-se parte integrante dessa viagem cultural e educativa.<br><strong>Data(s) da Atividade:<\/strong> 25\/04<\/p>\n\n\n\n<hr class=\"wp-block-separator has-alpha-channel-opacity is-style-wide\" \/>\n\n\n\n<p class=\"has-medium-font-size\"><strong>Unidade: CEU PARQUE S\u00c3O MIGUEL<\/strong><br><strong>Atividade\/Descri\u00e7\u00e3o:<\/strong><br>1- Atividades de leitura<br>2- 08\/04- Cria\u00e7\u00e3o de hist\u00f3ria, a partir, de objetos trazidos de casa. &#8211; Professora Thaiz &#8211; Alunos de Teatro<br>3- 17\/04- Roda de leitura com os alunos do EducaCEU &#8211; Cristiane<br>4- 23\/04- Me conta um conto\u2026 Conta\u00e7\u00e3o de de causos vividos no Interior de Minas Gerais para os alunos do EducaCEU &#8211; Silmara<br><strong>Data(s) da Atividade: <\/strong>05, 08, 17, 23\/04<\/p>\n\n\n\n<hr class=\"wp-block-separator has-alpha-channel-opacity is-style-wide\" \/>\n\n\n\n<p class=\"has-medium-font-size\"><strong>Unidade: CEU PRESIDENTE DUTRA<\/strong><br><strong>Atividade\/Descri\u00e7\u00e3o:<\/strong><br>1- Professores participantes: Maria Isabel, Ana Paula, Mariana, Vanessa e Maycon<br>Leitura &#8211; Karat\u00ea &#8211; &#8220;O manual do Karat\u00ea Kids&#8221;<br>Leitura &#8211; Karat\u00ea &#8211; &#8220;Hist\u00f3ria Geral e no Brasil&#8221;<br>2- 10\/04- Aula sobre o Livro \u201cDom Quixote\u201d e do autor Miguel de Cervantes<br>3- 18\/04 &#8211; Jogos e brincadeiras com elementos da natureza &#8211; \u00c1rvore de livros, &#8220;colheita&#8221; e leitura ao ar livre<br>4- 19\/04 &#8211; Teatro &#8211; Prof Maycon &#8211; Dramatiza\u00e7\u00e3o de hist\u00f3rias<br>5- 19\/04- Cria\u00e7\u00e3o com a turma de poesias\/ frases e narrativas po\u00e9ticas ao p\u00e9 do ouvido. Prof\u00aa Mariana Roberta dos Santos Abi-Asli Paes<br><strong>Data(s) da Atividade:<\/strong> 09 e 11\/04<\/p>\n\n\n\n<hr class=\"wp-block-separator has-alpha-channel-opacity is-style-wide\" \/>\n\n\n\n<p class=\"has-medium-font-size\"><strong>Unidade: CEU ROSA DE FRAN\u00c7A<\/strong><br><strong>Atividade\/Descri\u00e7\u00e3o:<\/strong><br>1- 01\/04; 03\/04; 05\/04 &#8211; Hist\u00f3ria Sonorizada: Atividade realizada com os alunos do EducaCEU com a Professora Jos\u00e9lia (Espanhol).<br>2- 02\/04; 04\/04; 09\/4; 11\/04; 16\/04; 18\/04; 23\/04; 25\/04; 30\/04 &#8211; Literarte: Atividade realizada com os alunos do EducaCEU com a professora Val\u00e9ria com a aula de Literarte que \u00e9 a mistura de Literatura e Arte.<br>3- 15\/04; 17\/04; 19\/04 &#8211; Conto Sonorizado: Atividade realizada com os alunos do EducaCEU com a Professora Fabiani e Professora Priscila Pereira. (Musicaliza\u00e7\u00e3o).<br>4- 20\/04 &#8211; Chuva de Poesia: Momento Liter\u00e1rio no corredor da Unidade com as coordenadoras Cinthia e Silvia abrindo o \u201cGuarda Chuva de Poesias\u201d lendo e oferecendo aos mun\u00edcipes e alunos momentos para sortear poesias. O movimento tamb\u00e9m ser\u00e1 feito com o EducaCEU.<br>5- 25\/04 &#8211; \u201cTodo o mundo conta hist\u00f3ria.\u201d: Aula Aberta &#8211; Atividade realizada com a turma de Teatro Adulto (18+), teatro de improviso e ou mon\u00f3logo.<br>29\/04: Conta\u00e7\u00e3o de hist\u00f3rias para as turmas do EducaCEU com a autora guarulhense Luciellen de Carvalho.<br><strong>Data(s) da Atividade:<\/strong> Ao longo do m\u00eas de Abril<\/p>\n\n\n\n<hr class=\"wp-block-separator has-alpha-channel-opacity is-style-wide\" \/>\n\n\n\n<p class=\"has-medium-font-size\"><strong>Unidade: CEU S\u00c3O DOMINGOS<\/strong><br><strong>Atividade\/Descri\u00e7\u00e3o:<\/strong> Leitura com imagens, tendo a participa\u00e7\u00e3o dos alunos; conta\u00e7\u00e3o de hist\u00f3ria para montagem de uma Cena, &#8220;Dom Quixote&#8221;; conversa sobre a leitura e conta\u00e7\u00e3o de est\u00f3rias pelos alunos, entre outras atividades, dependendo do andamento e\/ou possibilidade de mudan\u00e7a no plano. Jos\u00e9lia Oliveira &#8211; Turmas D\/E.<br><strong>Data(s) da Atividade:<\/strong> 01 a 05, podendo estender-se no m\u00eas de Abril<\/p>\n\n\n\n<hr class=\"wp-block-separator has-alpha-channel-opacity is-style-wide\" \/>\n\n\n\n<p><\/p>\n","protected":false},"excerpt":{"rendered":"<p>Unidade: CEU BAMBIAtividade\/Descri\u00e7\u00e3o: Participa\u00e7\u00e3o no Abril Liter\u00e1rio apresentando um participante da linhagem do Tiradentes. Aquele, gentilmente, trar\u00e1 um pouco da hist\u00f3ria dos seus antepassados, assim como exposi\u00e7\u00e3o de objetos e &hellip;<\/p>\n<p class=\"read-more\"> <a class=\"\" href=\"https:\/\/portaleducacao.guarulhos.sp.gov.br\/wp_site\/abrilliterario\/2024\/03\/27\/ceus\/\"> <span class=\"screen-reader-text\">CEUs<\/span> Leia mais &raquo;<\/a><\/p>\n","protected":false},"author":1,"featured_media":0,"comment_status":"open","ping_status":"open","sticky":false,"template":"","format":"standard","meta":{"_monsterinsights_skip_tracking":false,"_monsterinsights_sitenote_active":false,"_monsterinsights_sitenote_note":"","_monsterinsights_sitenote_category":0,"site-sidebar-layout":"default","site-content-layout":"default","ast-global-header-display":"","ast-main-header-display":"","ast-hfb-above-header-display":"","ast-hfb-below-header-display":"","ast-hfb-mobile-header-display":"","site-post-title":"","ast-breadcrumbs-content":"","ast-featured-img":"","footer-sml-layout":"","theme-transparent-header-meta":"","adv-header-id-meta":"","stick-header-meta":"","header-above-stick-meta":"","header-main-stick-meta":"","header-below-stick-meta":"","_expiration-date-status":"","_expiration-date":0,"_expiration-date-type":"","_expiration-date-categories":[],"_expiration-date-options":[]},"categories":[35,41],"tags":[],"yoast_head":"<!-- This site is optimized with the Yoast SEO plugin v19.7.1 - https:\/\/yoast.com\/wordpress\/plugins\/seo\/ -->\r\n<title>CEUs - Abril Liter\u00e1rio<\/title>\r\n<meta name=\"robots\" content=\"index, follow, max-snippet:-1, max-image-preview:large, max-video-preview:-1\" \/>\r\n<link rel=\"canonical\" href=\"https:\/\/portaleducacao.guarulhos.sp.gov.br\/wp_site\/abrilliterario\/2024\/03\/27\/ceus\/\" \/>\r\n<meta property=\"og:locale\" content=\"pt_BR\" \/>\r\n<meta property=\"og:type\" content=\"article\" \/>\r\n<meta property=\"og:title\" content=\"CEUs - Abril Liter\u00e1rio\" \/>\r\n<meta property=\"og:description\" content=\"Unidade: CEU BAMBIAtividade\/Descri\u00e7\u00e3o: Participa\u00e7\u00e3o no Abril Liter\u00e1rio apresentando um participante da linhagem do Tiradentes. Aquele, gentilmente, trar\u00e1 um pouco da hist\u00f3ria dos seus antepassados, assim como exposi\u00e7\u00e3o de objetos e &hellip; CEUs Leia mais &raquo;\" \/>\r\n<meta property=\"og:url\" content=\"https:\/\/portaleducacao.guarulhos.sp.gov.br\/wp_site\/abrilliterario\/2024\/03\/27\/ceus\/\" \/>\r\n<meta property=\"og:site_name\" content=\"Abril Liter\u00e1rio\" \/>\r\n<meta property=\"article:published_time\" content=\"2024-03-27T18:06:57+00:00\" \/>\r\n<meta property=\"article:modified_time\" content=\"2024-04-10T16:38:30+00:00\" \/>\r\n<meta name=\"author\" content=\"sites\" \/>\r\n<meta name=\"twitter:card\" content=\"summary_large_image\" \/>\r\n<meta name=\"twitter:label1\" content=\"Escrito por\" \/>\n\t<meta name=\"twitter:data1\" content=\"sites\" \/>\n\t<meta name=\"twitter:label2\" content=\"Est. tempo de leitura\" \/>\n\t<meta name=\"twitter:data2\" content=\"4 minutos\" \/>\r\n<script type=\"application\/ld+json\" class=\"yoast-schema-graph\">{\"@context\":\"https:\/\/schema.org\",\"@graph\":[{\"@type\":\"WebPage\",\"@id\":\"https:\/\/portaleducacao.guarulhos.sp.gov.br\/wp_site\/abrilliterario\/2024\/03\/27\/ceus\/\",\"url\":\"https:\/\/portaleducacao.guarulhos.sp.gov.br\/wp_site\/abrilliterario\/2024\/03\/27\/ceus\/\",\"name\":\"CEUs - Abril Liter\u00e1rio\",\"isPartOf\":{\"@id\":\"https:\/\/portaleducacao.guarulhos.sp.gov.br\/wp_site\/abrilliterario\/#website\"},\"datePublished\":\"2024-03-27T18:06:57+00:00\",\"dateModified\":\"2024-04-10T16:38:30+00:00\",\"author\":{\"@id\":\"https:\/\/portaleducacao.guarulhos.sp.gov.br\/wp_site\/abrilliterario\/#\/schema\/person\/9d1c60216648b2e84d2544ba3ee8bb69\"},\"breadcrumb\":{\"@id\":\"https:\/\/portaleducacao.guarulhos.sp.gov.br\/wp_site\/abrilliterario\/2024\/03\/27\/ceus\/#breadcrumb\"},\"inLanguage\":\"pt-BR\",\"potentialAction\":[{\"@type\":\"ReadAction\",\"target\":[\"https:\/\/portaleducacao.guarulhos.sp.gov.br\/wp_site\/abrilliterario\/2024\/03\/27\/ceus\/\"]}]},{\"@type\":\"BreadcrumbList\",\"@id\":\"https:\/\/portaleducacao.guarulhos.sp.gov.br\/wp_site\/abrilliterario\/2024\/03\/27\/ceus\/#breadcrumb\",\"itemListElement\":[{\"@type\":\"ListItem\",\"position\":1,\"name\":\"In\u00edcio\",\"item\":\"https:\/\/portaleducacao.guarulhos.sp.gov.br\/wp_site\/abrilliterario\/\"},{\"@type\":\"ListItem\",\"position\":2,\"name\":\"CEUs\"}]},{\"@type\":\"WebSite\",\"@id\":\"https:\/\/portaleducacao.guarulhos.sp.gov.br\/wp_site\/abrilliterario\/#website\",\"url\":\"https:\/\/portaleducacao.guarulhos.sp.gov.br\/wp_site\/abrilliterario\/\",\"name\":\"Abril Liter\u00e1rio\",\"description\":\"Literalmente isso...\",\"potentialAction\":[{\"@type\":\"SearchAction\",\"target\":{\"@type\":\"EntryPoint\",\"urlTemplate\":\"https:\/\/portaleducacao.guarulhos.sp.gov.br\/wp_site\/abrilliterario\/?s={search_term_string}\"},\"query-input\":\"required name=search_term_string\"}],\"inLanguage\":\"pt-BR\"},{\"@type\":\"Person\",\"@id\":\"https:\/\/portaleducacao.guarulhos.sp.gov.br\/wp_site\/abrilliterario\/#\/schema\/person\/9d1c60216648b2e84d2544ba3ee8bb69\",\"name\":\"sites\",\"image\":{\"@type\":\"ImageObject\",\"inLanguage\":\"pt-BR\",\"@id\":\"https:\/\/portaleducacao.guarulhos.sp.gov.br\/wp_site\/abrilliterario\/#\/schema\/person\/image\/\",\"url\":\"https:\/\/secure.gravatar.com\/avatar\/d320dc056d58878ea1be67e0f28bb03d?s=96&d=mm&r=g\",\"contentUrl\":\"https:\/\/secure.gravatar.com\/avatar\/d320dc056d58878ea1be67e0f28bb03d?s=96&d=mm&r=g\",\"caption\":\"sites\"},\"sameAs\":[\"http:\/\/172.16.208.47\/sites\"],\"url\":\"https:\/\/portaleducacao.guarulhos.sp.gov.br\/wp_site\/abrilliterario\/author\/sites\/\"}]}<\/script>\r\n<!-- \/ Yoast SEO plugin. -->","yoast_head_json":{"title":"CEUs - Abril Liter\u00e1rio","robots":{"index":"index","follow":"follow","max-snippet":"max-snippet:-1","max-image-preview":"max-image-preview:large","max-video-preview":"max-video-preview:-1"},"canonical":"https:\/\/portaleducacao.guarulhos.sp.gov.br\/wp_site\/abrilliterario\/2024\/03\/27\/ceus\/","og_locale":"pt_BR","og_type":"article","og_title":"CEUs - Abril Liter\u00e1rio","og_description":"Unidade: CEU BAMBIAtividade\/Descri\u00e7\u00e3o: Participa\u00e7\u00e3o no Abril Liter\u00e1rio apresentando um participante da linhagem do Tiradentes. Aquele, gentilmente, trar\u00e1 um pouco da hist\u00f3ria dos seus antepassados, assim como exposi\u00e7\u00e3o de objetos e &hellip; CEUs Leia mais &raquo;","og_url":"https:\/\/portaleducacao.guarulhos.sp.gov.br\/wp_site\/abrilliterario\/2024\/03\/27\/ceus\/","og_site_name":"Abril Liter\u00e1rio","article_published_time":"2024-03-27T18:06:57+00:00","article_modified_time":"2024-04-10T16:38:30+00:00","author":"sites","twitter_card":"summary_large_image","twitter_misc":{"Escrito por":"sites","Est. tempo de leitura":"4 minutos"},"schema":{"@context":"https:\/\/schema.org","@graph":[{"@type":"WebPage","@id":"https:\/\/portaleducacao.guarulhos.sp.gov.br\/wp_site\/abrilliterario\/2024\/03\/27\/ceus\/","url":"https:\/\/portaleducacao.guarulhos.sp.gov.br\/wp_site\/abrilliterario\/2024\/03\/27\/ceus\/","name":"CEUs - Abril Liter\u00e1rio","isPartOf":{"@id":"https:\/\/portaleducacao.guarulhos.sp.gov.br\/wp_site\/abrilliterario\/#website"},"datePublished":"2024-03-27T18:06:57+00:00","dateModified":"2024-04-10T16:38:30+00:00","author":{"@id":"https:\/\/portaleducacao.guarulhos.sp.gov.br\/wp_site\/abrilliterario\/#\/schema\/person\/9d1c60216648b2e84d2544ba3ee8bb69"},"breadcrumb":{"@id":"https:\/\/portaleducacao.guarulhos.sp.gov.br\/wp_site\/abrilliterario\/2024\/03\/27\/ceus\/#breadcrumb"},"inLanguage":"pt-BR","potentialAction":[{"@type":"ReadAction","target":["https:\/\/portaleducacao.guarulhos.sp.gov.br\/wp_site\/abrilliterario\/2024\/03\/27\/ceus\/"]}]},{"@type":"BreadcrumbList","@id":"https:\/\/portaleducacao.guarulhos.sp.gov.br\/wp_site\/abrilliterario\/2024\/03\/27\/ceus\/#breadcrumb","itemListElement":[{"@type":"ListItem","position":1,"name":"In\u00edcio","item":"https:\/\/portaleducacao.guarulhos.sp.gov.br\/wp_site\/abrilliterario\/"},{"@type":"ListItem","position":2,"name":"CEUs"}]},{"@type":"WebSite","@id":"https:\/\/portaleducacao.guarulhos.sp.gov.br\/wp_site\/abrilliterario\/#website","url":"https:\/\/portaleducacao.guarulhos.sp.gov.br\/wp_site\/abrilliterario\/","name":"Abril Liter\u00e1rio","description":"Literalmente isso...","potentialAction":[{"@type":"SearchAction","target":{"@type":"EntryPoint","urlTemplate":"https:\/\/portaleducacao.guarulhos.sp.gov.br\/wp_site\/abrilliterario\/?s={search_term_string}"},"query-input":"required name=search_term_string"}],"inLanguage":"pt-BR"},{"@type":"Person","@id":"https:\/\/portaleducacao.guarulhos.sp.gov.br\/wp_site\/abrilliterario\/#\/schema\/person\/9d1c60216648b2e84d2544ba3ee8bb69","name":"sites","image":{"@type":"ImageObject","inLanguage":"pt-BR","@id":"https:\/\/portaleducacao.guarulhos.sp.gov.br\/wp_site\/abrilliterario\/#\/schema\/person\/image\/","url":"https:\/\/secure.gravatar.com\/avatar\/d320dc056d58878ea1be67e0f28bb03d?s=96&d=mm&r=g","contentUrl":"https:\/\/secure.gravatar.com\/avatar\/d320dc056d58878ea1be67e0f28bb03d?s=96&d=mm&r=g","caption":"sites"},"sameAs":["http:\/\/172.16.208.47\/sites"],"url":"https:\/\/portaleducacao.guarulhos.sp.gov.br\/wp_site\/abrilliterario\/author\/sites\/"}]}},"_links":{"self":[{"href":"https:\/\/portaleducacao.guarulhos.sp.gov.br\/wp_site\/abrilliterario\/wp-json\/wp\/v2\/posts\/1163"}],"collection":[{"href":"https:\/\/portaleducacao.guarulhos.sp.gov.br\/wp_site\/abrilliterario\/wp-json\/wp\/v2\/posts"}],"about":[{"href":"https:\/\/portaleducacao.guarulhos.sp.gov.br\/wp_site\/abrilliterario\/wp-json\/wp\/v2\/types\/post"}],"author":[{"embeddable":true,"href":"https:\/\/portaleducacao.guarulhos.sp.gov.br\/wp_site\/abrilliterario\/wp-json\/wp\/v2\/users\/1"}],"replies":[{"embeddable":true,"href":"https:\/\/portaleducacao.guarulhos.sp.gov.br\/wp_site\/abrilliterario\/wp-json\/wp\/v2\/comments?post=1163"}],"version-history":[{"count":6,"href":"https:\/\/portaleducacao.guarulhos.sp.gov.br\/wp_site\/abrilliterario\/wp-json\/wp\/v2\/posts\/1163\/revisions"}],"predecessor-version":[{"id":1771,"href":"https:\/\/portaleducacao.guarulhos.sp.gov.br\/wp_site\/abrilliterario\/wp-json\/wp\/v2\/posts\/1163\/revisions\/1771"}],"wp:attachment":[{"href":"https:\/\/portaleducacao.guarulhos.sp.gov.br\/wp_site\/abrilliterario\/wp-json\/wp\/v2\/media?parent=1163"}],"wp:term":[{"taxonomy":"category","embeddable":true,"href":"https:\/\/portaleducacao.guarulhos.sp.gov.br\/wp_site\/abrilliterario\/wp-json\/wp\/v2\/categories?post=1163"},{"taxonomy":"post_tag","embeddable":true,"href":"https:\/\/portaleducacao.guarulhos.sp.gov.br\/wp_site\/abrilliterario\/wp-json\/wp\/v2\/tags?post=1163"}],"curies":[{"name":"wp","href":"https:\/\/api.w.org\/{rel}","templated":true}]}}