{"id":1419,"date":"2024-04-08T14:48:36","date_gmt":"2024-04-08T17:48:36","guid":{"rendered":"http:\/\/portaleducacao.guarulhos.sp.gov.br\/wp_site\/abrilliterario\/?p=1419"},"modified":"2024-04-08T14:56:21","modified_gmt":"2024-04-08T17:56:21","slug":"escolas-e-espacos-educacionais-recebem-projeto-de-incentivo-a-leitura","status":"publish","type":"post","link":"https:\/\/portaleducacao.guarulhos.sp.gov.br\/wp_site\/abrilliterario\/2024\/04\/08\/escolas-e-espacos-educacionais-recebem-projeto-de-incentivo-a-leitura\/","title":{"rendered":"Escolas e espa\u00e7os educacionais recebem projeto de incentivo \u00e0 leitura"},"content":{"rendered":"\n<p>Escolas da rede municipal e espa\u00e7os educacionais da cidade receber\u00e3o durante o m\u00eas de abril o Projeto Literatura na Cal\u00e7ada, iniciativa de incentivo \u00e0 leitura. As apresenta\u00e7\u00f5es que acontecem no CEU Pimentas (Estr. do Caminho Velho, 351 \u2013 Pimentas) no dia 26 \u00e0s 9h30, 10h40, 13h30 e 15h, e no Parque Chico Mendes (Av. Jos\u00e9 Miguel Ackel, 1100 &#8211; Vila Izabel) no dia 29 \u00e0s 8h30, 10h, 13h30 e 15h s\u00e3o abertas ao p\u00fablico e t\u00eam classifica\u00e7\u00e3o livre.<\/p>\n\n\n\n<p>A interven\u00e7\u00e3o apresenta uma biblioteca l\u00fadica, interativa e itinerante que oferece atividades art\u00edsticas aliadas ao brincar como media\u00e7\u00e3o de leitura, m\u00fasicas, conta\u00e7\u00e3o de hist\u00f3rias e brincadeiras e momentos de livre acesso a um acervo de livros de literatura infantil com temas diversos.<\/p>\n\n\n\n<p>Al\u00e9m do CEU Pimentas e do Parque Chico Mendes, as EPGs Edson Nunes Malecka, An\u00edsio Teixeira e Crispiniano Soares tamb\u00e9m receber\u00e3o o projeto com apresenta\u00e7\u00f5es exclusivas para os alunos da rede municipal. A atividade receber\u00e1 crian\u00e7as de at\u00e9 11 anos com tradu\u00e7\u00e3o em Libras em 32 sess\u00f5es, livros traduzidos em braile e media\u00e7\u00e3o de leitura especializada com descri\u00e7\u00e3o das imagens para pessoas com defici\u00eancia visual, al\u00e9m de um QRCODE que direciona para v\u00eddeos com acessibilidade em Libras e legenda no canal do YouTube.<\/p>\n\n\n\n<p>Ao longo do ano, o projeto contar\u00e1 com 64 sess\u00f5es da interven\u00e7\u00e3o art\u00edstica liter\u00e1ria com 60 minutos de dura\u00e7\u00e3o cada em parques, escolas e CEUs da cidade.<\/p>\n\n\n\n<p>A iniciativa de incentivo \u00e0 leitura da Trupe BorboLetras \u00e9 um projeto aprovado pelo FunCultura, com recursos federais da Lei Paulo Gustavo, e conta com o apoio da Prefeitura de Guarulhos por meio da Secretaria de Cultura e do Programa Mais Futuro.<\/p>\n","protected":false},"excerpt":{"rendered":"<p>Escolas da rede municipal e espa\u00e7os educacionais da cidade receber\u00e3o durante o m\u00eas de abril o Projeto Literatura na Cal\u00e7ada, iniciativa de incentivo \u00e0 leitura. As apresenta\u00e7\u00f5es que acontecem no &hellip;<\/p>\n<p class=\"read-more\"> <a class=\"\" href=\"https:\/\/portaleducacao.guarulhos.sp.gov.br\/wp_site\/abrilliterario\/2024\/04\/08\/escolas-e-espacos-educacionais-recebem-projeto-de-incentivo-a-leitura\/\"> <span class=\"screen-reader-text\">Escolas e espa\u00e7os educacionais recebem projeto de incentivo \u00e0 leitura<\/span> Leia mais &raquo;<\/a><\/p>\n","protected":false},"author":12,"featured_media":1420,"comment_status":"open","ping_status":"open","sticky":false,"template":"","format":"standard","meta":{"_monsterinsights_skip_tracking":false,"_monsterinsights_sitenote_active":false,"_monsterinsights_sitenote_note":"","_monsterinsights_sitenote_category":0,"site-sidebar-layout":"default","site-content-layout":"default","ast-global-header-display":"","ast-main-header-display":"","ast-hfb-above-header-display":"","ast-hfb-below-header-display":"","ast-hfb-mobile-header-display":"","site-post-title":"","ast-breadcrumbs-content":"","ast-featured-img":"","footer-sml-layout":"","theme-transparent-header-meta":"","adv-header-id-meta":"","stick-header-meta":"","header-above-stick-meta":"","header-main-stick-meta":"","header-below-stick-meta":"","_expiration-date-status":"","_expiration-date":0,"_expiration-date-type":"","_expiration-date-categories":[],"_expiration-date-options":[]},"categories":[37,35],"tags":[],"yoast_head":"<!-- This site is optimized with the Yoast SEO plugin v19.7.1 - https:\/\/yoast.com\/wordpress\/plugins\/seo\/ -->\r\n<title>Escolas e espa\u00e7os educacionais recebem projeto de incentivo \u00e0 leitura - Abril Liter\u00e1rio<\/title>\r\n<meta name=\"robots\" content=\"index, follow, max-snippet:-1, max-image-preview:large, max-video-preview:-1\" \/>\r\n<link rel=\"canonical\" href=\"https:\/\/portaleducacao.guarulhos.sp.gov.br\/wp_site\/abrilliterario\/2024\/04\/08\/escolas-e-espacos-educacionais-recebem-projeto-de-incentivo-a-leitura\/\" \/>\r\n<meta property=\"og:locale\" content=\"pt_BR\" \/>\r\n<meta property=\"og:type\" content=\"article\" \/>\r\n<meta property=\"og:title\" content=\"Escolas e espa\u00e7os educacionais recebem projeto de incentivo \u00e0 leitura - Abril Liter\u00e1rio\" \/>\r\n<meta property=\"og:description\" content=\"Escolas da rede municipal e espa\u00e7os educacionais da cidade receber\u00e3o durante o m\u00eas de abril o Projeto Literatura na Cal\u00e7ada, iniciativa de incentivo \u00e0 leitura. As apresenta\u00e7\u00f5es que acontecem no &hellip; Escolas e espa\u00e7os educacionais recebem projeto de incentivo \u00e0 leitura Leia mais &raquo;\" \/>\r\n<meta property=\"og:url\" content=\"https:\/\/portaleducacao.guarulhos.sp.gov.br\/wp_site\/abrilliterario\/2024\/04\/08\/escolas-e-espacos-educacionais-recebem-projeto-de-incentivo-a-leitura\/\" \/>\r\n<meta property=\"og:site_name\" content=\"Abril Liter\u00e1rio\" \/>\r\n<meta property=\"article:published_time\" content=\"2024-04-08T17:48:36+00:00\" \/>\r\n<meta property=\"article:modified_time\" content=\"2024-04-08T17:56:21+00:00\" \/>\r\n<meta property=\"og:image\" content=\"http:\/\/portaleducacao.guarulhos.sp.gov.br\/wp_site\/abrilliterario\/wp-content\/uploads\/sites\/24\/2024\/04\/cb73000d-0377-44fa-aed6-dda1652de8b7.jpeg\" \/>\r\n\t<meta property=\"og:image:width\" content=\"1600\" \/>\r\n\t<meta property=\"og:image:height\" content=\"1066\" \/>\r\n\t<meta property=\"og:image:type\" content=\"image\/jpeg\" \/>\r\n<meta name=\"author\" content=\"Eduardo Calabria\" \/>\r\n<meta name=\"twitter:card\" content=\"summary_large_image\" \/>\r\n<meta name=\"twitter:label1\" content=\"Escrito por\" \/>\n\t<meta name=\"twitter:data1\" content=\"Eduardo Calabria\" \/>\n\t<meta name=\"twitter:label2\" content=\"Est. tempo de leitura\" \/>\n\t<meta name=\"twitter:data2\" content=\"2 minutos\" \/>\r\n<script type=\"application\/ld+json\" class=\"yoast-schema-graph\">{\"@context\":\"https:\/\/schema.org\",\"@graph\":[{\"@type\":\"WebPage\",\"@id\":\"https:\/\/portaleducacao.guarulhos.sp.gov.br\/wp_site\/abrilliterario\/2024\/04\/08\/escolas-e-espacos-educacionais-recebem-projeto-de-incentivo-a-leitura\/\",\"url\":\"https:\/\/portaleducacao.guarulhos.sp.gov.br\/wp_site\/abrilliterario\/2024\/04\/08\/escolas-e-espacos-educacionais-recebem-projeto-de-incentivo-a-leitura\/\",\"name\":\"Escolas e espa\u00e7os educacionais recebem projeto de incentivo \u00e0 leitura - Abril Liter\u00e1rio\",\"isPartOf\":{\"@id\":\"https:\/\/portaleducacao.guarulhos.sp.gov.br\/wp_site\/abrilliterario\/#website\"},\"datePublished\":\"2024-04-08T17:48:36+00:00\",\"dateModified\":\"2024-04-08T17:56:21+00:00\",\"author\":{\"@id\":\"https:\/\/portaleducacao.guarulhos.sp.gov.br\/wp_site\/abrilliterario\/#\/schema\/person\/3cd59442d86a6bd35a1cb775b093d9af\"},\"breadcrumb\":{\"@id\":\"https:\/\/portaleducacao.guarulhos.sp.gov.br\/wp_site\/abrilliterario\/2024\/04\/08\/escolas-e-espacos-educacionais-recebem-projeto-de-incentivo-a-leitura\/#breadcrumb\"},\"inLanguage\":\"pt-BR\",\"potentialAction\":[{\"@type\":\"ReadAction\",\"target\":[\"https:\/\/portaleducacao.guarulhos.sp.gov.br\/wp_site\/abrilliterario\/2024\/04\/08\/escolas-e-espacos-educacionais-recebem-projeto-de-incentivo-a-leitura\/\"]}]},{\"@type\":\"BreadcrumbList\",\"@id\":\"https:\/\/portaleducacao.guarulhos.sp.gov.br\/wp_site\/abrilliterario\/2024\/04\/08\/escolas-e-espacos-educacionais-recebem-projeto-de-incentivo-a-leitura\/#breadcrumb\",\"itemListElement\":[{\"@type\":\"ListItem\",\"position\":1,\"name\":\"In\u00edcio\",\"item\":\"https:\/\/portaleducacao.guarulhos.sp.gov.br\/wp_site\/abrilliterario\/\"},{\"@type\":\"ListItem\",\"position\":2,\"name\":\"Escolas e espa\u00e7os educacionais recebem projeto de incentivo \u00e0 leitura\"}]},{\"@type\":\"WebSite\",\"@id\":\"https:\/\/portaleducacao.guarulhos.sp.gov.br\/wp_site\/abrilliterario\/#website\",\"url\":\"https:\/\/portaleducacao.guarulhos.sp.gov.br\/wp_site\/abrilliterario\/\",\"name\":\"Abril Liter\u00e1rio\",\"description\":\"Literalmente isso...\",\"potentialAction\":[{\"@type\":\"SearchAction\",\"target\":{\"@type\":\"EntryPoint\",\"urlTemplate\":\"https:\/\/portaleducacao.guarulhos.sp.gov.br\/wp_site\/abrilliterario\/?s={search_term_string}\"},\"query-input\":\"required name=search_term_string\"}],\"inLanguage\":\"pt-BR\"},{\"@type\":\"Person\",\"@id\":\"https:\/\/portaleducacao.guarulhos.sp.gov.br\/wp_site\/abrilliterario\/#\/schema\/person\/3cd59442d86a6bd35a1cb775b093d9af\",\"name\":\"Eduardo Calabria\",\"image\":{\"@type\":\"ImageObject\",\"inLanguage\":\"pt-BR\",\"@id\":\"https:\/\/portaleducacao.guarulhos.sp.gov.br\/wp_site\/abrilliterario\/#\/schema\/person\/image\/\",\"url\":\"https:\/\/secure.gravatar.com\/avatar\/8e9c65076f903828ecdd0e9fa6ab1487?s=96&d=mm&r=g\",\"contentUrl\":\"https:\/\/secure.gravatar.com\/avatar\/8e9c65076f903828ecdd0e9fa6ab1487?s=96&d=mm&r=g\",\"caption\":\"Eduardo Calabria\"},\"url\":\"https:\/\/portaleducacao.guarulhos.sp.gov.br\/wp_site\/abrilliterario\/author\/eduardocm\/\"}]}<\/script>\r\n<!-- \/ Yoast SEO plugin. -->","yoast_head_json":{"title":"Escolas e espa\u00e7os educacionais recebem projeto de incentivo \u00e0 leitura - Abril Liter\u00e1rio","robots":{"index":"index","follow":"follow","max-snippet":"max-snippet:-1","max-image-preview":"max-image-preview:large","max-video-preview":"max-video-preview:-1"},"canonical":"https:\/\/portaleducacao.guarulhos.sp.gov.br\/wp_site\/abrilliterario\/2024\/04\/08\/escolas-e-espacos-educacionais-recebem-projeto-de-incentivo-a-leitura\/","og_locale":"pt_BR","og_type":"article","og_title":"Escolas e espa\u00e7os educacionais recebem projeto de incentivo \u00e0 leitura - Abril Liter\u00e1rio","og_description":"Escolas da rede municipal e espa\u00e7os educacionais da cidade receber\u00e3o durante o m\u00eas de abril o Projeto Literatura na Cal\u00e7ada, iniciativa de incentivo \u00e0 leitura. As apresenta\u00e7\u00f5es que acontecem no &hellip; Escolas e espa\u00e7os educacionais recebem projeto de incentivo \u00e0 leitura Leia mais &raquo;","og_url":"https:\/\/portaleducacao.guarulhos.sp.gov.br\/wp_site\/abrilliterario\/2024\/04\/08\/escolas-e-espacos-educacionais-recebem-projeto-de-incentivo-a-leitura\/","og_site_name":"Abril Liter\u00e1rio","article_published_time":"2024-04-08T17:48:36+00:00","article_modified_time":"2024-04-08T17:56:21+00:00","og_image":[{"width":1600,"height":1066,"url":"http:\/\/portaleducacao.guarulhos.sp.gov.br\/wp_site\/abrilliterario\/wp-content\/uploads\/sites\/24\/2024\/04\/cb73000d-0377-44fa-aed6-dda1652de8b7.jpeg","type":"image\/jpeg"}],"author":"Eduardo Calabria","twitter_card":"summary_large_image","twitter_misc":{"Escrito por":"Eduardo Calabria","Est. tempo de leitura":"2 minutos"},"schema":{"@context":"https:\/\/schema.org","@graph":[{"@type":"WebPage","@id":"https:\/\/portaleducacao.guarulhos.sp.gov.br\/wp_site\/abrilliterario\/2024\/04\/08\/escolas-e-espacos-educacionais-recebem-projeto-de-incentivo-a-leitura\/","url":"https:\/\/portaleducacao.guarulhos.sp.gov.br\/wp_site\/abrilliterario\/2024\/04\/08\/escolas-e-espacos-educacionais-recebem-projeto-de-incentivo-a-leitura\/","name":"Escolas e espa\u00e7os educacionais recebem projeto de incentivo \u00e0 leitura - Abril Liter\u00e1rio","isPartOf":{"@id":"https:\/\/portaleducacao.guarulhos.sp.gov.br\/wp_site\/abrilliterario\/#website"},"datePublished":"2024-04-08T17:48:36+00:00","dateModified":"2024-04-08T17:56:21+00:00","author":{"@id":"https:\/\/portaleducacao.guarulhos.sp.gov.br\/wp_site\/abrilliterario\/#\/schema\/person\/3cd59442d86a6bd35a1cb775b093d9af"},"breadcrumb":{"@id":"https:\/\/portaleducacao.guarulhos.sp.gov.br\/wp_site\/abrilliterario\/2024\/04\/08\/escolas-e-espacos-educacionais-recebem-projeto-de-incentivo-a-leitura\/#breadcrumb"},"inLanguage":"pt-BR","potentialAction":[{"@type":"ReadAction","target":["https:\/\/portaleducacao.guarulhos.sp.gov.br\/wp_site\/abrilliterario\/2024\/04\/08\/escolas-e-espacos-educacionais-recebem-projeto-de-incentivo-a-leitura\/"]}]},{"@type":"BreadcrumbList","@id":"https:\/\/portaleducacao.guarulhos.sp.gov.br\/wp_site\/abrilliterario\/2024\/04\/08\/escolas-e-espacos-educacionais-recebem-projeto-de-incentivo-a-leitura\/#breadcrumb","itemListElement":[{"@type":"ListItem","position":1,"name":"In\u00edcio","item":"https:\/\/portaleducacao.guarulhos.sp.gov.br\/wp_site\/abrilliterario\/"},{"@type":"ListItem","position":2,"name":"Escolas e espa\u00e7os educacionais recebem projeto de incentivo \u00e0 leitura"}]},{"@type":"WebSite","@id":"https:\/\/portaleducacao.guarulhos.sp.gov.br\/wp_site\/abrilliterario\/#website","url":"https:\/\/portaleducacao.guarulhos.sp.gov.br\/wp_site\/abrilliterario\/","name":"Abril Liter\u00e1rio","description":"Literalmente isso...","potentialAction":[{"@type":"SearchAction","target":{"@type":"EntryPoint","urlTemplate":"https:\/\/portaleducacao.guarulhos.sp.gov.br\/wp_site\/abrilliterario\/?s={search_term_string}"},"query-input":"required name=search_term_string"}],"inLanguage":"pt-BR"},{"@type":"Person","@id":"https:\/\/portaleducacao.guarulhos.sp.gov.br\/wp_site\/abrilliterario\/#\/schema\/person\/3cd59442d86a6bd35a1cb775b093d9af","name":"Eduardo Calabria","image":{"@type":"ImageObject","inLanguage":"pt-BR","@id":"https:\/\/portaleducacao.guarulhos.sp.gov.br\/wp_site\/abrilliterario\/#\/schema\/person\/image\/","url":"https:\/\/secure.gravatar.com\/avatar\/8e9c65076f903828ecdd0e9fa6ab1487?s=96&d=mm&r=g","contentUrl":"https:\/\/secure.gravatar.com\/avatar\/8e9c65076f903828ecdd0e9fa6ab1487?s=96&d=mm&r=g","caption":"Eduardo Calabria"},"url":"https:\/\/portaleducacao.guarulhos.sp.gov.br\/wp_site\/abrilliterario\/author\/eduardocm\/"}]}},"_links":{"self":[{"href":"https:\/\/portaleducacao.guarulhos.sp.gov.br\/wp_site\/abrilliterario\/wp-json\/wp\/v2\/posts\/1419"}],"collection":[{"href":"https:\/\/portaleducacao.guarulhos.sp.gov.br\/wp_site\/abrilliterario\/wp-json\/wp\/v2\/posts"}],"about":[{"href":"https:\/\/portaleducacao.guarulhos.sp.gov.br\/wp_site\/abrilliterario\/wp-json\/wp\/v2\/types\/post"}],"author":[{"embeddable":true,"href":"https:\/\/portaleducacao.guarulhos.sp.gov.br\/wp_site\/abrilliterario\/wp-json\/wp\/v2\/users\/12"}],"replies":[{"embeddable":true,"href":"https:\/\/portaleducacao.guarulhos.sp.gov.br\/wp_site\/abrilliterario\/wp-json\/wp\/v2\/comments?post=1419"}],"version-history":[{"count":2,"href":"https:\/\/portaleducacao.guarulhos.sp.gov.br\/wp_site\/abrilliterario\/wp-json\/wp\/v2\/posts\/1419\/revisions"}],"predecessor-version":[{"id":1423,"href":"https:\/\/portaleducacao.guarulhos.sp.gov.br\/wp_site\/abrilliterario\/wp-json\/wp\/v2\/posts\/1419\/revisions\/1423"}],"wp:featuredmedia":[{"embeddable":true,"href":"https:\/\/portaleducacao.guarulhos.sp.gov.br\/wp_site\/abrilliterario\/wp-json\/wp\/v2\/media\/1420"}],"wp:attachment":[{"href":"https:\/\/portaleducacao.guarulhos.sp.gov.br\/wp_site\/abrilliterario\/wp-json\/wp\/v2\/media?parent=1419"}],"wp:term":[{"taxonomy":"category","embeddable":true,"href":"https:\/\/portaleducacao.guarulhos.sp.gov.br\/wp_site\/abrilliterario\/wp-json\/wp\/v2\/categories?post=1419"},{"taxonomy":"post_tag","embeddable":true,"href":"https:\/\/portaleducacao.guarulhos.sp.gov.br\/wp_site\/abrilliterario\/wp-json\/wp\/v2\/tags?post=1419"}],"curies":[{"name":"wp","href":"https:\/\/api.w.org\/{rel}","templated":true}]}}