{"id":1672,"date":"2024-04-10T10:08:29","date_gmt":"2024-04-10T13:08:29","guid":{"rendered":"https:\/\/portaleducacao.guarulhos.sp.gov.br\/wp_site\/abrilliterario\/?p=1672"},"modified":"2024-04-10T10:08:30","modified_gmt":"2024-04-10T13:08:30","slug":"direitos-autorais-e-dominio-publico-e-tema-de-encontro-de-escritores-e-leitores-no-adamastor","status":"publish","type":"post","link":"https:\/\/portaleducacao.guarulhos.sp.gov.br\/wp_site\/abrilliterario\/2024\/04\/10\/direitos-autorais-e-dominio-publico-e-tema-de-encontro-de-escritores-e-leitores-no-adamastor\/","title":{"rendered":"Direitos autorais e dom\u00ednio p\u00fablico \u00e9 tema de encontro de escritores e leitores no Adamastor"},"content":{"rendered":"\n<p>O Abril Liter\u00e1rio promove encontro de escritores e leitores no dia 19 de abril, sexta, das 19h \u00e0s 22h, no Audit\u00f3rio 3A do Centro Municipal de Educa\u00e7\u00e3o Adamastor. O evento \u00e9 gratuito e as inscri\u00e7\u00f5es devem ser realizadas na secret\u00e1ria do local a partir desta quarta-feira (10).<\/p>\n\n\n\n<p>Destinado a alunos do curso de Conta\u00e7\u00e3o de Hist\u00f3rias oferecido pelo Programa Mais Futuro e interessados na tem\u00e1tica, o encontro \u00e9 parte de um plano de aula no qual o poeta e escritor Cesar Magalh\u00e3es Borges abordar\u00e1 o tema Direitos Autorais e Dom\u00ednio P\u00fablico: quando a vontade do autor j\u00e1 n\u00e3o conta mais.<\/p>\n\n\n\n<p>O bate-papo joga luz sobre a legisla\u00e7\u00e3o brasileira, segundo a qual n\u00e3o \u00e9 mais necess\u00e1rio o pagamento de direitos autorais aos herdeiros de um autor a partir do ano seguinte ao septuag\u00e9simo anivers\u00e1rio de sua morte.<\/p>\n\n\n\n<p>O debate tamb\u00e9m toma como exemplo a obra do escritor Graciliano Ramos, que desde o ano passado tornou-se dom\u00ednio p\u00fablico e, agora, pode ser editada ou adaptada para outras m\u00eddias sem a necessidade de autoriza\u00e7\u00e3o ou remunera\u00e7\u00e3o de seus herdeiros.<\/p>\n\n\n\n<p>O CME Adamastor fica na Av. Monteiro Lobato, 734, no Macedo \u2013 Guarulhos\/SP.<\/p>\n","protected":false},"excerpt":{"rendered":"<p>O Abril Liter\u00e1rio promove encontro de escritores e leitores no dia 19 de abril, sexta, das 19h \u00e0s 22h, no Audit\u00f3rio 3A do Centro Municipal de Educa\u00e7\u00e3o Adamastor. O evento &hellip;<\/p>\n<p class=\"read-more\"> <a class=\"\" href=\"https:\/\/portaleducacao.guarulhos.sp.gov.br\/wp_site\/abrilliterario\/2024\/04\/10\/direitos-autorais-e-dominio-publico-e-tema-de-encontro-de-escritores-e-leitores-no-adamastor\/\"> <span class=\"screen-reader-text\">Direitos autorais e dom\u00ednio p\u00fablico \u00e9 tema de encontro de escritores e leitores no Adamastor<\/span> Leia mais &raquo;<\/a><\/p>\n","protected":false},"author":24,"featured_media":1673,"comment_status":"open","ping_status":"open","sticky":false,"template":"","format":"standard","meta":{"_monsterinsights_skip_tracking":false,"_monsterinsights_sitenote_active":false,"_monsterinsights_sitenote_note":"","_monsterinsights_sitenote_category":0,"site-sidebar-layout":"default","site-content-layout":"default","ast-global-header-display":"","ast-main-header-display":"","ast-hfb-above-header-display":"","ast-hfb-below-header-display":"","ast-hfb-mobile-header-display":"","site-post-title":"","ast-breadcrumbs-content":"","ast-featured-img":"","footer-sml-layout":"","theme-transparent-header-meta":"","adv-header-id-meta":"","stick-header-meta":"","header-above-stick-meta":"","header-main-stick-meta":"","header-below-stick-meta":"","_expiration-date-status":"","_expiration-date":0,"_expiration-date-type":"","_expiration-date-categories":[],"_expiration-date-options":[]},"categories":[37,35],"tags":[],"yoast_head":"<!-- This site is optimized with the Yoast SEO plugin v19.7.1 - https:\/\/yoast.com\/wordpress\/plugins\/seo\/ -->\r\n<title>Direitos autorais e dom\u00ednio p\u00fablico \u00e9 tema de encontro de escritores e leitores no Adamastor - Abril Liter\u00e1rio<\/title>\r\n<meta name=\"robots\" content=\"index, follow, max-snippet:-1, max-image-preview:large, max-video-preview:-1\" \/>\r\n<link rel=\"canonical\" href=\"https:\/\/portaleducacao.guarulhos.sp.gov.br\/wp_site\/abrilliterario\/2024\/04\/10\/direitos-autorais-e-dominio-publico-e-tema-de-encontro-de-escritores-e-leitores-no-adamastor\/\" \/>\r\n<meta property=\"og:locale\" content=\"pt_BR\" \/>\r\n<meta property=\"og:type\" content=\"article\" \/>\r\n<meta property=\"og:title\" content=\"Direitos autorais e dom\u00ednio p\u00fablico \u00e9 tema de encontro de escritores e leitores no Adamastor - Abril Liter\u00e1rio\" \/>\r\n<meta property=\"og:description\" content=\"O Abril Liter\u00e1rio promove encontro de escritores e leitores no dia 19 de abril, sexta, das 19h \u00e0s 22h, no Audit\u00f3rio 3A do Centro Municipal de Educa\u00e7\u00e3o Adamastor. O evento &hellip; Direitos autorais e dom\u00ednio p\u00fablico \u00e9 tema de encontro de escritores e leitores no Adamastor Leia mais &raquo;\" \/>\r\n<meta property=\"og:url\" content=\"https:\/\/portaleducacao.guarulhos.sp.gov.br\/wp_site\/abrilliterario\/2024\/04\/10\/direitos-autorais-e-dominio-publico-e-tema-de-encontro-de-escritores-e-leitores-no-adamastor\/\" \/>\r\n<meta property=\"og:site_name\" content=\"Abril Liter\u00e1rio\" \/>\r\n<meta property=\"article:published_time\" content=\"2024-04-10T13:08:29+00:00\" \/>\r\n<meta property=\"article:modified_time\" content=\"2024-04-10T13:08:30+00:00\" \/>\r\n<meta property=\"og:image\" content=\"http:\/\/portaleducacao.guarulhos.sp.gov.br\/wp_site\/abrilliterario\/wp-content\/uploads\/sites\/24\/2024\/04\/Direitos-autorais-Divulgacao.jpeg\" \/>\r\n\t<meta property=\"og:image:width\" content=\"1500\" \/>\r\n\t<meta property=\"og:image:height\" content=\"1080\" \/>\r\n\t<meta property=\"og:image:type\" content=\"image\/jpeg\" \/>\r\n<meta name=\"author\" content=\"carlavm\" \/>\r\n<meta name=\"twitter:card\" content=\"summary_large_image\" \/>\r\n<meta name=\"twitter:label1\" content=\"Escrito por\" \/>\n\t<meta name=\"twitter:data1\" content=\"carlavm\" \/>\n\t<meta name=\"twitter:label2\" content=\"Est. tempo de leitura\" \/>\n\t<meta name=\"twitter:data2\" content=\"2 minutos\" \/>\r\n<script type=\"application\/ld+json\" class=\"yoast-schema-graph\">{\"@context\":\"https:\/\/schema.org\",\"@graph\":[{\"@type\":\"WebPage\",\"@id\":\"https:\/\/portaleducacao.guarulhos.sp.gov.br\/wp_site\/abrilliterario\/2024\/04\/10\/direitos-autorais-e-dominio-publico-e-tema-de-encontro-de-escritores-e-leitores-no-adamastor\/\",\"url\":\"https:\/\/portaleducacao.guarulhos.sp.gov.br\/wp_site\/abrilliterario\/2024\/04\/10\/direitos-autorais-e-dominio-publico-e-tema-de-encontro-de-escritores-e-leitores-no-adamastor\/\",\"name\":\"Direitos autorais e dom\u00ednio p\u00fablico \u00e9 tema de encontro de escritores e leitores no Adamastor - Abril Liter\u00e1rio\",\"isPartOf\":{\"@id\":\"https:\/\/portaleducacao.guarulhos.sp.gov.br\/wp_site\/abrilliterario\/#website\"},\"datePublished\":\"2024-04-10T13:08:29+00:00\",\"dateModified\":\"2024-04-10T13:08:30+00:00\",\"author\":{\"@id\":\"https:\/\/portaleducacao.guarulhos.sp.gov.br\/wp_site\/abrilliterario\/#\/schema\/person\/10d167c03463551fe7460f988dfc14d7\"},\"breadcrumb\":{\"@id\":\"https:\/\/portaleducacao.guarulhos.sp.gov.br\/wp_site\/abrilliterario\/2024\/04\/10\/direitos-autorais-e-dominio-publico-e-tema-de-encontro-de-escritores-e-leitores-no-adamastor\/#breadcrumb\"},\"inLanguage\":\"pt-BR\",\"potentialAction\":[{\"@type\":\"ReadAction\",\"target\":[\"https:\/\/portaleducacao.guarulhos.sp.gov.br\/wp_site\/abrilliterario\/2024\/04\/10\/direitos-autorais-e-dominio-publico-e-tema-de-encontro-de-escritores-e-leitores-no-adamastor\/\"]}]},{\"@type\":\"BreadcrumbList\",\"@id\":\"https:\/\/portaleducacao.guarulhos.sp.gov.br\/wp_site\/abrilliterario\/2024\/04\/10\/direitos-autorais-e-dominio-publico-e-tema-de-encontro-de-escritores-e-leitores-no-adamastor\/#breadcrumb\",\"itemListElement\":[{\"@type\":\"ListItem\",\"position\":1,\"name\":\"In\u00edcio\",\"item\":\"https:\/\/portaleducacao.guarulhos.sp.gov.br\/wp_site\/abrilliterario\/\"},{\"@type\":\"ListItem\",\"position\":2,\"name\":\"Direitos autorais e dom\u00ednio p\u00fablico \u00e9 tema de encontro de escritores e leitores no Adamastor\"}]},{\"@type\":\"WebSite\",\"@id\":\"https:\/\/portaleducacao.guarulhos.sp.gov.br\/wp_site\/abrilliterario\/#website\",\"url\":\"https:\/\/portaleducacao.guarulhos.sp.gov.br\/wp_site\/abrilliterario\/\",\"name\":\"Abril Liter\u00e1rio\",\"description\":\"Literalmente isso...\",\"potentialAction\":[{\"@type\":\"SearchAction\",\"target\":{\"@type\":\"EntryPoint\",\"urlTemplate\":\"https:\/\/portaleducacao.guarulhos.sp.gov.br\/wp_site\/abrilliterario\/?s={search_term_string}\"},\"query-input\":\"required name=search_term_string\"}],\"inLanguage\":\"pt-BR\"},{\"@type\":\"Person\",\"@id\":\"https:\/\/portaleducacao.guarulhos.sp.gov.br\/wp_site\/abrilliterario\/#\/schema\/person\/10d167c03463551fe7460f988dfc14d7\",\"name\":\"carlavm\",\"image\":{\"@type\":\"ImageObject\",\"inLanguage\":\"pt-BR\",\"@id\":\"https:\/\/portaleducacao.guarulhos.sp.gov.br\/wp_site\/abrilliterario\/#\/schema\/person\/image\/\",\"url\":\"https:\/\/secure.gravatar.com\/avatar\/b89c22cab4ed3fb14a431c42dccbd61d?s=96&d=mm&r=g\",\"contentUrl\":\"https:\/\/secure.gravatar.com\/avatar\/b89c22cab4ed3fb14a431c42dccbd61d?s=96&d=mm&r=g\",\"caption\":\"carlavm\"},\"url\":\"https:\/\/portaleducacao.guarulhos.sp.gov.br\/wp_site\/abrilliterario\/author\/carlavm\/\"}]}<\/script>\r\n<!-- \/ Yoast SEO plugin. -->","yoast_head_json":{"title":"Direitos autorais e dom\u00ednio p\u00fablico \u00e9 tema de encontro de escritores e leitores no Adamastor - Abril Liter\u00e1rio","robots":{"index":"index","follow":"follow","max-snippet":"max-snippet:-1","max-image-preview":"max-image-preview:large","max-video-preview":"max-video-preview:-1"},"canonical":"https:\/\/portaleducacao.guarulhos.sp.gov.br\/wp_site\/abrilliterario\/2024\/04\/10\/direitos-autorais-e-dominio-publico-e-tema-de-encontro-de-escritores-e-leitores-no-adamastor\/","og_locale":"pt_BR","og_type":"article","og_title":"Direitos autorais e dom\u00ednio p\u00fablico \u00e9 tema de encontro de escritores e leitores no Adamastor - Abril Liter\u00e1rio","og_description":"O Abril Liter\u00e1rio promove encontro de escritores e leitores no dia 19 de abril, sexta, das 19h \u00e0s 22h, no Audit\u00f3rio 3A do Centro Municipal de Educa\u00e7\u00e3o Adamastor. O evento &hellip; Direitos autorais e dom\u00ednio p\u00fablico \u00e9 tema de encontro de escritores e leitores no Adamastor Leia mais &raquo;","og_url":"https:\/\/portaleducacao.guarulhos.sp.gov.br\/wp_site\/abrilliterario\/2024\/04\/10\/direitos-autorais-e-dominio-publico-e-tema-de-encontro-de-escritores-e-leitores-no-adamastor\/","og_site_name":"Abril Liter\u00e1rio","article_published_time":"2024-04-10T13:08:29+00:00","article_modified_time":"2024-04-10T13:08:30+00:00","og_image":[{"width":1500,"height":1080,"url":"http:\/\/portaleducacao.guarulhos.sp.gov.br\/wp_site\/abrilliterario\/wp-content\/uploads\/sites\/24\/2024\/04\/Direitos-autorais-Divulgacao.jpeg","type":"image\/jpeg"}],"author":"carlavm","twitter_card":"summary_large_image","twitter_misc":{"Escrito por":"carlavm","Est. tempo de leitura":"2 minutos"},"schema":{"@context":"https:\/\/schema.org","@graph":[{"@type":"WebPage","@id":"https:\/\/portaleducacao.guarulhos.sp.gov.br\/wp_site\/abrilliterario\/2024\/04\/10\/direitos-autorais-e-dominio-publico-e-tema-de-encontro-de-escritores-e-leitores-no-adamastor\/","url":"https:\/\/portaleducacao.guarulhos.sp.gov.br\/wp_site\/abrilliterario\/2024\/04\/10\/direitos-autorais-e-dominio-publico-e-tema-de-encontro-de-escritores-e-leitores-no-adamastor\/","name":"Direitos autorais e dom\u00ednio p\u00fablico \u00e9 tema de encontro de escritores e leitores no Adamastor - Abril Liter\u00e1rio","isPartOf":{"@id":"https:\/\/portaleducacao.guarulhos.sp.gov.br\/wp_site\/abrilliterario\/#website"},"datePublished":"2024-04-10T13:08:29+00:00","dateModified":"2024-04-10T13:08:30+00:00","author":{"@id":"https:\/\/portaleducacao.guarulhos.sp.gov.br\/wp_site\/abrilliterario\/#\/schema\/person\/10d167c03463551fe7460f988dfc14d7"},"breadcrumb":{"@id":"https:\/\/portaleducacao.guarulhos.sp.gov.br\/wp_site\/abrilliterario\/2024\/04\/10\/direitos-autorais-e-dominio-publico-e-tema-de-encontro-de-escritores-e-leitores-no-adamastor\/#breadcrumb"},"inLanguage":"pt-BR","potentialAction":[{"@type":"ReadAction","target":["https:\/\/portaleducacao.guarulhos.sp.gov.br\/wp_site\/abrilliterario\/2024\/04\/10\/direitos-autorais-e-dominio-publico-e-tema-de-encontro-de-escritores-e-leitores-no-adamastor\/"]}]},{"@type":"BreadcrumbList","@id":"https:\/\/portaleducacao.guarulhos.sp.gov.br\/wp_site\/abrilliterario\/2024\/04\/10\/direitos-autorais-e-dominio-publico-e-tema-de-encontro-de-escritores-e-leitores-no-adamastor\/#breadcrumb","itemListElement":[{"@type":"ListItem","position":1,"name":"In\u00edcio","item":"https:\/\/portaleducacao.guarulhos.sp.gov.br\/wp_site\/abrilliterario\/"},{"@type":"ListItem","position":2,"name":"Direitos autorais e dom\u00ednio p\u00fablico \u00e9 tema de encontro de escritores e leitores no Adamastor"}]},{"@type":"WebSite","@id":"https:\/\/portaleducacao.guarulhos.sp.gov.br\/wp_site\/abrilliterario\/#website","url":"https:\/\/portaleducacao.guarulhos.sp.gov.br\/wp_site\/abrilliterario\/","name":"Abril Liter\u00e1rio","description":"Literalmente isso...","potentialAction":[{"@type":"SearchAction","target":{"@type":"EntryPoint","urlTemplate":"https:\/\/portaleducacao.guarulhos.sp.gov.br\/wp_site\/abrilliterario\/?s={search_term_string}"},"query-input":"required name=search_term_string"}],"inLanguage":"pt-BR"},{"@type":"Person","@id":"https:\/\/portaleducacao.guarulhos.sp.gov.br\/wp_site\/abrilliterario\/#\/schema\/person\/10d167c03463551fe7460f988dfc14d7","name":"carlavm","image":{"@type":"ImageObject","inLanguage":"pt-BR","@id":"https:\/\/portaleducacao.guarulhos.sp.gov.br\/wp_site\/abrilliterario\/#\/schema\/person\/image\/","url":"https:\/\/secure.gravatar.com\/avatar\/b89c22cab4ed3fb14a431c42dccbd61d?s=96&d=mm&r=g","contentUrl":"https:\/\/secure.gravatar.com\/avatar\/b89c22cab4ed3fb14a431c42dccbd61d?s=96&d=mm&r=g","caption":"carlavm"},"url":"https:\/\/portaleducacao.guarulhos.sp.gov.br\/wp_site\/abrilliterario\/author\/carlavm\/"}]}},"_links":{"self":[{"href":"https:\/\/portaleducacao.guarulhos.sp.gov.br\/wp_site\/abrilliterario\/wp-json\/wp\/v2\/posts\/1672"}],"collection":[{"href":"https:\/\/portaleducacao.guarulhos.sp.gov.br\/wp_site\/abrilliterario\/wp-json\/wp\/v2\/posts"}],"about":[{"href":"https:\/\/portaleducacao.guarulhos.sp.gov.br\/wp_site\/abrilliterario\/wp-json\/wp\/v2\/types\/post"}],"author":[{"embeddable":true,"href":"https:\/\/portaleducacao.guarulhos.sp.gov.br\/wp_site\/abrilliterario\/wp-json\/wp\/v2\/users\/24"}],"replies":[{"embeddable":true,"href":"https:\/\/portaleducacao.guarulhos.sp.gov.br\/wp_site\/abrilliterario\/wp-json\/wp\/v2\/comments?post=1672"}],"version-history":[{"count":1,"href":"https:\/\/portaleducacao.guarulhos.sp.gov.br\/wp_site\/abrilliterario\/wp-json\/wp\/v2\/posts\/1672\/revisions"}],"predecessor-version":[{"id":1674,"href":"https:\/\/portaleducacao.guarulhos.sp.gov.br\/wp_site\/abrilliterario\/wp-json\/wp\/v2\/posts\/1672\/revisions\/1674"}],"wp:featuredmedia":[{"embeddable":true,"href":"https:\/\/portaleducacao.guarulhos.sp.gov.br\/wp_site\/abrilliterario\/wp-json\/wp\/v2\/media\/1673"}],"wp:attachment":[{"href":"https:\/\/portaleducacao.guarulhos.sp.gov.br\/wp_site\/abrilliterario\/wp-json\/wp\/v2\/media?parent=1672"}],"wp:term":[{"taxonomy":"category","embeddable":true,"href":"https:\/\/portaleducacao.guarulhos.sp.gov.br\/wp_site\/abrilliterario\/wp-json\/wp\/v2\/categories?post=1672"},{"taxonomy":"post_tag","embeddable":true,"href":"https:\/\/portaleducacao.guarulhos.sp.gov.br\/wp_site\/abrilliterario\/wp-json\/wp\/v2\/tags?post=1672"}],"curies":[{"name":"wp","href":"https:\/\/api.w.org\/{rel}","templated":true}]}}