{"id":1807,"date":"2024-04-12T09:32:20","date_gmt":"2024-04-12T12:32:20","guid":{"rendered":"https:\/\/portaleducacao.guarulhos.sp.gov.br\/wp_site\/abrilliterario\/?p=1807"},"modified":"2024-04-25T16:12:20","modified_gmt":"2024-04-25T19:12:20","slug":"bate-papo-quibe-a-formiga-corajosa-e-seu-primeiro-livro-infantil-e-o-mais-recente-adulta-sim-madura-nem-sempre","status":"publish","type":"post","link":"https:\/\/portaleducacao.guarulhos.sp.gov.br\/wp_site\/abrilliterario\/2024\/04\/12\/bate-papo-quibe-a-formiga-corajosa-e-seu-primeiro-livro-infantil-e-o-mais-recente-adulta-sim-madura-nem-sempre\/","title":{"rendered":"Camila Fremder &#8211; Bate-papo &#8211; \u201cQuibe, a formiga corajosa\u201d \u00e9 seu primeiro livro infantil e o mais recente \u201cAdulta sim, madura nem sempre\u201d"},"content":{"rendered":"\n<p><strong>P\u00fablico:<\/strong>&nbsp;Convite a todos os servidores. Sugerimos que os professores participem no per\u00edodo de hora-atividade ao vivo ou assistam \u00e0 grava\u00e7\u00e3o que ficar\u00e1 dispon\u00edvel no canal ap\u00f3s o hor\u00e1rio da respectiva transmiss\u00e3o.<br><strong>Mini curr\u00edculo:&nbsp;<\/strong>&nbsp;\u00c9 escritora, roteirista de TV e podcaster. \u00c9 autora de cinco livros, sendo o mais recente \u201cAdulta sim, madura nem sempre\u201d. Produz conte\u00fado para ag\u00eancias e produtoras. Al\u00e9m de todas essas atividades, ela se concentra em tentar ser normal e madura, mas n\u00e3o \u00e9 sempre que isso acontece. <br><br><strong><a href=\"https:\/\/bit.ly\/camila_fremder\">Clique aqui para acessar a live<\/a><\/strong><\/p>\n","protected":false},"excerpt":{"rendered":"<p>Data: 12\/04 \u2013 12h \u00e0s 13h<br \/>\nModalidade: Online<\/p>\n","protected":false},"author":1,"featured_media":1797,"comment_status":"open","ping_status":"open","sticky":false,"template":"","format":"standard","meta":{"_monsterinsights_skip_tracking":false,"_monsterinsights_sitenote_active":false,"_monsterinsights_sitenote_note":"","_monsterinsights_sitenote_category":0,"site-sidebar-layout":"default","site-content-layout":"default","ast-global-header-display":"","ast-main-header-display":"","ast-hfb-above-header-display":"","ast-hfb-below-header-display":"","ast-hfb-mobile-header-display":"","site-post-title":"","ast-breadcrumbs-content":"","ast-featured-img":"","footer-sml-layout":"","theme-transparent-header-meta":"","adv-header-id-meta":"","stick-header-meta":"","header-above-stick-meta":"","header-main-stick-meta":"","header-below-stick-meta":"","_expiration-date-status":"","_expiration-date":1714677126,"_expiration-date-type":"draft","_expiration-date-categories":[],"_expiration-date-options":[]},"categories":[35,40],"tags":[],"yoast_head":"<!-- This site is optimized with the Yoast SEO plugin v19.7.1 - https:\/\/yoast.com\/wordpress\/plugins\/seo\/ -->\r\n<title>Camila Fremder - Bate-papo - \u201cQuibe, a formiga corajosa\u201d \u00e9 seu primeiro livro infantil e o mais recente \u201cAdulta sim, madura nem sempre\u201d - Abril Liter\u00e1rio<\/title>\r\n<meta name=\"robots\" content=\"index, follow, max-snippet:-1, max-image-preview:large, max-video-preview:-1\" \/>\r\n<link rel=\"canonical\" href=\"https:\/\/portaleducacao.guarulhos.sp.gov.br\/wp_site\/abrilliterario\/2024\/04\/12\/bate-papo-quibe-a-formiga-corajosa-e-seu-primeiro-livro-infantil-e-o-mais-recente-adulta-sim-madura-nem-sempre\/\" \/>\r\n<meta property=\"og:locale\" content=\"pt_BR\" \/>\r\n<meta property=\"og:type\" content=\"article\" \/>\r\n<meta property=\"og:title\" content=\"Camila Fremder - Bate-papo - \u201cQuibe, a formiga corajosa\u201d \u00e9 seu primeiro livro infantil e o mais recente \u201cAdulta sim, madura nem sempre\u201d - Abril Liter\u00e1rio\" \/>\r\n<meta property=\"og:description\" content=\"Data: 12\/04 \u2013 12h \u00e0s 13h Modalidade: Online\" \/>\r\n<meta property=\"og:url\" content=\"https:\/\/portaleducacao.guarulhos.sp.gov.br\/wp_site\/abrilliterario\/2024\/04\/12\/bate-papo-quibe-a-formiga-corajosa-e-seu-primeiro-livro-infantil-e-o-mais-recente-adulta-sim-madura-nem-sempre\/\" \/>\r\n<meta property=\"og:site_name\" content=\"Abril Liter\u00e1rio\" \/>\r\n<meta property=\"article:published_time\" content=\"2024-04-12T12:32:20+00:00\" \/>\r\n<meta property=\"article:modified_time\" content=\"2024-04-25T19:12:20+00:00\" \/>\r\n<meta property=\"og:image\" content=\"http:\/\/portaleducacao.guarulhos.sp.gov.br\/wp_site\/abrilliterario\/wp-content\/uploads\/sites\/24\/2024\/04\/image.png\" \/>\r\n\t<meta property=\"og:image:width\" content=\"609\" \/>\r\n\t<meta property=\"og:image:height\" content=\"581\" \/>\r\n\t<meta property=\"og:image:type\" content=\"image\/png\" \/>\r\n<meta name=\"author\" content=\"sites\" \/>\r\n<meta name=\"twitter:card\" content=\"summary_large_image\" \/>\r\n<meta name=\"twitter:label1\" content=\"Escrito por\" \/>\n\t<meta name=\"twitter:data1\" content=\"sites\" \/>\n\t<meta name=\"twitter:label2\" content=\"Est. tempo de leitura\" \/>\n\t<meta name=\"twitter:data2\" content=\"1 minuto\" \/>\r\n<script type=\"application\/ld+json\" class=\"yoast-schema-graph\">{\"@context\":\"https:\/\/schema.org\",\"@graph\":[{\"@type\":\"WebPage\",\"@id\":\"https:\/\/portaleducacao.guarulhos.sp.gov.br\/wp_site\/abrilliterario\/2024\/04\/12\/bate-papo-quibe-a-formiga-corajosa-e-seu-primeiro-livro-infantil-e-o-mais-recente-adulta-sim-madura-nem-sempre\/\",\"url\":\"https:\/\/portaleducacao.guarulhos.sp.gov.br\/wp_site\/abrilliterario\/2024\/04\/12\/bate-papo-quibe-a-formiga-corajosa-e-seu-primeiro-livro-infantil-e-o-mais-recente-adulta-sim-madura-nem-sempre\/\",\"name\":\"Camila Fremder - Bate-papo - \u201cQuibe, a formiga corajosa\u201d \u00e9 seu primeiro livro infantil e o mais recente \u201cAdulta sim, madura nem sempre\u201d - Abril Liter\u00e1rio\",\"isPartOf\":{\"@id\":\"https:\/\/portaleducacao.guarulhos.sp.gov.br\/wp_site\/abrilliterario\/#website\"},\"datePublished\":\"2024-04-12T12:32:20+00:00\",\"dateModified\":\"2024-04-25T19:12:20+00:00\",\"author\":{\"@id\":\"https:\/\/portaleducacao.guarulhos.sp.gov.br\/wp_site\/abrilliterario\/#\/schema\/person\/9d1c60216648b2e84d2544ba3ee8bb69\"},\"breadcrumb\":{\"@id\":\"https:\/\/portaleducacao.guarulhos.sp.gov.br\/wp_site\/abrilliterario\/2024\/04\/12\/bate-papo-quibe-a-formiga-corajosa-e-seu-primeiro-livro-infantil-e-o-mais-recente-adulta-sim-madura-nem-sempre\/#breadcrumb\"},\"inLanguage\":\"pt-BR\",\"potentialAction\":[{\"@type\":\"ReadAction\",\"target\":[\"https:\/\/portaleducacao.guarulhos.sp.gov.br\/wp_site\/abrilliterario\/2024\/04\/12\/bate-papo-quibe-a-formiga-corajosa-e-seu-primeiro-livro-infantil-e-o-mais-recente-adulta-sim-madura-nem-sempre\/\"]}]},{\"@type\":\"BreadcrumbList\",\"@id\":\"https:\/\/portaleducacao.guarulhos.sp.gov.br\/wp_site\/abrilliterario\/2024\/04\/12\/bate-papo-quibe-a-formiga-corajosa-e-seu-primeiro-livro-infantil-e-o-mais-recente-adulta-sim-madura-nem-sempre\/#breadcrumb\",\"itemListElement\":[{\"@type\":\"ListItem\",\"position\":1,\"name\":\"In\u00edcio\",\"item\":\"https:\/\/portaleducacao.guarulhos.sp.gov.br\/wp_site\/abrilliterario\/\"},{\"@type\":\"ListItem\",\"position\":2,\"name\":\"Camila Fremder &#8211; Bate-papo &#8211; \u201cQuibe, a formiga corajosa\u201d \u00e9 seu primeiro livro infantil e o mais recente \u201cAdulta sim, madura nem sempre\u201d\"}]},{\"@type\":\"WebSite\",\"@id\":\"https:\/\/portaleducacao.guarulhos.sp.gov.br\/wp_site\/abrilliterario\/#website\",\"url\":\"https:\/\/portaleducacao.guarulhos.sp.gov.br\/wp_site\/abrilliterario\/\",\"name\":\"Abril Liter\u00e1rio\",\"description\":\"Literalmente isso...\",\"potentialAction\":[{\"@type\":\"SearchAction\",\"target\":{\"@type\":\"EntryPoint\",\"urlTemplate\":\"https:\/\/portaleducacao.guarulhos.sp.gov.br\/wp_site\/abrilliterario\/?s={search_term_string}\"},\"query-input\":\"required name=search_term_string\"}],\"inLanguage\":\"pt-BR\"},{\"@type\":\"Person\",\"@id\":\"https:\/\/portaleducacao.guarulhos.sp.gov.br\/wp_site\/abrilliterario\/#\/schema\/person\/9d1c60216648b2e84d2544ba3ee8bb69\",\"name\":\"sites\",\"image\":{\"@type\":\"ImageObject\",\"inLanguage\":\"pt-BR\",\"@id\":\"https:\/\/portaleducacao.guarulhos.sp.gov.br\/wp_site\/abrilliterario\/#\/schema\/person\/image\/\",\"url\":\"https:\/\/secure.gravatar.com\/avatar\/d320dc056d58878ea1be67e0f28bb03d?s=96&d=mm&r=g\",\"contentUrl\":\"https:\/\/secure.gravatar.com\/avatar\/d320dc056d58878ea1be67e0f28bb03d?s=96&d=mm&r=g\",\"caption\":\"sites\"},\"sameAs\":[\"http:\/\/172.16.208.47\/sites\"],\"url\":\"https:\/\/portaleducacao.guarulhos.sp.gov.br\/wp_site\/abrilliterario\/author\/sites\/\"}]}<\/script>\r\n<!-- \/ Yoast SEO plugin. -->","yoast_head_json":{"title":"Camila Fremder - Bate-papo - \u201cQuibe, a formiga corajosa\u201d \u00e9 seu primeiro livro infantil e o mais recente \u201cAdulta sim, madura nem sempre\u201d - Abril Liter\u00e1rio","robots":{"index":"index","follow":"follow","max-snippet":"max-snippet:-1","max-image-preview":"max-image-preview:large","max-video-preview":"max-video-preview:-1"},"canonical":"https:\/\/portaleducacao.guarulhos.sp.gov.br\/wp_site\/abrilliterario\/2024\/04\/12\/bate-papo-quibe-a-formiga-corajosa-e-seu-primeiro-livro-infantil-e-o-mais-recente-adulta-sim-madura-nem-sempre\/","og_locale":"pt_BR","og_type":"article","og_title":"Camila Fremder - Bate-papo - \u201cQuibe, a formiga corajosa\u201d \u00e9 seu primeiro livro infantil e o mais recente \u201cAdulta sim, madura nem sempre\u201d - Abril Liter\u00e1rio","og_description":"Data: 12\/04 \u2013 12h \u00e0s 13h Modalidade: Online","og_url":"https:\/\/portaleducacao.guarulhos.sp.gov.br\/wp_site\/abrilliterario\/2024\/04\/12\/bate-papo-quibe-a-formiga-corajosa-e-seu-primeiro-livro-infantil-e-o-mais-recente-adulta-sim-madura-nem-sempre\/","og_site_name":"Abril Liter\u00e1rio","article_published_time":"2024-04-12T12:32:20+00:00","article_modified_time":"2024-04-25T19:12:20+00:00","og_image":[{"width":609,"height":581,"url":"http:\/\/portaleducacao.guarulhos.sp.gov.br\/wp_site\/abrilliterario\/wp-content\/uploads\/sites\/24\/2024\/04\/image.png","type":"image\/png"}],"author":"sites","twitter_card":"summary_large_image","twitter_misc":{"Escrito por":"sites","Est. tempo de leitura":"1 minuto"},"schema":{"@context":"https:\/\/schema.org","@graph":[{"@type":"WebPage","@id":"https:\/\/portaleducacao.guarulhos.sp.gov.br\/wp_site\/abrilliterario\/2024\/04\/12\/bate-papo-quibe-a-formiga-corajosa-e-seu-primeiro-livro-infantil-e-o-mais-recente-adulta-sim-madura-nem-sempre\/","url":"https:\/\/portaleducacao.guarulhos.sp.gov.br\/wp_site\/abrilliterario\/2024\/04\/12\/bate-papo-quibe-a-formiga-corajosa-e-seu-primeiro-livro-infantil-e-o-mais-recente-adulta-sim-madura-nem-sempre\/","name":"Camila Fremder - Bate-papo - \u201cQuibe, a formiga corajosa\u201d \u00e9 seu primeiro livro infantil e o mais recente \u201cAdulta sim, madura nem sempre\u201d - Abril Liter\u00e1rio","isPartOf":{"@id":"https:\/\/portaleducacao.guarulhos.sp.gov.br\/wp_site\/abrilliterario\/#website"},"datePublished":"2024-04-12T12:32:20+00:00","dateModified":"2024-04-25T19:12:20+00:00","author":{"@id":"https:\/\/portaleducacao.guarulhos.sp.gov.br\/wp_site\/abrilliterario\/#\/schema\/person\/9d1c60216648b2e84d2544ba3ee8bb69"},"breadcrumb":{"@id":"https:\/\/portaleducacao.guarulhos.sp.gov.br\/wp_site\/abrilliterario\/2024\/04\/12\/bate-papo-quibe-a-formiga-corajosa-e-seu-primeiro-livro-infantil-e-o-mais-recente-adulta-sim-madura-nem-sempre\/#breadcrumb"},"inLanguage":"pt-BR","potentialAction":[{"@type":"ReadAction","target":["https:\/\/portaleducacao.guarulhos.sp.gov.br\/wp_site\/abrilliterario\/2024\/04\/12\/bate-papo-quibe-a-formiga-corajosa-e-seu-primeiro-livro-infantil-e-o-mais-recente-adulta-sim-madura-nem-sempre\/"]}]},{"@type":"BreadcrumbList","@id":"https:\/\/portaleducacao.guarulhos.sp.gov.br\/wp_site\/abrilliterario\/2024\/04\/12\/bate-papo-quibe-a-formiga-corajosa-e-seu-primeiro-livro-infantil-e-o-mais-recente-adulta-sim-madura-nem-sempre\/#breadcrumb","itemListElement":[{"@type":"ListItem","position":1,"name":"In\u00edcio","item":"https:\/\/portaleducacao.guarulhos.sp.gov.br\/wp_site\/abrilliterario\/"},{"@type":"ListItem","position":2,"name":"Camila Fremder &#8211; Bate-papo &#8211; \u201cQuibe, a formiga corajosa\u201d \u00e9 seu primeiro livro infantil e o mais recente \u201cAdulta sim, madura nem sempre\u201d"}]},{"@type":"WebSite","@id":"https:\/\/portaleducacao.guarulhos.sp.gov.br\/wp_site\/abrilliterario\/#website","url":"https:\/\/portaleducacao.guarulhos.sp.gov.br\/wp_site\/abrilliterario\/","name":"Abril Liter\u00e1rio","description":"Literalmente isso...","potentialAction":[{"@type":"SearchAction","target":{"@type":"EntryPoint","urlTemplate":"https:\/\/portaleducacao.guarulhos.sp.gov.br\/wp_site\/abrilliterario\/?s={search_term_string}"},"query-input":"required name=search_term_string"}],"inLanguage":"pt-BR"},{"@type":"Person","@id":"https:\/\/portaleducacao.guarulhos.sp.gov.br\/wp_site\/abrilliterario\/#\/schema\/person\/9d1c60216648b2e84d2544ba3ee8bb69","name":"sites","image":{"@type":"ImageObject","inLanguage":"pt-BR","@id":"https:\/\/portaleducacao.guarulhos.sp.gov.br\/wp_site\/abrilliterario\/#\/schema\/person\/image\/","url":"https:\/\/secure.gravatar.com\/avatar\/d320dc056d58878ea1be67e0f28bb03d?s=96&d=mm&r=g","contentUrl":"https:\/\/secure.gravatar.com\/avatar\/d320dc056d58878ea1be67e0f28bb03d?s=96&d=mm&r=g","caption":"sites"},"sameAs":["http:\/\/172.16.208.47\/sites"],"url":"https:\/\/portaleducacao.guarulhos.sp.gov.br\/wp_site\/abrilliterario\/author\/sites\/"}]}},"_links":{"self":[{"href":"https:\/\/portaleducacao.guarulhos.sp.gov.br\/wp_site\/abrilliterario\/wp-json\/wp\/v2\/posts\/1807"}],"collection":[{"href":"https:\/\/portaleducacao.guarulhos.sp.gov.br\/wp_site\/abrilliterario\/wp-json\/wp\/v2\/posts"}],"about":[{"href":"https:\/\/portaleducacao.guarulhos.sp.gov.br\/wp_site\/abrilliterario\/wp-json\/wp\/v2\/types\/post"}],"author":[{"embeddable":true,"href":"https:\/\/portaleducacao.guarulhos.sp.gov.br\/wp_site\/abrilliterario\/wp-json\/wp\/v2\/users\/1"}],"replies":[{"embeddable":true,"href":"https:\/\/portaleducacao.guarulhos.sp.gov.br\/wp_site\/abrilliterario\/wp-json\/wp\/v2\/comments?post=1807"}],"version-history":[{"count":4,"href":"https:\/\/portaleducacao.guarulhos.sp.gov.br\/wp_site\/abrilliterario\/wp-json\/wp\/v2\/posts\/1807\/revisions"}],"predecessor-version":[{"id":1859,"href":"https:\/\/portaleducacao.guarulhos.sp.gov.br\/wp_site\/abrilliterario\/wp-json\/wp\/v2\/posts\/1807\/revisions\/1859"}],"wp:featuredmedia":[{"embeddable":true,"href":"https:\/\/portaleducacao.guarulhos.sp.gov.br\/wp_site\/abrilliterario\/wp-json\/wp\/v2\/media\/1797"}],"wp:attachment":[{"href":"https:\/\/portaleducacao.guarulhos.sp.gov.br\/wp_site\/abrilliterario\/wp-json\/wp\/v2\/media?parent=1807"}],"wp:term":[{"taxonomy":"category","embeddable":true,"href":"https:\/\/portaleducacao.guarulhos.sp.gov.br\/wp_site\/abrilliterario\/wp-json\/wp\/v2\/categories?post=1807"},{"taxonomy":"post_tag","embeddable":true,"href":"https:\/\/portaleducacao.guarulhos.sp.gov.br\/wp_site\/abrilliterario\/wp-json\/wp\/v2\/tags?post=1807"}],"curies":[{"name":"wp","href":"https:\/\/api.w.org\/{rel}","templated":true}]}}