{"id":1834,"date":"2024-04-12T10:06:23","date_gmt":"2024-04-12T13:06:23","guid":{"rendered":"https:\/\/portaleducacao.guarulhos.sp.gov.br\/wp_site\/abrilliterario\/?p=1834"},"modified":"2024-04-25T16:10:27","modified_gmt":"2024-04-25T19:10:27","slug":"yve-de-oliveira-bate-papo-literatura-infanto-juvenil-uma-ferramenta-de-autoconhecimento","status":"publish","type":"post","link":"https:\/\/portaleducacao.guarulhos.sp.gov.br\/wp_site\/abrilliterario\/2024\/04\/12\/yve-de-oliveira-bate-papo-literatura-infanto-juvenil-uma-ferramenta-de-autoconhecimento\/","title":{"rendered":"Yve de Oliveira  &#8211; Bate-papo &#8211; Literatura infanto-juvenil: Uma ferramenta de autoconhecimento"},"content":{"rendered":"\n<p><a href=\"https:\/\/bit.ly\/YvePinheiro\">Clique aqui para acessar a live<br><\/a><strong>P\u00fablico:<\/strong>&nbsp;Convite a todos os servidores. Sugerimos que os professores participem no per\u00edodo de hora-atividade ao vivo ou assistam \u00e0 grava\u00e7\u00e3o que ficar\u00e1 dispon\u00edvel no canal ap\u00f3s o hor\u00e1rio da respectiva transmiss\u00e3o.<br><strong>Mini curr\u00edculo:&nbsp;<\/strong>Escritora guarulhense destaque do Pr\u00eamio Off Flip de Poesia 2023 e do projeto CEP 2022 do SESC Guarulhos. Poetisa, comunicadora h\u00e1 duas d\u00e9cadas e autora de livros. Diretora Criativa da Ag\u00eancia Luy e Gerente Editorial na Quincas Editora. \u00c9 pedagoga, especialista em EduComunica\u00e7\u00e3o e vem continuamente aprofundando seus conhecimentos em cursos como Teoria U, Design Thinking, Comunica\u00e7\u00e3o Inclusiva, Comunica\u00e7\u00e3o N\u00e3o Violenta &#8211; CNV, Semi\u00f3tica e Tarot.<\/p>\n\n\n\n<p>Participou como apresentadora dos programas \u201cResponde A\u00ed\u201d, em parceria com os f\u00e3-clubes da Legi\u00e3o Urbana e \u201cLives de Segunda\u201d no Instagram, e, tamb\u00e9m, na Comunica\u00e7\u00e3o da Secretaria de Educa\u00e7\u00e3o de Guarulhos onde realizou assessoria de imprensa, entrevistas, cobertura fotogr\u00e1fica e media\u00e7\u00e3o em palestras e eventos liter\u00e1rios. Foi ainda assessora de imprensa do TEDxGuarulhos, idealizadora do Em Dharma Guarulhos, colunista de educa\u00e7\u00e3o do jornal Gazeta Vale Paraibana e integrou a equipe de apresentadores dos Programas Juventude Maior e Mutir\u00e3o na Rede Boa Nova de R\u00e1dio\/ TV Mundo Maior por 7 anos.<\/p>\n","protected":false},"excerpt":{"rendered":"<p>Data: 25\/04 \u2013 12h \u00e0s 13h<br \/>\nModalidade: Online<\/p>\n","protected":false},"author":1,"featured_media":1836,"comment_status":"open","ping_status":"open","sticky":false,"template":"","format":"standard","meta":{"_monsterinsights_skip_tracking":false,"_monsterinsights_sitenote_active":false,"_monsterinsights_sitenote_note":"","_monsterinsights_sitenote_category":0,"site-sidebar-layout":"default","site-content-layout":"default","ast-global-header-display":"","ast-main-header-display":"","ast-hfb-above-header-display":"","ast-hfb-below-header-display":"","ast-hfb-mobile-header-display":"","site-post-title":"","ast-breadcrumbs-content":"","ast-featured-img":"","footer-sml-layout":"","theme-transparent-header-meta":"","adv-header-id-meta":"","stick-header-meta":"","header-above-stick-meta":"","header-main-stick-meta":"","header-below-stick-meta":"","_expiration-date-status":"","_expiration-date":1714677010,"_expiration-date-type":"draft","_expiration-date-categories":[],"_expiration-date-options":[]},"categories":[35,40],"tags":[],"yoast_head":"<!-- This site is optimized with the Yoast SEO plugin v19.7.1 - https:\/\/yoast.com\/wordpress\/plugins\/seo\/ -->\r\n<title>Yve de Oliveira - Bate-papo - Literatura infanto-juvenil: Uma ferramenta de autoconhecimento - Abril Liter\u00e1rio<\/title>\r\n<meta name=\"robots\" content=\"index, follow, max-snippet:-1, max-image-preview:large, max-video-preview:-1\" \/>\r\n<link rel=\"canonical\" href=\"https:\/\/portaleducacao.guarulhos.sp.gov.br\/wp_site\/abrilliterario\/2024\/04\/12\/yve-de-oliveira-bate-papo-literatura-infanto-juvenil-uma-ferramenta-de-autoconhecimento\/\" \/>\r\n<meta property=\"og:locale\" content=\"pt_BR\" \/>\r\n<meta property=\"og:type\" content=\"article\" \/>\r\n<meta property=\"og:title\" content=\"Yve de Oliveira - Bate-papo - Literatura infanto-juvenil: Uma ferramenta de autoconhecimento - Abril Liter\u00e1rio\" \/>\r\n<meta property=\"og:description\" content=\"Data: 25\/04 \u2013 12h \u00e0s 13h Modalidade: Online\" \/>\r\n<meta property=\"og:url\" content=\"https:\/\/portaleducacao.guarulhos.sp.gov.br\/wp_site\/abrilliterario\/2024\/04\/12\/yve-de-oliveira-bate-papo-literatura-infanto-juvenil-uma-ferramenta-de-autoconhecimento\/\" \/>\r\n<meta property=\"og:site_name\" content=\"Abril Liter\u00e1rio\" \/>\r\n<meta property=\"article:published_time\" content=\"2024-04-12T13:06:23+00:00\" \/>\r\n<meta property=\"article:modified_time\" content=\"2024-04-25T19:10:27+00:00\" \/>\r\n<meta property=\"og:image\" content=\"http:\/\/portaleducacao.guarulhos.sp.gov.br\/wp_site\/abrilliterario\/wp-content\/uploads\/sites\/24\/2024\/04\/YveOliveira_25.04.jpg\" \/>\r\n\t<meta property=\"og:image:width\" content=\"1080\" \/>\r\n\t<meta property=\"og:image:height\" content=\"1080\" \/>\r\n\t<meta property=\"og:image:type\" content=\"image\/jpeg\" \/>\r\n<meta name=\"author\" content=\"sites\" \/>\r\n<meta name=\"twitter:card\" content=\"summary_large_image\" \/>\r\n<meta name=\"twitter:label1\" content=\"Escrito por\" \/>\n\t<meta name=\"twitter:data1\" content=\"sites\" \/>\n\t<meta name=\"twitter:label2\" content=\"Est. tempo de leitura\" \/>\n\t<meta name=\"twitter:data2\" content=\"2 minutos\" \/>\r\n<script type=\"application\/ld+json\" class=\"yoast-schema-graph\">{\"@context\":\"https:\/\/schema.org\",\"@graph\":[{\"@type\":\"WebPage\",\"@id\":\"https:\/\/portaleducacao.guarulhos.sp.gov.br\/wp_site\/abrilliterario\/2024\/04\/12\/yve-de-oliveira-bate-papo-literatura-infanto-juvenil-uma-ferramenta-de-autoconhecimento\/\",\"url\":\"https:\/\/portaleducacao.guarulhos.sp.gov.br\/wp_site\/abrilliterario\/2024\/04\/12\/yve-de-oliveira-bate-papo-literatura-infanto-juvenil-uma-ferramenta-de-autoconhecimento\/\",\"name\":\"Yve de Oliveira - Bate-papo - Literatura infanto-juvenil: Uma ferramenta de autoconhecimento - Abril Liter\u00e1rio\",\"isPartOf\":{\"@id\":\"https:\/\/portaleducacao.guarulhos.sp.gov.br\/wp_site\/abrilliterario\/#website\"},\"datePublished\":\"2024-04-12T13:06:23+00:00\",\"dateModified\":\"2024-04-25T19:10:27+00:00\",\"author\":{\"@id\":\"https:\/\/portaleducacao.guarulhos.sp.gov.br\/wp_site\/abrilliterario\/#\/schema\/person\/9d1c60216648b2e84d2544ba3ee8bb69\"},\"breadcrumb\":{\"@id\":\"https:\/\/portaleducacao.guarulhos.sp.gov.br\/wp_site\/abrilliterario\/2024\/04\/12\/yve-de-oliveira-bate-papo-literatura-infanto-juvenil-uma-ferramenta-de-autoconhecimento\/#breadcrumb\"},\"inLanguage\":\"pt-BR\",\"potentialAction\":[{\"@type\":\"ReadAction\",\"target\":[\"https:\/\/portaleducacao.guarulhos.sp.gov.br\/wp_site\/abrilliterario\/2024\/04\/12\/yve-de-oliveira-bate-papo-literatura-infanto-juvenil-uma-ferramenta-de-autoconhecimento\/\"]}]},{\"@type\":\"BreadcrumbList\",\"@id\":\"https:\/\/portaleducacao.guarulhos.sp.gov.br\/wp_site\/abrilliterario\/2024\/04\/12\/yve-de-oliveira-bate-papo-literatura-infanto-juvenil-uma-ferramenta-de-autoconhecimento\/#breadcrumb\",\"itemListElement\":[{\"@type\":\"ListItem\",\"position\":1,\"name\":\"In\u00edcio\",\"item\":\"https:\/\/portaleducacao.guarulhos.sp.gov.br\/wp_site\/abrilliterario\/\"},{\"@type\":\"ListItem\",\"position\":2,\"name\":\"Yve de Oliveira &#8211; Bate-papo &#8211; Literatura infanto-juvenil: Uma ferramenta de autoconhecimento\"}]},{\"@type\":\"WebSite\",\"@id\":\"https:\/\/portaleducacao.guarulhos.sp.gov.br\/wp_site\/abrilliterario\/#website\",\"url\":\"https:\/\/portaleducacao.guarulhos.sp.gov.br\/wp_site\/abrilliterario\/\",\"name\":\"Abril Liter\u00e1rio\",\"description\":\"Literalmente isso...\",\"potentialAction\":[{\"@type\":\"SearchAction\",\"target\":{\"@type\":\"EntryPoint\",\"urlTemplate\":\"https:\/\/portaleducacao.guarulhos.sp.gov.br\/wp_site\/abrilliterario\/?s={search_term_string}\"},\"query-input\":\"required name=search_term_string\"}],\"inLanguage\":\"pt-BR\"},{\"@type\":\"Person\",\"@id\":\"https:\/\/portaleducacao.guarulhos.sp.gov.br\/wp_site\/abrilliterario\/#\/schema\/person\/9d1c60216648b2e84d2544ba3ee8bb69\",\"name\":\"sites\",\"image\":{\"@type\":\"ImageObject\",\"inLanguage\":\"pt-BR\",\"@id\":\"https:\/\/portaleducacao.guarulhos.sp.gov.br\/wp_site\/abrilliterario\/#\/schema\/person\/image\/\",\"url\":\"https:\/\/secure.gravatar.com\/avatar\/d320dc056d58878ea1be67e0f28bb03d?s=96&d=mm&r=g\",\"contentUrl\":\"https:\/\/secure.gravatar.com\/avatar\/d320dc056d58878ea1be67e0f28bb03d?s=96&d=mm&r=g\",\"caption\":\"sites\"},\"sameAs\":[\"http:\/\/172.16.208.47\/sites\"],\"url\":\"https:\/\/portaleducacao.guarulhos.sp.gov.br\/wp_site\/abrilliterario\/author\/sites\/\"}]}<\/script>\r\n<!-- \/ Yoast SEO plugin. -->","yoast_head_json":{"title":"Yve de Oliveira - Bate-papo - Literatura infanto-juvenil: Uma ferramenta de autoconhecimento - Abril Liter\u00e1rio","robots":{"index":"index","follow":"follow","max-snippet":"max-snippet:-1","max-image-preview":"max-image-preview:large","max-video-preview":"max-video-preview:-1"},"canonical":"https:\/\/portaleducacao.guarulhos.sp.gov.br\/wp_site\/abrilliterario\/2024\/04\/12\/yve-de-oliveira-bate-papo-literatura-infanto-juvenil-uma-ferramenta-de-autoconhecimento\/","og_locale":"pt_BR","og_type":"article","og_title":"Yve de Oliveira - Bate-papo - Literatura infanto-juvenil: Uma ferramenta de autoconhecimento - Abril Liter\u00e1rio","og_description":"Data: 25\/04 \u2013 12h \u00e0s 13h Modalidade: Online","og_url":"https:\/\/portaleducacao.guarulhos.sp.gov.br\/wp_site\/abrilliterario\/2024\/04\/12\/yve-de-oliveira-bate-papo-literatura-infanto-juvenil-uma-ferramenta-de-autoconhecimento\/","og_site_name":"Abril Liter\u00e1rio","article_published_time":"2024-04-12T13:06:23+00:00","article_modified_time":"2024-04-25T19:10:27+00:00","og_image":[{"width":1080,"height":1080,"url":"http:\/\/portaleducacao.guarulhos.sp.gov.br\/wp_site\/abrilliterario\/wp-content\/uploads\/sites\/24\/2024\/04\/YveOliveira_25.04.jpg","type":"image\/jpeg"}],"author":"sites","twitter_card":"summary_large_image","twitter_misc":{"Escrito por":"sites","Est. tempo de leitura":"2 minutos"},"schema":{"@context":"https:\/\/schema.org","@graph":[{"@type":"WebPage","@id":"https:\/\/portaleducacao.guarulhos.sp.gov.br\/wp_site\/abrilliterario\/2024\/04\/12\/yve-de-oliveira-bate-papo-literatura-infanto-juvenil-uma-ferramenta-de-autoconhecimento\/","url":"https:\/\/portaleducacao.guarulhos.sp.gov.br\/wp_site\/abrilliterario\/2024\/04\/12\/yve-de-oliveira-bate-papo-literatura-infanto-juvenil-uma-ferramenta-de-autoconhecimento\/","name":"Yve de Oliveira - Bate-papo - Literatura infanto-juvenil: Uma ferramenta de autoconhecimento - Abril Liter\u00e1rio","isPartOf":{"@id":"https:\/\/portaleducacao.guarulhos.sp.gov.br\/wp_site\/abrilliterario\/#website"},"datePublished":"2024-04-12T13:06:23+00:00","dateModified":"2024-04-25T19:10:27+00:00","author":{"@id":"https:\/\/portaleducacao.guarulhos.sp.gov.br\/wp_site\/abrilliterario\/#\/schema\/person\/9d1c60216648b2e84d2544ba3ee8bb69"},"breadcrumb":{"@id":"https:\/\/portaleducacao.guarulhos.sp.gov.br\/wp_site\/abrilliterario\/2024\/04\/12\/yve-de-oliveira-bate-papo-literatura-infanto-juvenil-uma-ferramenta-de-autoconhecimento\/#breadcrumb"},"inLanguage":"pt-BR","potentialAction":[{"@type":"ReadAction","target":["https:\/\/portaleducacao.guarulhos.sp.gov.br\/wp_site\/abrilliterario\/2024\/04\/12\/yve-de-oliveira-bate-papo-literatura-infanto-juvenil-uma-ferramenta-de-autoconhecimento\/"]}]},{"@type":"BreadcrumbList","@id":"https:\/\/portaleducacao.guarulhos.sp.gov.br\/wp_site\/abrilliterario\/2024\/04\/12\/yve-de-oliveira-bate-papo-literatura-infanto-juvenil-uma-ferramenta-de-autoconhecimento\/#breadcrumb","itemListElement":[{"@type":"ListItem","position":1,"name":"In\u00edcio","item":"https:\/\/portaleducacao.guarulhos.sp.gov.br\/wp_site\/abrilliterario\/"},{"@type":"ListItem","position":2,"name":"Yve de Oliveira &#8211; Bate-papo &#8211; Literatura infanto-juvenil: Uma ferramenta de autoconhecimento"}]},{"@type":"WebSite","@id":"https:\/\/portaleducacao.guarulhos.sp.gov.br\/wp_site\/abrilliterario\/#website","url":"https:\/\/portaleducacao.guarulhos.sp.gov.br\/wp_site\/abrilliterario\/","name":"Abril Liter\u00e1rio","description":"Literalmente isso...","potentialAction":[{"@type":"SearchAction","target":{"@type":"EntryPoint","urlTemplate":"https:\/\/portaleducacao.guarulhos.sp.gov.br\/wp_site\/abrilliterario\/?s={search_term_string}"},"query-input":"required name=search_term_string"}],"inLanguage":"pt-BR"},{"@type":"Person","@id":"https:\/\/portaleducacao.guarulhos.sp.gov.br\/wp_site\/abrilliterario\/#\/schema\/person\/9d1c60216648b2e84d2544ba3ee8bb69","name":"sites","image":{"@type":"ImageObject","inLanguage":"pt-BR","@id":"https:\/\/portaleducacao.guarulhos.sp.gov.br\/wp_site\/abrilliterario\/#\/schema\/person\/image\/","url":"https:\/\/secure.gravatar.com\/avatar\/d320dc056d58878ea1be67e0f28bb03d?s=96&d=mm&r=g","contentUrl":"https:\/\/secure.gravatar.com\/avatar\/d320dc056d58878ea1be67e0f28bb03d?s=96&d=mm&r=g","caption":"sites"},"sameAs":["http:\/\/172.16.208.47\/sites"],"url":"https:\/\/portaleducacao.guarulhos.sp.gov.br\/wp_site\/abrilliterario\/author\/sites\/"}]}},"_links":{"self":[{"href":"https:\/\/portaleducacao.guarulhos.sp.gov.br\/wp_site\/abrilliterario\/wp-json\/wp\/v2\/posts\/1834"}],"collection":[{"href":"https:\/\/portaleducacao.guarulhos.sp.gov.br\/wp_site\/abrilliterario\/wp-json\/wp\/v2\/posts"}],"about":[{"href":"https:\/\/portaleducacao.guarulhos.sp.gov.br\/wp_site\/abrilliterario\/wp-json\/wp\/v2\/types\/post"}],"author":[{"embeddable":true,"href":"https:\/\/portaleducacao.guarulhos.sp.gov.br\/wp_site\/abrilliterario\/wp-json\/wp\/v2\/users\/1"}],"replies":[{"embeddable":true,"href":"https:\/\/portaleducacao.guarulhos.sp.gov.br\/wp_site\/abrilliterario\/wp-json\/wp\/v2\/comments?post=1834"}],"version-history":[{"count":2,"href":"https:\/\/portaleducacao.guarulhos.sp.gov.br\/wp_site\/abrilliterario\/wp-json\/wp\/v2\/posts\/1834\/revisions"}],"predecessor-version":[{"id":2155,"href":"https:\/\/portaleducacao.guarulhos.sp.gov.br\/wp_site\/abrilliterario\/wp-json\/wp\/v2\/posts\/1834\/revisions\/2155"}],"wp:featuredmedia":[{"embeddable":true,"href":"https:\/\/portaleducacao.guarulhos.sp.gov.br\/wp_site\/abrilliterario\/wp-json\/wp\/v2\/media\/1836"}],"wp:attachment":[{"href":"https:\/\/portaleducacao.guarulhos.sp.gov.br\/wp_site\/abrilliterario\/wp-json\/wp\/v2\/media?parent=1834"}],"wp:term":[{"taxonomy":"category","embeddable":true,"href":"https:\/\/portaleducacao.guarulhos.sp.gov.br\/wp_site\/abrilliterario\/wp-json\/wp\/v2\/categories?post=1834"},{"taxonomy":"post_tag","embeddable":true,"href":"https:\/\/portaleducacao.guarulhos.sp.gov.br\/wp_site\/abrilliterario\/wp-json\/wp\/v2\/tags?post=1834"}],"curies":[{"name":"wp","href":"https:\/\/api.w.org\/{rel}","templated":true}]}}