{"id":1837,"date":"2024-04-12T10:13:59","date_gmt":"2024-04-12T13:13:59","guid":{"rendered":"https:\/\/portaleducacao.guarulhos.sp.gov.br\/wp_site\/abrilliterario\/?p=1837"},"modified":"2024-04-25T16:09:24","modified_gmt":"2024-04-25T19:09:24","slug":"juliana-tonelli-bate-papo-o-genero-storytelling-no-ensino-de-linguas-adicionais-na-e-para-infancia","status":"publish","type":"post","link":"https:\/\/portaleducacao.guarulhos.sp.gov.br\/wp_site\/abrilliterario\/2024\/04\/12\/juliana-tonelli-bate-papo-o-genero-storytelling-no-ensino-de-linguas-adicionais-na-e-para-infancia\/","title":{"rendered":"Juliana Tonelli &#8211;  Bate-papo \u2013 O g\u00eanero Storytelling no ensino de l\u00ednguas adicionais na e para inf\u00e2ncia."},"content":{"rendered":"\t\t<div data-elementor-type=\"wp-post\" data-elementor-id=\"1837\" class=\"elementor elementor-1837\">\n\t\t\t\t\t\t\t\t\t<section class=\"elementor-section elementor-top-section elementor-element elementor-element-7399dd3e elementor-section-boxed elementor-section-height-default elementor-section-height-default\" data-id=\"7399dd3e\" data-element_type=\"section\">\n\t\t\t\t\t\t<div class=\"elementor-container elementor-column-gap-default\">\n\t\t\t\t\t<div class=\"elementor-column elementor-col-100 elementor-top-column elementor-element elementor-element-66026f28\" data-id=\"66026f28\" data-element_type=\"column\">\n\t\t\t<div class=\"elementor-widget-wrap elementor-element-populated\">\n\t\t\t\t\t\t\t\t<div class=\"elementor-element elementor-element-76ce7871 elementor-widget elementor-widget-text-editor\" data-id=\"76ce7871\" data-element_type=\"widget\" data-widget_type=\"text-editor.default\">\n\t\t\t\t<div class=\"elementor-widget-container\">\n\t\t\t<style>\/*! elementor - v3.12.1 - 02-04-2023 *\/\n.elementor-widget-text-editor.elementor-drop-cap-view-stacked .elementor-drop-cap{background-color:#69727d;color:#fff}.elementor-widget-text-editor.elementor-drop-cap-view-framed .elementor-drop-cap{color:#69727d;border:3px solid;background-color:transparent}.elementor-widget-text-editor:not(.elementor-drop-cap-view-default) .elementor-drop-cap{margin-top:8px}.elementor-widget-text-editor:not(.elementor-drop-cap-view-default) .elementor-drop-cap-letter{width:1em;height:1em}.elementor-widget-text-editor .elementor-drop-cap{float:left;text-align:center;line-height:1;font-size:50px}.elementor-widget-text-editor .elementor-drop-cap-letter{display:inline-block}<\/style>\t\t\t\t<!-- wp:paragraph -->\n<p><a href=\"https:\/\/bit.ly\/Juliana_Tonelli\" target=\"_blank\" rel=\"noreferrer noopener\">Clique aqui para acessar a live<\/a><\/p>\n<!-- \/wp:paragraph -->\n\n<!-- wp:paragraph -->\n<p><strong>P\u00fablico:<\/strong>&nbsp;Convite a todos os servidores. Sugerimos que os professores participem no per\u00edodo de hora-atividade ao vivo ou assistam \u00e0 grava\u00e7\u00e3o que ficar\u00e1 dispon\u00edvel no canal ap\u00f3s o hor\u00e1rio da respectiva transmiss\u00e3o.<\/p>\n<!-- \/wp:paragraph -->\n\n<!-- wp:paragraph -->\n<p><strong>Mini curr\u00edculo:&nbsp;<\/strong>Doutora em Estudos da Linguagem pela Universidade Estadual de Londrina e docente efetiva do programa de p\u00f3s-gradua\u00e7\u00e3o em Estudos da Linguagem e do Mestrado Profissional de L\u00ednguas Estrangeiras Modernas. Membro do GT de Forma\u00e7\u00e3o de Professores da Anpoll e l\u00edder do grupo de pesquisa FELICE\/CNPQ. Tem experi\u00eancia na \u00e1rea de Lingu\u00edstica Aplicada, atuando principalmente nos seguintes temas: g\u00eaneros textuais, educa\u00e7\u00e3o inicial e continuada de professores de l\u00ednguas. Possui especial interesse nas pr\u00e1ticas de sala de aula e de forma\u00e7\u00e3o de professores de l\u00ednguas adicionais em contexto de est\u00e1gio, de inicia\u00e7\u00e3o \u00e0 doc\u00eancia e forma\u00e7\u00e3o docente no \u00e2mbito das pol\u00edticas p\u00fablicas voltadas \u00e0 contextos (in)explorados tais como o ensino e aprendizagem de l\u00ednguas adicionais nos anos iniciais de escolariza\u00e7\u00e3o; pr\u00e1ticas interacionais e discursivas em contextos escolares multil\u00edngues e a alunos com necessidades educacionais espec\u00edficas.<\/p>\n<!-- \/wp:paragraph -->\t\t\t\t\t\t<\/div>\n\t\t\t\t<\/div>\n\t\t\t\t\t<\/div>\n\t\t<\/div>\n\t\t\t\t\t\t\t<\/div>\n\t\t<\/section>\n\t\t\t\t\t\t\t<\/div>\n\t\t","protected":false},"excerpt":{"rendered":"<p>Data: 30\/04 \u2013 12h \u00e0s 13h<br \/>\nModalidade: Online <\/p>\n","protected":false},"author":1,"featured_media":2153,"comment_status":"open","ping_status":"open","sticky":false,"template":"","format":"standard","meta":{"_monsterinsights_skip_tracking":false,"_monsterinsights_sitenote_active":false,"_monsterinsights_sitenote_note":"","_monsterinsights_sitenote_category":0,"site-sidebar-layout":"default","site-content-layout":"default","ast-global-header-display":"","ast-main-header-display":"","ast-hfb-above-header-display":"","ast-hfb-below-header-display":"","ast-hfb-mobile-header-display":"","site-post-title":"","ast-breadcrumbs-content":"","ast-featured-img":"","footer-sml-layout":"","theme-transparent-header-meta":"","adv-header-id-meta":"","stick-header-meta":"","header-above-stick-meta":"","header-main-stick-meta":"","header-below-stick-meta":"","_expiration-date-status":"","_expiration-date":0,"_expiration-date-type":"","_expiration-date-categories":[],"_expiration-date-options":[]},"categories":[35,40],"tags":[],"yoast_head":"<!-- This site is optimized with the Yoast SEO plugin v19.7.1 - https:\/\/yoast.com\/wordpress\/plugins\/seo\/ -->\r\n<title>Juliana Tonelli - Bate-papo \u2013 O g\u00eanero Storytelling no ensino de l\u00ednguas adicionais na e para inf\u00e2ncia. - Abril Liter\u00e1rio<\/title>\r\n<meta name=\"robots\" content=\"index, follow, max-snippet:-1, max-image-preview:large, max-video-preview:-1\" \/>\r\n<link rel=\"canonical\" href=\"https:\/\/portaleducacao.guarulhos.sp.gov.br\/wp_site\/abrilliterario\/2024\/04\/12\/juliana-tonelli-bate-papo-o-genero-storytelling-no-ensino-de-linguas-adicionais-na-e-para-infancia\/\" \/>\r\n<meta property=\"og:locale\" content=\"pt_BR\" \/>\r\n<meta property=\"og:type\" content=\"article\" \/>\r\n<meta property=\"og:title\" content=\"Juliana Tonelli - Bate-papo \u2013 O g\u00eanero Storytelling no ensino de l\u00ednguas adicionais na e para inf\u00e2ncia. - Abril Liter\u00e1rio\" \/>\r\n<meta property=\"og:description\" content=\"Data: 30\/04 \u2013 12h \u00e0s 13h Modalidade: Online\" \/>\r\n<meta property=\"og:url\" content=\"https:\/\/portaleducacao.guarulhos.sp.gov.br\/wp_site\/abrilliterario\/2024\/04\/12\/juliana-tonelli-bate-papo-o-genero-storytelling-no-ensino-de-linguas-adicionais-na-e-para-infancia\/\" \/>\r\n<meta property=\"og:site_name\" content=\"Abril Liter\u00e1rio\" \/>\r\n<meta property=\"article:published_time\" content=\"2024-04-12T13:13:59+00:00\" \/>\r\n<meta property=\"article:modified_time\" content=\"2024-04-25T19:09:24+00:00\" \/>\r\n<meta property=\"og:image\" content=\"http:\/\/portaleducacao.guarulhos.sp.gov.br\/wp_site\/abrilliterario\/wp-content\/uploads\/sites\/24\/2024\/04\/WhatsApp-Image-2024-04-25-at-15.48.13-1.jpeg\" \/>\r\n\t<meta property=\"og:image:width\" content=\"320\" \/>\r\n\t<meta property=\"og:image:height\" content=\"320\" \/>\r\n\t<meta property=\"og:image:type\" content=\"image\/jpeg\" \/>\r\n<meta name=\"author\" content=\"sites\" \/>\r\n<meta name=\"twitter:card\" content=\"summary_large_image\" \/>\r\n<meta name=\"twitter:label1\" content=\"Escrito por\" \/>\n\t<meta name=\"twitter:data1\" content=\"sites\" \/>\n\t<meta name=\"twitter:label2\" content=\"Est. tempo de leitura\" \/>\n\t<meta name=\"twitter:data2\" content=\"1 minuto\" \/>\r\n<script type=\"application\/ld+json\" class=\"yoast-schema-graph\">{\"@context\":\"https:\/\/schema.org\",\"@graph\":[{\"@type\":\"WebPage\",\"@id\":\"https:\/\/portaleducacao.guarulhos.sp.gov.br\/wp_site\/abrilliterario\/2024\/04\/12\/juliana-tonelli-bate-papo-o-genero-storytelling-no-ensino-de-linguas-adicionais-na-e-para-infancia\/\",\"url\":\"https:\/\/portaleducacao.guarulhos.sp.gov.br\/wp_site\/abrilliterario\/2024\/04\/12\/juliana-tonelli-bate-papo-o-genero-storytelling-no-ensino-de-linguas-adicionais-na-e-para-infancia\/\",\"name\":\"Juliana Tonelli - Bate-papo \u2013 O g\u00eanero Storytelling no ensino de l\u00ednguas adicionais na e para inf\u00e2ncia. - Abril Liter\u00e1rio\",\"isPartOf\":{\"@id\":\"https:\/\/portaleducacao.guarulhos.sp.gov.br\/wp_site\/abrilliterario\/#website\"},\"datePublished\":\"2024-04-12T13:13:59+00:00\",\"dateModified\":\"2024-04-25T19:09:24+00:00\",\"author\":{\"@id\":\"https:\/\/portaleducacao.guarulhos.sp.gov.br\/wp_site\/abrilliterario\/#\/schema\/person\/9d1c60216648b2e84d2544ba3ee8bb69\"},\"breadcrumb\":{\"@id\":\"https:\/\/portaleducacao.guarulhos.sp.gov.br\/wp_site\/abrilliterario\/2024\/04\/12\/juliana-tonelli-bate-papo-o-genero-storytelling-no-ensino-de-linguas-adicionais-na-e-para-infancia\/#breadcrumb\"},\"inLanguage\":\"pt-BR\",\"potentialAction\":[{\"@type\":\"ReadAction\",\"target\":[\"https:\/\/portaleducacao.guarulhos.sp.gov.br\/wp_site\/abrilliterario\/2024\/04\/12\/juliana-tonelli-bate-papo-o-genero-storytelling-no-ensino-de-linguas-adicionais-na-e-para-infancia\/\"]}]},{\"@type\":\"BreadcrumbList\",\"@id\":\"https:\/\/portaleducacao.guarulhos.sp.gov.br\/wp_site\/abrilliterario\/2024\/04\/12\/juliana-tonelli-bate-papo-o-genero-storytelling-no-ensino-de-linguas-adicionais-na-e-para-infancia\/#breadcrumb\",\"itemListElement\":[{\"@type\":\"ListItem\",\"position\":1,\"name\":\"In\u00edcio\",\"item\":\"https:\/\/portaleducacao.guarulhos.sp.gov.br\/wp_site\/abrilliterario\/\"},{\"@type\":\"ListItem\",\"position\":2,\"name\":\"Juliana Tonelli &#8211; Bate-papo \u2013 O g\u00eanero Storytelling no ensino de l\u00ednguas adicionais na e para inf\u00e2ncia.\"}]},{\"@type\":\"WebSite\",\"@id\":\"https:\/\/portaleducacao.guarulhos.sp.gov.br\/wp_site\/abrilliterario\/#website\",\"url\":\"https:\/\/portaleducacao.guarulhos.sp.gov.br\/wp_site\/abrilliterario\/\",\"name\":\"Abril Liter\u00e1rio\",\"description\":\"Literalmente isso...\",\"potentialAction\":[{\"@type\":\"SearchAction\",\"target\":{\"@type\":\"EntryPoint\",\"urlTemplate\":\"https:\/\/portaleducacao.guarulhos.sp.gov.br\/wp_site\/abrilliterario\/?s={search_term_string}\"},\"query-input\":\"required name=search_term_string\"}],\"inLanguage\":\"pt-BR\"},{\"@type\":\"Person\",\"@id\":\"https:\/\/portaleducacao.guarulhos.sp.gov.br\/wp_site\/abrilliterario\/#\/schema\/person\/9d1c60216648b2e84d2544ba3ee8bb69\",\"name\":\"sites\",\"image\":{\"@type\":\"ImageObject\",\"inLanguage\":\"pt-BR\",\"@id\":\"https:\/\/portaleducacao.guarulhos.sp.gov.br\/wp_site\/abrilliterario\/#\/schema\/person\/image\/\",\"url\":\"https:\/\/secure.gravatar.com\/avatar\/d320dc056d58878ea1be67e0f28bb03d?s=96&d=mm&r=g\",\"contentUrl\":\"https:\/\/secure.gravatar.com\/avatar\/d320dc056d58878ea1be67e0f28bb03d?s=96&d=mm&r=g\",\"caption\":\"sites\"},\"sameAs\":[\"http:\/\/172.16.208.47\/sites\"],\"url\":\"https:\/\/portaleducacao.guarulhos.sp.gov.br\/wp_site\/abrilliterario\/author\/sites\/\"}]}<\/script>\r\n<!-- \/ Yoast SEO plugin. -->","yoast_head_json":{"title":"Juliana Tonelli - Bate-papo \u2013 O g\u00eanero Storytelling no ensino de l\u00ednguas adicionais na e para inf\u00e2ncia. - Abril Liter\u00e1rio","robots":{"index":"index","follow":"follow","max-snippet":"max-snippet:-1","max-image-preview":"max-image-preview:large","max-video-preview":"max-video-preview:-1"},"canonical":"https:\/\/portaleducacao.guarulhos.sp.gov.br\/wp_site\/abrilliterario\/2024\/04\/12\/juliana-tonelli-bate-papo-o-genero-storytelling-no-ensino-de-linguas-adicionais-na-e-para-infancia\/","og_locale":"pt_BR","og_type":"article","og_title":"Juliana Tonelli - Bate-papo \u2013 O g\u00eanero Storytelling no ensino de l\u00ednguas adicionais na e para inf\u00e2ncia. - Abril Liter\u00e1rio","og_description":"Data: 30\/04 \u2013 12h \u00e0s 13h Modalidade: Online","og_url":"https:\/\/portaleducacao.guarulhos.sp.gov.br\/wp_site\/abrilliterario\/2024\/04\/12\/juliana-tonelli-bate-papo-o-genero-storytelling-no-ensino-de-linguas-adicionais-na-e-para-infancia\/","og_site_name":"Abril Liter\u00e1rio","article_published_time":"2024-04-12T13:13:59+00:00","article_modified_time":"2024-04-25T19:09:24+00:00","og_image":[{"width":320,"height":320,"url":"http:\/\/portaleducacao.guarulhos.sp.gov.br\/wp_site\/abrilliterario\/wp-content\/uploads\/sites\/24\/2024\/04\/WhatsApp-Image-2024-04-25-at-15.48.13-1.jpeg","type":"image\/jpeg"}],"author":"sites","twitter_card":"summary_large_image","twitter_misc":{"Escrito por":"sites","Est. tempo de leitura":"1 minuto"},"schema":{"@context":"https:\/\/schema.org","@graph":[{"@type":"WebPage","@id":"https:\/\/portaleducacao.guarulhos.sp.gov.br\/wp_site\/abrilliterario\/2024\/04\/12\/juliana-tonelli-bate-papo-o-genero-storytelling-no-ensino-de-linguas-adicionais-na-e-para-infancia\/","url":"https:\/\/portaleducacao.guarulhos.sp.gov.br\/wp_site\/abrilliterario\/2024\/04\/12\/juliana-tonelli-bate-papo-o-genero-storytelling-no-ensino-de-linguas-adicionais-na-e-para-infancia\/","name":"Juliana Tonelli - Bate-papo \u2013 O g\u00eanero Storytelling no ensino de l\u00ednguas adicionais na e para inf\u00e2ncia. - Abril Liter\u00e1rio","isPartOf":{"@id":"https:\/\/portaleducacao.guarulhos.sp.gov.br\/wp_site\/abrilliterario\/#website"},"datePublished":"2024-04-12T13:13:59+00:00","dateModified":"2024-04-25T19:09:24+00:00","author":{"@id":"https:\/\/portaleducacao.guarulhos.sp.gov.br\/wp_site\/abrilliterario\/#\/schema\/person\/9d1c60216648b2e84d2544ba3ee8bb69"},"breadcrumb":{"@id":"https:\/\/portaleducacao.guarulhos.sp.gov.br\/wp_site\/abrilliterario\/2024\/04\/12\/juliana-tonelli-bate-papo-o-genero-storytelling-no-ensino-de-linguas-adicionais-na-e-para-infancia\/#breadcrumb"},"inLanguage":"pt-BR","potentialAction":[{"@type":"ReadAction","target":["https:\/\/portaleducacao.guarulhos.sp.gov.br\/wp_site\/abrilliterario\/2024\/04\/12\/juliana-tonelli-bate-papo-o-genero-storytelling-no-ensino-de-linguas-adicionais-na-e-para-infancia\/"]}]},{"@type":"BreadcrumbList","@id":"https:\/\/portaleducacao.guarulhos.sp.gov.br\/wp_site\/abrilliterario\/2024\/04\/12\/juliana-tonelli-bate-papo-o-genero-storytelling-no-ensino-de-linguas-adicionais-na-e-para-infancia\/#breadcrumb","itemListElement":[{"@type":"ListItem","position":1,"name":"In\u00edcio","item":"https:\/\/portaleducacao.guarulhos.sp.gov.br\/wp_site\/abrilliterario\/"},{"@type":"ListItem","position":2,"name":"Juliana Tonelli &#8211; Bate-papo \u2013 O g\u00eanero Storytelling no ensino de l\u00ednguas adicionais na e para inf\u00e2ncia."}]},{"@type":"WebSite","@id":"https:\/\/portaleducacao.guarulhos.sp.gov.br\/wp_site\/abrilliterario\/#website","url":"https:\/\/portaleducacao.guarulhos.sp.gov.br\/wp_site\/abrilliterario\/","name":"Abril Liter\u00e1rio","description":"Literalmente isso...","potentialAction":[{"@type":"SearchAction","target":{"@type":"EntryPoint","urlTemplate":"https:\/\/portaleducacao.guarulhos.sp.gov.br\/wp_site\/abrilliterario\/?s={search_term_string}"},"query-input":"required name=search_term_string"}],"inLanguage":"pt-BR"},{"@type":"Person","@id":"https:\/\/portaleducacao.guarulhos.sp.gov.br\/wp_site\/abrilliterario\/#\/schema\/person\/9d1c60216648b2e84d2544ba3ee8bb69","name":"sites","image":{"@type":"ImageObject","inLanguage":"pt-BR","@id":"https:\/\/portaleducacao.guarulhos.sp.gov.br\/wp_site\/abrilliterario\/#\/schema\/person\/image\/","url":"https:\/\/secure.gravatar.com\/avatar\/d320dc056d58878ea1be67e0f28bb03d?s=96&d=mm&r=g","contentUrl":"https:\/\/secure.gravatar.com\/avatar\/d320dc056d58878ea1be67e0f28bb03d?s=96&d=mm&r=g","caption":"sites"},"sameAs":["http:\/\/172.16.208.47\/sites"],"url":"https:\/\/portaleducacao.guarulhos.sp.gov.br\/wp_site\/abrilliterario\/author\/sites\/"}]}},"_links":{"self":[{"href":"https:\/\/portaleducacao.guarulhos.sp.gov.br\/wp_site\/abrilliterario\/wp-json\/wp\/v2\/posts\/1837"}],"collection":[{"href":"https:\/\/portaleducacao.guarulhos.sp.gov.br\/wp_site\/abrilliterario\/wp-json\/wp\/v2\/posts"}],"about":[{"href":"https:\/\/portaleducacao.guarulhos.sp.gov.br\/wp_site\/abrilliterario\/wp-json\/wp\/v2\/types\/post"}],"author":[{"embeddable":true,"href":"https:\/\/portaleducacao.guarulhos.sp.gov.br\/wp_site\/abrilliterario\/wp-json\/wp\/v2\/users\/1"}],"replies":[{"embeddable":true,"href":"https:\/\/portaleducacao.guarulhos.sp.gov.br\/wp_site\/abrilliterario\/wp-json\/wp\/v2\/comments?post=1837"}],"version-history":[{"count":8,"href":"https:\/\/portaleducacao.guarulhos.sp.gov.br\/wp_site\/abrilliterario\/wp-json\/wp\/v2\/posts\/1837\/revisions"}],"predecessor-version":[{"id":2152,"href":"https:\/\/portaleducacao.guarulhos.sp.gov.br\/wp_site\/abrilliterario\/wp-json\/wp\/v2\/posts\/1837\/revisions\/2152"}],"wp:featuredmedia":[{"embeddable":true,"href":"https:\/\/portaleducacao.guarulhos.sp.gov.br\/wp_site\/abrilliterario\/wp-json\/wp\/v2\/media\/2153"}],"wp:attachment":[{"href":"https:\/\/portaleducacao.guarulhos.sp.gov.br\/wp_site\/abrilliterario\/wp-json\/wp\/v2\/media?parent=1837"}],"wp:term":[{"taxonomy":"category","embeddable":true,"href":"https:\/\/portaleducacao.guarulhos.sp.gov.br\/wp_site\/abrilliterario\/wp-json\/wp\/v2\/categories?post=1837"},{"taxonomy":"post_tag","embeddable":true,"href":"https:\/\/portaleducacao.guarulhos.sp.gov.br\/wp_site\/abrilliterario\/wp-json\/wp\/v2\/tags?post=1837"}],"curies":[{"name":"wp","href":"https:\/\/api.w.org\/{rel}","templated":true}]}}