{"id":2022,"date":"2024-04-22T15:55:06","date_gmt":"2024-04-22T18:55:06","guid":{"rendered":"https:\/\/portaleducacao.guarulhos.sp.gov.br\/wp_site\/abrilliterario\/?p=2022"},"modified":"2024-04-22T15:55:07","modified_gmt":"2024-04-22T18:55:07","slug":"projeto-das-epgs-glorinha-pimentel-e-rogerio-damiao-potencializa-pequenos-leitores","status":"publish","type":"post","link":"https:\/\/portaleducacao.guarulhos.sp.gov.br\/wp_site\/abrilliterario\/2024\/04\/22\/projeto-das-epgs-glorinha-pimentel-e-rogerio-damiao-potencializa-pequenos-leitores\/","title":{"rendered":"Projeto das EPGs Glorinha Pimentel e Rog\u00e9rio Dami\u00e3o potencializa pequenos leitores"},"content":{"rendered":"\n<p>Olhinhos atentos, escuta afiada e muita curiosidade marcaram o encontro de leitura dos alunos das EPGs Glorinha Pimentel e Rog\u00e9rio Dami\u00e3o, no Jd. Castanha, durante o projeto Pequenos Leitores, que aconteceu na \u00faltima quinta-feira (18) em ambas as unidades. Vizinhas, as escolas desfrutam da facilidade de locomo\u00e7\u00e3o e costumam realizar projetos envolvendo todos os educandos.<\/p>\n\n\n\n<p>Durante o Abril Liter\u00e1rio, as escolas encontraram nos livros ferramenta valiosa para potencializar a aprendizagem das turmas. \u201cFoi por meio das hist\u00f3rias que constru\u00edmos pontes entre nossos muros e o resultado n\u00e3o poderia ser melhor: educandos empoderados, equipes engajadas e acima de tudo, todos encantados com a arte liter\u00e1ria\u201d, explicou Ione Rodrigues, coordenadora pedag\u00f3gica da EPG Glorinha Pimentel.<\/p>\n\n\n\n<p>O projeto Pequenos Leitores provocou agita\u00e7\u00e3o simult\u00e2nea nas escolas. Os alunos dos 4\u00ba e 5\u00b0 anos da EPG Glorinha Pimentel recepcionaram os alunos do est\u00e1gio II da EPG Rog\u00e9rio Dami\u00e3o com leituras diversificadas, que aconteceram em diferentes locais da unidade, nas rampas de acesso e no p\u00e1tio principal. Enquanto isso, do outro lado do muro, os alunos do est\u00e1gio II tamb\u00e9m recepcionaram os estudantes dos 4\u00ba e 5\u00b0 anos, que levaram mais hist\u00f3rias para serem lidas e compartilhadas.<\/p>\n\n\n\n<p>\u201cEstou muito satisfeita com esse interc\u00e2mbio, eles est\u00e3o em plena fase de descobertas, tudo \u00e9 novidade, eles tamb\u00e9m est\u00e3o super empolgados porque sabem que, no pr\u00f3ximo ano, v\u00e3o estudar na escola ao lado\u201d, contou a professora Aparecida Rosa Neves, da EPG Rog\u00e9rio.<\/p>\n\n\n\n<p>O projeto Pequenos Leitores \u00e9 uma dentre v\u00e1rias a\u00e7\u00f5es que acontecem no Abril Liter\u00e1rio e que se desdobram em pr\u00e1ticas permanentes para potencializar a aprendizagem da leitura e escrita dos estudantes. \u201cEu gostei muito, queria ficar l\u00e1 o dia inteiro lendo os livros\u201d, disse animada a aluna Alice Arruda.<\/p>\n\n\n\n<p>No pr\u00f3ximo ano, os alunos do est\u00e1gio II da EPG Rog\u00e9rio v\u00e3o estudar no 1\u00ba ano da EPG Glorinha, o que enfatiza a import\u00e2ncia desse encontro com os colegas que j\u00e1 estudam l\u00e1. \u201cEssa atividade de leitura entre alunos j\u00e1 alfabetizados e os que est\u00e3o em fase de alfabetiza\u00e7\u00e3o faz com que os alunos dos est\u00e1gios se sintam mais seguros e percebam que as duas escolas est\u00e3o juntas na constru\u00e7\u00e3o de seus saberes\u201d, pontua Ione.<\/p>\n\n\n\n<p>Para a coordenadora pedag\u00f3gica, ler, compartilhar leituras e preocupar-se com o outro e para quem se l\u00ea foi a melhor aula que os educandos poderiam ter.<\/p>\n","protected":false},"excerpt":{"rendered":"<p>Olhinhos atentos, escuta afiada e muita curiosidade marcaram o encontro de leitura dos alunos das EPGs Glorinha Pimentel e Rog\u00e9rio Dami\u00e3o, no Jd. Castanha, durante o projeto Pequenos Leitores, que &hellip;<\/p>\n<p class=\"read-more\"> <a class=\"\" href=\"https:\/\/portaleducacao.guarulhos.sp.gov.br\/wp_site\/abrilliterario\/2024\/04\/22\/projeto-das-epgs-glorinha-pimentel-e-rogerio-damiao-potencializa-pequenos-leitores\/\"> <span class=\"screen-reader-text\">Projeto das EPGs Glorinha Pimentel e Rog\u00e9rio Dami\u00e3o potencializa pequenos leitores<\/span> Leia mais &raquo;<\/a><\/p>\n","protected":false},"author":12,"featured_media":2023,"comment_status":"open","ping_status":"open","sticky":false,"template":"","format":"standard","meta":{"_monsterinsights_skip_tracking":false,"_monsterinsights_sitenote_active":false,"_monsterinsights_sitenote_note":"","_monsterinsights_sitenote_category":0,"site-sidebar-layout":"default","site-content-layout":"default","ast-global-header-display":"","ast-main-header-display":"","ast-hfb-above-header-display":"","ast-hfb-below-header-display":"","ast-hfb-mobile-header-display":"","site-post-title":"","ast-breadcrumbs-content":"","ast-featured-img":"","footer-sml-layout":"","theme-transparent-header-meta":"","adv-header-id-meta":"","stick-header-meta":"","header-above-stick-meta":"","header-main-stick-meta":"","header-below-stick-meta":"","_expiration-date-status":"","_expiration-date":1714416792,"_expiration-date-type":"draft","_expiration-date-categories":[],"_expiration-date-options":[]},"categories":[36,37,35,34],"tags":[],"yoast_head":"<!-- This site is optimized with the Yoast SEO plugin v19.7.1 - https:\/\/yoast.com\/wordpress\/plugins\/seo\/ -->\r\n<title>Projeto das EPGs Glorinha Pimentel e Rog\u00e9rio Dami\u00e3o potencializa pequenos leitores - Abril Liter\u00e1rio<\/title>\r\n<meta name=\"robots\" content=\"index, follow, max-snippet:-1, max-image-preview:large, max-video-preview:-1\" \/>\r\n<link rel=\"canonical\" href=\"https:\/\/portaleducacao.guarulhos.sp.gov.br\/wp_site\/abrilliterario\/2024\/04\/22\/projeto-das-epgs-glorinha-pimentel-e-rogerio-damiao-potencializa-pequenos-leitores\/\" \/>\r\n<meta property=\"og:locale\" content=\"pt_BR\" \/>\r\n<meta property=\"og:type\" content=\"article\" \/>\r\n<meta property=\"og:title\" content=\"Projeto das EPGs Glorinha Pimentel e Rog\u00e9rio Dami\u00e3o potencializa pequenos leitores - Abril Liter\u00e1rio\" \/>\r\n<meta property=\"og:description\" content=\"Olhinhos atentos, escuta afiada e muita curiosidade marcaram o encontro de leitura dos alunos das EPGs Glorinha Pimentel e Rog\u00e9rio Dami\u00e3o, no Jd. Castanha, durante o projeto Pequenos Leitores, que &hellip; Projeto das EPGs Glorinha Pimentel e Rog\u00e9rio Dami\u00e3o potencializa pequenos leitores Leia mais &raquo;\" \/>\r\n<meta property=\"og:url\" content=\"https:\/\/portaleducacao.guarulhos.sp.gov.br\/wp_site\/abrilliterario\/2024\/04\/22\/projeto-das-epgs-glorinha-pimentel-e-rogerio-damiao-potencializa-pequenos-leitores\/\" \/>\r\n<meta property=\"og:site_name\" content=\"Abril Liter\u00e1rio\" \/>\r\n<meta property=\"article:published_time\" content=\"2024-04-22T18:55:06+00:00\" \/>\r\n<meta property=\"article:modified_time\" content=\"2024-04-22T18:55:07+00:00\" \/>\r\n<meta property=\"og:image\" content=\"http:\/\/portaleducacao.guarulhos.sp.gov.br\/wp_site\/abrilliterario\/wp-content\/uploads\/sites\/24\/2024\/04\/001.jpeg\" \/>\r\n\t<meta property=\"og:image:width\" content=\"1600\" \/>\r\n\t<meta property=\"og:image:height\" content=\"1204\" \/>\r\n\t<meta property=\"og:image:type\" content=\"image\/jpeg\" \/>\r\n<meta name=\"author\" content=\"Eduardo Calabria\" \/>\r\n<meta name=\"twitter:card\" content=\"summary_large_image\" \/>\r\n<meta name=\"twitter:label1\" content=\"Escrito por\" \/>\n\t<meta name=\"twitter:data1\" content=\"Eduardo Calabria\" \/>\n\t<meta name=\"twitter:label2\" content=\"Est. tempo de leitura\" \/>\n\t<meta name=\"twitter:data2\" content=\"3 minutos\" \/>\r\n<script type=\"application\/ld+json\" class=\"yoast-schema-graph\">{\"@context\":\"https:\/\/schema.org\",\"@graph\":[{\"@type\":\"WebPage\",\"@id\":\"https:\/\/portaleducacao.guarulhos.sp.gov.br\/wp_site\/abrilliterario\/2024\/04\/22\/projeto-das-epgs-glorinha-pimentel-e-rogerio-damiao-potencializa-pequenos-leitores\/\",\"url\":\"https:\/\/portaleducacao.guarulhos.sp.gov.br\/wp_site\/abrilliterario\/2024\/04\/22\/projeto-das-epgs-glorinha-pimentel-e-rogerio-damiao-potencializa-pequenos-leitores\/\",\"name\":\"Projeto das EPGs Glorinha Pimentel e Rog\u00e9rio Dami\u00e3o potencializa pequenos leitores - Abril Liter\u00e1rio\",\"isPartOf\":{\"@id\":\"https:\/\/portaleducacao.guarulhos.sp.gov.br\/wp_site\/abrilliterario\/#website\"},\"datePublished\":\"2024-04-22T18:55:06+00:00\",\"dateModified\":\"2024-04-22T18:55:07+00:00\",\"author\":{\"@id\":\"https:\/\/portaleducacao.guarulhos.sp.gov.br\/wp_site\/abrilliterario\/#\/schema\/person\/3cd59442d86a6bd35a1cb775b093d9af\"},\"breadcrumb\":{\"@id\":\"https:\/\/portaleducacao.guarulhos.sp.gov.br\/wp_site\/abrilliterario\/2024\/04\/22\/projeto-das-epgs-glorinha-pimentel-e-rogerio-damiao-potencializa-pequenos-leitores\/#breadcrumb\"},\"inLanguage\":\"pt-BR\",\"potentialAction\":[{\"@type\":\"ReadAction\",\"target\":[\"https:\/\/portaleducacao.guarulhos.sp.gov.br\/wp_site\/abrilliterario\/2024\/04\/22\/projeto-das-epgs-glorinha-pimentel-e-rogerio-damiao-potencializa-pequenos-leitores\/\"]}]},{\"@type\":\"BreadcrumbList\",\"@id\":\"https:\/\/portaleducacao.guarulhos.sp.gov.br\/wp_site\/abrilliterario\/2024\/04\/22\/projeto-das-epgs-glorinha-pimentel-e-rogerio-damiao-potencializa-pequenos-leitores\/#breadcrumb\",\"itemListElement\":[{\"@type\":\"ListItem\",\"position\":1,\"name\":\"In\u00edcio\",\"item\":\"https:\/\/portaleducacao.guarulhos.sp.gov.br\/wp_site\/abrilliterario\/\"},{\"@type\":\"ListItem\",\"position\":2,\"name\":\"Projeto das EPGs Glorinha Pimentel e Rog\u00e9rio Dami\u00e3o potencializa pequenos leitores\"}]},{\"@type\":\"WebSite\",\"@id\":\"https:\/\/portaleducacao.guarulhos.sp.gov.br\/wp_site\/abrilliterario\/#website\",\"url\":\"https:\/\/portaleducacao.guarulhos.sp.gov.br\/wp_site\/abrilliterario\/\",\"name\":\"Abril Liter\u00e1rio\",\"description\":\"Literalmente isso...\",\"potentialAction\":[{\"@type\":\"SearchAction\",\"target\":{\"@type\":\"EntryPoint\",\"urlTemplate\":\"https:\/\/portaleducacao.guarulhos.sp.gov.br\/wp_site\/abrilliterario\/?s={search_term_string}\"},\"query-input\":\"required name=search_term_string\"}],\"inLanguage\":\"pt-BR\"},{\"@type\":\"Person\",\"@id\":\"https:\/\/portaleducacao.guarulhos.sp.gov.br\/wp_site\/abrilliterario\/#\/schema\/person\/3cd59442d86a6bd35a1cb775b093d9af\",\"name\":\"Eduardo Calabria\",\"image\":{\"@type\":\"ImageObject\",\"inLanguage\":\"pt-BR\",\"@id\":\"https:\/\/portaleducacao.guarulhos.sp.gov.br\/wp_site\/abrilliterario\/#\/schema\/person\/image\/\",\"url\":\"https:\/\/secure.gravatar.com\/avatar\/8e9c65076f903828ecdd0e9fa6ab1487?s=96&d=mm&r=g\",\"contentUrl\":\"https:\/\/secure.gravatar.com\/avatar\/8e9c65076f903828ecdd0e9fa6ab1487?s=96&d=mm&r=g\",\"caption\":\"Eduardo Calabria\"},\"url\":\"https:\/\/portaleducacao.guarulhos.sp.gov.br\/wp_site\/abrilliterario\/author\/eduardocm\/\"}]}<\/script>\r\n<!-- \/ Yoast SEO plugin. -->","yoast_head_json":{"title":"Projeto das EPGs Glorinha Pimentel e Rog\u00e9rio Dami\u00e3o potencializa pequenos leitores - Abril Liter\u00e1rio","robots":{"index":"index","follow":"follow","max-snippet":"max-snippet:-1","max-image-preview":"max-image-preview:large","max-video-preview":"max-video-preview:-1"},"canonical":"https:\/\/portaleducacao.guarulhos.sp.gov.br\/wp_site\/abrilliterario\/2024\/04\/22\/projeto-das-epgs-glorinha-pimentel-e-rogerio-damiao-potencializa-pequenos-leitores\/","og_locale":"pt_BR","og_type":"article","og_title":"Projeto das EPGs Glorinha Pimentel e Rog\u00e9rio Dami\u00e3o potencializa pequenos leitores - Abril Liter\u00e1rio","og_description":"Olhinhos atentos, escuta afiada e muita curiosidade marcaram o encontro de leitura dos alunos das EPGs Glorinha Pimentel e Rog\u00e9rio Dami\u00e3o, no Jd. Castanha, durante o projeto Pequenos Leitores, que &hellip; Projeto das EPGs Glorinha Pimentel e Rog\u00e9rio Dami\u00e3o potencializa pequenos leitores Leia mais &raquo;","og_url":"https:\/\/portaleducacao.guarulhos.sp.gov.br\/wp_site\/abrilliterario\/2024\/04\/22\/projeto-das-epgs-glorinha-pimentel-e-rogerio-damiao-potencializa-pequenos-leitores\/","og_site_name":"Abril Liter\u00e1rio","article_published_time":"2024-04-22T18:55:06+00:00","article_modified_time":"2024-04-22T18:55:07+00:00","og_image":[{"width":1600,"height":1204,"url":"http:\/\/portaleducacao.guarulhos.sp.gov.br\/wp_site\/abrilliterario\/wp-content\/uploads\/sites\/24\/2024\/04\/001.jpeg","type":"image\/jpeg"}],"author":"Eduardo Calabria","twitter_card":"summary_large_image","twitter_misc":{"Escrito por":"Eduardo Calabria","Est. tempo de leitura":"3 minutos"},"schema":{"@context":"https:\/\/schema.org","@graph":[{"@type":"WebPage","@id":"https:\/\/portaleducacao.guarulhos.sp.gov.br\/wp_site\/abrilliterario\/2024\/04\/22\/projeto-das-epgs-glorinha-pimentel-e-rogerio-damiao-potencializa-pequenos-leitores\/","url":"https:\/\/portaleducacao.guarulhos.sp.gov.br\/wp_site\/abrilliterario\/2024\/04\/22\/projeto-das-epgs-glorinha-pimentel-e-rogerio-damiao-potencializa-pequenos-leitores\/","name":"Projeto das EPGs Glorinha Pimentel e Rog\u00e9rio Dami\u00e3o potencializa pequenos leitores - Abril Liter\u00e1rio","isPartOf":{"@id":"https:\/\/portaleducacao.guarulhos.sp.gov.br\/wp_site\/abrilliterario\/#website"},"datePublished":"2024-04-22T18:55:06+00:00","dateModified":"2024-04-22T18:55:07+00:00","author":{"@id":"https:\/\/portaleducacao.guarulhos.sp.gov.br\/wp_site\/abrilliterario\/#\/schema\/person\/3cd59442d86a6bd35a1cb775b093d9af"},"breadcrumb":{"@id":"https:\/\/portaleducacao.guarulhos.sp.gov.br\/wp_site\/abrilliterario\/2024\/04\/22\/projeto-das-epgs-glorinha-pimentel-e-rogerio-damiao-potencializa-pequenos-leitores\/#breadcrumb"},"inLanguage":"pt-BR","potentialAction":[{"@type":"ReadAction","target":["https:\/\/portaleducacao.guarulhos.sp.gov.br\/wp_site\/abrilliterario\/2024\/04\/22\/projeto-das-epgs-glorinha-pimentel-e-rogerio-damiao-potencializa-pequenos-leitores\/"]}]},{"@type":"BreadcrumbList","@id":"https:\/\/portaleducacao.guarulhos.sp.gov.br\/wp_site\/abrilliterario\/2024\/04\/22\/projeto-das-epgs-glorinha-pimentel-e-rogerio-damiao-potencializa-pequenos-leitores\/#breadcrumb","itemListElement":[{"@type":"ListItem","position":1,"name":"In\u00edcio","item":"https:\/\/portaleducacao.guarulhos.sp.gov.br\/wp_site\/abrilliterario\/"},{"@type":"ListItem","position":2,"name":"Projeto das EPGs Glorinha Pimentel e Rog\u00e9rio Dami\u00e3o potencializa pequenos leitores"}]},{"@type":"WebSite","@id":"https:\/\/portaleducacao.guarulhos.sp.gov.br\/wp_site\/abrilliterario\/#website","url":"https:\/\/portaleducacao.guarulhos.sp.gov.br\/wp_site\/abrilliterario\/","name":"Abril Liter\u00e1rio","description":"Literalmente isso...","potentialAction":[{"@type":"SearchAction","target":{"@type":"EntryPoint","urlTemplate":"https:\/\/portaleducacao.guarulhos.sp.gov.br\/wp_site\/abrilliterario\/?s={search_term_string}"},"query-input":"required name=search_term_string"}],"inLanguage":"pt-BR"},{"@type":"Person","@id":"https:\/\/portaleducacao.guarulhos.sp.gov.br\/wp_site\/abrilliterario\/#\/schema\/person\/3cd59442d86a6bd35a1cb775b093d9af","name":"Eduardo Calabria","image":{"@type":"ImageObject","inLanguage":"pt-BR","@id":"https:\/\/portaleducacao.guarulhos.sp.gov.br\/wp_site\/abrilliterario\/#\/schema\/person\/image\/","url":"https:\/\/secure.gravatar.com\/avatar\/8e9c65076f903828ecdd0e9fa6ab1487?s=96&d=mm&r=g","contentUrl":"https:\/\/secure.gravatar.com\/avatar\/8e9c65076f903828ecdd0e9fa6ab1487?s=96&d=mm&r=g","caption":"Eduardo Calabria"},"url":"https:\/\/portaleducacao.guarulhos.sp.gov.br\/wp_site\/abrilliterario\/author\/eduardocm\/"}]}},"_links":{"self":[{"href":"https:\/\/portaleducacao.guarulhos.sp.gov.br\/wp_site\/abrilliterario\/wp-json\/wp\/v2\/posts\/2022"}],"collection":[{"href":"https:\/\/portaleducacao.guarulhos.sp.gov.br\/wp_site\/abrilliterario\/wp-json\/wp\/v2\/posts"}],"about":[{"href":"https:\/\/portaleducacao.guarulhos.sp.gov.br\/wp_site\/abrilliterario\/wp-json\/wp\/v2\/types\/post"}],"author":[{"embeddable":true,"href":"https:\/\/portaleducacao.guarulhos.sp.gov.br\/wp_site\/abrilliterario\/wp-json\/wp\/v2\/users\/12"}],"replies":[{"embeddable":true,"href":"https:\/\/portaleducacao.guarulhos.sp.gov.br\/wp_site\/abrilliterario\/wp-json\/wp\/v2\/comments?post=2022"}],"version-history":[{"count":1,"href":"https:\/\/portaleducacao.guarulhos.sp.gov.br\/wp_site\/abrilliterario\/wp-json\/wp\/v2\/posts\/2022\/revisions"}],"predecessor-version":[{"id":2024,"href":"https:\/\/portaleducacao.guarulhos.sp.gov.br\/wp_site\/abrilliterario\/wp-json\/wp\/v2\/posts\/2022\/revisions\/2024"}],"wp:featuredmedia":[{"embeddable":true,"href":"https:\/\/portaleducacao.guarulhos.sp.gov.br\/wp_site\/abrilliterario\/wp-json\/wp\/v2\/media\/2023"}],"wp:attachment":[{"href":"https:\/\/portaleducacao.guarulhos.sp.gov.br\/wp_site\/abrilliterario\/wp-json\/wp\/v2\/media?parent=2022"}],"wp:term":[{"taxonomy":"category","embeddable":true,"href":"https:\/\/portaleducacao.guarulhos.sp.gov.br\/wp_site\/abrilliterario\/wp-json\/wp\/v2\/categories?post=2022"},{"taxonomy":"post_tag","embeddable":true,"href":"https:\/\/portaleducacao.guarulhos.sp.gov.br\/wp_site\/abrilliterario\/wp-json\/wp\/v2\/tags?post=2022"}],"curies":[{"name":"wp","href":"https:\/\/api.w.org\/{rel}","templated":true}]}}