{"id":2096,"date":"2024-04-25T07:33:18","date_gmt":"2024-04-25T10:33:18","guid":{"rendered":"https:\/\/portaleducacao.guarulhos.sp.gov.br\/wp_site\/abrilliterario\/?p=2096"},"modified":"2024-05-10T16:47:17","modified_gmt":"2024-05-10T19:47:17","slug":"encontro-no-cmil-luis-de-camoes-promove-leitura-de-obra-de-autora-chilena","status":"publish","type":"post","link":"https:\/\/portaleducacao.guarulhos.sp.gov.br\/wp_site\/abrilliterario\/2024\/04\/25\/encontro-no-cmil-luis-de-camoes-promove-leitura-de-obra-de-autora-chilena\/","title":{"rendered":"Encontro no CMIL Luis de Cam\u00f5es promove leitura de obra de autora chilena"},"content":{"rendered":"\n<p>Paula, o mais comovente e \u00edntimo de todos os trabalhos da escritora chilena Isabel Allende, \u00e9 a obra escolhida para debate no pr\u00f3ximo encontro do Universo Coletivo de Leitura (UNICO), que acontece no dia 27 de abril, s\u00e1bado, a partir das 10h30, no CMIL Luis de Cam\u00f5es, no Gopo\u00fava. A entrada \u00e9 gratuita e a participa\u00e7\u00e3o \u00e9 livre para maiores de 18 anos.<\/p>\n\n\n\n<p>Escrito logo depois da morte de sua filha Paula, v\u00edtima de uma doen\u00e7a rara, o livro de Isabel Allende traz mem\u00f3rias de sua fam\u00edlia, de seu pa\u00eds, da Am\u00e9rica Latina de meados do s\u00e9culo 20, da inf\u00e2ncia e perip\u00e9cias da juventude nos anos de chumbo no Chile em plena ditadura militar.&nbsp;<\/p>\n\n\n\n<p>Com encontros mensais, sempre no \u00faltimo s\u00e1bado do m\u00eas, o UNICO tem como objetivos enriquecer o repert\u00f3rio de leituras liter\u00e1rias em momentos compartilhados e fomentar o h\u00e1bito para educadores.&nbsp;<\/p>\n\n\n\n<p>Em 2024 o coletivo traz diversidade de g\u00eaneros liter\u00e1rios como tema norteador. A cada m\u00eas \u00e9 sorteado o g\u00eanero que ser\u00e1 lido no m\u00eas seguinte.&nbsp;<\/p>\n\n\n\n<p>O CMIL Luis de Cam\u00f5es fica na rua Jos\u00e9 Maria de Oliveira Morais, 94 &#8211; Gopouva, Guarulhos.<\/p>\n","protected":false},"excerpt":{"rendered":"<p>Paula, o mais comovente e \u00edntimo de todos os trabalhos da escritora chilena Isabel Allende, \u00e9 a obra escolhida para debate no pr\u00f3ximo encontro do Universo Coletivo de Leitura (UNICO), &hellip;<\/p>\n<p class=\"read-more\"> <a class=\"\" href=\"https:\/\/portaleducacao.guarulhos.sp.gov.br\/wp_site\/abrilliterario\/2024\/04\/25\/encontro-no-cmil-luis-de-camoes-promove-leitura-de-obra-de-autora-chilena\/\"> <span class=\"screen-reader-text\">Encontro no CMIL Luis de Cam\u00f5es promove leitura de obra de autora chilena<\/span> Leia mais &raquo;<\/a><\/p>\n","protected":false},"author":24,"featured_media":2097,"comment_status":"open","ping_status":"open","sticky":false,"template":"","format":"standard","meta":{"_monsterinsights_skip_tracking":false,"_monsterinsights_sitenote_active":false,"_monsterinsights_sitenote_note":"","_monsterinsights_sitenote_category":0,"site-sidebar-layout":"default","site-content-layout":"default","ast-global-header-display":"","ast-main-header-display":"","ast-hfb-above-header-display":"","ast-hfb-below-header-display":"","ast-hfb-mobile-header-display":"","site-post-title":"","ast-breadcrumbs-content":"","ast-featured-img":"","footer-sml-layout":"","theme-transparent-header-meta":"","adv-header-id-meta":"","stick-header-meta":"","header-above-stick-meta":"","header-main-stick-meta":"","header-below-stick-meta":"","_expiration-date-status":"","_expiration-date":0,"_expiration-date-type":"","_expiration-date-categories":[],"_expiration-date-options":[]},"categories":[37,35],"tags":[],"yoast_head":"<!-- This site is optimized with the Yoast SEO plugin v19.7.1 - https:\/\/yoast.com\/wordpress\/plugins\/seo\/ -->\r\n<title>Encontro no CMIL Luis de Cam\u00f5es promove leitura de obra de autora chilena - Abril Liter\u00e1rio<\/title>\r\n<meta name=\"robots\" content=\"index, follow, max-snippet:-1, max-image-preview:large, max-video-preview:-1\" \/>\r\n<link rel=\"canonical\" href=\"https:\/\/portaleducacao.guarulhos.sp.gov.br\/wp_site\/abrilliterario\/2024\/04\/25\/encontro-no-cmil-luis-de-camoes-promove-leitura-de-obra-de-autora-chilena\/\" \/>\r\n<meta property=\"og:locale\" content=\"pt_BR\" \/>\r\n<meta property=\"og:type\" content=\"article\" \/>\r\n<meta property=\"og:title\" content=\"Encontro no CMIL Luis de Cam\u00f5es promove leitura de obra de autora chilena - Abril Liter\u00e1rio\" \/>\r\n<meta property=\"og:description\" content=\"Paula, o mais comovente e \u00edntimo de todos os trabalhos da escritora chilena Isabel Allende, \u00e9 a obra escolhida para debate no pr\u00f3ximo encontro do Universo Coletivo de Leitura (UNICO), &hellip; Encontro no CMIL Luis de Cam\u00f5es promove leitura de obra de autora chilena Leia mais &raquo;\" \/>\r\n<meta property=\"og:url\" content=\"https:\/\/portaleducacao.guarulhos.sp.gov.br\/wp_site\/abrilliterario\/2024\/04\/25\/encontro-no-cmil-luis-de-camoes-promove-leitura-de-obra-de-autora-chilena\/\" \/>\r\n<meta property=\"og:site_name\" content=\"Abril Liter\u00e1rio\" \/>\r\n<meta property=\"article:published_time\" content=\"2024-04-25T10:33:18+00:00\" \/>\r\n<meta property=\"article:modified_time\" content=\"2024-05-10T19:47:17+00:00\" \/>\r\n<meta property=\"og:image\" content=\"http:\/\/portaleducacao.guarulhos.sp.gov.br\/wp_site\/abrilliterario\/wp-content\/uploads\/sites\/24\/2024\/04\/escritora-Isabel-Allende.jpeg\" \/>\r\n\t<meta property=\"og:image:width\" content=\"1200\" \/>\r\n\t<meta property=\"og:image:height\" content=\"675\" \/>\r\n\t<meta property=\"og:image:type\" content=\"image\/jpeg\" \/>\r\n<meta name=\"author\" content=\"carlavm\" \/>\r\n<meta name=\"twitter:card\" content=\"summary_large_image\" \/>\r\n<meta name=\"twitter:label1\" content=\"Escrito por\" \/>\n\t<meta name=\"twitter:data1\" content=\"carlavm\" \/>\n\t<meta name=\"twitter:label2\" content=\"Est. tempo de leitura\" \/>\n\t<meta name=\"twitter:data2\" content=\"2 minutos\" \/>\r\n<script type=\"application\/ld+json\" class=\"yoast-schema-graph\">{\"@context\":\"https:\/\/schema.org\",\"@graph\":[{\"@type\":\"WebPage\",\"@id\":\"https:\/\/portaleducacao.guarulhos.sp.gov.br\/wp_site\/abrilliterario\/2024\/04\/25\/encontro-no-cmil-luis-de-camoes-promove-leitura-de-obra-de-autora-chilena\/\",\"url\":\"https:\/\/portaleducacao.guarulhos.sp.gov.br\/wp_site\/abrilliterario\/2024\/04\/25\/encontro-no-cmil-luis-de-camoes-promove-leitura-de-obra-de-autora-chilena\/\",\"name\":\"Encontro no CMIL Luis de Cam\u00f5es promove leitura de obra de autora chilena - Abril Liter\u00e1rio\",\"isPartOf\":{\"@id\":\"https:\/\/portaleducacao.guarulhos.sp.gov.br\/wp_site\/abrilliterario\/#website\"},\"datePublished\":\"2024-04-25T10:33:18+00:00\",\"dateModified\":\"2024-05-10T19:47:17+00:00\",\"author\":{\"@id\":\"https:\/\/portaleducacao.guarulhos.sp.gov.br\/wp_site\/abrilliterario\/#\/schema\/person\/10d167c03463551fe7460f988dfc14d7\"},\"breadcrumb\":{\"@id\":\"https:\/\/portaleducacao.guarulhos.sp.gov.br\/wp_site\/abrilliterario\/2024\/04\/25\/encontro-no-cmil-luis-de-camoes-promove-leitura-de-obra-de-autora-chilena\/#breadcrumb\"},\"inLanguage\":\"pt-BR\",\"potentialAction\":[{\"@type\":\"ReadAction\",\"target\":[\"https:\/\/portaleducacao.guarulhos.sp.gov.br\/wp_site\/abrilliterario\/2024\/04\/25\/encontro-no-cmil-luis-de-camoes-promove-leitura-de-obra-de-autora-chilena\/\"]}]},{\"@type\":\"BreadcrumbList\",\"@id\":\"https:\/\/portaleducacao.guarulhos.sp.gov.br\/wp_site\/abrilliterario\/2024\/04\/25\/encontro-no-cmil-luis-de-camoes-promove-leitura-de-obra-de-autora-chilena\/#breadcrumb\",\"itemListElement\":[{\"@type\":\"ListItem\",\"position\":1,\"name\":\"In\u00edcio\",\"item\":\"https:\/\/portaleducacao.guarulhos.sp.gov.br\/wp_site\/abrilliterario\/\"},{\"@type\":\"ListItem\",\"position\":2,\"name\":\"Encontro no CMIL Luis de Cam\u00f5es promove leitura de obra de autora chilena\"}]},{\"@type\":\"WebSite\",\"@id\":\"https:\/\/portaleducacao.guarulhos.sp.gov.br\/wp_site\/abrilliterario\/#website\",\"url\":\"https:\/\/portaleducacao.guarulhos.sp.gov.br\/wp_site\/abrilliterario\/\",\"name\":\"Abril Liter\u00e1rio\",\"description\":\"Literalmente isso...\",\"potentialAction\":[{\"@type\":\"SearchAction\",\"target\":{\"@type\":\"EntryPoint\",\"urlTemplate\":\"https:\/\/portaleducacao.guarulhos.sp.gov.br\/wp_site\/abrilliterario\/?s={search_term_string}\"},\"query-input\":\"required name=search_term_string\"}],\"inLanguage\":\"pt-BR\"},{\"@type\":\"Person\",\"@id\":\"https:\/\/portaleducacao.guarulhos.sp.gov.br\/wp_site\/abrilliterario\/#\/schema\/person\/10d167c03463551fe7460f988dfc14d7\",\"name\":\"carlavm\",\"image\":{\"@type\":\"ImageObject\",\"inLanguage\":\"pt-BR\",\"@id\":\"https:\/\/portaleducacao.guarulhos.sp.gov.br\/wp_site\/abrilliterario\/#\/schema\/person\/image\/\",\"url\":\"https:\/\/secure.gravatar.com\/avatar\/b89c22cab4ed3fb14a431c42dccbd61d?s=96&d=mm&r=g\",\"contentUrl\":\"https:\/\/secure.gravatar.com\/avatar\/b89c22cab4ed3fb14a431c42dccbd61d?s=96&d=mm&r=g\",\"caption\":\"carlavm\"},\"url\":\"https:\/\/portaleducacao.guarulhos.sp.gov.br\/wp_site\/abrilliterario\/author\/carlavm\/\"}]}<\/script>\r\n<!-- \/ Yoast SEO plugin. -->","yoast_head_json":{"title":"Encontro no CMIL Luis de Cam\u00f5es promove leitura de obra de autora chilena - Abril Liter\u00e1rio","robots":{"index":"index","follow":"follow","max-snippet":"max-snippet:-1","max-image-preview":"max-image-preview:large","max-video-preview":"max-video-preview:-1"},"canonical":"https:\/\/portaleducacao.guarulhos.sp.gov.br\/wp_site\/abrilliterario\/2024\/04\/25\/encontro-no-cmil-luis-de-camoes-promove-leitura-de-obra-de-autora-chilena\/","og_locale":"pt_BR","og_type":"article","og_title":"Encontro no CMIL Luis de Cam\u00f5es promove leitura de obra de autora chilena - Abril Liter\u00e1rio","og_description":"Paula, o mais comovente e \u00edntimo de todos os trabalhos da escritora chilena Isabel Allende, \u00e9 a obra escolhida para debate no pr\u00f3ximo encontro do Universo Coletivo de Leitura (UNICO), &hellip; Encontro no CMIL Luis de Cam\u00f5es promove leitura de obra de autora chilena Leia mais &raquo;","og_url":"https:\/\/portaleducacao.guarulhos.sp.gov.br\/wp_site\/abrilliterario\/2024\/04\/25\/encontro-no-cmil-luis-de-camoes-promove-leitura-de-obra-de-autora-chilena\/","og_site_name":"Abril Liter\u00e1rio","article_published_time":"2024-04-25T10:33:18+00:00","article_modified_time":"2024-05-10T19:47:17+00:00","og_image":[{"width":1200,"height":675,"url":"http:\/\/portaleducacao.guarulhos.sp.gov.br\/wp_site\/abrilliterario\/wp-content\/uploads\/sites\/24\/2024\/04\/escritora-Isabel-Allende.jpeg","type":"image\/jpeg"}],"author":"carlavm","twitter_card":"summary_large_image","twitter_misc":{"Escrito por":"carlavm","Est. tempo de leitura":"2 minutos"},"schema":{"@context":"https:\/\/schema.org","@graph":[{"@type":"WebPage","@id":"https:\/\/portaleducacao.guarulhos.sp.gov.br\/wp_site\/abrilliterario\/2024\/04\/25\/encontro-no-cmil-luis-de-camoes-promove-leitura-de-obra-de-autora-chilena\/","url":"https:\/\/portaleducacao.guarulhos.sp.gov.br\/wp_site\/abrilliterario\/2024\/04\/25\/encontro-no-cmil-luis-de-camoes-promove-leitura-de-obra-de-autora-chilena\/","name":"Encontro no CMIL Luis de Cam\u00f5es promove leitura de obra de autora chilena - Abril Liter\u00e1rio","isPartOf":{"@id":"https:\/\/portaleducacao.guarulhos.sp.gov.br\/wp_site\/abrilliterario\/#website"},"datePublished":"2024-04-25T10:33:18+00:00","dateModified":"2024-05-10T19:47:17+00:00","author":{"@id":"https:\/\/portaleducacao.guarulhos.sp.gov.br\/wp_site\/abrilliterario\/#\/schema\/person\/10d167c03463551fe7460f988dfc14d7"},"breadcrumb":{"@id":"https:\/\/portaleducacao.guarulhos.sp.gov.br\/wp_site\/abrilliterario\/2024\/04\/25\/encontro-no-cmil-luis-de-camoes-promove-leitura-de-obra-de-autora-chilena\/#breadcrumb"},"inLanguage":"pt-BR","potentialAction":[{"@type":"ReadAction","target":["https:\/\/portaleducacao.guarulhos.sp.gov.br\/wp_site\/abrilliterario\/2024\/04\/25\/encontro-no-cmil-luis-de-camoes-promove-leitura-de-obra-de-autora-chilena\/"]}]},{"@type":"BreadcrumbList","@id":"https:\/\/portaleducacao.guarulhos.sp.gov.br\/wp_site\/abrilliterario\/2024\/04\/25\/encontro-no-cmil-luis-de-camoes-promove-leitura-de-obra-de-autora-chilena\/#breadcrumb","itemListElement":[{"@type":"ListItem","position":1,"name":"In\u00edcio","item":"https:\/\/portaleducacao.guarulhos.sp.gov.br\/wp_site\/abrilliterario\/"},{"@type":"ListItem","position":2,"name":"Encontro no CMIL Luis de Cam\u00f5es promove leitura de obra de autora chilena"}]},{"@type":"WebSite","@id":"https:\/\/portaleducacao.guarulhos.sp.gov.br\/wp_site\/abrilliterario\/#website","url":"https:\/\/portaleducacao.guarulhos.sp.gov.br\/wp_site\/abrilliterario\/","name":"Abril Liter\u00e1rio","description":"Literalmente isso...","potentialAction":[{"@type":"SearchAction","target":{"@type":"EntryPoint","urlTemplate":"https:\/\/portaleducacao.guarulhos.sp.gov.br\/wp_site\/abrilliterario\/?s={search_term_string}"},"query-input":"required name=search_term_string"}],"inLanguage":"pt-BR"},{"@type":"Person","@id":"https:\/\/portaleducacao.guarulhos.sp.gov.br\/wp_site\/abrilliterario\/#\/schema\/person\/10d167c03463551fe7460f988dfc14d7","name":"carlavm","image":{"@type":"ImageObject","inLanguage":"pt-BR","@id":"https:\/\/portaleducacao.guarulhos.sp.gov.br\/wp_site\/abrilliterario\/#\/schema\/person\/image\/","url":"https:\/\/secure.gravatar.com\/avatar\/b89c22cab4ed3fb14a431c42dccbd61d?s=96&d=mm&r=g","contentUrl":"https:\/\/secure.gravatar.com\/avatar\/b89c22cab4ed3fb14a431c42dccbd61d?s=96&d=mm&r=g","caption":"carlavm"},"url":"https:\/\/portaleducacao.guarulhos.sp.gov.br\/wp_site\/abrilliterario\/author\/carlavm\/"}]}},"_links":{"self":[{"href":"https:\/\/portaleducacao.guarulhos.sp.gov.br\/wp_site\/abrilliterario\/wp-json\/wp\/v2\/posts\/2096"}],"collection":[{"href":"https:\/\/portaleducacao.guarulhos.sp.gov.br\/wp_site\/abrilliterario\/wp-json\/wp\/v2\/posts"}],"about":[{"href":"https:\/\/portaleducacao.guarulhos.sp.gov.br\/wp_site\/abrilliterario\/wp-json\/wp\/v2\/types\/post"}],"author":[{"embeddable":true,"href":"https:\/\/portaleducacao.guarulhos.sp.gov.br\/wp_site\/abrilliterario\/wp-json\/wp\/v2\/users\/24"}],"replies":[{"embeddable":true,"href":"https:\/\/portaleducacao.guarulhos.sp.gov.br\/wp_site\/abrilliterario\/wp-json\/wp\/v2\/comments?post=2096"}],"version-history":[{"count":2,"href":"https:\/\/portaleducacao.guarulhos.sp.gov.br\/wp_site\/abrilliterario\/wp-json\/wp\/v2\/posts\/2096\/revisions"}],"predecessor-version":[{"id":2271,"href":"https:\/\/portaleducacao.guarulhos.sp.gov.br\/wp_site\/abrilliterario\/wp-json\/wp\/v2\/posts\/2096\/revisions\/2271"}],"wp:featuredmedia":[{"embeddable":true,"href":"https:\/\/portaleducacao.guarulhos.sp.gov.br\/wp_site\/abrilliterario\/wp-json\/wp\/v2\/media\/2097"}],"wp:attachment":[{"href":"https:\/\/portaleducacao.guarulhos.sp.gov.br\/wp_site\/abrilliterario\/wp-json\/wp\/v2\/media?parent=2096"}],"wp:term":[{"taxonomy":"category","embeddable":true,"href":"https:\/\/portaleducacao.guarulhos.sp.gov.br\/wp_site\/abrilliterario\/wp-json\/wp\/v2\/categories?post=2096"},{"taxonomy":"post_tag","embeddable":true,"href":"https:\/\/portaleducacao.guarulhos.sp.gov.br\/wp_site\/abrilliterario\/wp-json\/wp\/v2\/tags?post=2096"}],"curies":[{"name":"wp","href":"https:\/\/api.w.org\/{rel}","templated":true}]}}