{"id":2099,"date":"2024-04-25T07:40:46","date_gmt":"2024-04-25T10:40:46","guid":{"rendered":"https:\/\/portaleducacao.guarulhos.sp.gov.br\/wp_site\/abrilliterario\/?p=2099"},"modified":"2024-05-10T16:46:39","modified_gmt":"2024-05-10T19:46:39","slug":"cartunista-fausto-bergocce-faz-bate-papo-com-alunos-da-epg-moreira-matos","status":"publish","type":"post","link":"https:\/\/portaleducacao.guarulhos.sp.gov.br\/wp_site\/abrilliterario\/2024\/04\/25\/cartunista-fausto-bergocce-faz-bate-papo-com-alunos-da-epg-moreira-matos\/","title":{"rendered":"Cartunista Fausto Bergocce faz bate-papo com alunos da EPG Moreira Matos"},"content":{"rendered":"\n<p>A visita do cartunista Fausto Bergocce \u00e0 EPG Moreira Matos, na Vila Galv\u00e3o, j\u00e1 se tornou um h\u00e1bito durante o Abril Liter\u00e1rio e, na \u00faltima sexta-feira (19), a expectativa de professores e alunos com o ilustre convidado estava ainda maior. Nos dias que antecederam o encontro, os professores das turmas apresentaram v\u00eddeos e mostraram obras de Fausto, o que deixou os alunos cheios de curiosidade.<\/p>\n\n\n\n<p>\u201cEu me interessei muito pela hist\u00f3ria do Fausto, seus desenhos s\u00e3o muitos bonitos. Quando eu crescer, quero ser igual a ele e escrever muitos livros\u201d, contou a aluna Helo\u00edsa de Oliveira, de 7 anos, enquanto pedia uma folha de caderno emprestada para pegar um aut\u00f3grafo.<\/p>\n\n\n\n<p>O encontro do autor com os alunos do ensino fundamental \u00e9 uma das a\u00e7\u00f5es realizadas pela equipe da EPG Moreira Matos para fomentar o livro e a leitura, e que comp\u00f5e intenso planejamento de atividades permanentes que se desdobram durante todo o ano letivo, como as conta\u00e7\u00f5es de hist\u00f3rias semanais em espa\u00e7os abertos da escola e que, segundo os professores, os alunos adoram.<\/p>\n\n\n\n<p>\u201cEles est\u00e3o numa fase em que tudo \u00e9 poss\u00edvel, eles podem sonhar e fazer o que quiserem, muitos j\u00e1 disseram que querem ser escritores; outros, desenhistas. Eles ficaram fascinados pela forma como o Fausto conta as hist\u00f3rias atrav\u00e9s dos desenhos, porque \u00e9 isso que muitos alunos que ainda n\u00e3o est\u00e3o alfabetizados est\u00e3o fazendo\u201d, explicou a professora Vanessa Silva, do 2\u00ba ano, animada com o resultado alcan\u00e7ado com as leituras que seus alunos t\u00eam feito de sala em sala, tamb\u00e9m para as turmas dos outros anos.<\/p>\n\n\n\n<figure class=\"wp-container-2 wp-block-gallery-1 wp-block-gallery has-nested-images columns-default is-cropped\">\n<figure class=\"wp-block-image size-large\"><img loading=\"lazy\" width=\"683\" height=\"1024\" data-id=\"2103\"  src=\"https:\/\/portaleducacao.guarulhos.sp.gov.br\/wp_site\/abrilliterario\/wp-content\/uploads\/sites\/24\/2024\/04\/Fausto-Bergocce-na-EPG-Moreira-Matos-Fotos-Gezer-Amorim-2-683x1024.jpg\" alt=\"\" class=\"wp-image-2103\" srcset=\"https:\/\/portaleducacao.guarulhos.sp.gov.br\/wp_site\/abrilliterario\/wp-content\/uploads\/sites\/24\/2024\/04\/Fausto-Bergocce-na-EPG-Moreira-Matos-Fotos-Gezer-Amorim-2-683x1024.jpg 683w, https:\/\/portaleducacao.guarulhos.sp.gov.br\/wp_site\/abrilliterario\/wp-content\/uploads\/sites\/24\/2024\/04\/Fausto-Bergocce-na-EPG-Moreira-Matos-Fotos-Gezer-Amorim-2-200x300.jpg 200w, https:\/\/portaleducacao.guarulhos.sp.gov.br\/wp_site\/abrilliterario\/wp-content\/uploads\/sites\/24\/2024\/04\/Fausto-Bergocce-na-EPG-Moreira-Matos-Fotos-Gezer-Amorim-2-768x1152.jpg 768w, https:\/\/portaleducacao.guarulhos.sp.gov.br\/wp_site\/abrilliterario\/wp-content\/uploads\/sites\/24\/2024\/04\/Fausto-Bergocce-na-EPG-Moreira-Matos-Fotos-Gezer-Amorim-2.jpg 832w\" sizes=\"(max-width: 683px) 100vw, 683px\" \/><\/figure>\n\n\n\n<figure class=\"wp-block-image size-large\"><img loading=\"lazy\" width=\"518\" height=\"778\" data-id=\"2101\"  src=\"https:\/\/portaleducacao.guarulhos.sp.gov.br\/wp_site\/abrilliterario\/wp-content\/uploads\/sites\/24\/2024\/04\/Fausto-Bergocce-na-EPG-Moreira-Matos-Fotos-Gezer-Amorim-3.jpg\" alt=\"\" class=\"wp-image-2101\" srcset=\"https:\/\/portaleducacao.guarulhos.sp.gov.br\/wp_site\/abrilliterario\/wp-content\/uploads\/sites\/24\/2024\/04\/Fausto-Bergocce-na-EPG-Moreira-Matos-Fotos-Gezer-Amorim-3.jpg 518w, https:\/\/portaleducacao.guarulhos.sp.gov.br\/wp_site\/abrilliterario\/wp-content\/uploads\/sites\/24\/2024\/04\/Fausto-Bergocce-na-EPG-Moreira-Matos-Fotos-Gezer-Amorim-3-200x300.jpg 200w\" sizes=\"(max-width: 518px) 100vw, 518px\" \/><\/figure>\n\n\n\n<figure class=\"wp-block-image size-large\"><img loading=\"lazy\" width=\"518\" height=\"778\" data-id=\"2102\"  src=\"https:\/\/portaleducacao.guarulhos.sp.gov.br\/wp_site\/abrilliterario\/wp-content\/uploads\/sites\/24\/2024\/04\/Fausto-Bergocce-na-EPG-Moreira-Matos-Fotos-Gezer-Amorim-4.jpg\" alt=\"\" class=\"wp-image-2102\" srcset=\"https:\/\/portaleducacao.guarulhos.sp.gov.br\/wp_site\/abrilliterario\/wp-content\/uploads\/sites\/24\/2024\/04\/Fausto-Bergocce-na-EPG-Moreira-Matos-Fotos-Gezer-Amorim-4.jpg 518w, https:\/\/portaleducacao.guarulhos.sp.gov.br\/wp_site\/abrilliterario\/wp-content\/uploads\/sites\/24\/2024\/04\/Fausto-Bergocce-na-EPG-Moreira-Matos-Fotos-Gezer-Amorim-4-200x300.jpg 200w\" sizes=\"(max-width: 518px) 100vw, 518px\" \/><\/figure>\n<\/figure>\n\n\n\n<p>A aluna Manuella Matos de Souza (7) tamb\u00e9m ficou bastante inspirada com a possibilidade de escrever um livro e conta que j\u00e1 tem planos para o futuro. \u201cEu sempre quis criar um livro, contar uma hist\u00f3ria sobre a vida dos animais, o gato, cachorro, girafa, le\u00e3o, temos que respeitar os animais e cuidar deles com muito amor\u201d.<\/p>\n\n\n\n<p>Autor de 17 livros com forte atua\u00e7\u00e3o em ve\u00edculos de imprensa como Folha de S. Paulo, Di\u00e1rio de S\u00e3o Paulo e Jornal \u00daltima Hora, entre outros, Fausto Bergocce \u00e9 autor de livros como Uns e outros \u2013 cartuns soltos (2013), Carlotinha e a galerinha da Turma do Sorriso (2014), Pr\u00e9-Hist\u00f3rias (2017), The Teo (2018), Gataiada (2019), Do R\u00e9 Mi F\u00e1usto (2020) e, mais recentemente, Hist\u00f3rias de Esquina (2023), livro que conta com pref\u00e1cio do maestro J\u00falio Medaglia e posf\u00e1cio e revis\u00e3o do jornalista guarulhense Valdir Carleto.<\/p>\n\n\n\n<p>\u201c\u00c9 sempre emocionante conversar com as crian\u00e7as, elas s\u00e3o muito curiosas e fazem perguntas criativas, est\u00e3o sempre com vontade de aprender e querem que voc\u00ea explique cada detalhe do desenho e da cria\u00e7\u00e3o das personagens, \u00e9 muito bom poder estar com elas\u201d, comemorou o cartunista.<\/p>\n\n\n\n<p>Na continuidade das atividades do Abril Liter\u00e1rio, a EPG Moreira Matos fomenta ainda o leitura\u00e7o, momento em que a escola toda l\u00ea um livro ao mesmo tempo, e a troca de professores entre as salas para leituras espont\u00e2neas para alunos de outras turmas.&nbsp;&nbsp;<\/p>\n","protected":false},"excerpt":{"rendered":"<p>A visita do cartunista Fausto Bergocce \u00e0 EPG Moreira Matos, na Vila Galv\u00e3o, j\u00e1 se tornou um h\u00e1bito durante o Abril Liter\u00e1rio e, na \u00faltima sexta-feira (19), a expectativa de &hellip;<\/p>\n<p class=\"read-more\"> <a class=\"\" href=\"https:\/\/portaleducacao.guarulhos.sp.gov.br\/wp_site\/abrilliterario\/2024\/04\/25\/cartunista-fausto-bergocce-faz-bate-papo-com-alunos-da-epg-moreira-matos\/\"> <span class=\"screen-reader-text\">Cartunista Fausto Bergocce faz bate-papo com alunos da EPG Moreira Matos<\/span> Leia mais &raquo;<\/a><\/p>\n","protected":false},"author":24,"featured_media":2100,"comment_status":"open","ping_status":"open","sticky":false,"template":"","format":"standard","meta":{"_monsterinsights_skip_tracking":false,"_monsterinsights_sitenote_active":false,"_monsterinsights_sitenote_note":"","_monsterinsights_sitenote_category":0,"site-sidebar-layout":"default","site-content-layout":"default","ast-global-header-display":"","ast-main-header-display":"","ast-hfb-above-header-display":"","ast-hfb-below-header-display":"","ast-hfb-mobile-header-display":"","site-post-title":"","ast-breadcrumbs-content":"","ast-featured-img":"","footer-sml-layout":"","theme-transparent-header-meta":"","adv-header-id-meta":"","stick-header-meta":"","header-above-stick-meta":"","header-main-stick-meta":"","header-below-stick-meta":"","_expiration-date-status":"","_expiration-date":1714677371,"_expiration-date-type":"draft","_expiration-date-categories":[],"_expiration-date-options":[]},"categories":[37,35],"tags":[],"yoast_head":"<!-- This site is optimized with the Yoast SEO plugin v19.7.1 - https:\/\/yoast.com\/wordpress\/plugins\/seo\/ -->\r\n<title>Cartunista Fausto Bergocce faz bate-papo com alunos da EPG Moreira Matos - Abril Liter\u00e1rio<\/title>\r\n<meta name=\"robots\" content=\"index, follow, max-snippet:-1, max-image-preview:large, max-video-preview:-1\" \/>\r\n<link rel=\"canonical\" href=\"https:\/\/portaleducacao.guarulhos.sp.gov.br\/wp_site\/abrilliterario\/2024\/04\/25\/cartunista-fausto-bergocce-faz-bate-papo-com-alunos-da-epg-moreira-matos\/\" \/>\r\n<meta property=\"og:locale\" content=\"pt_BR\" \/>\r\n<meta property=\"og:type\" content=\"article\" \/>\r\n<meta property=\"og:title\" content=\"Cartunista Fausto Bergocce faz bate-papo com alunos da EPG Moreira Matos - Abril Liter\u00e1rio\" \/>\r\n<meta property=\"og:description\" content=\"A visita do cartunista Fausto Bergocce \u00e0 EPG Moreira Matos, na Vila Galv\u00e3o, j\u00e1 se tornou um h\u00e1bito durante o Abril Liter\u00e1rio e, na \u00faltima sexta-feira (19), a expectativa de &hellip; Cartunista Fausto Bergocce faz bate-papo com alunos da EPG Moreira Matos Leia mais &raquo;\" \/>\r\n<meta property=\"og:url\" content=\"https:\/\/portaleducacao.guarulhos.sp.gov.br\/wp_site\/abrilliterario\/2024\/04\/25\/cartunista-fausto-bergocce-faz-bate-papo-com-alunos-da-epg-moreira-matos\/\" \/>\r\n<meta property=\"og:site_name\" content=\"Abril Liter\u00e1rio\" \/>\r\n<meta property=\"article:published_time\" content=\"2024-04-25T10:40:46+00:00\" \/>\r\n<meta property=\"article:modified_time\" content=\"2024-05-10T19:46:39+00:00\" \/>\r\n<meta property=\"og:image\" content=\"http:\/\/portaleducacao.guarulhos.sp.gov.br\/wp_site\/abrilliterario\/wp-content\/uploads\/sites\/24\/2024\/04\/Fausto-Bergocce-na-EPG-Moreira-Matos-Fotos-Gezer-Amorim-6.jpg\" \/>\r\n\t<meta property=\"og:image:width\" content=\"1248\" \/>\r\n\t<meta property=\"og:image:height\" content=\"832\" \/>\r\n\t<meta property=\"og:image:type\" content=\"image\/jpeg\" \/>\r\n<meta name=\"author\" content=\"carlavm\" \/>\r\n<meta name=\"twitter:card\" content=\"summary_large_image\" \/>\r\n<meta name=\"twitter:label1\" content=\"Escrito por\" \/>\n\t<meta name=\"twitter:data1\" content=\"carlavm\" \/>\n\t<meta name=\"twitter:label2\" content=\"Est. tempo de leitura\" \/>\n\t<meta name=\"twitter:data2\" content=\"4 minutos\" \/>\r\n<script type=\"application\/ld+json\" class=\"yoast-schema-graph\">{\"@context\":\"https:\/\/schema.org\",\"@graph\":[{\"@type\":\"WebPage\",\"@id\":\"https:\/\/portaleducacao.guarulhos.sp.gov.br\/wp_site\/abrilliterario\/2024\/04\/25\/cartunista-fausto-bergocce-faz-bate-papo-com-alunos-da-epg-moreira-matos\/\",\"url\":\"https:\/\/portaleducacao.guarulhos.sp.gov.br\/wp_site\/abrilliterario\/2024\/04\/25\/cartunista-fausto-bergocce-faz-bate-papo-com-alunos-da-epg-moreira-matos\/\",\"name\":\"Cartunista Fausto Bergocce faz bate-papo com alunos da EPG Moreira Matos - Abril Liter\u00e1rio\",\"isPartOf\":{\"@id\":\"https:\/\/portaleducacao.guarulhos.sp.gov.br\/wp_site\/abrilliterario\/#website\"},\"datePublished\":\"2024-04-25T10:40:46+00:00\",\"dateModified\":\"2024-05-10T19:46:39+00:00\",\"author\":{\"@id\":\"https:\/\/portaleducacao.guarulhos.sp.gov.br\/wp_site\/abrilliterario\/#\/schema\/person\/10d167c03463551fe7460f988dfc14d7\"},\"breadcrumb\":{\"@id\":\"https:\/\/portaleducacao.guarulhos.sp.gov.br\/wp_site\/abrilliterario\/2024\/04\/25\/cartunista-fausto-bergocce-faz-bate-papo-com-alunos-da-epg-moreira-matos\/#breadcrumb\"},\"inLanguage\":\"pt-BR\",\"potentialAction\":[{\"@type\":\"ReadAction\",\"target\":[\"https:\/\/portaleducacao.guarulhos.sp.gov.br\/wp_site\/abrilliterario\/2024\/04\/25\/cartunista-fausto-bergocce-faz-bate-papo-com-alunos-da-epg-moreira-matos\/\"]}]},{\"@type\":\"BreadcrumbList\",\"@id\":\"https:\/\/portaleducacao.guarulhos.sp.gov.br\/wp_site\/abrilliterario\/2024\/04\/25\/cartunista-fausto-bergocce-faz-bate-papo-com-alunos-da-epg-moreira-matos\/#breadcrumb\",\"itemListElement\":[{\"@type\":\"ListItem\",\"position\":1,\"name\":\"In\u00edcio\",\"item\":\"https:\/\/portaleducacao.guarulhos.sp.gov.br\/wp_site\/abrilliterario\/\"},{\"@type\":\"ListItem\",\"position\":2,\"name\":\"Cartunista Fausto Bergocce faz bate-papo com alunos da EPG Moreira Matos\"}]},{\"@type\":\"WebSite\",\"@id\":\"https:\/\/portaleducacao.guarulhos.sp.gov.br\/wp_site\/abrilliterario\/#website\",\"url\":\"https:\/\/portaleducacao.guarulhos.sp.gov.br\/wp_site\/abrilliterario\/\",\"name\":\"Abril Liter\u00e1rio\",\"description\":\"Literalmente isso...\",\"potentialAction\":[{\"@type\":\"SearchAction\",\"target\":{\"@type\":\"EntryPoint\",\"urlTemplate\":\"https:\/\/portaleducacao.guarulhos.sp.gov.br\/wp_site\/abrilliterario\/?s={search_term_string}\"},\"query-input\":\"required name=search_term_string\"}],\"inLanguage\":\"pt-BR\"},{\"@type\":\"Person\",\"@id\":\"https:\/\/portaleducacao.guarulhos.sp.gov.br\/wp_site\/abrilliterario\/#\/schema\/person\/10d167c03463551fe7460f988dfc14d7\",\"name\":\"carlavm\",\"image\":{\"@type\":\"ImageObject\",\"inLanguage\":\"pt-BR\",\"@id\":\"https:\/\/portaleducacao.guarulhos.sp.gov.br\/wp_site\/abrilliterario\/#\/schema\/person\/image\/\",\"url\":\"https:\/\/secure.gravatar.com\/avatar\/b89c22cab4ed3fb14a431c42dccbd61d?s=96&d=mm&r=g\",\"contentUrl\":\"https:\/\/secure.gravatar.com\/avatar\/b89c22cab4ed3fb14a431c42dccbd61d?s=96&d=mm&r=g\",\"caption\":\"carlavm\"},\"url\":\"https:\/\/portaleducacao.guarulhos.sp.gov.br\/wp_site\/abrilliterario\/author\/carlavm\/\"}]}<\/script>\r\n<!-- \/ Yoast SEO plugin. -->","yoast_head_json":{"title":"Cartunista Fausto Bergocce faz bate-papo com alunos da EPG Moreira Matos - Abril Liter\u00e1rio","robots":{"index":"index","follow":"follow","max-snippet":"max-snippet:-1","max-image-preview":"max-image-preview:large","max-video-preview":"max-video-preview:-1"},"canonical":"https:\/\/portaleducacao.guarulhos.sp.gov.br\/wp_site\/abrilliterario\/2024\/04\/25\/cartunista-fausto-bergocce-faz-bate-papo-com-alunos-da-epg-moreira-matos\/","og_locale":"pt_BR","og_type":"article","og_title":"Cartunista Fausto Bergocce faz bate-papo com alunos da EPG Moreira Matos - Abril Liter\u00e1rio","og_description":"A visita do cartunista Fausto Bergocce \u00e0 EPG Moreira Matos, na Vila Galv\u00e3o, j\u00e1 se tornou um h\u00e1bito durante o Abril Liter\u00e1rio e, na \u00faltima sexta-feira (19), a expectativa de &hellip; Cartunista Fausto Bergocce faz bate-papo com alunos da EPG Moreira Matos Leia mais &raquo;","og_url":"https:\/\/portaleducacao.guarulhos.sp.gov.br\/wp_site\/abrilliterario\/2024\/04\/25\/cartunista-fausto-bergocce-faz-bate-papo-com-alunos-da-epg-moreira-matos\/","og_site_name":"Abril Liter\u00e1rio","article_published_time":"2024-04-25T10:40:46+00:00","article_modified_time":"2024-05-10T19:46:39+00:00","og_image":[{"width":1248,"height":832,"url":"http:\/\/portaleducacao.guarulhos.sp.gov.br\/wp_site\/abrilliterario\/wp-content\/uploads\/sites\/24\/2024\/04\/Fausto-Bergocce-na-EPG-Moreira-Matos-Fotos-Gezer-Amorim-6.jpg","type":"image\/jpeg"}],"author":"carlavm","twitter_card":"summary_large_image","twitter_misc":{"Escrito por":"carlavm","Est. tempo de leitura":"4 minutos"},"schema":{"@context":"https:\/\/schema.org","@graph":[{"@type":"WebPage","@id":"https:\/\/portaleducacao.guarulhos.sp.gov.br\/wp_site\/abrilliterario\/2024\/04\/25\/cartunista-fausto-bergocce-faz-bate-papo-com-alunos-da-epg-moreira-matos\/","url":"https:\/\/portaleducacao.guarulhos.sp.gov.br\/wp_site\/abrilliterario\/2024\/04\/25\/cartunista-fausto-bergocce-faz-bate-papo-com-alunos-da-epg-moreira-matos\/","name":"Cartunista Fausto Bergocce faz bate-papo com alunos da EPG Moreira Matos - Abril Liter\u00e1rio","isPartOf":{"@id":"https:\/\/portaleducacao.guarulhos.sp.gov.br\/wp_site\/abrilliterario\/#website"},"datePublished":"2024-04-25T10:40:46+00:00","dateModified":"2024-05-10T19:46:39+00:00","author":{"@id":"https:\/\/portaleducacao.guarulhos.sp.gov.br\/wp_site\/abrilliterario\/#\/schema\/person\/10d167c03463551fe7460f988dfc14d7"},"breadcrumb":{"@id":"https:\/\/portaleducacao.guarulhos.sp.gov.br\/wp_site\/abrilliterario\/2024\/04\/25\/cartunista-fausto-bergocce-faz-bate-papo-com-alunos-da-epg-moreira-matos\/#breadcrumb"},"inLanguage":"pt-BR","potentialAction":[{"@type":"ReadAction","target":["https:\/\/portaleducacao.guarulhos.sp.gov.br\/wp_site\/abrilliterario\/2024\/04\/25\/cartunista-fausto-bergocce-faz-bate-papo-com-alunos-da-epg-moreira-matos\/"]}]},{"@type":"BreadcrumbList","@id":"https:\/\/portaleducacao.guarulhos.sp.gov.br\/wp_site\/abrilliterario\/2024\/04\/25\/cartunista-fausto-bergocce-faz-bate-papo-com-alunos-da-epg-moreira-matos\/#breadcrumb","itemListElement":[{"@type":"ListItem","position":1,"name":"In\u00edcio","item":"https:\/\/portaleducacao.guarulhos.sp.gov.br\/wp_site\/abrilliterario\/"},{"@type":"ListItem","position":2,"name":"Cartunista Fausto Bergocce faz bate-papo com alunos da EPG Moreira Matos"}]},{"@type":"WebSite","@id":"https:\/\/portaleducacao.guarulhos.sp.gov.br\/wp_site\/abrilliterario\/#website","url":"https:\/\/portaleducacao.guarulhos.sp.gov.br\/wp_site\/abrilliterario\/","name":"Abril Liter\u00e1rio","description":"Literalmente isso...","potentialAction":[{"@type":"SearchAction","target":{"@type":"EntryPoint","urlTemplate":"https:\/\/portaleducacao.guarulhos.sp.gov.br\/wp_site\/abrilliterario\/?s={search_term_string}"},"query-input":"required name=search_term_string"}],"inLanguage":"pt-BR"},{"@type":"Person","@id":"https:\/\/portaleducacao.guarulhos.sp.gov.br\/wp_site\/abrilliterario\/#\/schema\/person\/10d167c03463551fe7460f988dfc14d7","name":"carlavm","image":{"@type":"ImageObject","inLanguage":"pt-BR","@id":"https:\/\/portaleducacao.guarulhos.sp.gov.br\/wp_site\/abrilliterario\/#\/schema\/person\/image\/","url":"https:\/\/secure.gravatar.com\/avatar\/b89c22cab4ed3fb14a431c42dccbd61d?s=96&d=mm&r=g","contentUrl":"https:\/\/secure.gravatar.com\/avatar\/b89c22cab4ed3fb14a431c42dccbd61d?s=96&d=mm&r=g","caption":"carlavm"},"url":"https:\/\/portaleducacao.guarulhos.sp.gov.br\/wp_site\/abrilliterario\/author\/carlavm\/"}]}},"_links":{"self":[{"href":"https:\/\/portaleducacao.guarulhos.sp.gov.br\/wp_site\/abrilliterario\/wp-json\/wp\/v2\/posts\/2099"}],"collection":[{"href":"https:\/\/portaleducacao.guarulhos.sp.gov.br\/wp_site\/abrilliterario\/wp-json\/wp\/v2\/posts"}],"about":[{"href":"https:\/\/portaleducacao.guarulhos.sp.gov.br\/wp_site\/abrilliterario\/wp-json\/wp\/v2\/types\/post"}],"author":[{"embeddable":true,"href":"https:\/\/portaleducacao.guarulhos.sp.gov.br\/wp_site\/abrilliterario\/wp-json\/wp\/v2\/users\/24"}],"replies":[{"embeddable":true,"href":"https:\/\/portaleducacao.guarulhos.sp.gov.br\/wp_site\/abrilliterario\/wp-json\/wp\/v2\/comments?post=2099"}],"version-history":[{"count":1,"href":"https:\/\/portaleducacao.guarulhos.sp.gov.br\/wp_site\/abrilliterario\/wp-json\/wp\/v2\/posts\/2099\/revisions"}],"predecessor-version":[{"id":2104,"href":"https:\/\/portaleducacao.guarulhos.sp.gov.br\/wp_site\/abrilliterario\/wp-json\/wp\/v2\/posts\/2099\/revisions\/2104"}],"wp:featuredmedia":[{"embeddable":true,"href":"https:\/\/portaleducacao.guarulhos.sp.gov.br\/wp_site\/abrilliterario\/wp-json\/wp\/v2\/media\/2100"}],"wp:attachment":[{"href":"https:\/\/portaleducacao.guarulhos.sp.gov.br\/wp_site\/abrilliterario\/wp-json\/wp\/v2\/media?parent=2099"}],"wp:term":[{"taxonomy":"category","embeddable":true,"href":"https:\/\/portaleducacao.guarulhos.sp.gov.br\/wp_site\/abrilliterario\/wp-json\/wp\/v2\/categories?post=2099"},{"taxonomy":"post_tag","embeddable":true,"href":"https:\/\/portaleducacao.guarulhos.sp.gov.br\/wp_site\/abrilliterario\/wp-json\/wp\/v2\/tags?post=2099"}],"curies":[{"name":"wp","href":"https:\/\/api.w.org\/{rel}","templated":true}]}}