{"id":2190,"date":"2024-04-29T12:05:00","date_gmt":"2024-04-29T15:05:00","guid":{"rendered":"https:\/\/portaleducacao.guarulhos.sp.gov.br\/wp_site\/abrilliterario\/?p=2190"},"modified":"2024-05-10T16:45:51","modified_gmt":"2024-05-10T19:45:51","slug":"epg-procopio-ferreira-investe-em-acoes-com-foco-na-autonomia-das-criancas","status":"publish","type":"post","link":"https:\/\/portaleducacao.guarulhos.sp.gov.br\/wp_site\/abrilliterario\/2024\/04\/29\/epg-procopio-ferreira-investe-em-acoes-com-foco-na-autonomia-das-criancas\/","title":{"rendered":"EPG Proc\u00f3pio Ferreira investe em a\u00e7\u00f5es com foco na autonomia das crian\u00e7as"},"content":{"rendered":"\n<p>Conta\u00e7\u00e3o de hist\u00f3rias, brincadeiras e hist\u00f3rias cantadas foram algumas das atividades amplamente exploradas por professores e alunos da EPG Proc\u00f3pio Ferreira no Abril Liter\u00e1rio. Durante todas as sextas-feiras do m\u00eas, as crian\u00e7as escolheram hist\u00f3rias que desejavam apreciar, movimento que mobilizou a escola inteira e deixou as crian\u00e7as entusiasmadas e felizes.<\/p>\n\n\n\n<p>Al\u00e9m da conta\u00e7\u00e3o de hist\u00f3rias e das leituras simult\u00e2neas, que tiveram como foco a autonomia das crian\u00e7as, o teatro com fantoches, cria\u00e7\u00f5es coletivas e montagem de cantinhos de leitura pela escola tamb\u00e9m agitaram os alunos.&nbsp;<\/p>\n\n\n\n<p>Para enriquecer ainda mais este momento, a EPG Proc\u00f3pio Ferreira convidou a escritora Pen\u00e9lope Martins, que escolheu as obras Bulhufas e Pato, ele n\u00e3o \u00e9 para conta\u00e7\u00e3o de hist\u00f3rias com as crian\u00e7as da Educa\u00e7\u00e3o Infantil e Ensino Fundamental, um completo sucesso, de acordo com a equipe.<\/p>\n\n\n\n<figure class=\"wp-container-2 wp-block-gallery-1 wp-block-gallery has-nested-images columns-default is-cropped\">\n<figure class=\"wp-block-image size-large\"><img loading=\"lazy\" width=\"768\" height=\"1024\" data-id=\"2194\"  src=\"https:\/\/portaleducacao.guarulhos.sp.gov.br\/wp_site\/abrilliterario\/wp-content\/uploads\/sites\/24\/2024\/04\/EPG-Procopio-Ferreira-2-768x1024.jpeg\" alt=\"\" class=\"wp-image-2194\" srcset=\"https:\/\/portaleducacao.guarulhos.sp.gov.br\/wp_site\/abrilliterario\/wp-content\/uploads\/sites\/24\/2024\/04\/EPG-Procopio-Ferreira-2-768x1024.jpeg 768w, https:\/\/portaleducacao.guarulhos.sp.gov.br\/wp_site\/abrilliterario\/wp-content\/uploads\/sites\/24\/2024\/04\/EPG-Procopio-Ferreira-2-225x300.jpeg 225w, https:\/\/portaleducacao.guarulhos.sp.gov.br\/wp_site\/abrilliterario\/wp-content\/uploads\/sites\/24\/2024\/04\/EPG-Procopio-Ferreira-2-1152x1536.jpeg 1152w, https:\/\/portaleducacao.guarulhos.sp.gov.br\/wp_site\/abrilliterario\/wp-content\/uploads\/sites\/24\/2024\/04\/EPG-Procopio-Ferreira-2.jpeg 1200w\" sizes=\"(max-width: 768px) 100vw, 768px\" \/><\/figure>\n\n\n\n<figure class=\"wp-block-image size-large\"><img loading=\"lazy\" width=\"768\" height=\"1024\" data-id=\"2193\"  src=\"https:\/\/portaleducacao.guarulhos.sp.gov.br\/wp_site\/abrilliterario\/wp-content\/uploads\/sites\/24\/2024\/04\/EPG-Procopio-Ferreira-5-768x1024.jpeg\" alt=\"\" class=\"wp-image-2193\" srcset=\"https:\/\/portaleducacao.guarulhos.sp.gov.br\/wp_site\/abrilliterario\/wp-content\/uploads\/sites\/24\/2024\/04\/EPG-Procopio-Ferreira-5-768x1024.jpeg 768w, https:\/\/portaleducacao.guarulhos.sp.gov.br\/wp_site\/abrilliterario\/wp-content\/uploads\/sites\/24\/2024\/04\/EPG-Procopio-Ferreira-5-225x300.jpeg 225w, https:\/\/portaleducacao.guarulhos.sp.gov.br\/wp_site\/abrilliterario\/wp-content\/uploads\/sites\/24\/2024\/04\/EPG-Procopio-Ferreira-5.jpeg 960w\" sizes=\"(max-width: 768px) 100vw, 768px\" \/><\/figure>\n\n\n\n<figure class=\"wp-block-image size-large\"><img loading=\"lazy\" width=\"768\" height=\"1024\" data-id=\"2192\"  src=\"https:\/\/portaleducacao.guarulhos.sp.gov.br\/wp_site\/abrilliterario\/wp-content\/uploads\/sites\/24\/2024\/04\/EPG-Procopio-Ferreira-6-768x1024.jpeg\" alt=\"\" class=\"wp-image-2192\" srcset=\"https:\/\/portaleducacao.guarulhos.sp.gov.br\/wp_site\/abrilliterario\/wp-content\/uploads\/sites\/24\/2024\/04\/EPG-Procopio-Ferreira-6-768x1024.jpeg 768w, https:\/\/portaleducacao.guarulhos.sp.gov.br\/wp_site\/abrilliterario\/wp-content\/uploads\/sites\/24\/2024\/04\/EPG-Procopio-Ferreira-6-225x300.jpeg 225w, https:\/\/portaleducacao.guarulhos.sp.gov.br\/wp_site\/abrilliterario\/wp-content\/uploads\/sites\/24\/2024\/04\/EPG-Procopio-Ferreira-6-1152x1536.jpeg 1152w, https:\/\/portaleducacao.guarulhos.sp.gov.br\/wp_site\/abrilliterario\/wp-content\/uploads\/sites\/24\/2024\/04\/EPG-Procopio-Ferreira-6.jpeg 1200w\" sizes=\"(max-width: 768px) 100vw, 768px\" \/><\/figure>\n<\/figure>\n\n\n\n<p>Com olhares curiosos, as crian\u00e7as respondiam aos questionamentos testando seus conhecimentos e a felicidade veio \u00e0 tona. \u201cA inf\u00e2ncia \u00e9 uma parte inesquec\u00edvel de nossas vidas e estes momentos trazem alegria imensur\u00e1vel e de valor incalcul\u00e1vel para o resto da vida\u201d, comemorou Carla Aparecida da Silva Cavalheri, coordenadora pedag\u00f3gica, fascinada com a magia nas palavras e a infinidade de pensamentos e sensa\u00e7\u00f5es que s\u00e3o despertadas com a leitura.<\/p>\n\n\n\n<p>Parceira de Carla na coordena\u00e7\u00e3o, Simone Santos Barbetta destacou a diferen\u00e7a que os livros fazem na vida das crian\u00e7as, relembrando o quanto \u00e9 importante lev\u00e1-los para o mundo da fantasia, do faz de conta, do conhecimento. \u201cEsses momentos s\u00e3o importantes para forma\u00e7\u00e3o de todos. Em meio ao boom tecnol\u00f3gico, \u00e0 essa revolu\u00e7\u00e3o digital e ao uso excessivo das telas \u00e9 papel fundamental da escola resgatar a pr\u00e1tica da leitura na rotina escolar, inserindo-a no planejamento das a\u00e7\u00f5es pedag\u00f3gicas com os educandos\u201d, enfatizou Simone.&nbsp;<\/p>\n\n\n\n<p>As coordenadoras tamb\u00e9m observaram o impacto positivo desse movimento na vida das crian\u00e7as, com a\u00e7\u00f5es que resgatam mem\u00f3rias afetivas, auxiliam no enfrentamento de conflitos, despertam a curiosidade e criatividade, aliviam o estresse, ampliam o vocabul\u00e1rio e melhoram a comunica\u00e7\u00e3o.&nbsp;<\/p>\n","protected":false},"excerpt":{"rendered":"<p>Conta\u00e7\u00e3o de hist\u00f3rias, brincadeiras e hist\u00f3rias cantadas foram algumas das atividades amplamente exploradas por professores e alunos da EPG Proc\u00f3pio Ferreira no Abril Liter\u00e1rio. Durante todas as sextas-feiras do m\u00eas, &hellip;<\/p>\n<p class=\"read-more\"> <a class=\"\" href=\"https:\/\/portaleducacao.guarulhos.sp.gov.br\/wp_site\/abrilliterario\/2024\/04\/29\/epg-procopio-ferreira-investe-em-acoes-com-foco-na-autonomia-das-criancas\/\"> <span class=\"screen-reader-text\">EPG Proc\u00f3pio Ferreira investe em a\u00e7\u00f5es com foco na autonomia das crian\u00e7as<\/span> Leia mais &raquo;<\/a><\/p>\n","protected":false},"author":24,"featured_media":2191,"comment_status":"open","ping_status":"open","sticky":false,"template":"","format":"standard","meta":{"_monsterinsights_skip_tracking":false,"_monsterinsights_sitenote_active":false,"_monsterinsights_sitenote_note":"","_monsterinsights_sitenote_category":0,"site-sidebar-layout":"default","site-content-layout":"default","ast-global-header-display":"","ast-main-header-display":"","ast-hfb-above-header-display":"","ast-hfb-below-header-display":"","ast-hfb-mobile-header-display":"","site-post-title":"","ast-breadcrumbs-content":"","ast-featured-img":"","footer-sml-layout":"","theme-transparent-header-meta":"","adv-header-id-meta":"","stick-header-meta":"","header-above-stick-meta":"","header-main-stick-meta":"","header-below-stick-meta":"","_expiration-date-status":"","_expiration-date":0,"_expiration-date-type":"","_expiration-date-categories":[],"_expiration-date-options":[]},"categories":[37,35],"tags":[],"yoast_head":"<!-- This site is optimized with the Yoast SEO plugin v19.7.1 - https:\/\/yoast.com\/wordpress\/plugins\/seo\/ -->\r\n<title>EPG Proc\u00f3pio Ferreira investe em a\u00e7\u00f5es com foco na autonomia das crian\u00e7as - Abril Liter\u00e1rio<\/title>\r\n<meta name=\"robots\" content=\"index, follow, max-snippet:-1, max-image-preview:large, max-video-preview:-1\" \/>\r\n<link rel=\"canonical\" href=\"https:\/\/portaleducacao.guarulhos.sp.gov.br\/wp_site\/abrilliterario\/2024\/04\/29\/epg-procopio-ferreira-investe-em-acoes-com-foco-na-autonomia-das-criancas\/\" \/>\r\n<meta property=\"og:locale\" content=\"pt_BR\" \/>\r\n<meta property=\"og:type\" content=\"article\" \/>\r\n<meta property=\"og:title\" content=\"EPG Proc\u00f3pio Ferreira investe em a\u00e7\u00f5es com foco na autonomia das crian\u00e7as - Abril Liter\u00e1rio\" \/>\r\n<meta property=\"og:description\" content=\"Conta\u00e7\u00e3o de hist\u00f3rias, brincadeiras e hist\u00f3rias cantadas foram algumas das atividades amplamente exploradas por professores e alunos da EPG Proc\u00f3pio Ferreira no Abril Liter\u00e1rio. Durante todas as sextas-feiras do m\u00eas, &hellip; EPG Proc\u00f3pio Ferreira investe em a\u00e7\u00f5es com foco na autonomia das crian\u00e7as Leia mais &raquo;\" \/>\r\n<meta property=\"og:url\" content=\"https:\/\/portaleducacao.guarulhos.sp.gov.br\/wp_site\/abrilliterario\/2024\/04\/29\/epg-procopio-ferreira-investe-em-acoes-com-foco-na-autonomia-das-criancas\/\" \/>\r\n<meta property=\"og:site_name\" content=\"Abril Liter\u00e1rio\" \/>\r\n<meta property=\"article:published_time\" content=\"2024-04-29T15:05:00+00:00\" \/>\r\n<meta property=\"article:modified_time\" content=\"2024-05-10T19:45:51+00:00\" \/>\r\n<meta property=\"og:image\" content=\"http:\/\/portaleducacao.guarulhos.sp.gov.br\/wp_site\/abrilliterario\/wp-content\/uploads\/sites\/24\/2024\/04\/EPG-Procopio-Ferreira-8.jpeg\" \/>\r\n\t<meta property=\"og:image:width\" content=\"1600\" \/>\r\n\t<meta property=\"og:image:height\" content=\"1200\" \/>\r\n\t<meta property=\"og:image:type\" content=\"image\/jpeg\" \/>\r\n<meta name=\"author\" content=\"carlavm\" \/>\r\n<meta name=\"twitter:card\" content=\"summary_large_image\" \/>\r\n<meta name=\"twitter:label1\" content=\"Escrito por\" \/>\n\t<meta name=\"twitter:data1\" content=\"carlavm\" \/>\n\t<meta name=\"twitter:label2\" content=\"Est. tempo de leitura\" \/>\n\t<meta name=\"twitter:data2\" content=\"3 minutos\" \/>\r\n<script type=\"application\/ld+json\" class=\"yoast-schema-graph\">{\"@context\":\"https:\/\/schema.org\",\"@graph\":[{\"@type\":\"WebPage\",\"@id\":\"https:\/\/portaleducacao.guarulhos.sp.gov.br\/wp_site\/abrilliterario\/2024\/04\/29\/epg-procopio-ferreira-investe-em-acoes-com-foco-na-autonomia-das-criancas\/\",\"url\":\"https:\/\/portaleducacao.guarulhos.sp.gov.br\/wp_site\/abrilliterario\/2024\/04\/29\/epg-procopio-ferreira-investe-em-acoes-com-foco-na-autonomia-das-criancas\/\",\"name\":\"EPG Proc\u00f3pio Ferreira investe em a\u00e7\u00f5es com foco na autonomia das crian\u00e7as - Abril Liter\u00e1rio\",\"isPartOf\":{\"@id\":\"https:\/\/portaleducacao.guarulhos.sp.gov.br\/wp_site\/abrilliterario\/#website\"},\"datePublished\":\"2024-04-29T15:05:00+00:00\",\"dateModified\":\"2024-05-10T19:45:51+00:00\",\"author\":{\"@id\":\"https:\/\/portaleducacao.guarulhos.sp.gov.br\/wp_site\/abrilliterario\/#\/schema\/person\/10d167c03463551fe7460f988dfc14d7\"},\"breadcrumb\":{\"@id\":\"https:\/\/portaleducacao.guarulhos.sp.gov.br\/wp_site\/abrilliterario\/2024\/04\/29\/epg-procopio-ferreira-investe-em-acoes-com-foco-na-autonomia-das-criancas\/#breadcrumb\"},\"inLanguage\":\"pt-BR\",\"potentialAction\":[{\"@type\":\"ReadAction\",\"target\":[\"https:\/\/portaleducacao.guarulhos.sp.gov.br\/wp_site\/abrilliterario\/2024\/04\/29\/epg-procopio-ferreira-investe-em-acoes-com-foco-na-autonomia-das-criancas\/\"]}]},{\"@type\":\"BreadcrumbList\",\"@id\":\"https:\/\/portaleducacao.guarulhos.sp.gov.br\/wp_site\/abrilliterario\/2024\/04\/29\/epg-procopio-ferreira-investe-em-acoes-com-foco-na-autonomia-das-criancas\/#breadcrumb\",\"itemListElement\":[{\"@type\":\"ListItem\",\"position\":1,\"name\":\"In\u00edcio\",\"item\":\"https:\/\/portaleducacao.guarulhos.sp.gov.br\/wp_site\/abrilliterario\/\"},{\"@type\":\"ListItem\",\"position\":2,\"name\":\"EPG Proc\u00f3pio Ferreira investe em a\u00e7\u00f5es com foco na autonomia das crian\u00e7as\"}]},{\"@type\":\"WebSite\",\"@id\":\"https:\/\/portaleducacao.guarulhos.sp.gov.br\/wp_site\/abrilliterario\/#website\",\"url\":\"https:\/\/portaleducacao.guarulhos.sp.gov.br\/wp_site\/abrilliterario\/\",\"name\":\"Abril Liter\u00e1rio\",\"description\":\"Literalmente isso...\",\"potentialAction\":[{\"@type\":\"SearchAction\",\"target\":{\"@type\":\"EntryPoint\",\"urlTemplate\":\"https:\/\/portaleducacao.guarulhos.sp.gov.br\/wp_site\/abrilliterario\/?s={search_term_string}\"},\"query-input\":\"required name=search_term_string\"}],\"inLanguage\":\"pt-BR\"},{\"@type\":\"Person\",\"@id\":\"https:\/\/portaleducacao.guarulhos.sp.gov.br\/wp_site\/abrilliterario\/#\/schema\/person\/10d167c03463551fe7460f988dfc14d7\",\"name\":\"carlavm\",\"image\":{\"@type\":\"ImageObject\",\"inLanguage\":\"pt-BR\",\"@id\":\"https:\/\/portaleducacao.guarulhos.sp.gov.br\/wp_site\/abrilliterario\/#\/schema\/person\/image\/\",\"url\":\"https:\/\/secure.gravatar.com\/avatar\/b89c22cab4ed3fb14a431c42dccbd61d?s=96&d=mm&r=g\",\"contentUrl\":\"https:\/\/secure.gravatar.com\/avatar\/b89c22cab4ed3fb14a431c42dccbd61d?s=96&d=mm&r=g\",\"caption\":\"carlavm\"},\"url\":\"https:\/\/portaleducacao.guarulhos.sp.gov.br\/wp_site\/abrilliterario\/author\/carlavm\/\"}]}<\/script>\r\n<!-- \/ Yoast SEO plugin. -->","yoast_head_json":{"title":"EPG Proc\u00f3pio Ferreira investe em a\u00e7\u00f5es com foco na autonomia das crian\u00e7as - Abril Liter\u00e1rio","robots":{"index":"index","follow":"follow","max-snippet":"max-snippet:-1","max-image-preview":"max-image-preview:large","max-video-preview":"max-video-preview:-1"},"canonical":"https:\/\/portaleducacao.guarulhos.sp.gov.br\/wp_site\/abrilliterario\/2024\/04\/29\/epg-procopio-ferreira-investe-em-acoes-com-foco-na-autonomia-das-criancas\/","og_locale":"pt_BR","og_type":"article","og_title":"EPG Proc\u00f3pio Ferreira investe em a\u00e7\u00f5es com foco na autonomia das crian\u00e7as - Abril Liter\u00e1rio","og_description":"Conta\u00e7\u00e3o de hist\u00f3rias, brincadeiras e hist\u00f3rias cantadas foram algumas das atividades amplamente exploradas por professores e alunos da EPG Proc\u00f3pio Ferreira no Abril Liter\u00e1rio. Durante todas as sextas-feiras do m\u00eas, &hellip; EPG Proc\u00f3pio Ferreira investe em a\u00e7\u00f5es com foco na autonomia das crian\u00e7as Leia mais &raquo;","og_url":"https:\/\/portaleducacao.guarulhos.sp.gov.br\/wp_site\/abrilliterario\/2024\/04\/29\/epg-procopio-ferreira-investe-em-acoes-com-foco-na-autonomia-das-criancas\/","og_site_name":"Abril Liter\u00e1rio","article_published_time":"2024-04-29T15:05:00+00:00","article_modified_time":"2024-05-10T19:45:51+00:00","og_image":[{"width":1600,"height":1200,"url":"http:\/\/portaleducacao.guarulhos.sp.gov.br\/wp_site\/abrilliterario\/wp-content\/uploads\/sites\/24\/2024\/04\/EPG-Procopio-Ferreira-8.jpeg","type":"image\/jpeg"}],"author":"carlavm","twitter_card":"summary_large_image","twitter_misc":{"Escrito por":"carlavm","Est. tempo de leitura":"3 minutos"},"schema":{"@context":"https:\/\/schema.org","@graph":[{"@type":"WebPage","@id":"https:\/\/portaleducacao.guarulhos.sp.gov.br\/wp_site\/abrilliterario\/2024\/04\/29\/epg-procopio-ferreira-investe-em-acoes-com-foco-na-autonomia-das-criancas\/","url":"https:\/\/portaleducacao.guarulhos.sp.gov.br\/wp_site\/abrilliterario\/2024\/04\/29\/epg-procopio-ferreira-investe-em-acoes-com-foco-na-autonomia-das-criancas\/","name":"EPG Proc\u00f3pio Ferreira investe em a\u00e7\u00f5es com foco na autonomia das crian\u00e7as - Abril Liter\u00e1rio","isPartOf":{"@id":"https:\/\/portaleducacao.guarulhos.sp.gov.br\/wp_site\/abrilliterario\/#website"},"datePublished":"2024-04-29T15:05:00+00:00","dateModified":"2024-05-10T19:45:51+00:00","author":{"@id":"https:\/\/portaleducacao.guarulhos.sp.gov.br\/wp_site\/abrilliterario\/#\/schema\/person\/10d167c03463551fe7460f988dfc14d7"},"breadcrumb":{"@id":"https:\/\/portaleducacao.guarulhos.sp.gov.br\/wp_site\/abrilliterario\/2024\/04\/29\/epg-procopio-ferreira-investe-em-acoes-com-foco-na-autonomia-das-criancas\/#breadcrumb"},"inLanguage":"pt-BR","potentialAction":[{"@type":"ReadAction","target":["https:\/\/portaleducacao.guarulhos.sp.gov.br\/wp_site\/abrilliterario\/2024\/04\/29\/epg-procopio-ferreira-investe-em-acoes-com-foco-na-autonomia-das-criancas\/"]}]},{"@type":"BreadcrumbList","@id":"https:\/\/portaleducacao.guarulhos.sp.gov.br\/wp_site\/abrilliterario\/2024\/04\/29\/epg-procopio-ferreira-investe-em-acoes-com-foco-na-autonomia-das-criancas\/#breadcrumb","itemListElement":[{"@type":"ListItem","position":1,"name":"In\u00edcio","item":"https:\/\/portaleducacao.guarulhos.sp.gov.br\/wp_site\/abrilliterario\/"},{"@type":"ListItem","position":2,"name":"EPG Proc\u00f3pio Ferreira investe em a\u00e7\u00f5es com foco na autonomia das crian\u00e7as"}]},{"@type":"WebSite","@id":"https:\/\/portaleducacao.guarulhos.sp.gov.br\/wp_site\/abrilliterario\/#website","url":"https:\/\/portaleducacao.guarulhos.sp.gov.br\/wp_site\/abrilliterario\/","name":"Abril Liter\u00e1rio","description":"Literalmente isso...","potentialAction":[{"@type":"SearchAction","target":{"@type":"EntryPoint","urlTemplate":"https:\/\/portaleducacao.guarulhos.sp.gov.br\/wp_site\/abrilliterario\/?s={search_term_string}"},"query-input":"required name=search_term_string"}],"inLanguage":"pt-BR"},{"@type":"Person","@id":"https:\/\/portaleducacao.guarulhos.sp.gov.br\/wp_site\/abrilliterario\/#\/schema\/person\/10d167c03463551fe7460f988dfc14d7","name":"carlavm","image":{"@type":"ImageObject","inLanguage":"pt-BR","@id":"https:\/\/portaleducacao.guarulhos.sp.gov.br\/wp_site\/abrilliterario\/#\/schema\/person\/image\/","url":"https:\/\/secure.gravatar.com\/avatar\/b89c22cab4ed3fb14a431c42dccbd61d?s=96&d=mm&r=g","contentUrl":"https:\/\/secure.gravatar.com\/avatar\/b89c22cab4ed3fb14a431c42dccbd61d?s=96&d=mm&r=g","caption":"carlavm"},"url":"https:\/\/portaleducacao.guarulhos.sp.gov.br\/wp_site\/abrilliterario\/author\/carlavm\/"}]}},"_links":{"self":[{"href":"https:\/\/portaleducacao.guarulhos.sp.gov.br\/wp_site\/abrilliterario\/wp-json\/wp\/v2\/posts\/2190"}],"collection":[{"href":"https:\/\/portaleducacao.guarulhos.sp.gov.br\/wp_site\/abrilliterario\/wp-json\/wp\/v2\/posts"}],"about":[{"href":"https:\/\/portaleducacao.guarulhos.sp.gov.br\/wp_site\/abrilliterario\/wp-json\/wp\/v2\/types\/post"}],"author":[{"embeddable":true,"href":"https:\/\/portaleducacao.guarulhos.sp.gov.br\/wp_site\/abrilliterario\/wp-json\/wp\/v2\/users\/24"}],"replies":[{"embeddable":true,"href":"https:\/\/portaleducacao.guarulhos.sp.gov.br\/wp_site\/abrilliterario\/wp-json\/wp\/v2\/comments?post=2190"}],"version-history":[{"count":1,"href":"https:\/\/portaleducacao.guarulhos.sp.gov.br\/wp_site\/abrilliterario\/wp-json\/wp\/v2\/posts\/2190\/revisions"}],"predecessor-version":[{"id":2195,"href":"https:\/\/portaleducacao.guarulhos.sp.gov.br\/wp_site\/abrilliterario\/wp-json\/wp\/v2\/posts\/2190\/revisions\/2195"}],"wp:featuredmedia":[{"embeddable":true,"href":"https:\/\/portaleducacao.guarulhos.sp.gov.br\/wp_site\/abrilliterario\/wp-json\/wp\/v2\/media\/2191"}],"wp:attachment":[{"href":"https:\/\/portaleducacao.guarulhos.sp.gov.br\/wp_site\/abrilliterario\/wp-json\/wp\/v2\/media?parent=2190"}],"wp:term":[{"taxonomy":"category","embeddable":true,"href":"https:\/\/portaleducacao.guarulhos.sp.gov.br\/wp_site\/abrilliterario\/wp-json\/wp\/v2\/categories?post=2190"},{"taxonomy":"post_tag","embeddable":true,"href":"https:\/\/portaleducacao.guarulhos.sp.gov.br\/wp_site\/abrilliterario\/wp-json\/wp\/v2\/tags?post=2190"}],"curies":[{"name":"wp","href":"https:\/\/api.w.org\/{rel}","templated":true}]}}