{"id":2196,"date":"2024-04-30T14:05:05","date_gmt":"2024-04-30T17:05:05","guid":{"rendered":"https:\/\/portaleducacao.guarulhos.sp.gov.br\/wp_site\/abrilliterario\/?p=2196"},"modified":"2024-05-10T16:44:49","modified_gmt":"2024-05-10T19:44:49","slug":"alunos-da-epg-sebastiao-luiz-da-fonseca-assistem-espetaculo-teatral-na-biblioteca-monteiro-lobato","status":"publish","type":"post","link":"https:\/\/portaleducacao.guarulhos.sp.gov.br\/wp_site\/abrilliterario\/2024\/04\/30\/alunos-da-epg-sebastiao-luiz-da-fonseca-assistem-espetaculo-teatral-na-biblioteca-monteiro-lobato\/","title":{"rendered":"Alunos da EPG Sebasti\u00e3o Luiz da Fonseca assistem espet\u00e1culo teatral na Biblioteca Monteiro Lobato"},"content":{"rendered":"\n<p><em>Um Contador de Hist\u00f3rias, espet\u00e1culo encenado pela Cia Teatro Contado, conta a hist\u00f3ria da grande aventura de Leytor, um menino muito curioso e esperto que n\u00e3o se conforma com o fato de que todas as pessoas daquele planeta n\u00e3o se interessam mais pela leitura e est\u00e3o perdendo sua imagina\u00e7\u00e3o.<\/em><\/p>\n\n\n\n<p>Mais de 90 alunos do 3\u00ba ano do ensino fundamental da EPG Sebasti\u00e3o Luiz da Fonseca participaram na \u00faltima sexta-feira (26) da apresenta\u00e7\u00e3o do espet\u00e1culo Incr\u00edvel Hist\u00f3ria de Leytor, encenado pelo grupo Teatro do Botokhypariu, no audit\u00f3rio Pedro Dias Gon\u00e7alves, no complexo da Biblioteca Monteiro Lobato, no centro.<\/p>\n\n\n\n<p>A sa\u00edda para assistirem ao espet\u00e1culo \u00e9 uma dentre outras a\u00e7\u00f5es realizadas pela EPG Sebasti\u00e3o Luiz da Fonseca para fomentar o livro e a literatura no Abril Liter\u00e1rio, que se desdobram em in\u00fameras atividades e pr\u00e1ticas pedag\u00f3gicas que acontecem durante todo o ano letivo. Os alunos participaram ainda de conta\u00e7\u00f5es de hist\u00f3rias e leituras itinerantes, tanto na escola com os demais colegas e para os funcion\u00e1rios quanto em casa para seus pais.<\/p>\n\n\n\n<p><strong>Uma viagem pelo planeta dos livros<\/strong><\/p>\n\n\n\n<figure class=\"wp-block-image alignright size-large is-resized\"><img loading=\"lazy\" src=\"http:\/\/portaleducacao.guarulhos.sp.gov.br\/wp_site\/abrilliterario\/wp-content\/uploads\/sites\/24\/2024\/04\/EPG-Sebastiao-Luis-da-Fonseca-19-576x1024.jpeg\" alt=\"\" class=\"wp-image-2197\" width=\"335\" height=\"595\" srcset=\"https:\/\/portaleducacao.guarulhos.sp.gov.br\/wp_site\/abrilliterario\/wp-content\/uploads\/sites\/24\/2024\/04\/EPG-Sebastiao-Luis-da-Fonseca-19-576x1024.jpeg 576w, https:\/\/portaleducacao.guarulhos.sp.gov.br\/wp_site\/abrilliterario\/wp-content\/uploads\/sites\/24\/2024\/04\/EPG-Sebastiao-Luis-da-Fonseca-19-169x300.jpeg 169w, https:\/\/portaleducacao.guarulhos.sp.gov.br\/wp_site\/abrilliterario\/wp-content\/uploads\/sites\/24\/2024\/04\/EPG-Sebastiao-Luis-da-Fonseca-19-768x1366.jpeg 768w, https:\/\/portaleducacao.guarulhos.sp.gov.br\/wp_site\/abrilliterario\/wp-content\/uploads\/sites\/24\/2024\/04\/EPG-Sebastiao-Luis-da-Fonseca-19-864x1536.jpeg 864w, https:\/\/portaleducacao.guarulhos.sp.gov.br\/wp_site\/abrilliterario\/wp-content\/uploads\/sites\/24\/2024\/04\/EPG-Sebastiao-Luis-da-Fonseca-19.jpeg 899w\" sizes=\"(max-width: 335px) 100vw, 335px\" \/><\/figure>\n\n\n\n<p>O espet\u00e1culo conta a hist\u00f3ria da grande aventura de Leytor, um menino muito curioso e esperto que, apesar de viver em B\u00edblios, um planeta onde tudo \u00e9 feito de livros, letras e palavras, n\u00e3o se conforma com o fato de que todas as pessoas daquele planeta n\u00e3o se interessam mais pela leitura e est\u00e3o perdendo sua imagina\u00e7\u00e3o.<\/p>\n\n\n\n<p>Leytor recebe a miss\u00e3o de salvar seu planeta e recuperar a semente da imagina\u00e7\u00e3o, que est\u00e1 sendo perdida pelo desequil\u00edbrio provocado pelo planeta T\u00e9cnus e toda sua tecnologia. Nesse contexto, o espet\u00e1culo promove o est\u00edmulo \u00e0 leitura ao livro f\u00edsico, que \u00e9 a tem\u00e1tica base desta hist\u00f3ria, levando em conta a exist\u00eancia da tecnologia e suas plataformas com o equil\u00edbrio da utiliza\u00e7\u00e3o entre ambos.<\/p>\n\n\n\n<p>Paras as professoras Vanusa M\u00f4nica de Souza Freita, Camila Barreto, Vanessa Cristina da Silva e seus alunos a sa\u00edda da escola de \u00f4nibus para o teatro causou muita euforia em todos, principalmente nos estudantes que participavam pela primeira vez de um evento fora do espa\u00e7o escolar.<\/p>\n\n\n\n<p>\u201cDurante o trajeto eles foram descobrindo lugares, conhecendo de perto outros dos quais j\u00e1 tinham escutado falar, mas n\u00e3o faziam ideia de onde era e como era, como o aeroporto. Relatei a eles a minha experi\u00eancia enquanto aluna, que ia de \u00f4nibus at\u00e9 a biblioteca e fazia meu trabalho l\u00e1, passava horas escrevendo, eles ficaram encantados com a Biblioteca Monteiro Lobato e impressionados ao imaginar h\u00e1 quanto tempo o lugar existe, explicou a professora Vanusa.<\/p>\n\n\n\n<figure class=\"wp-block-image alignleft size-large is-resized\"><img loading=\"lazy\" src=\"https:\/\/portaleducacao.guarulhos.sp.gov.br\/wp_site\/abrilliterario\/wp-content\/uploads\/sites\/24\/2024\/04\/WhatsApp-Image-2024-04-26-at-18.15.45-1-1024x768.jpeg\" alt=\"\" class=\"wp-image-2200\" width=\"259\" height=\"194\" srcset=\"https:\/\/portaleducacao.guarulhos.sp.gov.br\/wp_site\/abrilliterario\/wp-content\/uploads\/sites\/24\/2024\/04\/WhatsApp-Image-2024-04-26-at-18.15.45-1-1024x768.jpeg 1024w, https:\/\/portaleducacao.guarulhos.sp.gov.br\/wp_site\/abrilliterario\/wp-content\/uploads\/sites\/24\/2024\/04\/WhatsApp-Image-2024-04-26-at-18.15.45-1-300x225.jpeg 300w, https:\/\/portaleducacao.guarulhos.sp.gov.br\/wp_site\/abrilliterario\/wp-content\/uploads\/sites\/24\/2024\/04\/WhatsApp-Image-2024-04-26-at-18.15.45-1-768x576.jpeg 768w, https:\/\/portaleducacao.guarulhos.sp.gov.br\/wp_site\/abrilliterario\/wp-content\/uploads\/sites\/24\/2024\/04\/WhatsApp-Image-2024-04-26-at-18.15.45-1.jpeg 1152w\" sizes=\"(max-width: 259px) 100vw, 259px\" \/><\/figure>\n\n\n\n<p>As professoras receberam devolutivas bastante positivas dos alunos, que gostaram muito da pe\u00e7a e relataram que esperavam mais pessoas atuando e que seria bem legal se o Leytor, a personagem da hist\u00f3ria, fosse um menino de verdade. \u201cEles fizeram a rela\u00e7\u00e3o com o que costumo dizer a eles, que ler \u00e9 viajar sem sair do lugar, que durante a leitura aprendemos muito&#8221;, pontuou Vanusa.<\/p>\n","protected":false},"excerpt":{"rendered":"<p>Um Contador de Hist\u00f3rias, espet\u00e1culo encenado pela Cia Teatro Contado, conta a hist\u00f3ria da grande aventura de Leytor, um menino muito curioso e esperto que n\u00e3o se conforma com o &hellip;<\/p>\n<p class=\"read-more\"> <a class=\"\" href=\"https:\/\/portaleducacao.guarulhos.sp.gov.br\/wp_site\/abrilliterario\/2024\/04\/30\/alunos-da-epg-sebastiao-luiz-da-fonseca-assistem-espetaculo-teatral-na-biblioteca-monteiro-lobato\/\"> <span class=\"screen-reader-text\">Alunos da EPG Sebasti\u00e3o Luiz da Fonseca assistem espet\u00e1culo teatral na Biblioteca Monteiro Lobato<\/span> Leia mais &raquo;<\/a><\/p>\n","protected":false},"author":24,"featured_media":2198,"comment_status":"open","ping_status":"open","sticky":false,"template":"","format":"standard","meta":{"_monsterinsights_skip_tracking":false,"_monsterinsights_sitenote_active":false,"_monsterinsights_sitenote_note":"","_monsterinsights_sitenote_category":0,"site-sidebar-layout":"default","site-content-layout":"default","ast-global-header-display":"","ast-main-header-display":"","ast-hfb-above-header-display":"","ast-hfb-below-header-display":"","ast-hfb-mobile-header-display":"","site-post-title":"","ast-breadcrumbs-content":"","ast-featured-img":"","footer-sml-layout":"","theme-transparent-header-meta":"","adv-header-id-meta":"","stick-header-meta":"","header-above-stick-meta":"","header-main-stick-meta":"","header-below-stick-meta":"","_expiration-date-status":"","_expiration-date":0,"_expiration-date-type":"","_expiration-date-categories":[],"_expiration-date-options":[]},"categories":[37,35],"tags":[],"yoast_head":"<!-- This site is optimized with the Yoast SEO plugin v19.7.1 - https:\/\/yoast.com\/wordpress\/plugins\/seo\/ -->\r\n<title>Alunos da EPG Sebasti\u00e3o Luiz da Fonseca assistem espet\u00e1culo teatral na Biblioteca Monteiro Lobato - Abril Liter\u00e1rio<\/title>\r\n<meta name=\"robots\" content=\"index, follow, max-snippet:-1, max-image-preview:large, max-video-preview:-1\" \/>\r\n<link rel=\"canonical\" href=\"https:\/\/portaleducacao.guarulhos.sp.gov.br\/wp_site\/abrilliterario\/2024\/04\/30\/alunos-da-epg-sebastiao-luiz-da-fonseca-assistem-espetaculo-teatral-na-biblioteca-monteiro-lobato\/\" \/>\r\n<meta property=\"og:locale\" content=\"pt_BR\" \/>\r\n<meta property=\"og:type\" content=\"article\" \/>\r\n<meta property=\"og:title\" content=\"Alunos da EPG Sebasti\u00e3o Luiz da Fonseca assistem espet\u00e1culo teatral na Biblioteca Monteiro Lobato - Abril Liter\u00e1rio\" \/>\r\n<meta property=\"og:description\" content=\"Um Contador de Hist\u00f3rias, espet\u00e1culo encenado pela Cia Teatro Contado, conta a hist\u00f3ria da grande aventura de Leytor, um menino muito curioso e esperto que n\u00e3o se conforma com o &hellip; Alunos da EPG Sebasti\u00e3o Luiz da Fonseca assistem espet\u00e1culo teatral na Biblioteca Monteiro Lobato Leia mais &raquo;\" \/>\r\n<meta property=\"og:url\" content=\"https:\/\/portaleducacao.guarulhos.sp.gov.br\/wp_site\/abrilliterario\/2024\/04\/30\/alunos-da-epg-sebastiao-luiz-da-fonseca-assistem-espetaculo-teatral-na-biblioteca-monteiro-lobato\/\" \/>\r\n<meta property=\"og:site_name\" content=\"Abril Liter\u00e1rio\" \/>\r\n<meta property=\"article:published_time\" content=\"2024-04-30T17:05:05+00:00\" \/>\r\n<meta property=\"article:modified_time\" content=\"2024-05-10T19:44:49+00:00\" \/>\r\n<meta property=\"og:image\" content=\"http:\/\/portaleducacao.guarulhos.sp.gov.br\/wp_site\/abrilliterario\/wp-content\/uploads\/sites\/24\/2024\/04\/EPG-Sebastiao-Luis-da-Fonseca-17.jpeg\" \/>\r\n\t<meta property=\"og:image:width\" content=\"1280\" \/>\r\n\t<meta property=\"og:image:height\" content=\"576\" \/>\r\n\t<meta property=\"og:image:type\" content=\"image\/jpeg\" \/>\r\n<meta name=\"author\" content=\"carlavm\" \/>\r\n<meta name=\"twitter:card\" content=\"summary_large_image\" \/>\r\n<meta name=\"twitter:label1\" content=\"Escrito por\" \/>\n\t<meta name=\"twitter:data1\" content=\"carlavm\" \/>\n\t<meta name=\"twitter:label2\" content=\"Est. tempo de leitura\" \/>\n\t<meta name=\"twitter:data2\" content=\"4 minutos\" \/>\r\n<script type=\"application\/ld+json\" class=\"yoast-schema-graph\">{\"@context\":\"https:\/\/schema.org\",\"@graph\":[{\"@type\":\"WebPage\",\"@id\":\"https:\/\/portaleducacao.guarulhos.sp.gov.br\/wp_site\/abrilliterario\/2024\/04\/30\/alunos-da-epg-sebastiao-luiz-da-fonseca-assistem-espetaculo-teatral-na-biblioteca-monteiro-lobato\/\",\"url\":\"https:\/\/portaleducacao.guarulhos.sp.gov.br\/wp_site\/abrilliterario\/2024\/04\/30\/alunos-da-epg-sebastiao-luiz-da-fonseca-assistem-espetaculo-teatral-na-biblioteca-monteiro-lobato\/\",\"name\":\"Alunos da EPG Sebasti\u00e3o Luiz da Fonseca assistem espet\u00e1culo teatral na Biblioteca Monteiro Lobato - Abril Liter\u00e1rio\",\"isPartOf\":{\"@id\":\"https:\/\/portaleducacao.guarulhos.sp.gov.br\/wp_site\/abrilliterario\/#website\"},\"datePublished\":\"2024-04-30T17:05:05+00:00\",\"dateModified\":\"2024-05-10T19:44:49+00:00\",\"author\":{\"@id\":\"https:\/\/portaleducacao.guarulhos.sp.gov.br\/wp_site\/abrilliterario\/#\/schema\/person\/10d167c03463551fe7460f988dfc14d7\"},\"breadcrumb\":{\"@id\":\"https:\/\/portaleducacao.guarulhos.sp.gov.br\/wp_site\/abrilliterario\/2024\/04\/30\/alunos-da-epg-sebastiao-luiz-da-fonseca-assistem-espetaculo-teatral-na-biblioteca-monteiro-lobato\/#breadcrumb\"},\"inLanguage\":\"pt-BR\",\"potentialAction\":[{\"@type\":\"ReadAction\",\"target\":[\"https:\/\/portaleducacao.guarulhos.sp.gov.br\/wp_site\/abrilliterario\/2024\/04\/30\/alunos-da-epg-sebastiao-luiz-da-fonseca-assistem-espetaculo-teatral-na-biblioteca-monteiro-lobato\/\"]}]},{\"@type\":\"BreadcrumbList\",\"@id\":\"https:\/\/portaleducacao.guarulhos.sp.gov.br\/wp_site\/abrilliterario\/2024\/04\/30\/alunos-da-epg-sebastiao-luiz-da-fonseca-assistem-espetaculo-teatral-na-biblioteca-monteiro-lobato\/#breadcrumb\",\"itemListElement\":[{\"@type\":\"ListItem\",\"position\":1,\"name\":\"In\u00edcio\",\"item\":\"https:\/\/portaleducacao.guarulhos.sp.gov.br\/wp_site\/abrilliterario\/\"},{\"@type\":\"ListItem\",\"position\":2,\"name\":\"Alunos da EPG Sebasti\u00e3o Luiz da Fonseca assistem espet\u00e1culo teatral na Biblioteca Monteiro Lobato\"}]},{\"@type\":\"WebSite\",\"@id\":\"https:\/\/portaleducacao.guarulhos.sp.gov.br\/wp_site\/abrilliterario\/#website\",\"url\":\"https:\/\/portaleducacao.guarulhos.sp.gov.br\/wp_site\/abrilliterario\/\",\"name\":\"Abril Liter\u00e1rio\",\"description\":\"Literalmente isso...\",\"potentialAction\":[{\"@type\":\"SearchAction\",\"target\":{\"@type\":\"EntryPoint\",\"urlTemplate\":\"https:\/\/portaleducacao.guarulhos.sp.gov.br\/wp_site\/abrilliterario\/?s={search_term_string}\"},\"query-input\":\"required name=search_term_string\"}],\"inLanguage\":\"pt-BR\"},{\"@type\":\"Person\",\"@id\":\"https:\/\/portaleducacao.guarulhos.sp.gov.br\/wp_site\/abrilliterario\/#\/schema\/person\/10d167c03463551fe7460f988dfc14d7\",\"name\":\"carlavm\",\"image\":{\"@type\":\"ImageObject\",\"inLanguage\":\"pt-BR\",\"@id\":\"https:\/\/portaleducacao.guarulhos.sp.gov.br\/wp_site\/abrilliterario\/#\/schema\/person\/image\/\",\"url\":\"https:\/\/secure.gravatar.com\/avatar\/b89c22cab4ed3fb14a431c42dccbd61d?s=96&d=mm&r=g\",\"contentUrl\":\"https:\/\/secure.gravatar.com\/avatar\/b89c22cab4ed3fb14a431c42dccbd61d?s=96&d=mm&r=g\",\"caption\":\"carlavm\"},\"url\":\"https:\/\/portaleducacao.guarulhos.sp.gov.br\/wp_site\/abrilliterario\/author\/carlavm\/\"}]}<\/script>\r\n<!-- \/ Yoast SEO plugin. -->","yoast_head_json":{"title":"Alunos da EPG Sebasti\u00e3o Luiz da Fonseca assistem espet\u00e1culo teatral na Biblioteca Monteiro Lobato - Abril Liter\u00e1rio","robots":{"index":"index","follow":"follow","max-snippet":"max-snippet:-1","max-image-preview":"max-image-preview:large","max-video-preview":"max-video-preview:-1"},"canonical":"https:\/\/portaleducacao.guarulhos.sp.gov.br\/wp_site\/abrilliterario\/2024\/04\/30\/alunos-da-epg-sebastiao-luiz-da-fonseca-assistem-espetaculo-teatral-na-biblioteca-monteiro-lobato\/","og_locale":"pt_BR","og_type":"article","og_title":"Alunos da EPG Sebasti\u00e3o Luiz da Fonseca assistem espet\u00e1culo teatral na Biblioteca Monteiro Lobato - Abril Liter\u00e1rio","og_description":"Um Contador de Hist\u00f3rias, espet\u00e1culo encenado pela Cia Teatro Contado, conta a hist\u00f3ria da grande aventura de Leytor, um menino muito curioso e esperto que n\u00e3o se conforma com o &hellip; Alunos da EPG Sebasti\u00e3o Luiz da Fonseca assistem espet\u00e1culo teatral na Biblioteca Monteiro Lobato Leia mais &raquo;","og_url":"https:\/\/portaleducacao.guarulhos.sp.gov.br\/wp_site\/abrilliterario\/2024\/04\/30\/alunos-da-epg-sebastiao-luiz-da-fonseca-assistem-espetaculo-teatral-na-biblioteca-monteiro-lobato\/","og_site_name":"Abril Liter\u00e1rio","article_published_time":"2024-04-30T17:05:05+00:00","article_modified_time":"2024-05-10T19:44:49+00:00","og_image":[{"width":1280,"height":576,"url":"http:\/\/portaleducacao.guarulhos.sp.gov.br\/wp_site\/abrilliterario\/wp-content\/uploads\/sites\/24\/2024\/04\/EPG-Sebastiao-Luis-da-Fonseca-17.jpeg","type":"image\/jpeg"}],"author":"carlavm","twitter_card":"summary_large_image","twitter_misc":{"Escrito por":"carlavm","Est. tempo de leitura":"4 minutos"},"schema":{"@context":"https:\/\/schema.org","@graph":[{"@type":"WebPage","@id":"https:\/\/portaleducacao.guarulhos.sp.gov.br\/wp_site\/abrilliterario\/2024\/04\/30\/alunos-da-epg-sebastiao-luiz-da-fonseca-assistem-espetaculo-teatral-na-biblioteca-monteiro-lobato\/","url":"https:\/\/portaleducacao.guarulhos.sp.gov.br\/wp_site\/abrilliterario\/2024\/04\/30\/alunos-da-epg-sebastiao-luiz-da-fonseca-assistem-espetaculo-teatral-na-biblioteca-monteiro-lobato\/","name":"Alunos da EPG Sebasti\u00e3o Luiz da Fonseca assistem espet\u00e1culo teatral na Biblioteca Monteiro Lobato - Abril Liter\u00e1rio","isPartOf":{"@id":"https:\/\/portaleducacao.guarulhos.sp.gov.br\/wp_site\/abrilliterario\/#website"},"datePublished":"2024-04-30T17:05:05+00:00","dateModified":"2024-05-10T19:44:49+00:00","author":{"@id":"https:\/\/portaleducacao.guarulhos.sp.gov.br\/wp_site\/abrilliterario\/#\/schema\/person\/10d167c03463551fe7460f988dfc14d7"},"breadcrumb":{"@id":"https:\/\/portaleducacao.guarulhos.sp.gov.br\/wp_site\/abrilliterario\/2024\/04\/30\/alunos-da-epg-sebastiao-luiz-da-fonseca-assistem-espetaculo-teatral-na-biblioteca-monteiro-lobato\/#breadcrumb"},"inLanguage":"pt-BR","potentialAction":[{"@type":"ReadAction","target":["https:\/\/portaleducacao.guarulhos.sp.gov.br\/wp_site\/abrilliterario\/2024\/04\/30\/alunos-da-epg-sebastiao-luiz-da-fonseca-assistem-espetaculo-teatral-na-biblioteca-monteiro-lobato\/"]}]},{"@type":"BreadcrumbList","@id":"https:\/\/portaleducacao.guarulhos.sp.gov.br\/wp_site\/abrilliterario\/2024\/04\/30\/alunos-da-epg-sebastiao-luiz-da-fonseca-assistem-espetaculo-teatral-na-biblioteca-monteiro-lobato\/#breadcrumb","itemListElement":[{"@type":"ListItem","position":1,"name":"In\u00edcio","item":"https:\/\/portaleducacao.guarulhos.sp.gov.br\/wp_site\/abrilliterario\/"},{"@type":"ListItem","position":2,"name":"Alunos da EPG Sebasti\u00e3o Luiz da Fonseca assistem espet\u00e1culo teatral na Biblioteca Monteiro Lobato"}]},{"@type":"WebSite","@id":"https:\/\/portaleducacao.guarulhos.sp.gov.br\/wp_site\/abrilliterario\/#website","url":"https:\/\/portaleducacao.guarulhos.sp.gov.br\/wp_site\/abrilliterario\/","name":"Abril Liter\u00e1rio","description":"Literalmente isso...","potentialAction":[{"@type":"SearchAction","target":{"@type":"EntryPoint","urlTemplate":"https:\/\/portaleducacao.guarulhos.sp.gov.br\/wp_site\/abrilliterario\/?s={search_term_string}"},"query-input":"required name=search_term_string"}],"inLanguage":"pt-BR"},{"@type":"Person","@id":"https:\/\/portaleducacao.guarulhos.sp.gov.br\/wp_site\/abrilliterario\/#\/schema\/person\/10d167c03463551fe7460f988dfc14d7","name":"carlavm","image":{"@type":"ImageObject","inLanguage":"pt-BR","@id":"https:\/\/portaleducacao.guarulhos.sp.gov.br\/wp_site\/abrilliterario\/#\/schema\/person\/image\/","url":"https:\/\/secure.gravatar.com\/avatar\/b89c22cab4ed3fb14a431c42dccbd61d?s=96&d=mm&r=g","contentUrl":"https:\/\/secure.gravatar.com\/avatar\/b89c22cab4ed3fb14a431c42dccbd61d?s=96&d=mm&r=g","caption":"carlavm"},"url":"https:\/\/portaleducacao.guarulhos.sp.gov.br\/wp_site\/abrilliterario\/author\/carlavm\/"}]}},"_links":{"self":[{"href":"https:\/\/portaleducacao.guarulhos.sp.gov.br\/wp_site\/abrilliterario\/wp-json\/wp\/v2\/posts\/2196"}],"collection":[{"href":"https:\/\/portaleducacao.guarulhos.sp.gov.br\/wp_site\/abrilliterario\/wp-json\/wp\/v2\/posts"}],"about":[{"href":"https:\/\/portaleducacao.guarulhos.sp.gov.br\/wp_site\/abrilliterario\/wp-json\/wp\/v2\/types\/post"}],"author":[{"embeddable":true,"href":"https:\/\/portaleducacao.guarulhos.sp.gov.br\/wp_site\/abrilliterario\/wp-json\/wp\/v2\/users\/24"}],"replies":[{"embeddable":true,"href":"https:\/\/portaleducacao.guarulhos.sp.gov.br\/wp_site\/abrilliterario\/wp-json\/wp\/v2\/comments?post=2196"}],"version-history":[{"count":3,"href":"https:\/\/portaleducacao.guarulhos.sp.gov.br\/wp_site\/abrilliterario\/wp-json\/wp\/v2\/posts\/2196\/revisions"}],"predecessor-version":[{"id":2203,"href":"https:\/\/portaleducacao.guarulhos.sp.gov.br\/wp_site\/abrilliterario\/wp-json\/wp\/v2\/posts\/2196\/revisions\/2203"}],"wp:featuredmedia":[{"embeddable":true,"href":"https:\/\/portaleducacao.guarulhos.sp.gov.br\/wp_site\/abrilliterario\/wp-json\/wp\/v2\/media\/2198"}],"wp:attachment":[{"href":"https:\/\/portaleducacao.guarulhos.sp.gov.br\/wp_site\/abrilliterario\/wp-json\/wp\/v2\/media?parent=2196"}],"wp:term":[{"taxonomy":"category","embeddable":true,"href":"https:\/\/portaleducacao.guarulhos.sp.gov.br\/wp_site\/abrilliterario\/wp-json\/wp\/v2\/categories?post=2196"},{"taxonomy":"post_tag","embeddable":true,"href":"https:\/\/portaleducacao.guarulhos.sp.gov.br\/wp_site\/abrilliterario\/wp-json\/wp\/v2\/tags?post=2196"}],"curies":[{"name":"wp","href":"https:\/\/api.w.org\/{rel}","templated":true}]}}