{"id":2205,"date":"2024-05-02T15:51:30","date_gmt":"2024-05-02T18:51:30","guid":{"rendered":"https:\/\/portaleducacao.guarulhos.sp.gov.br\/wp_site\/abrilliterario\/?p=2205"},"modified":"2024-05-10T16:44:12","modified_gmt":"2024-05-10T19:44:12","slug":"epg-padre-joao-alvares-apresenta-exposicao-todo-mundo-conta-historia","status":"publish","type":"post","link":"https:\/\/portaleducacao.guarulhos.sp.gov.br\/wp_site\/abrilliterario\/2024\/05\/02\/epg-padre-joao-alvares-apresenta-exposicao-todo-mundo-conta-historia\/","title":{"rendered":"EPG Padre Jo\u00e3o \u00c1lvares apresenta exposi\u00e7\u00e3o Todo Mundo Conta Hist\u00f3ria"},"content":{"rendered":"\n<p>Na \u00faltima ter\u00e7a-feira (30), os educandos da EPG Padre Jo\u00e3o \u00c1lvares apresentaram exposi\u00e7\u00e3o com o tema Todo Mundo Conta Hist\u00f3ria, mostra com a culmin\u00e2ncia dos trabalhos desenvolvidos durante o Abril Liter\u00e1rio.<\/p>\n\n\n\n<p>As atividades, que tiveram como foco o protagonismo, a identidade e autonomia dos alunos, retrataram a import\u00e2ncia da literatura infantil, contos, poesias, cr\u00f4nicas, literatura de cordel com produ\u00e7\u00e3o textual e reescrita de contos e ilustra\u00e7\u00e3o de hist\u00f3rias.<\/p>\n\n\n\n<p>As salas de aula foram identificadas com diferentes temas, tais como conto de mist\u00e9rio, contos de fadas e contos infantis, iniciativa que facilitou a escolha da hist\u00f3ria que queriam ouvir e a autonomia dos educandos.<\/p>\n\n\n\n<p>\u201cImersa no universo da imagina\u00e7\u00e3o dos alunos, a literatura provocou o encantamento e curiosidade de todos eles\u201d, apontou M\u00e1rcia Bueno, diretora da unidade escolar.<\/p>\n\n\n\n<p>A mostra tamb\u00e9m considerou os espa\u00e7os coletivos com \u00e1rea privilegiada e o princ\u00edpio do desemparedamento, que permitiu que as conta\u00e7\u00f5es de hist\u00f3rias ocorressem em \u00e1reas externas com metodologias ativas e criativas.<\/p>\n\n\n\n<p>A a\u00e7\u00e3o contou ainda com a participa\u00e7\u00e3o dos v\u00e1rios atores que comp\u00f5em o cen\u00e1rio da escola, potencializando a leitura na voz de pessoas que, no dia a dia, fazem a diferen\u00e7a no espa\u00e7o escolar, os professores, estagi\u00e1rios, agentes de apoio, funcion\u00e1rios, pais e respons\u00e1veis e as estrelas principais: os educandos.<\/p>\n\n\n\n<p>Outra a\u00e7\u00e3o que marcou o Abril Liter\u00e1rio EPG Padre Jo\u00e3o \u00c1lvares foi a din\u00e2mica Amigo Liter\u00e1rio, desdobramento da 3\u00aa Bienal Internacional do Livro de Guarulhos que favoreceu a aquisi\u00e7\u00e3o de livros pelos professores e a troca de obras na escola, momento significativo e prazeroso para os participantes. A escolha dos t\u00edtulos se deu a partir do perfil de cada profissional, dentre livros de romance, policial e t\u00e9cnico.<\/p>\n","protected":false},"excerpt":{"rendered":"<p>Na \u00faltima ter\u00e7a-feira (30), os educandos da EPG Padre Jo\u00e3o \u00c1lvares apresentaram exposi\u00e7\u00e3o com o tema Todo Mundo Conta Hist\u00f3ria, mostra com a culmin\u00e2ncia dos trabalhos desenvolvidos durante o Abril &hellip;<\/p>\n<p class=\"read-more\"> <a class=\"\" href=\"https:\/\/portaleducacao.guarulhos.sp.gov.br\/wp_site\/abrilliterario\/2024\/05\/02\/epg-padre-joao-alvares-apresenta-exposicao-todo-mundo-conta-historia\/\"> <span class=\"screen-reader-text\">EPG Padre Jo\u00e3o \u00c1lvares apresenta exposi\u00e7\u00e3o Todo Mundo Conta Hist\u00f3ria<\/span> Leia mais &raquo;<\/a><\/p>\n","protected":false},"author":24,"featured_media":2206,"comment_status":"open","ping_status":"open","sticky":false,"template":"","format":"standard","meta":{"_monsterinsights_skip_tracking":false,"_monsterinsights_sitenote_active":false,"_monsterinsights_sitenote_note":"","_monsterinsights_sitenote_category":0,"site-sidebar-layout":"default","site-content-layout":"default","ast-global-header-display":"","ast-main-header-display":"","ast-hfb-above-header-display":"","ast-hfb-below-header-display":"","ast-hfb-mobile-header-display":"","site-post-title":"","ast-breadcrumbs-content":"","ast-featured-img":"","footer-sml-layout":"","theme-transparent-header-meta":"","adv-header-id-meta":"","stick-header-meta":"","header-above-stick-meta":"","header-main-stick-meta":"","header-below-stick-meta":"","_expiration-date-status":"","_expiration-date":0,"_expiration-date-type":"","_expiration-date-categories":[],"_expiration-date-options":[]},"categories":[37,35],"tags":[],"yoast_head":"<!-- This site is optimized with the Yoast SEO plugin v19.7.1 - https:\/\/yoast.com\/wordpress\/plugins\/seo\/ -->\r\n<title>EPG Padre Jo\u00e3o \u00c1lvares apresenta exposi\u00e7\u00e3o Todo Mundo Conta Hist\u00f3ria - Abril Liter\u00e1rio<\/title>\r\n<meta name=\"robots\" content=\"index, follow, max-snippet:-1, max-image-preview:large, max-video-preview:-1\" \/>\r\n<link rel=\"canonical\" href=\"https:\/\/portaleducacao.guarulhos.sp.gov.br\/wp_site\/abrilliterario\/2024\/05\/02\/epg-padre-joao-alvares-apresenta-exposicao-todo-mundo-conta-historia\/\" \/>\r\n<meta property=\"og:locale\" content=\"pt_BR\" \/>\r\n<meta property=\"og:type\" content=\"article\" \/>\r\n<meta property=\"og:title\" content=\"EPG Padre Jo\u00e3o \u00c1lvares apresenta exposi\u00e7\u00e3o Todo Mundo Conta Hist\u00f3ria - Abril Liter\u00e1rio\" \/>\r\n<meta property=\"og:description\" content=\"Na \u00faltima ter\u00e7a-feira (30), os educandos da EPG Padre Jo\u00e3o \u00c1lvares apresentaram exposi\u00e7\u00e3o com o tema Todo Mundo Conta Hist\u00f3ria, mostra com a culmin\u00e2ncia dos trabalhos desenvolvidos durante o Abril &hellip; EPG Padre Jo\u00e3o \u00c1lvares apresenta exposi\u00e7\u00e3o Todo Mundo Conta Hist\u00f3ria Leia mais &raquo;\" \/>\r\n<meta property=\"og:url\" content=\"https:\/\/portaleducacao.guarulhos.sp.gov.br\/wp_site\/abrilliterario\/2024\/05\/02\/epg-padre-joao-alvares-apresenta-exposicao-todo-mundo-conta-historia\/\" \/>\r\n<meta property=\"og:site_name\" content=\"Abril Liter\u00e1rio\" \/>\r\n<meta property=\"article:published_time\" content=\"2024-05-02T18:51:30+00:00\" \/>\r\n<meta property=\"article:modified_time\" content=\"2024-05-10T19:44:12+00:00\" \/>\r\n<meta property=\"og:image\" content=\"http:\/\/portaleducacao.guarulhos.sp.gov.br\/wp_site\/abrilliterario\/wp-content\/uploads\/sites\/24\/2024\/05\/986A5716.jpg\" \/>\r\n\t<meta property=\"og:image:width\" content=\"1250\" \/>\r\n\t<meta property=\"og:image:height\" content=\"833\" \/>\r\n\t<meta property=\"og:image:type\" content=\"image\/jpeg\" \/>\r\n<meta name=\"author\" content=\"carlavm\" \/>\r\n<meta name=\"twitter:card\" content=\"summary_large_image\" \/>\r\n<meta name=\"twitter:label1\" content=\"Escrito por\" \/>\n\t<meta name=\"twitter:data1\" content=\"carlavm\" \/>\n\t<meta name=\"twitter:label2\" content=\"Est. tempo de leitura\" \/>\n\t<meta name=\"twitter:data2\" content=\"2 minutos\" \/>\r\n<script type=\"application\/ld+json\" class=\"yoast-schema-graph\">{\"@context\":\"https:\/\/schema.org\",\"@graph\":[{\"@type\":\"WebPage\",\"@id\":\"https:\/\/portaleducacao.guarulhos.sp.gov.br\/wp_site\/abrilliterario\/2024\/05\/02\/epg-padre-joao-alvares-apresenta-exposicao-todo-mundo-conta-historia\/\",\"url\":\"https:\/\/portaleducacao.guarulhos.sp.gov.br\/wp_site\/abrilliterario\/2024\/05\/02\/epg-padre-joao-alvares-apresenta-exposicao-todo-mundo-conta-historia\/\",\"name\":\"EPG Padre Jo\u00e3o \u00c1lvares apresenta exposi\u00e7\u00e3o Todo Mundo Conta Hist\u00f3ria - Abril Liter\u00e1rio\",\"isPartOf\":{\"@id\":\"https:\/\/portaleducacao.guarulhos.sp.gov.br\/wp_site\/abrilliterario\/#website\"},\"datePublished\":\"2024-05-02T18:51:30+00:00\",\"dateModified\":\"2024-05-10T19:44:12+00:00\",\"author\":{\"@id\":\"https:\/\/portaleducacao.guarulhos.sp.gov.br\/wp_site\/abrilliterario\/#\/schema\/person\/10d167c03463551fe7460f988dfc14d7\"},\"breadcrumb\":{\"@id\":\"https:\/\/portaleducacao.guarulhos.sp.gov.br\/wp_site\/abrilliterario\/2024\/05\/02\/epg-padre-joao-alvares-apresenta-exposicao-todo-mundo-conta-historia\/#breadcrumb\"},\"inLanguage\":\"pt-BR\",\"potentialAction\":[{\"@type\":\"ReadAction\",\"target\":[\"https:\/\/portaleducacao.guarulhos.sp.gov.br\/wp_site\/abrilliterario\/2024\/05\/02\/epg-padre-joao-alvares-apresenta-exposicao-todo-mundo-conta-historia\/\"]}]},{\"@type\":\"BreadcrumbList\",\"@id\":\"https:\/\/portaleducacao.guarulhos.sp.gov.br\/wp_site\/abrilliterario\/2024\/05\/02\/epg-padre-joao-alvares-apresenta-exposicao-todo-mundo-conta-historia\/#breadcrumb\",\"itemListElement\":[{\"@type\":\"ListItem\",\"position\":1,\"name\":\"In\u00edcio\",\"item\":\"https:\/\/portaleducacao.guarulhos.sp.gov.br\/wp_site\/abrilliterario\/\"},{\"@type\":\"ListItem\",\"position\":2,\"name\":\"EPG Padre Jo\u00e3o \u00c1lvares apresenta exposi\u00e7\u00e3o Todo Mundo Conta Hist\u00f3ria\"}]},{\"@type\":\"WebSite\",\"@id\":\"https:\/\/portaleducacao.guarulhos.sp.gov.br\/wp_site\/abrilliterario\/#website\",\"url\":\"https:\/\/portaleducacao.guarulhos.sp.gov.br\/wp_site\/abrilliterario\/\",\"name\":\"Abril Liter\u00e1rio\",\"description\":\"Literalmente isso...\",\"potentialAction\":[{\"@type\":\"SearchAction\",\"target\":{\"@type\":\"EntryPoint\",\"urlTemplate\":\"https:\/\/portaleducacao.guarulhos.sp.gov.br\/wp_site\/abrilliterario\/?s={search_term_string}\"},\"query-input\":\"required name=search_term_string\"}],\"inLanguage\":\"pt-BR\"},{\"@type\":\"Person\",\"@id\":\"https:\/\/portaleducacao.guarulhos.sp.gov.br\/wp_site\/abrilliterario\/#\/schema\/person\/10d167c03463551fe7460f988dfc14d7\",\"name\":\"carlavm\",\"image\":{\"@type\":\"ImageObject\",\"inLanguage\":\"pt-BR\",\"@id\":\"https:\/\/portaleducacao.guarulhos.sp.gov.br\/wp_site\/abrilliterario\/#\/schema\/person\/image\/\",\"url\":\"https:\/\/secure.gravatar.com\/avatar\/b89c22cab4ed3fb14a431c42dccbd61d?s=96&d=mm&r=g\",\"contentUrl\":\"https:\/\/secure.gravatar.com\/avatar\/b89c22cab4ed3fb14a431c42dccbd61d?s=96&d=mm&r=g\",\"caption\":\"carlavm\"},\"url\":\"https:\/\/portaleducacao.guarulhos.sp.gov.br\/wp_site\/abrilliterario\/author\/carlavm\/\"}]}<\/script>\r\n<!-- \/ Yoast SEO plugin. -->","yoast_head_json":{"title":"EPG Padre Jo\u00e3o \u00c1lvares apresenta exposi\u00e7\u00e3o Todo Mundo Conta Hist\u00f3ria - Abril Liter\u00e1rio","robots":{"index":"index","follow":"follow","max-snippet":"max-snippet:-1","max-image-preview":"max-image-preview:large","max-video-preview":"max-video-preview:-1"},"canonical":"https:\/\/portaleducacao.guarulhos.sp.gov.br\/wp_site\/abrilliterario\/2024\/05\/02\/epg-padre-joao-alvares-apresenta-exposicao-todo-mundo-conta-historia\/","og_locale":"pt_BR","og_type":"article","og_title":"EPG Padre Jo\u00e3o \u00c1lvares apresenta exposi\u00e7\u00e3o Todo Mundo Conta Hist\u00f3ria - Abril Liter\u00e1rio","og_description":"Na \u00faltima ter\u00e7a-feira (30), os educandos da EPG Padre Jo\u00e3o \u00c1lvares apresentaram exposi\u00e7\u00e3o com o tema Todo Mundo Conta Hist\u00f3ria, mostra com a culmin\u00e2ncia dos trabalhos desenvolvidos durante o Abril &hellip; EPG Padre Jo\u00e3o \u00c1lvares apresenta exposi\u00e7\u00e3o Todo Mundo Conta Hist\u00f3ria Leia mais &raquo;","og_url":"https:\/\/portaleducacao.guarulhos.sp.gov.br\/wp_site\/abrilliterario\/2024\/05\/02\/epg-padre-joao-alvares-apresenta-exposicao-todo-mundo-conta-historia\/","og_site_name":"Abril Liter\u00e1rio","article_published_time":"2024-05-02T18:51:30+00:00","article_modified_time":"2024-05-10T19:44:12+00:00","og_image":[{"width":1250,"height":833,"url":"http:\/\/portaleducacao.guarulhos.sp.gov.br\/wp_site\/abrilliterario\/wp-content\/uploads\/sites\/24\/2024\/05\/986A5716.jpg","type":"image\/jpeg"}],"author":"carlavm","twitter_card":"summary_large_image","twitter_misc":{"Escrito por":"carlavm","Est. tempo de leitura":"2 minutos"},"schema":{"@context":"https:\/\/schema.org","@graph":[{"@type":"WebPage","@id":"https:\/\/portaleducacao.guarulhos.sp.gov.br\/wp_site\/abrilliterario\/2024\/05\/02\/epg-padre-joao-alvares-apresenta-exposicao-todo-mundo-conta-historia\/","url":"https:\/\/portaleducacao.guarulhos.sp.gov.br\/wp_site\/abrilliterario\/2024\/05\/02\/epg-padre-joao-alvares-apresenta-exposicao-todo-mundo-conta-historia\/","name":"EPG Padre Jo\u00e3o \u00c1lvares apresenta exposi\u00e7\u00e3o Todo Mundo Conta Hist\u00f3ria - Abril Liter\u00e1rio","isPartOf":{"@id":"https:\/\/portaleducacao.guarulhos.sp.gov.br\/wp_site\/abrilliterario\/#website"},"datePublished":"2024-05-02T18:51:30+00:00","dateModified":"2024-05-10T19:44:12+00:00","author":{"@id":"https:\/\/portaleducacao.guarulhos.sp.gov.br\/wp_site\/abrilliterario\/#\/schema\/person\/10d167c03463551fe7460f988dfc14d7"},"breadcrumb":{"@id":"https:\/\/portaleducacao.guarulhos.sp.gov.br\/wp_site\/abrilliterario\/2024\/05\/02\/epg-padre-joao-alvares-apresenta-exposicao-todo-mundo-conta-historia\/#breadcrumb"},"inLanguage":"pt-BR","potentialAction":[{"@type":"ReadAction","target":["https:\/\/portaleducacao.guarulhos.sp.gov.br\/wp_site\/abrilliterario\/2024\/05\/02\/epg-padre-joao-alvares-apresenta-exposicao-todo-mundo-conta-historia\/"]}]},{"@type":"BreadcrumbList","@id":"https:\/\/portaleducacao.guarulhos.sp.gov.br\/wp_site\/abrilliterario\/2024\/05\/02\/epg-padre-joao-alvares-apresenta-exposicao-todo-mundo-conta-historia\/#breadcrumb","itemListElement":[{"@type":"ListItem","position":1,"name":"In\u00edcio","item":"https:\/\/portaleducacao.guarulhos.sp.gov.br\/wp_site\/abrilliterario\/"},{"@type":"ListItem","position":2,"name":"EPG Padre Jo\u00e3o \u00c1lvares apresenta exposi\u00e7\u00e3o Todo Mundo Conta Hist\u00f3ria"}]},{"@type":"WebSite","@id":"https:\/\/portaleducacao.guarulhos.sp.gov.br\/wp_site\/abrilliterario\/#website","url":"https:\/\/portaleducacao.guarulhos.sp.gov.br\/wp_site\/abrilliterario\/","name":"Abril Liter\u00e1rio","description":"Literalmente isso...","potentialAction":[{"@type":"SearchAction","target":{"@type":"EntryPoint","urlTemplate":"https:\/\/portaleducacao.guarulhos.sp.gov.br\/wp_site\/abrilliterario\/?s={search_term_string}"},"query-input":"required name=search_term_string"}],"inLanguage":"pt-BR"},{"@type":"Person","@id":"https:\/\/portaleducacao.guarulhos.sp.gov.br\/wp_site\/abrilliterario\/#\/schema\/person\/10d167c03463551fe7460f988dfc14d7","name":"carlavm","image":{"@type":"ImageObject","inLanguage":"pt-BR","@id":"https:\/\/portaleducacao.guarulhos.sp.gov.br\/wp_site\/abrilliterario\/#\/schema\/person\/image\/","url":"https:\/\/secure.gravatar.com\/avatar\/b89c22cab4ed3fb14a431c42dccbd61d?s=96&d=mm&r=g","contentUrl":"https:\/\/secure.gravatar.com\/avatar\/b89c22cab4ed3fb14a431c42dccbd61d?s=96&d=mm&r=g","caption":"carlavm"},"url":"https:\/\/portaleducacao.guarulhos.sp.gov.br\/wp_site\/abrilliterario\/author\/carlavm\/"}]}},"_links":{"self":[{"href":"https:\/\/portaleducacao.guarulhos.sp.gov.br\/wp_site\/abrilliterario\/wp-json\/wp\/v2\/posts\/2205"}],"collection":[{"href":"https:\/\/portaleducacao.guarulhos.sp.gov.br\/wp_site\/abrilliterario\/wp-json\/wp\/v2\/posts"}],"about":[{"href":"https:\/\/portaleducacao.guarulhos.sp.gov.br\/wp_site\/abrilliterario\/wp-json\/wp\/v2\/types\/post"}],"author":[{"embeddable":true,"href":"https:\/\/portaleducacao.guarulhos.sp.gov.br\/wp_site\/abrilliterario\/wp-json\/wp\/v2\/users\/24"}],"replies":[{"embeddable":true,"href":"https:\/\/portaleducacao.guarulhos.sp.gov.br\/wp_site\/abrilliterario\/wp-json\/wp\/v2\/comments?post=2205"}],"version-history":[{"count":1,"href":"https:\/\/portaleducacao.guarulhos.sp.gov.br\/wp_site\/abrilliterario\/wp-json\/wp\/v2\/posts\/2205\/revisions"}],"predecessor-version":[{"id":2207,"href":"https:\/\/portaleducacao.guarulhos.sp.gov.br\/wp_site\/abrilliterario\/wp-json\/wp\/v2\/posts\/2205\/revisions\/2207"}],"wp:featuredmedia":[{"embeddable":true,"href":"https:\/\/portaleducacao.guarulhos.sp.gov.br\/wp_site\/abrilliterario\/wp-json\/wp\/v2\/media\/2206"}],"wp:attachment":[{"href":"https:\/\/portaleducacao.guarulhos.sp.gov.br\/wp_site\/abrilliterario\/wp-json\/wp\/v2\/media?parent=2205"}],"wp:term":[{"taxonomy":"category","embeddable":true,"href":"https:\/\/portaleducacao.guarulhos.sp.gov.br\/wp_site\/abrilliterario\/wp-json\/wp\/v2\/categories?post=2205"},{"taxonomy":"post_tag","embeddable":true,"href":"https:\/\/portaleducacao.guarulhos.sp.gov.br\/wp_site\/abrilliterario\/wp-json\/wp\/v2\/tags?post=2205"}],"curies":[{"name":"wp","href":"https:\/\/api.w.org\/{rel}","templated":true}]}}