{"id":2216,"date":"2024-05-06T09:55:19","date_gmt":"2024-05-06T12:55:19","guid":{"rendered":"https:\/\/portaleducacao.guarulhos.sp.gov.br\/wp_site\/abrilliterario\/?p=2216"},"modified":"2024-05-10T16:42:23","modified_gmt":"2024-05-10T19:42:23","slug":"abril-literario-fortalece-projeto-identidades-da-epg-selma-colalillo","status":"publish","type":"post","link":"https:\/\/portaleducacao.guarulhos.sp.gov.br\/wp_site\/abrilliterario\/2024\/05\/06\/abril-literario-fortalece-projeto-identidades-da-epg-selma-colalillo\/","title":{"rendered":"Abril Liter\u00e1rio fortalece Projeto Identidades da EPG Selma Colalillo"},"content":{"rendered":"\n<p>Durante a programa\u00e7\u00e3o do Abril Liter\u00e1rio, a EPG Selma Colalillo Marques, na Vila Rio, promoveu a\u00e7\u00f5es liter\u00e1rias que envolveram a continuidade do projeto anual Identidades. As atividades contaram com leituras com foco no autoconhecimento e intelig\u00eancia emocional dos alunos da Educa\u00e7\u00e3o Infantil e Ensino Fundamental.<\/p>\n\n\n\n<p>A professora Fl\u00e1via Maria Scanhoela Santos e o cozinheiro William Carlos Ferreira realizaram conta\u00e7\u00f5es de hist\u00f3rias em v\u00e1rios espa\u00e7os da escola, al\u00e9m das salas de aula. Fl\u00e1via trouxe os livros O que tem dentro da sua fralda? e De onde vem os penicos?, ambos de autoria de Guido van Genechten.&nbsp;<\/p>\n\n\n\n<p>As hist\u00f3rias abordaram autoconhecimento e intelig\u00eancia emocional, aspectos que s\u00e3o enfatizados durante todo o ano letivo. \u201cS\u00e3o temas muito relevantes, abordados por meio do faz de conta e da divers\u00e3o\u201d, observou a professora de Educa\u00e7\u00e3o Infantil Ana Paula Esquivel Sales.&nbsp; Em rodas de conversa, as crian\u00e7as socializaram qual leitura gostaram mais, e cada crian\u00e7a teve oportunidade de desenhar sua hist\u00f3ria preferida.<\/p>\n\n\n\n<figure class=\"wp-block-image size-large\"><img loading=\"lazy\" width=\"1024\" height=\"768\" src=\"http:\/\/portaleducacao.guarulhos.sp.gov.br\/wp_site\/abrilliterario\/wp-content\/uploads\/sites\/24\/2024\/05\/William-2-1024x768.jpeg\" alt=\"\" class=\"wp-image-2218\" srcset=\"https:\/\/portaleducacao.guarulhos.sp.gov.br\/wp_site\/abrilliterario\/wp-content\/uploads\/sites\/24\/2024\/05\/William-2-1024x768.jpeg 1024w, https:\/\/portaleducacao.guarulhos.sp.gov.br\/wp_site\/abrilliterario\/wp-content\/uploads\/sites\/24\/2024\/05\/William-2-300x225.jpeg 300w, https:\/\/portaleducacao.guarulhos.sp.gov.br\/wp_site\/abrilliterario\/wp-content\/uploads\/sites\/24\/2024\/05\/William-2-768x576.jpeg 768w, https:\/\/portaleducacao.guarulhos.sp.gov.br\/wp_site\/abrilliterario\/wp-content\/uploads\/sites\/24\/2024\/05\/William-2-1536x1152.jpeg 1536w, https:\/\/portaleducacao.guarulhos.sp.gov.br\/wp_site\/abrilliterario\/wp-content\/uploads\/sites\/24\/2024\/05\/William-2.jpeg 1600w\" sizes=\"(max-width: 1024px) 100vw, 1024px\" \/><\/figure>\n\n\n\n<p>William fez a leitura do livro Era Uma Vez Uma Semente, da escritora Judith Anderson, e ilustrado por Mike Gordon. Ao questionar o modo pelo qual uma semente pode se tornar uma planta que formar\u00e1 novas sementes, o livro explica como isso ocorre por meio de uma hist\u00f3ria de uma menina e seu av\u00f4 que acompanham esse processo de transforma\u00e7\u00e3o.&nbsp;<\/p>\n\n\n\n<p>\u201cDepois da leitura do nosso visitante, fizemos uma roda de conversa para falar sobre \u201csementes, \u00e1rvores, plantas e flores.&nbsp; Em seguida, fomos observar as plantas e \u00e1rvores da nossa escola. Ap\u00f3s essa atividade l\u00fadica, os alunos foram desenhar suas observa\u00e7\u00f5es\u201d, pontuou a professora Andreia Paiva Vieira, destacando a atividade como foi l\u00fadica e significativa.<\/p>\n\n\n\n<figure class=\"wp-container-2 wp-block-gallery-1 wp-block-gallery has-nested-images columns-default is-cropped\">\n<figure class=\"wp-block-image size-large\"><img loading=\"lazy\" width=\"1024\" height=\"461\" data-id=\"2220\"  src=\"https:\/\/portaleducacao.guarulhos.sp.gov.br\/wp_site\/abrilliterario\/wp-content\/uploads\/sites\/24\/2024\/05\/Willian-Mural-1024x461.jpeg\" alt=\"\" class=\"wp-image-2220\" srcset=\"https:\/\/portaleducacao.guarulhos.sp.gov.br\/wp_site\/abrilliterario\/wp-content\/uploads\/sites\/24\/2024\/05\/Willian-Mural-1024x461.jpeg 1024w, https:\/\/portaleducacao.guarulhos.sp.gov.br\/wp_site\/abrilliterario\/wp-content\/uploads\/sites\/24\/2024\/05\/Willian-Mural-300x135.jpeg 300w, https:\/\/portaleducacao.guarulhos.sp.gov.br\/wp_site\/abrilliterario\/wp-content\/uploads\/sites\/24\/2024\/05\/Willian-Mural-768x346.jpeg 768w, https:\/\/portaleducacao.guarulhos.sp.gov.br\/wp_site\/abrilliterario\/wp-content\/uploads\/sites\/24\/2024\/05\/Willian-Mural-1536x691.jpeg 1536w, https:\/\/portaleducacao.guarulhos.sp.gov.br\/wp_site\/abrilliterario\/wp-content\/uploads\/sites\/24\/2024\/05\/Willian-Mural.jpeg 1600w\" sizes=\"(max-width: 1024px) 100vw, 1024px\" \/><\/figure>\n\n\n\n<figure class=\"wp-block-image size-large\"><img loading=\"lazy\" width=\"1024\" height=\"768\" data-id=\"2221\"  src=\"https:\/\/portaleducacao.guarulhos.sp.gov.br\/wp_site\/abrilliterario\/wp-content\/uploads\/sites\/24\/2024\/05\/Flavia-1024x768.jpeg\" alt=\"\" class=\"wp-image-2221\" srcset=\"https:\/\/portaleducacao.guarulhos.sp.gov.br\/wp_site\/abrilliterario\/wp-content\/uploads\/sites\/24\/2024\/05\/Flavia-1024x768.jpeg 1024w, https:\/\/portaleducacao.guarulhos.sp.gov.br\/wp_site\/abrilliterario\/wp-content\/uploads\/sites\/24\/2024\/05\/Flavia-300x225.jpeg 300w, https:\/\/portaleducacao.guarulhos.sp.gov.br\/wp_site\/abrilliterario\/wp-content\/uploads\/sites\/24\/2024\/05\/Flavia-768x576.jpeg 768w, https:\/\/portaleducacao.guarulhos.sp.gov.br\/wp_site\/abrilliterario\/wp-content\/uploads\/sites\/24\/2024\/05\/Flavia-1536x1152.jpeg 1536w, https:\/\/portaleducacao.guarulhos.sp.gov.br\/wp_site\/abrilliterario\/wp-content\/uploads\/sites\/24\/2024\/05\/Flavia.jpeg 1600w\" sizes=\"(max-width: 1024px) 100vw, 1024px\" \/><\/figure>\n\n\n\n<figure class=\"wp-block-image size-large\"><img loading=\"lazy\" width=\"1024\" height=\"460\" data-id=\"2219\"  src=\"https:\/\/portaleducacao.guarulhos.sp.gov.br\/wp_site\/abrilliterario\/wp-content\/uploads\/sites\/24\/2024\/05\/Flavia-Mural-1024x460.jpeg\" alt=\"\" class=\"wp-image-2219\" srcset=\"https:\/\/portaleducacao.guarulhos.sp.gov.br\/wp_site\/abrilliterario\/wp-content\/uploads\/sites\/24\/2024\/05\/Flavia-Mural-1024x460.jpeg 1024w, https:\/\/portaleducacao.guarulhos.sp.gov.br\/wp_site\/abrilliterario\/wp-content\/uploads\/sites\/24\/2024\/05\/Flavia-Mural-300x135.jpeg 300w, https:\/\/portaleducacao.guarulhos.sp.gov.br\/wp_site\/abrilliterario\/wp-content\/uploads\/sites\/24\/2024\/05\/Flavia-Mural-768x345.jpeg 768w, https:\/\/portaleducacao.guarulhos.sp.gov.br\/wp_site\/abrilliterario\/wp-content\/uploads\/sites\/24\/2024\/05\/Flavia-Mural-1536x690.jpeg 1536w, https:\/\/portaleducacao.guarulhos.sp.gov.br\/wp_site\/abrilliterario\/wp-content\/uploads\/sites\/24\/2024\/05\/Flavia-Mural.jpeg 1600w\" sizes=\"(max-width: 1024px) 100vw, 1024px\" \/><\/figure>\n<\/figure>\n\n\n\n<p>Desenhos e fotos das atividades tamb\u00e9m foram compartilhados nos espa\u00e7os da EPG Selma Colalillo Marques, como forma de demonstrar \u00e0s fam\u00edlias o trabalho desenvolvido com as crian\u00e7as, e para que elas essas possam relatar o qu\u00e3o prazerosas foram as viv\u00eancias envolvendo a literatura e outras linguagens de express\u00e3o e comunica\u00e7\u00e3o.<\/p>\n\n\n\n<p>\u201cForam momentos de grata experi\u00eancia, que apontam para a continuidade de a\u00e7\u00f5es que fortale\u00e7am as abordagens dos saberes presentes no Quadro de Saberes Necess\u00e1rios, como forma de garantir os direitos de aprendizagem das crian\u00e7as\u201d, enfatizou a professora Helena Lemos Wojciuk.<\/p>\n","protected":false},"excerpt":{"rendered":"<p>Durante a programa\u00e7\u00e3o do Abril Liter\u00e1rio, a EPG Selma Colalillo Marques, na Vila Rio, promoveu a\u00e7\u00f5es liter\u00e1rias que envolveram a continuidade do projeto anual Identidades. As atividades contaram com leituras &hellip;<\/p>\n<p class=\"read-more\"> <a class=\"\" href=\"https:\/\/portaleducacao.guarulhos.sp.gov.br\/wp_site\/abrilliterario\/2024\/05\/06\/abril-literario-fortalece-projeto-identidades-da-epg-selma-colalillo\/\"> <span class=\"screen-reader-text\">Abril Liter\u00e1rio fortalece Projeto Identidades da EPG Selma Colalillo<\/span> Leia mais &raquo;<\/a><\/p>\n","protected":false},"author":24,"featured_media":2217,"comment_status":"open","ping_status":"open","sticky":false,"template":"","format":"standard","meta":{"_monsterinsights_skip_tracking":false,"_monsterinsights_sitenote_active":false,"_monsterinsights_sitenote_note":"","_monsterinsights_sitenote_category":0,"site-sidebar-layout":"default","site-content-layout":"default","ast-global-header-display":"","ast-main-header-display":"","ast-hfb-above-header-display":"","ast-hfb-below-header-display":"","ast-hfb-mobile-header-display":"","site-post-title":"","ast-breadcrumbs-content":"","ast-featured-img":"","footer-sml-layout":"","theme-transparent-header-meta":"","adv-header-id-meta":"","stick-header-meta":"","header-above-stick-meta":"","header-main-stick-meta":"","header-below-stick-meta":"","_expiration-date-status":"","_expiration-date":0,"_expiration-date-type":"","_expiration-date-categories":[],"_expiration-date-options":[]},"categories":[37,35],"tags":[],"yoast_head":"<!-- This site is optimized with the Yoast SEO plugin v19.7.1 - https:\/\/yoast.com\/wordpress\/plugins\/seo\/ -->\r\n<title>Abril Liter\u00e1rio fortalece Projeto Identidades da EPG Selma Colalillo - Abril Liter\u00e1rio<\/title>\r\n<meta name=\"robots\" content=\"index, follow, max-snippet:-1, max-image-preview:large, max-video-preview:-1\" \/>\r\n<link rel=\"canonical\" href=\"https:\/\/portaleducacao.guarulhos.sp.gov.br\/wp_site\/abrilliterario\/2024\/05\/06\/abril-literario-fortalece-projeto-identidades-da-epg-selma-colalillo\/\" \/>\r\n<meta property=\"og:locale\" content=\"pt_BR\" \/>\r\n<meta property=\"og:type\" content=\"article\" \/>\r\n<meta property=\"og:title\" content=\"Abril Liter\u00e1rio fortalece Projeto Identidades da EPG Selma Colalillo - Abril Liter\u00e1rio\" \/>\r\n<meta property=\"og:description\" content=\"Durante a programa\u00e7\u00e3o do Abril Liter\u00e1rio, a EPG Selma Colalillo Marques, na Vila Rio, promoveu a\u00e7\u00f5es liter\u00e1rias que envolveram a continuidade do projeto anual Identidades. As atividades contaram com leituras &hellip; Abril Liter\u00e1rio fortalece Projeto Identidades da EPG Selma Colalillo Leia mais &raquo;\" \/>\r\n<meta property=\"og:url\" content=\"https:\/\/portaleducacao.guarulhos.sp.gov.br\/wp_site\/abrilliterario\/2024\/05\/06\/abril-literario-fortalece-projeto-identidades-da-epg-selma-colalillo\/\" \/>\r\n<meta property=\"og:site_name\" content=\"Abril Liter\u00e1rio\" \/>\r\n<meta property=\"article:published_time\" content=\"2024-05-06T12:55:19+00:00\" \/>\r\n<meta property=\"article:modified_time\" content=\"2024-05-10T19:42:23+00:00\" \/>\r\n<meta property=\"og:image\" content=\"http:\/\/portaleducacao.guarulhos.sp.gov.br\/wp_site\/abrilliterario\/wp-content\/uploads\/sites\/24\/2024\/05\/Flavia-parque.jpeg\" \/>\r\n\t<meta property=\"og:image:width\" content=\"1600\" \/>\r\n\t<meta property=\"og:image:height\" content=\"1200\" \/>\r\n\t<meta property=\"og:image:type\" content=\"image\/jpeg\" \/>\r\n<meta name=\"author\" content=\"carlavm\" \/>\r\n<meta name=\"twitter:card\" content=\"summary_large_image\" \/>\r\n<meta name=\"twitter:label1\" content=\"Escrito por\" \/>\n\t<meta name=\"twitter:data1\" content=\"carlavm\" \/>\n\t<meta name=\"twitter:label2\" content=\"Est. tempo de leitura\" \/>\n\t<meta name=\"twitter:data2\" content=\"3 minutos\" \/>\r\n<script type=\"application\/ld+json\" class=\"yoast-schema-graph\">{\"@context\":\"https:\/\/schema.org\",\"@graph\":[{\"@type\":\"WebPage\",\"@id\":\"https:\/\/portaleducacao.guarulhos.sp.gov.br\/wp_site\/abrilliterario\/2024\/05\/06\/abril-literario-fortalece-projeto-identidades-da-epg-selma-colalillo\/\",\"url\":\"https:\/\/portaleducacao.guarulhos.sp.gov.br\/wp_site\/abrilliterario\/2024\/05\/06\/abril-literario-fortalece-projeto-identidades-da-epg-selma-colalillo\/\",\"name\":\"Abril Liter\u00e1rio fortalece Projeto Identidades da EPG Selma Colalillo - Abril Liter\u00e1rio\",\"isPartOf\":{\"@id\":\"https:\/\/portaleducacao.guarulhos.sp.gov.br\/wp_site\/abrilliterario\/#website\"},\"datePublished\":\"2024-05-06T12:55:19+00:00\",\"dateModified\":\"2024-05-10T19:42:23+00:00\",\"author\":{\"@id\":\"https:\/\/portaleducacao.guarulhos.sp.gov.br\/wp_site\/abrilliterario\/#\/schema\/person\/10d167c03463551fe7460f988dfc14d7\"},\"breadcrumb\":{\"@id\":\"https:\/\/portaleducacao.guarulhos.sp.gov.br\/wp_site\/abrilliterario\/2024\/05\/06\/abril-literario-fortalece-projeto-identidades-da-epg-selma-colalillo\/#breadcrumb\"},\"inLanguage\":\"pt-BR\",\"potentialAction\":[{\"@type\":\"ReadAction\",\"target\":[\"https:\/\/portaleducacao.guarulhos.sp.gov.br\/wp_site\/abrilliterario\/2024\/05\/06\/abril-literario-fortalece-projeto-identidades-da-epg-selma-colalillo\/\"]}]},{\"@type\":\"BreadcrumbList\",\"@id\":\"https:\/\/portaleducacao.guarulhos.sp.gov.br\/wp_site\/abrilliterario\/2024\/05\/06\/abril-literario-fortalece-projeto-identidades-da-epg-selma-colalillo\/#breadcrumb\",\"itemListElement\":[{\"@type\":\"ListItem\",\"position\":1,\"name\":\"In\u00edcio\",\"item\":\"https:\/\/portaleducacao.guarulhos.sp.gov.br\/wp_site\/abrilliterario\/\"},{\"@type\":\"ListItem\",\"position\":2,\"name\":\"Abril Liter\u00e1rio fortalece Projeto Identidades da EPG Selma Colalillo\"}]},{\"@type\":\"WebSite\",\"@id\":\"https:\/\/portaleducacao.guarulhos.sp.gov.br\/wp_site\/abrilliterario\/#website\",\"url\":\"https:\/\/portaleducacao.guarulhos.sp.gov.br\/wp_site\/abrilliterario\/\",\"name\":\"Abril Liter\u00e1rio\",\"description\":\"Literalmente isso...\",\"potentialAction\":[{\"@type\":\"SearchAction\",\"target\":{\"@type\":\"EntryPoint\",\"urlTemplate\":\"https:\/\/portaleducacao.guarulhos.sp.gov.br\/wp_site\/abrilliterario\/?s={search_term_string}\"},\"query-input\":\"required name=search_term_string\"}],\"inLanguage\":\"pt-BR\"},{\"@type\":\"Person\",\"@id\":\"https:\/\/portaleducacao.guarulhos.sp.gov.br\/wp_site\/abrilliterario\/#\/schema\/person\/10d167c03463551fe7460f988dfc14d7\",\"name\":\"carlavm\",\"image\":{\"@type\":\"ImageObject\",\"inLanguage\":\"pt-BR\",\"@id\":\"https:\/\/portaleducacao.guarulhos.sp.gov.br\/wp_site\/abrilliterario\/#\/schema\/person\/image\/\",\"url\":\"https:\/\/secure.gravatar.com\/avatar\/b89c22cab4ed3fb14a431c42dccbd61d?s=96&d=mm&r=g\",\"contentUrl\":\"https:\/\/secure.gravatar.com\/avatar\/b89c22cab4ed3fb14a431c42dccbd61d?s=96&d=mm&r=g\",\"caption\":\"carlavm\"},\"url\":\"https:\/\/portaleducacao.guarulhos.sp.gov.br\/wp_site\/abrilliterario\/author\/carlavm\/\"}]}<\/script>\r\n<!-- \/ Yoast SEO plugin. -->","yoast_head_json":{"title":"Abril Liter\u00e1rio fortalece Projeto Identidades da EPG Selma Colalillo - Abril Liter\u00e1rio","robots":{"index":"index","follow":"follow","max-snippet":"max-snippet:-1","max-image-preview":"max-image-preview:large","max-video-preview":"max-video-preview:-1"},"canonical":"https:\/\/portaleducacao.guarulhos.sp.gov.br\/wp_site\/abrilliterario\/2024\/05\/06\/abril-literario-fortalece-projeto-identidades-da-epg-selma-colalillo\/","og_locale":"pt_BR","og_type":"article","og_title":"Abril Liter\u00e1rio fortalece Projeto Identidades da EPG Selma Colalillo - Abril Liter\u00e1rio","og_description":"Durante a programa\u00e7\u00e3o do Abril Liter\u00e1rio, a EPG Selma Colalillo Marques, na Vila Rio, promoveu a\u00e7\u00f5es liter\u00e1rias que envolveram a continuidade do projeto anual Identidades. As atividades contaram com leituras &hellip; Abril Liter\u00e1rio fortalece Projeto Identidades da EPG Selma Colalillo Leia mais &raquo;","og_url":"https:\/\/portaleducacao.guarulhos.sp.gov.br\/wp_site\/abrilliterario\/2024\/05\/06\/abril-literario-fortalece-projeto-identidades-da-epg-selma-colalillo\/","og_site_name":"Abril Liter\u00e1rio","article_published_time":"2024-05-06T12:55:19+00:00","article_modified_time":"2024-05-10T19:42:23+00:00","og_image":[{"width":1600,"height":1200,"url":"http:\/\/portaleducacao.guarulhos.sp.gov.br\/wp_site\/abrilliterario\/wp-content\/uploads\/sites\/24\/2024\/05\/Flavia-parque.jpeg","type":"image\/jpeg"}],"author":"carlavm","twitter_card":"summary_large_image","twitter_misc":{"Escrito por":"carlavm","Est. tempo de leitura":"3 minutos"},"schema":{"@context":"https:\/\/schema.org","@graph":[{"@type":"WebPage","@id":"https:\/\/portaleducacao.guarulhos.sp.gov.br\/wp_site\/abrilliterario\/2024\/05\/06\/abril-literario-fortalece-projeto-identidades-da-epg-selma-colalillo\/","url":"https:\/\/portaleducacao.guarulhos.sp.gov.br\/wp_site\/abrilliterario\/2024\/05\/06\/abril-literario-fortalece-projeto-identidades-da-epg-selma-colalillo\/","name":"Abril Liter\u00e1rio fortalece Projeto Identidades da EPG Selma Colalillo - Abril Liter\u00e1rio","isPartOf":{"@id":"https:\/\/portaleducacao.guarulhos.sp.gov.br\/wp_site\/abrilliterario\/#website"},"datePublished":"2024-05-06T12:55:19+00:00","dateModified":"2024-05-10T19:42:23+00:00","author":{"@id":"https:\/\/portaleducacao.guarulhos.sp.gov.br\/wp_site\/abrilliterario\/#\/schema\/person\/10d167c03463551fe7460f988dfc14d7"},"breadcrumb":{"@id":"https:\/\/portaleducacao.guarulhos.sp.gov.br\/wp_site\/abrilliterario\/2024\/05\/06\/abril-literario-fortalece-projeto-identidades-da-epg-selma-colalillo\/#breadcrumb"},"inLanguage":"pt-BR","potentialAction":[{"@type":"ReadAction","target":["https:\/\/portaleducacao.guarulhos.sp.gov.br\/wp_site\/abrilliterario\/2024\/05\/06\/abril-literario-fortalece-projeto-identidades-da-epg-selma-colalillo\/"]}]},{"@type":"BreadcrumbList","@id":"https:\/\/portaleducacao.guarulhos.sp.gov.br\/wp_site\/abrilliterario\/2024\/05\/06\/abril-literario-fortalece-projeto-identidades-da-epg-selma-colalillo\/#breadcrumb","itemListElement":[{"@type":"ListItem","position":1,"name":"In\u00edcio","item":"https:\/\/portaleducacao.guarulhos.sp.gov.br\/wp_site\/abrilliterario\/"},{"@type":"ListItem","position":2,"name":"Abril Liter\u00e1rio fortalece Projeto Identidades da EPG Selma Colalillo"}]},{"@type":"WebSite","@id":"https:\/\/portaleducacao.guarulhos.sp.gov.br\/wp_site\/abrilliterario\/#website","url":"https:\/\/portaleducacao.guarulhos.sp.gov.br\/wp_site\/abrilliterario\/","name":"Abril Liter\u00e1rio","description":"Literalmente isso...","potentialAction":[{"@type":"SearchAction","target":{"@type":"EntryPoint","urlTemplate":"https:\/\/portaleducacao.guarulhos.sp.gov.br\/wp_site\/abrilliterario\/?s={search_term_string}"},"query-input":"required name=search_term_string"}],"inLanguage":"pt-BR"},{"@type":"Person","@id":"https:\/\/portaleducacao.guarulhos.sp.gov.br\/wp_site\/abrilliterario\/#\/schema\/person\/10d167c03463551fe7460f988dfc14d7","name":"carlavm","image":{"@type":"ImageObject","inLanguage":"pt-BR","@id":"https:\/\/portaleducacao.guarulhos.sp.gov.br\/wp_site\/abrilliterario\/#\/schema\/person\/image\/","url":"https:\/\/secure.gravatar.com\/avatar\/b89c22cab4ed3fb14a431c42dccbd61d?s=96&d=mm&r=g","contentUrl":"https:\/\/secure.gravatar.com\/avatar\/b89c22cab4ed3fb14a431c42dccbd61d?s=96&d=mm&r=g","caption":"carlavm"},"url":"https:\/\/portaleducacao.guarulhos.sp.gov.br\/wp_site\/abrilliterario\/author\/carlavm\/"}]}},"_links":{"self":[{"href":"https:\/\/portaleducacao.guarulhos.sp.gov.br\/wp_site\/abrilliterario\/wp-json\/wp\/v2\/posts\/2216"}],"collection":[{"href":"https:\/\/portaleducacao.guarulhos.sp.gov.br\/wp_site\/abrilliterario\/wp-json\/wp\/v2\/posts"}],"about":[{"href":"https:\/\/portaleducacao.guarulhos.sp.gov.br\/wp_site\/abrilliterario\/wp-json\/wp\/v2\/types\/post"}],"author":[{"embeddable":true,"href":"https:\/\/portaleducacao.guarulhos.sp.gov.br\/wp_site\/abrilliterario\/wp-json\/wp\/v2\/users\/24"}],"replies":[{"embeddable":true,"href":"https:\/\/portaleducacao.guarulhos.sp.gov.br\/wp_site\/abrilliterario\/wp-json\/wp\/v2\/comments?post=2216"}],"version-history":[{"count":2,"href":"https:\/\/portaleducacao.guarulhos.sp.gov.br\/wp_site\/abrilliterario\/wp-json\/wp\/v2\/posts\/2216\/revisions"}],"predecessor-version":[{"id":2270,"href":"https:\/\/portaleducacao.guarulhos.sp.gov.br\/wp_site\/abrilliterario\/wp-json\/wp\/v2\/posts\/2216\/revisions\/2270"}],"wp:featuredmedia":[{"embeddable":true,"href":"https:\/\/portaleducacao.guarulhos.sp.gov.br\/wp_site\/abrilliterario\/wp-json\/wp\/v2\/media\/2217"}],"wp:attachment":[{"href":"https:\/\/portaleducacao.guarulhos.sp.gov.br\/wp_site\/abrilliterario\/wp-json\/wp\/v2\/media?parent=2216"}],"wp:term":[{"taxonomy":"category","embeddable":true,"href":"https:\/\/portaleducacao.guarulhos.sp.gov.br\/wp_site\/abrilliterario\/wp-json\/wp\/v2\/categories?post=2216"},{"taxonomy":"post_tag","embeddable":true,"href":"https:\/\/portaleducacao.guarulhos.sp.gov.br\/wp_site\/abrilliterario\/wp-json\/wp\/v2\/tags?post=2216"}],"curies":[{"name":"wp","href":"https:\/\/api.w.org\/{rel}","templated":true}]}}