{"id":2261,"date":"2024-05-10T16:31:20","date_gmt":"2024-05-10T19:31:20","guid":{"rendered":"https:\/\/portaleducacao.guarulhos.sp.gov.br\/wp_site\/abrilliterario\/?p=2261"},"modified":"2024-05-10T16:41:13","modified_gmt":"2024-05-10T19:41:13","slug":"atividade-do-aee-na-epg-visconde-de-sabugosa-leva-alunos-a-refletirem-sobre-o-autismo","status":"publish","type":"post","link":"https:\/\/portaleducacao.guarulhos.sp.gov.br\/wp_site\/abrilliterario\/2024\/05\/10\/atividade-do-aee-na-epg-visconde-de-sabugosa-leva-alunos-a-refletirem-sobre-o-autismo\/","title":{"rendered":"Atividade do AEE na EPG Visconde de Sabugosa leva alunos a refletirem sobre o autismo"},"content":{"rendered":"\n<p><em>A\u00e7\u00e3o, alinhada a outras relacionadas ao Abril Liter\u00e1rio e ao Dia Mundial do Autismo, teve como foco a conta\u00e7\u00e3o de hist\u00f3rias e foi um sucesso junto \u00e0s crian\u00e7as<\/em><\/p>\n\n\n\n<p>A professora do Atendimento Educacional Especializado (AEE) na EPG Visconde de Sabugosa, Maria da Concei\u00e7\u00e3o Alves dos Santos, elaborou atividade com alunos do ensino fundamental que os levaram a refletir sobre crian\u00e7as com autismo. A a\u00e7\u00e3o, alinhada a outras relacionadas ao Abril Liter\u00e1rio e ao Dia Mundial do Autismo, comemorado no dia 2, teve como foco a conta\u00e7\u00e3o de hist\u00f3rias e foi um sucesso junto \u00e0s crian\u00e7as.<\/p>\n\n\n\n<p>\u201cEu sou autista e sou muito inteligente\u201d, disse o Heitor. \u201cVoc\u00ea sabia que eu sou autista?\u201d, questionou o Guilherme. J\u00e1 o Brayan fez quest\u00e3o de enfatizar: \u201cOh, pr\u00f4. Meu pai \u00e9 autista, igualzinho eu\u201d.<\/p>\n\n\n\n<figure class=\"wp-container-2 wp-block-gallery-1 wp-block-gallery has-nested-images columns-default is-cropped\">\n<figure class=\"wp-block-image size-large\"><img loading=\"lazy\" width=\"768\" height=\"1024\" data-id=\"2262\"  src=\"https:\/\/portaleducacao.guarulhos.sp.gov.br\/wp_site\/abrilliterario\/wp-content\/uploads\/sites\/24\/2024\/05\/WhatsApp-Image-2024-05-10-at-15.49.40-768x1024.jpeg\" alt=\"\" class=\"wp-image-2262\" srcset=\"https:\/\/portaleducacao.guarulhos.sp.gov.br\/wp_site\/abrilliterario\/wp-content\/uploads\/sites\/24\/2024\/05\/WhatsApp-Image-2024-05-10-at-15.49.40-768x1024.jpeg 768w, https:\/\/portaleducacao.guarulhos.sp.gov.br\/wp_site\/abrilliterario\/wp-content\/uploads\/sites\/24\/2024\/05\/WhatsApp-Image-2024-05-10-at-15.49.40-225x300.jpeg 225w, https:\/\/portaleducacao.guarulhos.sp.gov.br\/wp_site\/abrilliterario\/wp-content\/uploads\/sites\/24\/2024\/05\/WhatsApp-Image-2024-05-10-at-15.49.40-1152x1536.jpeg 1152w, https:\/\/portaleducacao.guarulhos.sp.gov.br\/wp_site\/abrilliterario\/wp-content\/uploads\/sites\/24\/2024\/05\/WhatsApp-Image-2024-05-10-at-15.49.40-rotated.jpeg 1200w\" sizes=\"(max-width: 768px) 100vw, 768px\" \/><\/figure>\n\n\n\n<figure class=\"wp-block-image size-large\"><img loading=\"lazy\" width=\"768\" height=\"1024\" data-id=\"2263\"  src=\"https:\/\/portaleducacao.guarulhos.sp.gov.br\/wp_site\/abrilliterario\/wp-content\/uploads\/sites\/24\/2024\/05\/WhatsApp-Image-2024-05-10-at-15.49.50-768x1024.jpeg\" alt=\"\" class=\"wp-image-2263\" srcset=\"https:\/\/portaleducacao.guarulhos.sp.gov.br\/wp_site\/abrilliterario\/wp-content\/uploads\/sites\/24\/2024\/05\/WhatsApp-Image-2024-05-10-at-15.49.50-768x1024.jpeg 768w, https:\/\/portaleducacao.guarulhos.sp.gov.br\/wp_site\/abrilliterario\/wp-content\/uploads\/sites\/24\/2024\/05\/WhatsApp-Image-2024-05-10-at-15.49.50-225x300.jpeg 225w, https:\/\/portaleducacao.guarulhos.sp.gov.br\/wp_site\/abrilliterario\/wp-content\/uploads\/sites\/24\/2024\/05\/WhatsApp-Image-2024-05-10-at-15.49.50-1152x1536.jpeg 1152w, https:\/\/portaleducacao.guarulhos.sp.gov.br\/wp_site\/abrilliterario\/wp-content\/uploads\/sites\/24\/2024\/05\/WhatsApp-Image-2024-05-10-at-15.49.50-rotated.jpeg 1200w\" sizes=\"(max-width: 768px) 100vw, 768px\" \/><\/figure>\n\n\n\n<figure class=\"wp-block-image size-large\"><img loading=\"lazy\" width=\"1024\" height=\"768\" data-id=\"2264\"  src=\"https:\/\/portaleducacao.guarulhos.sp.gov.br\/wp_site\/abrilliterario\/wp-content\/uploads\/sites\/24\/2024\/05\/WhatsApp-Image-2024-05-10-at-15.49.51-1024x768.jpeg\" alt=\"\" class=\"wp-image-2264\" srcset=\"https:\/\/portaleducacao.guarulhos.sp.gov.br\/wp_site\/abrilliterario\/wp-content\/uploads\/sites\/24\/2024\/05\/WhatsApp-Image-2024-05-10-at-15.49.51-1024x768.jpeg 1024w, https:\/\/portaleducacao.guarulhos.sp.gov.br\/wp_site\/abrilliterario\/wp-content\/uploads\/sites\/24\/2024\/05\/WhatsApp-Image-2024-05-10-at-15.49.51-300x225.jpeg 300w, https:\/\/portaleducacao.guarulhos.sp.gov.br\/wp_site\/abrilliterario\/wp-content\/uploads\/sites\/24\/2024\/05\/WhatsApp-Image-2024-05-10-at-15.49.51-768x576.jpeg 768w, https:\/\/portaleducacao.guarulhos.sp.gov.br\/wp_site\/abrilliterario\/wp-content\/uploads\/sites\/24\/2024\/05\/WhatsApp-Image-2024-05-10-at-15.49.51-1536x1152.jpeg 1536w, https:\/\/portaleducacao.guarulhos.sp.gov.br\/wp_site\/abrilliterario\/wp-content\/uploads\/sites\/24\/2024\/05\/WhatsApp-Image-2024-05-10-at-15.49.51-rotated.jpeg 1600w\" sizes=\"(max-width: 1024px) 100vw, 1024px\" \/><\/figure>\n<\/figure>\n\n\n\n<p>Ap\u00f3s a conta\u00e7\u00e3o, a forma como os educandos interagiram entre si e com os demais professores surpreendeu a educadora. Ao idealizar a atividade, Concei\u00e7\u00e3o explica que tomou como base a Proposta Curricular Quadro de Saberes Necess\u00e1rios (QSN\/2019). \u201cPensei numa forma l\u00fadica de desenvolver o tema, considerando a realidade dos alunos e viv\u00eancias em sala de aula sobre intera\u00e7\u00e3o, relacionamento e desenvolvimento de todos num processo de aprendizagem\u201d, explicou.&nbsp;&nbsp;<\/p>\n\n\n\n<p>Inspirada na hist\u00f3ria <em>Autismo: uma realidade<\/em>, do escritor Ziraldo, Concei\u00e7\u00e3o trabalhou com quest\u00f5es relacionadas ao autismo de forma l\u00fadica em sala de aula e, de forma simples e amplamente inclusiva, colocou os educandos diante das principais necessidades dos colegas com defici\u00eancia.<\/p>\n\n\n\n<p>\u201cPara garantir uma intera\u00e7\u00e3o inclusiva e acolhedora, busco sempre promover um ambiente de respeito e compreens\u00e3o, sensibilizando os alunos para as necessidades espec\u00edficas do colega. Observo atentamente a intera\u00e7\u00e3o, identificando momentos de inclus\u00e3o e di\u00e1logos positivos entre todos. \u00c9 importante encorajar e incentivar essas a\u00e7\u00f5es, valorizando a empatia, a toler\u00e2ncia e a amizade\u201d, explicou Elaine C. Pinto, coordenadora pedag\u00f3gica da unidade escolar.<\/p>\n\n\n\n<figure class=\"wp-container-4 wp-block-gallery-3 wp-block-gallery has-nested-images columns-default is-cropped\">\n<figure class=\"wp-block-image size-large\"><img loading=\"lazy\" width=\"576\" height=\"1024\" data-id=\"2267\"  src=\"https:\/\/portaleducacao.guarulhos.sp.gov.br\/wp_site\/abrilliterario\/wp-content\/uploads\/sites\/24\/2024\/05\/WhatsApp-Image-2024-05-10-at-12.22.09-576x1024.jpeg\" alt=\"\" class=\"wp-image-2267\" srcset=\"https:\/\/portaleducacao.guarulhos.sp.gov.br\/wp_site\/abrilliterario\/wp-content\/uploads\/sites\/24\/2024\/05\/WhatsApp-Image-2024-05-10-at-12.22.09-576x1024.jpeg 576w, https:\/\/portaleducacao.guarulhos.sp.gov.br\/wp_site\/abrilliterario\/wp-content\/uploads\/sites\/24\/2024\/05\/WhatsApp-Image-2024-05-10-at-12.22.09-169x300.jpeg 169w, https:\/\/portaleducacao.guarulhos.sp.gov.br\/wp_site\/abrilliterario\/wp-content\/uploads\/sites\/24\/2024\/05\/WhatsApp-Image-2024-05-10-at-12.22.09.jpeg 720w\" sizes=\"(max-width: 576px) 100vw, 576px\" \/><\/figure>\n\n\n\n<figure class=\"wp-block-image size-large\"><img loading=\"lazy\" width=\"576\" height=\"1024\" data-id=\"2265\"  src=\"https:\/\/portaleducacao.guarulhos.sp.gov.br\/wp_site\/abrilliterario\/wp-content\/uploads\/sites\/24\/2024\/05\/WhatsApp-Image-2024-05-10-at-12.22.08-3-576x1024.jpeg\" alt=\"\" class=\"wp-image-2265\" srcset=\"https:\/\/portaleducacao.guarulhos.sp.gov.br\/wp_site\/abrilliterario\/wp-content\/uploads\/sites\/24\/2024\/05\/WhatsApp-Image-2024-05-10-at-12.22.08-3-576x1024.jpeg 576w, https:\/\/portaleducacao.guarulhos.sp.gov.br\/wp_site\/abrilliterario\/wp-content\/uploads\/sites\/24\/2024\/05\/WhatsApp-Image-2024-05-10-at-12.22.08-3-169x300.jpeg 169w, https:\/\/portaleducacao.guarulhos.sp.gov.br\/wp_site\/abrilliterario\/wp-content\/uploads\/sites\/24\/2024\/05\/WhatsApp-Image-2024-05-10-at-12.22.08-3-768x1365.jpeg 768w, https:\/\/portaleducacao.guarulhos.sp.gov.br\/wp_site\/abrilliterario\/wp-content\/uploads\/sites\/24\/2024\/05\/WhatsApp-Image-2024-05-10-at-12.22.08-3-864x1536.jpeg 864w, https:\/\/portaleducacao.guarulhos.sp.gov.br\/wp_site\/abrilliterario\/wp-content\/uploads\/sites\/24\/2024\/05\/WhatsApp-Image-2024-05-10-at-12.22.08-3.jpeg 900w\" sizes=\"(max-width: 576px) 100vw, 576px\" \/><\/figure>\n\n\n\n<figure class=\"wp-block-image size-large\"><img loading=\"lazy\" width=\"576\" height=\"1024\" data-id=\"2266\"  src=\"https:\/\/portaleducacao.guarulhos.sp.gov.br\/wp_site\/abrilliterario\/wp-content\/uploads\/sites\/24\/2024\/05\/WhatsApp-Image-2024-05-10-at-12.22.08-1-576x1024.jpeg\" alt=\"\" class=\"wp-image-2266\" srcset=\"https:\/\/portaleducacao.guarulhos.sp.gov.br\/wp_site\/abrilliterario\/wp-content\/uploads\/sites\/24\/2024\/05\/WhatsApp-Image-2024-05-10-at-12.22.08-1-576x1024.jpeg 576w, https:\/\/portaleducacao.guarulhos.sp.gov.br\/wp_site\/abrilliterario\/wp-content\/uploads\/sites\/24\/2024\/05\/WhatsApp-Image-2024-05-10-at-12.22.08-1-169x300.jpeg 169w, https:\/\/portaleducacao.guarulhos.sp.gov.br\/wp_site\/abrilliterario\/wp-content\/uploads\/sites\/24\/2024\/05\/WhatsApp-Image-2024-05-10-at-12.22.08-1.jpeg 720w\" sizes=\"(max-width: 576px) 100vw, 576px\" \/><\/figure>\n<\/figure>\n\n\n\n<p>Ap\u00f3s a conta\u00e7\u00e3o da hist\u00f3ria e das devolutivas dos alunos, foi poss\u00edvel perceber que as crian\u00e7as passaram a interagir com os amigos de forma mais compreensiva e respeitosa. Na sequ\u00eancia dessa atividade, a professora pediu aos alunos que fizessem ilustra\u00e7\u00f5es sobre a hist\u00f3ria.<\/p>\n\n\n\n<p>\u201cEncantador ouvir os discursos deles, bem como o interesse e os resultados das ilustra\u00e7\u00f5es enquanto avalia\u00e7\u00e3o final com os desenhos de colegas da escola com autismo, familiares e amigos, tudo isso traz uma conota\u00e7\u00e3o de aceita\u00e7\u00e3o e cuidado ao trabalho realizado\u201d, finalizou Concei\u00e7\u00e3o.<\/p>\n\n\n\n<p>A educadora ressaltou ainda que a conscientiza\u00e7\u00e3o sobre o autismo desempenha um papel importante frente \u00e0 sociedade, assim como variadas defici\u00eancias ou condi\u00e7\u00f5es do sujeito.<\/p>\n","protected":false},"excerpt":{"rendered":"<p>A\u00e7\u00e3o, alinhada a outras relacionadas ao Abril Liter\u00e1rio e ao Dia Mundial do Autismo, teve como foco a conta\u00e7\u00e3o de hist\u00f3rias e foi um sucesso junto \u00e0s crian\u00e7as A professora &hellip;<\/p>\n<p class=\"read-more\"> <a class=\"\" href=\"https:\/\/portaleducacao.guarulhos.sp.gov.br\/wp_site\/abrilliterario\/2024\/05\/10\/atividade-do-aee-na-epg-visconde-de-sabugosa-leva-alunos-a-refletirem-sobre-o-autismo\/\"> <span class=\"screen-reader-text\">Atividade do AEE na EPG Visconde de Sabugosa leva alunos a refletirem sobre o autismo<\/span> Leia mais &raquo;<\/a><\/p>\n","protected":false},"author":24,"featured_media":2268,"comment_status":"open","ping_status":"open","sticky":false,"template":"","format":"standard","meta":{"_monsterinsights_skip_tracking":false,"_monsterinsights_sitenote_active":false,"_monsterinsights_sitenote_note":"","_monsterinsights_sitenote_category":0,"site-sidebar-layout":"default","site-content-layout":"default","ast-global-header-display":"","ast-main-header-display":"","ast-hfb-above-header-display":"","ast-hfb-below-header-display":"","ast-hfb-mobile-header-display":"","site-post-title":"","ast-breadcrumbs-content":"","ast-featured-img":"","footer-sml-layout":"","theme-transparent-header-meta":"","adv-header-id-meta":"","stick-header-meta":"","header-above-stick-meta":"","header-main-stick-meta":"","header-below-stick-meta":"","_expiration-date-status":"","_expiration-date":0,"_expiration-date-type":"","_expiration-date-categories":[],"_expiration-date-options":[]},"categories":[37,35],"tags":[],"yoast_head":"<!-- This site is optimized with the Yoast SEO plugin v19.7.1 - https:\/\/yoast.com\/wordpress\/plugins\/seo\/ -->\r\n<title>Atividade do AEE na EPG Visconde de Sabugosa leva alunos a refletirem sobre o autismo - Abril Liter\u00e1rio<\/title>\r\n<meta name=\"robots\" content=\"index, follow, max-snippet:-1, max-image-preview:large, max-video-preview:-1\" \/>\r\n<link rel=\"canonical\" href=\"https:\/\/portaleducacao.guarulhos.sp.gov.br\/wp_site\/abrilliterario\/2024\/05\/10\/atividade-do-aee-na-epg-visconde-de-sabugosa-leva-alunos-a-refletirem-sobre-o-autismo\/\" \/>\r\n<meta property=\"og:locale\" content=\"pt_BR\" \/>\r\n<meta property=\"og:type\" content=\"article\" \/>\r\n<meta property=\"og:title\" content=\"Atividade do AEE na EPG Visconde de Sabugosa leva alunos a refletirem sobre o autismo - Abril Liter\u00e1rio\" \/>\r\n<meta property=\"og:description\" content=\"A\u00e7\u00e3o, alinhada a outras relacionadas ao Abril Liter\u00e1rio e ao Dia Mundial do Autismo, teve como foco a conta\u00e7\u00e3o de hist\u00f3rias e foi um sucesso junto \u00e0s crian\u00e7as A professora &hellip; Atividade do AEE na EPG Visconde de Sabugosa leva alunos a refletirem sobre o autismo Leia mais &raquo;\" \/>\r\n<meta property=\"og:url\" content=\"https:\/\/portaleducacao.guarulhos.sp.gov.br\/wp_site\/abrilliterario\/2024\/05\/10\/atividade-do-aee-na-epg-visconde-de-sabugosa-leva-alunos-a-refletirem-sobre-o-autismo\/\" \/>\r\n<meta property=\"og:site_name\" content=\"Abril Liter\u00e1rio\" \/>\r\n<meta property=\"article:published_time\" content=\"2024-05-10T19:31:20+00:00\" \/>\r\n<meta property=\"article:modified_time\" content=\"2024-05-10T19:41:13+00:00\" \/>\r\n<meta property=\"og:image\" content=\"http:\/\/portaleducacao.guarulhos.sp.gov.br\/wp_site\/abrilliterario\/wp-content\/uploads\/sites\/24\/2024\/05\/WhatsApp-Image-2024-05-10-at-12.22.08-2.jpeg\" \/>\r\n\t<meta property=\"og:image:width\" content=\"1600\" \/>\r\n\t<meta property=\"og:image:height\" content=\"900\" \/>\r\n\t<meta property=\"og:image:type\" content=\"image\/jpeg\" \/>\r\n<meta name=\"author\" content=\"carlavm\" \/>\r\n<meta name=\"twitter:card\" content=\"summary_large_image\" \/>\r\n<meta name=\"twitter:label1\" content=\"Escrito por\" \/>\n\t<meta name=\"twitter:data1\" content=\"carlavm\" \/>\n\t<meta name=\"twitter:label2\" content=\"Est. tempo de leitura\" \/>\n\t<meta name=\"twitter:data2\" content=\"4 minutos\" \/>\r\n<script type=\"application\/ld+json\" class=\"yoast-schema-graph\">{\"@context\":\"https:\/\/schema.org\",\"@graph\":[{\"@type\":\"WebPage\",\"@id\":\"https:\/\/portaleducacao.guarulhos.sp.gov.br\/wp_site\/abrilliterario\/2024\/05\/10\/atividade-do-aee-na-epg-visconde-de-sabugosa-leva-alunos-a-refletirem-sobre-o-autismo\/\",\"url\":\"https:\/\/portaleducacao.guarulhos.sp.gov.br\/wp_site\/abrilliterario\/2024\/05\/10\/atividade-do-aee-na-epg-visconde-de-sabugosa-leva-alunos-a-refletirem-sobre-o-autismo\/\",\"name\":\"Atividade do AEE na EPG Visconde de Sabugosa leva alunos a refletirem sobre o autismo - Abril Liter\u00e1rio\",\"isPartOf\":{\"@id\":\"https:\/\/portaleducacao.guarulhos.sp.gov.br\/wp_site\/abrilliterario\/#website\"},\"datePublished\":\"2024-05-10T19:31:20+00:00\",\"dateModified\":\"2024-05-10T19:41:13+00:00\",\"author\":{\"@id\":\"https:\/\/portaleducacao.guarulhos.sp.gov.br\/wp_site\/abrilliterario\/#\/schema\/person\/10d167c03463551fe7460f988dfc14d7\"},\"breadcrumb\":{\"@id\":\"https:\/\/portaleducacao.guarulhos.sp.gov.br\/wp_site\/abrilliterario\/2024\/05\/10\/atividade-do-aee-na-epg-visconde-de-sabugosa-leva-alunos-a-refletirem-sobre-o-autismo\/#breadcrumb\"},\"inLanguage\":\"pt-BR\",\"potentialAction\":[{\"@type\":\"ReadAction\",\"target\":[\"https:\/\/portaleducacao.guarulhos.sp.gov.br\/wp_site\/abrilliterario\/2024\/05\/10\/atividade-do-aee-na-epg-visconde-de-sabugosa-leva-alunos-a-refletirem-sobre-o-autismo\/\"]}]},{\"@type\":\"BreadcrumbList\",\"@id\":\"https:\/\/portaleducacao.guarulhos.sp.gov.br\/wp_site\/abrilliterario\/2024\/05\/10\/atividade-do-aee-na-epg-visconde-de-sabugosa-leva-alunos-a-refletirem-sobre-o-autismo\/#breadcrumb\",\"itemListElement\":[{\"@type\":\"ListItem\",\"position\":1,\"name\":\"In\u00edcio\",\"item\":\"https:\/\/portaleducacao.guarulhos.sp.gov.br\/wp_site\/abrilliterario\/\"},{\"@type\":\"ListItem\",\"position\":2,\"name\":\"Atividade do AEE na EPG Visconde de Sabugosa leva alunos a refletirem sobre o autismo\"}]},{\"@type\":\"WebSite\",\"@id\":\"https:\/\/portaleducacao.guarulhos.sp.gov.br\/wp_site\/abrilliterario\/#website\",\"url\":\"https:\/\/portaleducacao.guarulhos.sp.gov.br\/wp_site\/abrilliterario\/\",\"name\":\"Abril Liter\u00e1rio\",\"description\":\"Literalmente isso...\",\"potentialAction\":[{\"@type\":\"SearchAction\",\"target\":{\"@type\":\"EntryPoint\",\"urlTemplate\":\"https:\/\/portaleducacao.guarulhos.sp.gov.br\/wp_site\/abrilliterario\/?s={search_term_string}\"},\"query-input\":\"required name=search_term_string\"}],\"inLanguage\":\"pt-BR\"},{\"@type\":\"Person\",\"@id\":\"https:\/\/portaleducacao.guarulhos.sp.gov.br\/wp_site\/abrilliterario\/#\/schema\/person\/10d167c03463551fe7460f988dfc14d7\",\"name\":\"carlavm\",\"image\":{\"@type\":\"ImageObject\",\"inLanguage\":\"pt-BR\",\"@id\":\"https:\/\/portaleducacao.guarulhos.sp.gov.br\/wp_site\/abrilliterario\/#\/schema\/person\/image\/\",\"url\":\"https:\/\/secure.gravatar.com\/avatar\/b89c22cab4ed3fb14a431c42dccbd61d?s=96&d=mm&r=g\",\"contentUrl\":\"https:\/\/secure.gravatar.com\/avatar\/b89c22cab4ed3fb14a431c42dccbd61d?s=96&d=mm&r=g\",\"caption\":\"carlavm\"},\"url\":\"https:\/\/portaleducacao.guarulhos.sp.gov.br\/wp_site\/abrilliterario\/author\/carlavm\/\"}]}<\/script>\r\n<!-- \/ Yoast SEO plugin. -->","yoast_head_json":{"title":"Atividade do AEE na EPG Visconde de Sabugosa leva alunos a refletirem sobre o autismo - Abril Liter\u00e1rio","robots":{"index":"index","follow":"follow","max-snippet":"max-snippet:-1","max-image-preview":"max-image-preview:large","max-video-preview":"max-video-preview:-1"},"canonical":"https:\/\/portaleducacao.guarulhos.sp.gov.br\/wp_site\/abrilliterario\/2024\/05\/10\/atividade-do-aee-na-epg-visconde-de-sabugosa-leva-alunos-a-refletirem-sobre-o-autismo\/","og_locale":"pt_BR","og_type":"article","og_title":"Atividade do AEE na EPG Visconde de Sabugosa leva alunos a refletirem sobre o autismo - Abril Liter\u00e1rio","og_description":"A\u00e7\u00e3o, alinhada a outras relacionadas ao Abril Liter\u00e1rio e ao Dia Mundial do Autismo, teve como foco a conta\u00e7\u00e3o de hist\u00f3rias e foi um sucesso junto \u00e0s crian\u00e7as A professora &hellip; Atividade do AEE na EPG Visconde de Sabugosa leva alunos a refletirem sobre o autismo Leia mais &raquo;","og_url":"https:\/\/portaleducacao.guarulhos.sp.gov.br\/wp_site\/abrilliterario\/2024\/05\/10\/atividade-do-aee-na-epg-visconde-de-sabugosa-leva-alunos-a-refletirem-sobre-o-autismo\/","og_site_name":"Abril Liter\u00e1rio","article_published_time":"2024-05-10T19:31:20+00:00","article_modified_time":"2024-05-10T19:41:13+00:00","og_image":[{"width":1600,"height":900,"url":"http:\/\/portaleducacao.guarulhos.sp.gov.br\/wp_site\/abrilliterario\/wp-content\/uploads\/sites\/24\/2024\/05\/WhatsApp-Image-2024-05-10-at-12.22.08-2.jpeg","type":"image\/jpeg"}],"author":"carlavm","twitter_card":"summary_large_image","twitter_misc":{"Escrito por":"carlavm","Est. tempo de leitura":"4 minutos"},"schema":{"@context":"https:\/\/schema.org","@graph":[{"@type":"WebPage","@id":"https:\/\/portaleducacao.guarulhos.sp.gov.br\/wp_site\/abrilliterario\/2024\/05\/10\/atividade-do-aee-na-epg-visconde-de-sabugosa-leva-alunos-a-refletirem-sobre-o-autismo\/","url":"https:\/\/portaleducacao.guarulhos.sp.gov.br\/wp_site\/abrilliterario\/2024\/05\/10\/atividade-do-aee-na-epg-visconde-de-sabugosa-leva-alunos-a-refletirem-sobre-o-autismo\/","name":"Atividade do AEE na EPG Visconde de Sabugosa leva alunos a refletirem sobre o autismo - Abril Liter\u00e1rio","isPartOf":{"@id":"https:\/\/portaleducacao.guarulhos.sp.gov.br\/wp_site\/abrilliterario\/#website"},"datePublished":"2024-05-10T19:31:20+00:00","dateModified":"2024-05-10T19:41:13+00:00","author":{"@id":"https:\/\/portaleducacao.guarulhos.sp.gov.br\/wp_site\/abrilliterario\/#\/schema\/person\/10d167c03463551fe7460f988dfc14d7"},"breadcrumb":{"@id":"https:\/\/portaleducacao.guarulhos.sp.gov.br\/wp_site\/abrilliterario\/2024\/05\/10\/atividade-do-aee-na-epg-visconde-de-sabugosa-leva-alunos-a-refletirem-sobre-o-autismo\/#breadcrumb"},"inLanguage":"pt-BR","potentialAction":[{"@type":"ReadAction","target":["https:\/\/portaleducacao.guarulhos.sp.gov.br\/wp_site\/abrilliterario\/2024\/05\/10\/atividade-do-aee-na-epg-visconde-de-sabugosa-leva-alunos-a-refletirem-sobre-o-autismo\/"]}]},{"@type":"BreadcrumbList","@id":"https:\/\/portaleducacao.guarulhos.sp.gov.br\/wp_site\/abrilliterario\/2024\/05\/10\/atividade-do-aee-na-epg-visconde-de-sabugosa-leva-alunos-a-refletirem-sobre-o-autismo\/#breadcrumb","itemListElement":[{"@type":"ListItem","position":1,"name":"In\u00edcio","item":"https:\/\/portaleducacao.guarulhos.sp.gov.br\/wp_site\/abrilliterario\/"},{"@type":"ListItem","position":2,"name":"Atividade do AEE na EPG Visconde de Sabugosa leva alunos a refletirem sobre o autismo"}]},{"@type":"WebSite","@id":"https:\/\/portaleducacao.guarulhos.sp.gov.br\/wp_site\/abrilliterario\/#website","url":"https:\/\/portaleducacao.guarulhos.sp.gov.br\/wp_site\/abrilliterario\/","name":"Abril Liter\u00e1rio","description":"Literalmente isso...","potentialAction":[{"@type":"SearchAction","target":{"@type":"EntryPoint","urlTemplate":"https:\/\/portaleducacao.guarulhos.sp.gov.br\/wp_site\/abrilliterario\/?s={search_term_string}"},"query-input":"required name=search_term_string"}],"inLanguage":"pt-BR"},{"@type":"Person","@id":"https:\/\/portaleducacao.guarulhos.sp.gov.br\/wp_site\/abrilliterario\/#\/schema\/person\/10d167c03463551fe7460f988dfc14d7","name":"carlavm","image":{"@type":"ImageObject","inLanguage":"pt-BR","@id":"https:\/\/portaleducacao.guarulhos.sp.gov.br\/wp_site\/abrilliterario\/#\/schema\/person\/image\/","url":"https:\/\/secure.gravatar.com\/avatar\/b89c22cab4ed3fb14a431c42dccbd61d?s=96&d=mm&r=g","contentUrl":"https:\/\/secure.gravatar.com\/avatar\/b89c22cab4ed3fb14a431c42dccbd61d?s=96&d=mm&r=g","caption":"carlavm"},"url":"https:\/\/portaleducacao.guarulhos.sp.gov.br\/wp_site\/abrilliterario\/author\/carlavm\/"}]}},"_links":{"self":[{"href":"https:\/\/portaleducacao.guarulhos.sp.gov.br\/wp_site\/abrilliterario\/wp-json\/wp\/v2\/posts\/2261"}],"collection":[{"href":"https:\/\/portaleducacao.guarulhos.sp.gov.br\/wp_site\/abrilliterario\/wp-json\/wp\/v2\/posts"}],"about":[{"href":"https:\/\/portaleducacao.guarulhos.sp.gov.br\/wp_site\/abrilliterario\/wp-json\/wp\/v2\/types\/post"}],"author":[{"embeddable":true,"href":"https:\/\/portaleducacao.guarulhos.sp.gov.br\/wp_site\/abrilliterario\/wp-json\/wp\/v2\/users\/24"}],"replies":[{"embeddable":true,"href":"https:\/\/portaleducacao.guarulhos.sp.gov.br\/wp_site\/abrilliterario\/wp-json\/wp\/v2\/comments?post=2261"}],"version-history":[{"count":1,"href":"https:\/\/portaleducacao.guarulhos.sp.gov.br\/wp_site\/abrilliterario\/wp-json\/wp\/v2\/posts\/2261\/revisions"}],"predecessor-version":[{"id":2269,"href":"https:\/\/portaleducacao.guarulhos.sp.gov.br\/wp_site\/abrilliterario\/wp-json\/wp\/v2\/posts\/2261\/revisions\/2269"}],"wp:featuredmedia":[{"embeddable":true,"href":"https:\/\/portaleducacao.guarulhos.sp.gov.br\/wp_site\/abrilliterario\/wp-json\/wp\/v2\/media\/2268"}],"wp:attachment":[{"href":"https:\/\/portaleducacao.guarulhos.sp.gov.br\/wp_site\/abrilliterario\/wp-json\/wp\/v2\/media?parent=2261"}],"wp:term":[{"taxonomy":"category","embeddable":true,"href":"https:\/\/portaleducacao.guarulhos.sp.gov.br\/wp_site\/abrilliterario\/wp-json\/wp\/v2\/categories?post=2261"},{"taxonomy":"post_tag","embeddable":true,"href":"https:\/\/portaleducacao.guarulhos.sp.gov.br\/wp_site\/abrilliterario\/wp-json\/wp\/v2\/tags?post=2261"}],"curies":[{"name":"wp","href":"https:\/\/api.w.org\/{rel}","templated":true}]}}