{"id":2352,"date":"2024-05-22T15:23:19","date_gmt":"2024-05-22T18:23:19","guid":{"rendered":"https:\/\/portaleducacao.guarulhos.sp.gov.br\/wp_site\/abrilliterario\/?p=2352"},"modified":"2024-05-22T15:42:32","modified_gmt":"2024-05-22T18:42:32","slug":"alunos-da-epg-perseu-abramo-reescrevem-o-classico-chapeuzinho-vermelho","status":"publish","type":"post","link":"https:\/\/portaleducacao.guarulhos.sp.gov.br\/wp_site\/abrilliterario\/2024\/05\/22\/alunos-da-epg-perseu-abramo-reescrevem-o-classico-chapeuzinho-vermelho\/","title":{"rendered":"Alunos da EPG Perseu Abramo reescrevem o cl\u00e1ssico Chapeuzinho Vermelho"},"content":{"rendered":"\n<p><em>Educandos realizaram leituras de diversas vers\u00f5es do cl\u00e1ssico conto de fadas para construir repert\u00f3rio essencial ao embasamento da criatividade<\/em><\/p>\n\n\n\n<p>Alunos do 2\u00ba ano da EPG Perseu Abramo, no Lavras, participaram da atividade As v\u00e1rias vers\u00f5es de Chapeuzinho Vermelho, a\u00e7\u00e3o que integrou o Abril Liter\u00e1rio da unidade escolar.\u00a0 Neste per\u00edodo, eles realizaram leituras de diversas vers\u00f5es do cl\u00e1ssico conto de fadas para construir repert\u00f3rio essencial ao embasamento da criatividade dos alunos diante da proposta de cria\u00e7\u00e3o de seus pr\u00f3prios livros. A a\u00e7\u00e3o culminou com a visita das fam\u00edlias \u00e0 exposi\u00e7\u00e3o dos livros exibidos na escola. Para conferir as produ\u00e7\u00f5es,\u00a0<a href=\"https:\/\/portaleducacao.guarulhos.sp.gov.br\/siseduc\/portal\/exibir\/arquivo\/11498\/inline\/\" target=\"_blank\" rel=\"noreferrer noopener\"><strong><em>clique aqui<\/em><\/strong><\/a>.<\/p>\n\n\n\n<p>Interpreta\u00e7\u00e3o oral, desenhos, produ\u00e7\u00e3o escrita das vers\u00f5es dos livros expostos (escritos juntamente com as fam\u00edlias), rodas de conversa com rela\u00e7\u00e3o as diferentes vers\u00f5es do mesmo conto e ilustra\u00e7\u00f5es dos autores (autorretrato) foram algumas das atividades que fizeram parte dessa produ\u00e7\u00e3o de reescrita do conto da Chapeuzinho Vermelho.<\/p>\n\n\n\n<figure class=\"wp-container-2 wp-block-gallery-1 wp-block-gallery has-nested-images columns-default is-cropped\">\n<figure class=\"wp-block-image size-large\"><img loading=\"lazy\" width=\"771\" height=\"1024\" data-id=\"2354\"  src=\"https:\/\/portaleducacao.guarulhos.sp.gov.br\/wp_site\/abrilliterario\/wp-content\/uploads\/sites\/24\/2024\/05\/WhatsApp-Image-2024-05-21-at-14.18.45-771x1024.jpeg\" alt=\"\" class=\"wp-image-2354\" srcset=\"https:\/\/portaleducacao.guarulhos.sp.gov.br\/wp_site\/abrilliterario\/wp-content\/uploads\/sites\/24\/2024\/05\/WhatsApp-Image-2024-05-21-at-14.18.45-771x1024.jpeg 771w, https:\/\/portaleducacao.guarulhos.sp.gov.br\/wp_site\/abrilliterario\/wp-content\/uploads\/sites\/24\/2024\/05\/WhatsApp-Image-2024-05-21-at-14.18.45-226x300.jpeg 226w, https:\/\/portaleducacao.guarulhos.sp.gov.br\/wp_site\/abrilliterario\/wp-content\/uploads\/sites\/24\/2024\/05\/WhatsApp-Image-2024-05-21-at-14.18.45-768x1021.jpeg 768w, https:\/\/portaleducacao.guarulhos.sp.gov.br\/wp_site\/abrilliterario\/wp-content\/uploads\/sites\/24\/2024\/05\/WhatsApp-Image-2024-05-21-at-14.18.45-1156x1536.jpeg 1156w, https:\/\/portaleducacao.guarulhos.sp.gov.br\/wp_site\/abrilliterario\/wp-content\/uploads\/sites\/24\/2024\/05\/WhatsApp-Image-2024-05-21-at-14.18.45.jpeg 1204w\" sizes=\"(max-width: 771px) 100vw, 771px\" \/><\/figure>\n\n\n\n<figure class=\"wp-block-image size-large\"><img loading=\"lazy\" width=\"768\" height=\"1024\" data-id=\"2353\"  src=\"https:\/\/portaleducacao.guarulhos.sp.gov.br\/wp_site\/abrilliterario\/wp-content\/uploads\/sites\/24\/2024\/05\/WhatsApp-Image-2024-05-21-at-14.12.01-768x1024.jpeg\" alt=\"\" class=\"wp-image-2353\" srcset=\"https:\/\/portaleducacao.guarulhos.sp.gov.br\/wp_site\/abrilliterario\/wp-content\/uploads\/sites\/24\/2024\/05\/WhatsApp-Image-2024-05-21-at-14.12.01-768x1024.jpeg 768w, https:\/\/portaleducacao.guarulhos.sp.gov.br\/wp_site\/abrilliterario\/wp-content\/uploads\/sites\/24\/2024\/05\/WhatsApp-Image-2024-05-21-at-14.12.01-225x300.jpeg 225w, https:\/\/portaleducacao.guarulhos.sp.gov.br\/wp_site\/abrilliterario\/wp-content\/uploads\/sites\/24\/2024\/05\/WhatsApp-Image-2024-05-21-at-14.12.01-1152x1536.jpeg 1152w, https:\/\/portaleducacao.guarulhos.sp.gov.br\/wp_site\/abrilliterario\/wp-content\/uploads\/sites\/24\/2024\/05\/WhatsApp-Image-2024-05-21-at-14.12.01-1536x2048.jpeg 1536w, https:\/\/portaleducacao.guarulhos.sp.gov.br\/wp_site\/abrilliterario\/wp-content\/uploads\/sites\/24\/2024\/05\/WhatsApp-Image-2024-05-21-at-14.12.01-scaled.jpeg 1920w\" sizes=\"(max-width: 768px) 100vw, 768px\" \/><\/figure>\n\n\n\n<figure class=\"wp-block-image size-large\"><img loading=\"lazy\" width=\"771\" height=\"1024\" data-id=\"2355\"  src=\"https:\/\/portaleducacao.guarulhos.sp.gov.br\/wp_site\/abrilliterario\/wp-content\/uploads\/sites\/24\/2024\/05\/WhatsApp-Image-2024-05-21-at-14.18.44-4-771x1024.jpeg\" alt=\"\" class=\"wp-image-2355\" srcset=\"https:\/\/portaleducacao.guarulhos.sp.gov.br\/wp_site\/abrilliterario\/wp-content\/uploads\/sites\/24\/2024\/05\/WhatsApp-Image-2024-05-21-at-14.18.44-4-771x1024.jpeg 771w, https:\/\/portaleducacao.guarulhos.sp.gov.br\/wp_site\/abrilliterario\/wp-content\/uploads\/sites\/24\/2024\/05\/WhatsApp-Image-2024-05-21-at-14.18.44-4-226x300.jpeg 226w, https:\/\/portaleducacao.guarulhos.sp.gov.br\/wp_site\/abrilliterario\/wp-content\/uploads\/sites\/24\/2024\/05\/WhatsApp-Image-2024-05-21-at-14.18.44-4-768x1021.jpeg 768w, https:\/\/portaleducacao.guarulhos.sp.gov.br\/wp_site\/abrilliterario\/wp-content\/uploads\/sites\/24\/2024\/05\/WhatsApp-Image-2024-05-21-at-14.18.44-4-1156x1536.jpeg 1156w, https:\/\/portaleducacao.guarulhos.sp.gov.br\/wp_site\/abrilliterario\/wp-content\/uploads\/sites\/24\/2024\/05\/WhatsApp-Image-2024-05-21-at-14.18.44-4.jpeg 1204w\" sizes=\"(max-width: 771px) 100vw, 771px\" \/><\/figure>\n<\/figure>\n\n\n\n<p>Durante as rodas de conversa foram dadas as instru\u00e7\u00f5es aos educandos. A professora da turma do 2\u00ba ano C, Vit\u00f3ria Aparecida Vitor da Silva , elaborou tamb\u00e9m um bilhete para as fam\u00edlias, explicando como se daria a reescrita e incentivo \u00e0s finaliza\u00e7\u00f5es durante as aulas.<\/p>\n\n\n\n<p>\u201cO objetivo principal foi unir a fam\u00edlia na constru\u00e7\u00e3o da hist\u00f3ria, aumentar a autoestima com rela\u00e7\u00e3o a capacidade de escrever. Isso permite que os alunos compreendam que para escrever um livro s\u00e3o necess\u00e1rios v\u00e1rios passos e que h\u00e1 fun\u00e7\u00f5es diferentes em cada trabalho dentro de um livro, como o do ilustrador, do escritor, a edi\u00e7\u00e3o, entre outras\u201d, explicou Mirian Elena da Costa, coordenadora pedag\u00f3gica.<\/p>\n\n\n\n<p>A coordenadora observou ainda intenso trabalho com os saberes da Proposta Curricular Quadro de Saberes Necess\u00e1rios (QSN\/2019) alcan\u00e7ados com a atividade, dentre os quais o respeito \u00e0 produ\u00e7\u00e3o textual pr\u00f3pria e alheia, a leitura no processo de escrita e reescrita, o reconhecendo de palavras do seu cotidiano, apropria\u00e7\u00e3o do sistema de escrita, desenvolvimento de estrat\u00e9gias de compreens\u00e3o, entre outros.<\/p>\n\n\n\n<p>A coordena\u00e7\u00e3o avaliou ainda a pot\u00eancia das atividades realizadas pelo grupo docente durante o Abril Liter\u00e1rio, que se mostrou bem empenhado ao incentivo \u00e0 leitura e na elabora\u00e7\u00e3o de diferentes abordagens para fomentar a escrita.&nbsp;<\/p>\n\n\n\n<p><\/p>\n","protected":false},"excerpt":{"rendered":"<p>Educandos realizaram leituras de diversas vers\u00f5es do cl\u00e1ssico conto de fadas para construir repert\u00f3rio essencial ao embasamento da criatividade Alunos do 2\u00ba ano da EPG Perseu Abramo, no Lavras, participaram &hellip;<\/p>\n<p class=\"read-more\"> <a class=\"\" href=\"https:\/\/portaleducacao.guarulhos.sp.gov.br\/wp_site\/abrilliterario\/2024\/05\/22\/alunos-da-epg-perseu-abramo-reescrevem-o-classico-chapeuzinho-vermelho\/\"> <span class=\"screen-reader-text\">Alunos da EPG Perseu Abramo reescrevem o cl\u00e1ssico Chapeuzinho Vermelho<\/span> Leia mais &raquo;<\/a><\/p>\n","protected":false},"author":24,"featured_media":2356,"comment_status":"open","ping_status":"open","sticky":false,"template":"","format":"standard","meta":{"_monsterinsights_skip_tracking":false,"_monsterinsights_sitenote_active":false,"_monsterinsights_sitenote_note":"","_monsterinsights_sitenote_category":0,"site-sidebar-layout":"default","site-content-layout":"default","ast-global-header-display":"","ast-main-header-display":"","ast-hfb-above-header-display":"","ast-hfb-below-header-display":"","ast-hfb-mobile-header-display":"","site-post-title":"","ast-breadcrumbs-content":"","ast-featured-img":"","footer-sml-layout":"","theme-transparent-header-meta":"","adv-header-id-meta":"","stick-header-meta":"","header-above-stick-meta":"","header-main-stick-meta":"","header-below-stick-meta":"","_expiration-date-status":"","_expiration-date":0,"_expiration-date-type":"","_expiration-date-categories":[],"_expiration-date-options":[]},"categories":[37,35],"tags":[],"yoast_head":"<!-- This site is optimized with the Yoast SEO plugin v19.7.1 - https:\/\/yoast.com\/wordpress\/plugins\/seo\/ -->\r\n<title>Alunos da EPG Perseu Abramo reescrevem o cl\u00e1ssico Chapeuzinho Vermelho - Abril Liter\u00e1rio<\/title>\r\n<meta name=\"robots\" content=\"index, follow, max-snippet:-1, max-image-preview:large, max-video-preview:-1\" \/>\r\n<link rel=\"canonical\" href=\"https:\/\/portaleducacao.guarulhos.sp.gov.br\/wp_site\/abrilliterario\/2024\/05\/22\/alunos-da-epg-perseu-abramo-reescrevem-o-classico-chapeuzinho-vermelho\/\" \/>\r\n<meta property=\"og:locale\" content=\"pt_BR\" \/>\r\n<meta property=\"og:type\" content=\"article\" \/>\r\n<meta property=\"og:title\" content=\"Alunos da EPG Perseu Abramo reescrevem o cl\u00e1ssico Chapeuzinho Vermelho - Abril Liter\u00e1rio\" \/>\r\n<meta property=\"og:description\" content=\"Educandos realizaram leituras de diversas vers\u00f5es do cl\u00e1ssico conto de fadas para construir repert\u00f3rio essencial ao embasamento da criatividade Alunos do 2\u00ba ano da EPG Perseu Abramo, no Lavras, participaram &hellip; Alunos da EPG Perseu Abramo reescrevem o cl\u00e1ssico Chapeuzinho Vermelho Leia mais &raquo;\" \/>\r\n<meta property=\"og:url\" content=\"https:\/\/portaleducacao.guarulhos.sp.gov.br\/wp_site\/abrilliterario\/2024\/05\/22\/alunos-da-epg-perseu-abramo-reescrevem-o-classico-chapeuzinho-vermelho\/\" \/>\r\n<meta property=\"og:site_name\" content=\"Abril Liter\u00e1rio\" \/>\r\n<meta property=\"article:published_time\" content=\"2024-05-22T18:23:19+00:00\" \/>\r\n<meta property=\"article:modified_time\" content=\"2024-05-22T18:42:32+00:00\" \/>\r\n<meta property=\"og:image\" content=\"http:\/\/portaleducacao.guarulhos.sp.gov.br\/wp_site\/abrilliterario\/wp-content\/uploads\/sites\/24\/2024\/05\/WhatsApp-Image-2024-05-21-at-14.22.34.jpeg\" \/>\r\n\t<meta property=\"og:image:width\" content=\"1599\" \/>\r\n\t<meta property=\"og:image:height\" content=\"899\" \/>\r\n\t<meta property=\"og:image:type\" content=\"image\/jpeg\" \/>\r\n<meta name=\"author\" content=\"carlavm\" \/>\r\n<meta name=\"twitter:card\" content=\"summary_large_image\" \/>\r\n<meta name=\"twitter:label1\" content=\"Escrito por\" \/>\n\t<meta name=\"twitter:data1\" content=\"carlavm\" \/>\n\t<meta name=\"twitter:label2\" content=\"Est. tempo de leitura\" \/>\n\t<meta name=\"twitter:data2\" content=\"3 minutos\" \/>\r\n<script type=\"application\/ld+json\" class=\"yoast-schema-graph\">{\"@context\":\"https:\/\/schema.org\",\"@graph\":[{\"@type\":\"WebPage\",\"@id\":\"https:\/\/portaleducacao.guarulhos.sp.gov.br\/wp_site\/abrilliterario\/2024\/05\/22\/alunos-da-epg-perseu-abramo-reescrevem-o-classico-chapeuzinho-vermelho\/\",\"url\":\"https:\/\/portaleducacao.guarulhos.sp.gov.br\/wp_site\/abrilliterario\/2024\/05\/22\/alunos-da-epg-perseu-abramo-reescrevem-o-classico-chapeuzinho-vermelho\/\",\"name\":\"Alunos da EPG Perseu Abramo reescrevem o cl\u00e1ssico Chapeuzinho Vermelho - Abril Liter\u00e1rio\",\"isPartOf\":{\"@id\":\"https:\/\/portaleducacao.guarulhos.sp.gov.br\/wp_site\/abrilliterario\/#website\"},\"datePublished\":\"2024-05-22T18:23:19+00:00\",\"dateModified\":\"2024-05-22T18:42:32+00:00\",\"author\":{\"@id\":\"https:\/\/portaleducacao.guarulhos.sp.gov.br\/wp_site\/abrilliterario\/#\/schema\/person\/10d167c03463551fe7460f988dfc14d7\"},\"breadcrumb\":{\"@id\":\"https:\/\/portaleducacao.guarulhos.sp.gov.br\/wp_site\/abrilliterario\/2024\/05\/22\/alunos-da-epg-perseu-abramo-reescrevem-o-classico-chapeuzinho-vermelho\/#breadcrumb\"},\"inLanguage\":\"pt-BR\",\"potentialAction\":[{\"@type\":\"ReadAction\",\"target\":[\"https:\/\/portaleducacao.guarulhos.sp.gov.br\/wp_site\/abrilliterario\/2024\/05\/22\/alunos-da-epg-perseu-abramo-reescrevem-o-classico-chapeuzinho-vermelho\/\"]}]},{\"@type\":\"BreadcrumbList\",\"@id\":\"https:\/\/portaleducacao.guarulhos.sp.gov.br\/wp_site\/abrilliterario\/2024\/05\/22\/alunos-da-epg-perseu-abramo-reescrevem-o-classico-chapeuzinho-vermelho\/#breadcrumb\",\"itemListElement\":[{\"@type\":\"ListItem\",\"position\":1,\"name\":\"In\u00edcio\",\"item\":\"https:\/\/portaleducacao.guarulhos.sp.gov.br\/wp_site\/abrilliterario\/\"},{\"@type\":\"ListItem\",\"position\":2,\"name\":\"Alunos da EPG Perseu Abramo reescrevem o cl\u00e1ssico Chapeuzinho Vermelho\"}]},{\"@type\":\"WebSite\",\"@id\":\"https:\/\/portaleducacao.guarulhos.sp.gov.br\/wp_site\/abrilliterario\/#website\",\"url\":\"https:\/\/portaleducacao.guarulhos.sp.gov.br\/wp_site\/abrilliterario\/\",\"name\":\"Abril Liter\u00e1rio\",\"description\":\"Literalmente isso...\",\"potentialAction\":[{\"@type\":\"SearchAction\",\"target\":{\"@type\":\"EntryPoint\",\"urlTemplate\":\"https:\/\/portaleducacao.guarulhos.sp.gov.br\/wp_site\/abrilliterario\/?s={search_term_string}\"},\"query-input\":\"required name=search_term_string\"}],\"inLanguage\":\"pt-BR\"},{\"@type\":\"Person\",\"@id\":\"https:\/\/portaleducacao.guarulhos.sp.gov.br\/wp_site\/abrilliterario\/#\/schema\/person\/10d167c03463551fe7460f988dfc14d7\",\"name\":\"carlavm\",\"image\":{\"@type\":\"ImageObject\",\"inLanguage\":\"pt-BR\",\"@id\":\"https:\/\/portaleducacao.guarulhos.sp.gov.br\/wp_site\/abrilliterario\/#\/schema\/person\/image\/\",\"url\":\"https:\/\/secure.gravatar.com\/avatar\/b89c22cab4ed3fb14a431c42dccbd61d?s=96&d=mm&r=g\",\"contentUrl\":\"https:\/\/secure.gravatar.com\/avatar\/b89c22cab4ed3fb14a431c42dccbd61d?s=96&d=mm&r=g\",\"caption\":\"carlavm\"},\"url\":\"https:\/\/portaleducacao.guarulhos.sp.gov.br\/wp_site\/abrilliterario\/author\/carlavm\/\"}]}<\/script>\r\n<!-- \/ Yoast SEO plugin. -->","yoast_head_json":{"title":"Alunos da EPG Perseu Abramo reescrevem o cl\u00e1ssico Chapeuzinho Vermelho - Abril Liter\u00e1rio","robots":{"index":"index","follow":"follow","max-snippet":"max-snippet:-1","max-image-preview":"max-image-preview:large","max-video-preview":"max-video-preview:-1"},"canonical":"https:\/\/portaleducacao.guarulhos.sp.gov.br\/wp_site\/abrilliterario\/2024\/05\/22\/alunos-da-epg-perseu-abramo-reescrevem-o-classico-chapeuzinho-vermelho\/","og_locale":"pt_BR","og_type":"article","og_title":"Alunos da EPG Perseu Abramo reescrevem o cl\u00e1ssico Chapeuzinho Vermelho - Abril Liter\u00e1rio","og_description":"Educandos realizaram leituras de diversas vers\u00f5es do cl\u00e1ssico conto de fadas para construir repert\u00f3rio essencial ao embasamento da criatividade Alunos do 2\u00ba ano da EPG Perseu Abramo, no Lavras, participaram &hellip; Alunos da EPG Perseu Abramo reescrevem o cl\u00e1ssico Chapeuzinho Vermelho Leia mais &raquo;","og_url":"https:\/\/portaleducacao.guarulhos.sp.gov.br\/wp_site\/abrilliterario\/2024\/05\/22\/alunos-da-epg-perseu-abramo-reescrevem-o-classico-chapeuzinho-vermelho\/","og_site_name":"Abril Liter\u00e1rio","article_published_time":"2024-05-22T18:23:19+00:00","article_modified_time":"2024-05-22T18:42:32+00:00","og_image":[{"width":1599,"height":899,"url":"http:\/\/portaleducacao.guarulhos.sp.gov.br\/wp_site\/abrilliterario\/wp-content\/uploads\/sites\/24\/2024\/05\/WhatsApp-Image-2024-05-21-at-14.22.34.jpeg","type":"image\/jpeg"}],"author":"carlavm","twitter_card":"summary_large_image","twitter_misc":{"Escrito por":"carlavm","Est. tempo de leitura":"3 minutos"},"schema":{"@context":"https:\/\/schema.org","@graph":[{"@type":"WebPage","@id":"https:\/\/portaleducacao.guarulhos.sp.gov.br\/wp_site\/abrilliterario\/2024\/05\/22\/alunos-da-epg-perseu-abramo-reescrevem-o-classico-chapeuzinho-vermelho\/","url":"https:\/\/portaleducacao.guarulhos.sp.gov.br\/wp_site\/abrilliterario\/2024\/05\/22\/alunos-da-epg-perseu-abramo-reescrevem-o-classico-chapeuzinho-vermelho\/","name":"Alunos da EPG Perseu Abramo reescrevem o cl\u00e1ssico Chapeuzinho Vermelho - Abril Liter\u00e1rio","isPartOf":{"@id":"https:\/\/portaleducacao.guarulhos.sp.gov.br\/wp_site\/abrilliterario\/#website"},"datePublished":"2024-05-22T18:23:19+00:00","dateModified":"2024-05-22T18:42:32+00:00","author":{"@id":"https:\/\/portaleducacao.guarulhos.sp.gov.br\/wp_site\/abrilliterario\/#\/schema\/person\/10d167c03463551fe7460f988dfc14d7"},"breadcrumb":{"@id":"https:\/\/portaleducacao.guarulhos.sp.gov.br\/wp_site\/abrilliterario\/2024\/05\/22\/alunos-da-epg-perseu-abramo-reescrevem-o-classico-chapeuzinho-vermelho\/#breadcrumb"},"inLanguage":"pt-BR","potentialAction":[{"@type":"ReadAction","target":["https:\/\/portaleducacao.guarulhos.sp.gov.br\/wp_site\/abrilliterario\/2024\/05\/22\/alunos-da-epg-perseu-abramo-reescrevem-o-classico-chapeuzinho-vermelho\/"]}]},{"@type":"BreadcrumbList","@id":"https:\/\/portaleducacao.guarulhos.sp.gov.br\/wp_site\/abrilliterario\/2024\/05\/22\/alunos-da-epg-perseu-abramo-reescrevem-o-classico-chapeuzinho-vermelho\/#breadcrumb","itemListElement":[{"@type":"ListItem","position":1,"name":"In\u00edcio","item":"https:\/\/portaleducacao.guarulhos.sp.gov.br\/wp_site\/abrilliterario\/"},{"@type":"ListItem","position":2,"name":"Alunos da EPG Perseu Abramo reescrevem o cl\u00e1ssico Chapeuzinho Vermelho"}]},{"@type":"WebSite","@id":"https:\/\/portaleducacao.guarulhos.sp.gov.br\/wp_site\/abrilliterario\/#website","url":"https:\/\/portaleducacao.guarulhos.sp.gov.br\/wp_site\/abrilliterario\/","name":"Abril Liter\u00e1rio","description":"Literalmente isso...","potentialAction":[{"@type":"SearchAction","target":{"@type":"EntryPoint","urlTemplate":"https:\/\/portaleducacao.guarulhos.sp.gov.br\/wp_site\/abrilliterario\/?s={search_term_string}"},"query-input":"required name=search_term_string"}],"inLanguage":"pt-BR"},{"@type":"Person","@id":"https:\/\/portaleducacao.guarulhos.sp.gov.br\/wp_site\/abrilliterario\/#\/schema\/person\/10d167c03463551fe7460f988dfc14d7","name":"carlavm","image":{"@type":"ImageObject","inLanguage":"pt-BR","@id":"https:\/\/portaleducacao.guarulhos.sp.gov.br\/wp_site\/abrilliterario\/#\/schema\/person\/image\/","url":"https:\/\/secure.gravatar.com\/avatar\/b89c22cab4ed3fb14a431c42dccbd61d?s=96&d=mm&r=g","contentUrl":"https:\/\/secure.gravatar.com\/avatar\/b89c22cab4ed3fb14a431c42dccbd61d?s=96&d=mm&r=g","caption":"carlavm"},"url":"https:\/\/portaleducacao.guarulhos.sp.gov.br\/wp_site\/abrilliterario\/author\/carlavm\/"}]}},"_links":{"self":[{"href":"https:\/\/portaleducacao.guarulhos.sp.gov.br\/wp_site\/abrilliterario\/wp-json\/wp\/v2\/posts\/2352"}],"collection":[{"href":"https:\/\/portaleducacao.guarulhos.sp.gov.br\/wp_site\/abrilliterario\/wp-json\/wp\/v2\/posts"}],"about":[{"href":"https:\/\/portaleducacao.guarulhos.sp.gov.br\/wp_site\/abrilliterario\/wp-json\/wp\/v2\/types\/post"}],"author":[{"embeddable":true,"href":"https:\/\/portaleducacao.guarulhos.sp.gov.br\/wp_site\/abrilliterario\/wp-json\/wp\/v2\/users\/24"}],"replies":[{"embeddable":true,"href":"https:\/\/portaleducacao.guarulhos.sp.gov.br\/wp_site\/abrilliterario\/wp-json\/wp\/v2\/comments?post=2352"}],"version-history":[{"count":2,"href":"https:\/\/portaleducacao.guarulhos.sp.gov.br\/wp_site\/abrilliterario\/wp-json\/wp\/v2\/posts\/2352\/revisions"}],"predecessor-version":[{"id":2358,"href":"https:\/\/portaleducacao.guarulhos.sp.gov.br\/wp_site\/abrilliterario\/wp-json\/wp\/v2\/posts\/2352\/revisions\/2358"}],"wp:featuredmedia":[{"embeddable":true,"href":"https:\/\/portaleducacao.guarulhos.sp.gov.br\/wp_site\/abrilliterario\/wp-json\/wp\/v2\/media\/2356"}],"wp:attachment":[{"href":"https:\/\/portaleducacao.guarulhos.sp.gov.br\/wp_site\/abrilliterario\/wp-json\/wp\/v2\/media?parent=2352"}],"wp:term":[{"taxonomy":"category","embeddable":true,"href":"https:\/\/portaleducacao.guarulhos.sp.gov.br\/wp_site\/abrilliterario\/wp-json\/wp\/v2\/categories?post=2352"},{"taxonomy":"post_tag","embeddable":true,"href":"https:\/\/portaleducacao.guarulhos.sp.gov.br\/wp_site\/abrilliterario\/wp-json\/wp\/v2\/tags?post=2352"}],"curies":[{"name":"wp","href":"https:\/\/api.w.org\/{rel}","templated":true}]}}