{"id":41,"date":"2023-02-24T16:47:09","date_gmt":"2023-02-24T18:47:09","guid":{"rendered":"https:\/\/portaleducacao.guarulhos.sp.gov.br\/wp_site\/abrilliterario\/?p=41"},"modified":"2023-03-28T15:49:56","modified_gmt":"2023-03-28T18:49:56","slug":"bate-papo-com-a-autora-eva-furnari-inspira-alunos-e-professores-no-abril-literario","status":"publish","type":"post","link":"https:\/\/portaleducacao.guarulhos.sp.gov.br\/wp_site\/abrilliterario\/2023\/02\/24\/bate-papo-com-a-autora-eva-furnari-inspira-alunos-e-professores-no-abril-literario\/","title":{"rendered":"Bate-Papo Com A Autora Eva Furnari Inspira Alunos E Professores No Abril Liter\u00e1rio"},"content":{"rendered":"\n<p>Durante a programa\u00e7\u00e3o do Abril Liter\u00e1rio \u2013 Literalmente Isso\u2026 2022, na \u00faltima quinta-feira (8), os alunos do 4\u00b0 ano da EPG Paulo Autran (Jardim S\u00e3o Jo\u00e3o) participaram de bate-papo online com a escritora Eva Furnari no canal da Secretaria de Educa\u00e7\u00e3o no YouTube. Crian\u00e7as e professores tiveram a oportunidade de conhecer a carreira da autora e ilustradora de livros infantis e juvenis por meio de perguntas e intera\u00e7\u00e3o.<\/p>\n\n\n\n<p>Em fevereiro deste ano a EPG Paulo Autran iniciou o Projeto VEM \u201cValores, Entendimento e Mudan\u00e7as\u201d, que est\u00e1 sendo constru\u00eddo a partir do mapeamento dos educandos e da comunidade. A partir desse projeto o livro Felpo Filva, de Eva Furnari, foi utilizado com os alunos do 4\u00b0ano. A obra permitiu aos professores promover sequ\u00eancias did\u00e1ticas diversificadas pautadas na metodologia ativa, em conson\u00e2ncia com a proposta curricular da rede municipal de ensino.<\/p>\n\n\n\n<p>O momento da participa\u00e7\u00e3o na live proporcionou uma nova experi\u00eancia para os alunos, j\u00e1 que puderam assistir e interagir com a autora do livro que est\u00e3o lendo, saber como ela pensou os personagens, a hist\u00f3ria e a constru\u00e7\u00e3o de cada desenho.<\/p>\n\n\n\n<p>\u201cConsideramos que a percep\u00e7\u00e3o do \u2018eu\u2019 fica muito evidente nesse projeto, \u00e9 importante que todos se conhe\u00e7am e reconhe\u00e7am enquanto protagonistas da constru\u00e7\u00e3o de si, do senso cr\u00edtico, e atuantes enquanto agentes construtores e transformadores da suas pr\u00f3prias hist\u00f3rias\u201d, explica a coordenadora pedag\u00f3gica da escola, Patricia Ton\u00e3o.<\/p>\n\n\n\n<h2>Reflex\u00e3o<\/h2>\n\n\n\n<p>Para a professora Juliana de Brito, tamb\u00e9m da EPG Paulo Autran, o livro Felpo Filva tem possibilitado o desenvolvimento de diversas aprendizagens com as crian\u00e7as. \u201cS\u00e3o trabalhados diversos g\u00eaneros textuais, a escrita e a reescrita partindo das viv\u00eancias de cada educando, tornando a aprendizagem mais relevante e contextualizada, o que potencializa o papel do educando enquanto protagonista de seu processo de aprendizagem. Al\u00e9m disso, trabalhar valores, autoestima e identidade a partir de um personagem da literatura infantil \u00e9 algo muito especial\u201d, destaca Juliana sobre o engajamento de todos, a capacidade de argumenta\u00e7\u00e3o e o posicionamento diante dos novos desafios que o projeto prop\u00f5e.<\/p>\n\n\n\n<p>Por sua vez, a professora Ester Costa de Lima ressaltou o quanto est\u00e1 sendo prazeroso realizar o projeto. \u201cA cada passagem pelo livro v\u00e3o surgindo novas ideias; simplesmente estamos viajando no universo da vida do Felpo Filva e refletindo sobre nossa pr\u00f3pria hist\u00f3ria. Quanto aos alunos, o entusiasmo \u00e9 percept\u00edvel nas atividades desenvolvidas, inclusive na reflex\u00e3o que fizeram e na felicidade que sentiram ao interagiram durante a live com a autora\u201d, comentou. Os alunos tiveram suas perguntas respondidas durante a transmiss\u00e3o ao vivo e a pr\u00f3pria escritora enviou um \u00e1udio agradecendo pela participa\u00e7\u00e3o.<\/p>\n\n\n\n<figure class=\"wp-block-image\"><img src=\"https:\/\/portaleducacao.guarulhos.sp.gov.br\/wp_site\/abrilliterario\/wp-content\/uploads\/sites\/14\/2022\/04\/pa003.jpg\" alt=\"\" class=\"wp-image-344\" \/><\/figure>\n\n\n\n<p>As turmas se identificaram com o personagem da obra Felpo Filva em muitas situa\u00e7\u00f5es, como relata a educanda Sophia Pacheco. \u201cPrecisamos valorizar mais quem somos e a nossa pr\u00f3pria hist\u00f3ria. Tenho coisas de que n\u00e3o gosto em mim, mas aprendi com esse projeto que posso ser eu mesma, do meu pr\u00f3prio jeito. O Felpo n\u00e3o precisava se isolar por causa do que falavam dele, mas sim levantar e seguir em frente\u201d.<\/p>\n\n\n\n<p>A equipe escolar entende que o trabalho com o projeto vai al\u00e9m das possibilidades did\u00e1ticas; ele trouxe \u00e0 tona as viv\u00eancias individuais dos educandos e o reconhecimento de si, do seu protagonismo na constru\u00e7\u00e3o da pr\u00f3pria hist\u00f3ria, percebendo e valorizando as diferen\u00e7as, sobretudo neste per\u00edodo de p\u00f3s-isolamento pand\u00eamico.<\/p>\n\n\n\n<figure class=\"wp-block-image\"><img src=\"https:\/\/portaleducacao.guarulhos.sp.gov.br\/wp_site\/abrilliterario\/wp-content\/uploads\/sites\/14\/2022\/04\/pa001-1-150x150.jpeg\" alt=\"\" class=\"wp-image-347\" \/><\/figure>\n","protected":false},"excerpt":{"rendered":"<p>Durante a programa\u00e7\u00e3o do Abril Liter\u00e1rio \u2013 Literalmente Isso\u2026 2022, na \u00faltima quinta-feira (8), os alunos do 4\u00b0 ano da EPG Paulo Autran (Jardim S\u00e3o Jo\u00e3o) participaram de bate-papo online &hellip;<\/p>\n<p class=\"read-more\"> <a class=\"\" href=\"https:\/\/portaleducacao.guarulhos.sp.gov.br\/wp_site\/abrilliterario\/2023\/02\/24\/bate-papo-com-a-autora-eva-furnari-inspira-alunos-e-professores-no-abril-literario\/\"> <span class=\"screen-reader-text\">Bate-Papo Com A Autora Eva Furnari Inspira Alunos E Professores No Abril Liter\u00e1rio<\/span> Leia mais &raquo;<\/a><\/p>\n","protected":false},"author":1,"featured_media":42,"comment_status":"open","ping_status":"open","sticky":false,"template":"","format":"standard","meta":{"_monsterinsights_skip_tracking":false,"_monsterinsights_sitenote_active":false,"_monsterinsights_sitenote_note":"","_monsterinsights_sitenote_category":0,"site-sidebar-layout":"default","site-content-layout":"default","ast-global-header-display":"","ast-main-header-display":"","ast-hfb-above-header-display":"","ast-hfb-below-header-display":"","ast-hfb-mobile-header-display":"","site-post-title":"","ast-breadcrumbs-content":"","ast-featured-img":"","footer-sml-layout":"","theme-transparent-header-meta":"","adv-header-id-meta":"","stick-header-meta":"","header-above-stick-meta":"","header-main-stick-meta":"","header-below-stick-meta":"","_expiration-date-status":"","_expiration-date":0,"_expiration-date-type":"","_expiration-date-categories":[],"_expiration-date-options":[]},"categories":[1],"tags":[],"yoast_head":"<!-- This site is optimized with the Yoast SEO plugin v19.7.1 - https:\/\/yoast.com\/wordpress\/plugins\/seo\/ -->\r\n<title>Bate-Papo Com A Autora Eva Furnari Inspira Alunos E Professores No Abril Liter\u00e1rio - Abril Liter\u00e1rio<\/title>\r\n<meta name=\"robots\" content=\"index, follow, max-snippet:-1, max-image-preview:large, max-video-preview:-1\" \/>\r\n<link rel=\"canonical\" href=\"https:\/\/portaleducacao.guarulhos.sp.gov.br\/wp_site\/abrilliterario\/2023\/02\/24\/bate-papo-com-a-autora-eva-furnari-inspira-alunos-e-professores-no-abril-literario\/\" \/>\r\n<meta property=\"og:locale\" content=\"pt_BR\" \/>\r\n<meta property=\"og:type\" content=\"article\" \/>\r\n<meta property=\"og:title\" content=\"Bate-Papo Com A Autora Eva Furnari Inspira Alunos E Professores No Abril Liter\u00e1rio - Abril Liter\u00e1rio\" \/>\r\n<meta property=\"og:description\" content=\"Durante a programa\u00e7\u00e3o do Abril Liter\u00e1rio \u2013 Literalmente Isso\u2026 2022, na \u00faltima quinta-feira (8), os alunos do 4\u00b0 ano da EPG Paulo Autran (Jardim S\u00e3o Jo\u00e3o) participaram de bate-papo online &hellip; Bate-Papo Com A Autora Eva Furnari Inspira Alunos E Professores No Abril Liter\u00e1rio Leia mais &raquo;\" \/>\r\n<meta property=\"og:url\" content=\"https:\/\/portaleducacao.guarulhos.sp.gov.br\/wp_site\/abrilliterario\/2023\/02\/24\/bate-papo-com-a-autora-eva-furnari-inspira-alunos-e-professores-no-abril-literario\/\" \/>\r\n<meta property=\"og:site_name\" content=\"Abril Liter\u00e1rio\" \/>\r\n<meta property=\"article:published_time\" content=\"2023-02-24T18:47:09+00:00\" \/>\r\n<meta property=\"article:modified_time\" content=\"2023-03-28T18:49:56+00:00\" \/>\r\n<meta property=\"og:image\" content=\"http:\/\/portaleducacao.guarulhos.sp.gov.br\/wp_site\/abrilliterario\/wp-content\/uploads\/sites\/24\/2023\/02\/BATE-PAPO-COM-A-AUTORA-EVA.jpeg\" \/>\r\n\t<meta property=\"og:image:width\" content=\"800\" \/>\r\n\t<meta property=\"og:image:height\" content=\"521\" \/>\r\n\t<meta property=\"og:image:type\" content=\"image\/jpeg\" \/>\r\n<meta name=\"author\" content=\"sites\" \/>\r\n<meta name=\"twitter:card\" content=\"summary_large_image\" \/>\r\n<meta name=\"twitter:label1\" content=\"Escrito por\" \/>\n\t<meta name=\"twitter:data1\" content=\"sites\" \/>\n\t<meta name=\"twitter:label2\" content=\"Est. tempo de leitura\" \/>\n\t<meta name=\"twitter:data2\" content=\"4 minutos\" \/>\r\n<script type=\"application\/ld+json\" class=\"yoast-schema-graph\">{\"@context\":\"https:\/\/schema.org\",\"@graph\":[{\"@type\":\"WebPage\",\"@id\":\"https:\/\/portaleducacao.guarulhos.sp.gov.br\/wp_site\/abrilliterario\/2023\/02\/24\/bate-papo-com-a-autora-eva-furnari-inspira-alunos-e-professores-no-abril-literario\/\",\"url\":\"https:\/\/portaleducacao.guarulhos.sp.gov.br\/wp_site\/abrilliterario\/2023\/02\/24\/bate-papo-com-a-autora-eva-furnari-inspira-alunos-e-professores-no-abril-literario\/\",\"name\":\"Bate-Papo Com A Autora Eva Furnari Inspira Alunos E Professores No Abril Liter\u00e1rio - Abril Liter\u00e1rio\",\"isPartOf\":{\"@id\":\"https:\/\/portaleducacao.guarulhos.sp.gov.br\/wp_site\/abrilliterario\/#website\"},\"datePublished\":\"2023-02-24T18:47:09+00:00\",\"dateModified\":\"2023-03-28T18:49:56+00:00\",\"author\":{\"@id\":\"https:\/\/portaleducacao.guarulhos.sp.gov.br\/wp_site\/abrilliterario\/#\/schema\/person\/9d1c60216648b2e84d2544ba3ee8bb69\"},\"breadcrumb\":{\"@id\":\"https:\/\/portaleducacao.guarulhos.sp.gov.br\/wp_site\/abrilliterario\/2023\/02\/24\/bate-papo-com-a-autora-eva-furnari-inspira-alunos-e-professores-no-abril-literario\/#breadcrumb\"},\"inLanguage\":\"pt-BR\",\"potentialAction\":[{\"@type\":\"ReadAction\",\"target\":[\"https:\/\/portaleducacao.guarulhos.sp.gov.br\/wp_site\/abrilliterario\/2023\/02\/24\/bate-papo-com-a-autora-eva-furnari-inspira-alunos-e-professores-no-abril-literario\/\"]}]},{\"@type\":\"BreadcrumbList\",\"@id\":\"https:\/\/portaleducacao.guarulhos.sp.gov.br\/wp_site\/abrilliterario\/2023\/02\/24\/bate-papo-com-a-autora-eva-furnari-inspira-alunos-e-professores-no-abril-literario\/#breadcrumb\",\"itemListElement\":[{\"@type\":\"ListItem\",\"position\":1,\"name\":\"In\u00edcio\",\"item\":\"https:\/\/portaleducacao.guarulhos.sp.gov.br\/wp_site\/abrilliterario\/\"},{\"@type\":\"ListItem\",\"position\":2,\"name\":\"Bate-Papo Com A Autora Eva Furnari Inspira Alunos E Professores No Abril Liter\u00e1rio\"}]},{\"@type\":\"WebSite\",\"@id\":\"https:\/\/portaleducacao.guarulhos.sp.gov.br\/wp_site\/abrilliterario\/#website\",\"url\":\"https:\/\/portaleducacao.guarulhos.sp.gov.br\/wp_site\/abrilliterario\/\",\"name\":\"Abril Liter\u00e1rio\",\"description\":\"Literalmente isso...\",\"potentialAction\":[{\"@type\":\"SearchAction\",\"target\":{\"@type\":\"EntryPoint\",\"urlTemplate\":\"https:\/\/portaleducacao.guarulhos.sp.gov.br\/wp_site\/abrilliterario\/?s={search_term_string}\"},\"query-input\":\"required name=search_term_string\"}],\"inLanguage\":\"pt-BR\"},{\"@type\":\"Person\",\"@id\":\"https:\/\/portaleducacao.guarulhos.sp.gov.br\/wp_site\/abrilliterario\/#\/schema\/person\/9d1c60216648b2e84d2544ba3ee8bb69\",\"name\":\"sites\",\"image\":{\"@type\":\"ImageObject\",\"inLanguage\":\"pt-BR\",\"@id\":\"https:\/\/portaleducacao.guarulhos.sp.gov.br\/wp_site\/abrilliterario\/#\/schema\/person\/image\/\",\"url\":\"https:\/\/secure.gravatar.com\/avatar\/d320dc056d58878ea1be67e0f28bb03d?s=96&d=mm&r=g\",\"contentUrl\":\"https:\/\/secure.gravatar.com\/avatar\/d320dc056d58878ea1be67e0f28bb03d?s=96&d=mm&r=g\",\"caption\":\"sites\"},\"sameAs\":[\"http:\/\/172.16.208.47\/sites\"],\"url\":\"https:\/\/portaleducacao.guarulhos.sp.gov.br\/wp_site\/abrilliterario\/author\/sites\/\"}]}<\/script>\r\n<!-- \/ Yoast SEO plugin. -->","yoast_head_json":{"title":"Bate-Papo Com A Autora Eva Furnari Inspira Alunos E Professores No Abril Liter\u00e1rio - Abril Liter\u00e1rio","robots":{"index":"index","follow":"follow","max-snippet":"max-snippet:-1","max-image-preview":"max-image-preview:large","max-video-preview":"max-video-preview:-1"},"canonical":"https:\/\/portaleducacao.guarulhos.sp.gov.br\/wp_site\/abrilliterario\/2023\/02\/24\/bate-papo-com-a-autora-eva-furnari-inspira-alunos-e-professores-no-abril-literario\/","og_locale":"pt_BR","og_type":"article","og_title":"Bate-Papo Com A Autora Eva Furnari Inspira Alunos E Professores No Abril Liter\u00e1rio - Abril Liter\u00e1rio","og_description":"Durante a programa\u00e7\u00e3o do Abril Liter\u00e1rio \u2013 Literalmente Isso\u2026 2022, na \u00faltima quinta-feira (8), os alunos do 4\u00b0 ano da EPG Paulo Autran (Jardim S\u00e3o Jo\u00e3o) participaram de bate-papo online &hellip; Bate-Papo Com A Autora Eva Furnari Inspira Alunos E Professores No Abril Liter\u00e1rio Leia mais &raquo;","og_url":"https:\/\/portaleducacao.guarulhos.sp.gov.br\/wp_site\/abrilliterario\/2023\/02\/24\/bate-papo-com-a-autora-eva-furnari-inspira-alunos-e-professores-no-abril-literario\/","og_site_name":"Abril Liter\u00e1rio","article_published_time":"2023-02-24T18:47:09+00:00","article_modified_time":"2023-03-28T18:49:56+00:00","og_image":[{"width":800,"height":521,"url":"http:\/\/portaleducacao.guarulhos.sp.gov.br\/wp_site\/abrilliterario\/wp-content\/uploads\/sites\/24\/2023\/02\/BATE-PAPO-COM-A-AUTORA-EVA.jpeg","type":"image\/jpeg"}],"author":"sites","twitter_card":"summary_large_image","twitter_misc":{"Escrito por":"sites","Est. tempo de leitura":"4 minutos"},"schema":{"@context":"https:\/\/schema.org","@graph":[{"@type":"WebPage","@id":"https:\/\/portaleducacao.guarulhos.sp.gov.br\/wp_site\/abrilliterario\/2023\/02\/24\/bate-papo-com-a-autora-eva-furnari-inspira-alunos-e-professores-no-abril-literario\/","url":"https:\/\/portaleducacao.guarulhos.sp.gov.br\/wp_site\/abrilliterario\/2023\/02\/24\/bate-papo-com-a-autora-eva-furnari-inspira-alunos-e-professores-no-abril-literario\/","name":"Bate-Papo Com A Autora Eva Furnari Inspira Alunos E Professores No Abril Liter\u00e1rio - Abril Liter\u00e1rio","isPartOf":{"@id":"https:\/\/portaleducacao.guarulhos.sp.gov.br\/wp_site\/abrilliterario\/#website"},"datePublished":"2023-02-24T18:47:09+00:00","dateModified":"2023-03-28T18:49:56+00:00","author":{"@id":"https:\/\/portaleducacao.guarulhos.sp.gov.br\/wp_site\/abrilliterario\/#\/schema\/person\/9d1c60216648b2e84d2544ba3ee8bb69"},"breadcrumb":{"@id":"https:\/\/portaleducacao.guarulhos.sp.gov.br\/wp_site\/abrilliterario\/2023\/02\/24\/bate-papo-com-a-autora-eva-furnari-inspira-alunos-e-professores-no-abril-literario\/#breadcrumb"},"inLanguage":"pt-BR","potentialAction":[{"@type":"ReadAction","target":["https:\/\/portaleducacao.guarulhos.sp.gov.br\/wp_site\/abrilliterario\/2023\/02\/24\/bate-papo-com-a-autora-eva-furnari-inspira-alunos-e-professores-no-abril-literario\/"]}]},{"@type":"BreadcrumbList","@id":"https:\/\/portaleducacao.guarulhos.sp.gov.br\/wp_site\/abrilliterario\/2023\/02\/24\/bate-papo-com-a-autora-eva-furnari-inspira-alunos-e-professores-no-abril-literario\/#breadcrumb","itemListElement":[{"@type":"ListItem","position":1,"name":"In\u00edcio","item":"https:\/\/portaleducacao.guarulhos.sp.gov.br\/wp_site\/abrilliterario\/"},{"@type":"ListItem","position":2,"name":"Bate-Papo Com A Autora Eva Furnari Inspira Alunos E Professores No Abril Liter\u00e1rio"}]},{"@type":"WebSite","@id":"https:\/\/portaleducacao.guarulhos.sp.gov.br\/wp_site\/abrilliterario\/#website","url":"https:\/\/portaleducacao.guarulhos.sp.gov.br\/wp_site\/abrilliterario\/","name":"Abril Liter\u00e1rio","description":"Literalmente isso...","potentialAction":[{"@type":"SearchAction","target":{"@type":"EntryPoint","urlTemplate":"https:\/\/portaleducacao.guarulhos.sp.gov.br\/wp_site\/abrilliterario\/?s={search_term_string}"},"query-input":"required name=search_term_string"}],"inLanguage":"pt-BR"},{"@type":"Person","@id":"https:\/\/portaleducacao.guarulhos.sp.gov.br\/wp_site\/abrilliterario\/#\/schema\/person\/9d1c60216648b2e84d2544ba3ee8bb69","name":"sites","image":{"@type":"ImageObject","inLanguage":"pt-BR","@id":"https:\/\/portaleducacao.guarulhos.sp.gov.br\/wp_site\/abrilliterario\/#\/schema\/person\/image\/","url":"https:\/\/secure.gravatar.com\/avatar\/d320dc056d58878ea1be67e0f28bb03d?s=96&d=mm&r=g","contentUrl":"https:\/\/secure.gravatar.com\/avatar\/d320dc056d58878ea1be67e0f28bb03d?s=96&d=mm&r=g","caption":"sites"},"sameAs":["http:\/\/172.16.208.47\/sites"],"url":"https:\/\/portaleducacao.guarulhos.sp.gov.br\/wp_site\/abrilliterario\/author\/sites\/"}]}},"_links":{"self":[{"href":"https:\/\/portaleducacao.guarulhos.sp.gov.br\/wp_site\/abrilliterario\/wp-json\/wp\/v2\/posts\/41"}],"collection":[{"href":"https:\/\/portaleducacao.guarulhos.sp.gov.br\/wp_site\/abrilliterario\/wp-json\/wp\/v2\/posts"}],"about":[{"href":"https:\/\/portaleducacao.guarulhos.sp.gov.br\/wp_site\/abrilliterario\/wp-json\/wp\/v2\/types\/post"}],"author":[{"embeddable":true,"href":"https:\/\/portaleducacao.guarulhos.sp.gov.br\/wp_site\/abrilliterario\/wp-json\/wp\/v2\/users\/1"}],"replies":[{"embeddable":true,"href":"https:\/\/portaleducacao.guarulhos.sp.gov.br\/wp_site\/abrilliterario\/wp-json\/wp\/v2\/comments?post=41"}],"version-history":[{"count":2,"href":"https:\/\/portaleducacao.guarulhos.sp.gov.br\/wp_site\/abrilliterario\/wp-json\/wp\/v2\/posts\/41\/revisions"}],"predecessor-version":[{"id":167,"href":"https:\/\/portaleducacao.guarulhos.sp.gov.br\/wp_site\/abrilliterario\/wp-json\/wp\/v2\/posts\/41\/revisions\/167"}],"wp:featuredmedia":[{"embeddable":true,"href":"https:\/\/portaleducacao.guarulhos.sp.gov.br\/wp_site\/abrilliterario\/wp-json\/wp\/v2\/media\/42"}],"wp:attachment":[{"href":"https:\/\/portaleducacao.guarulhos.sp.gov.br\/wp_site\/abrilliterario\/wp-json\/wp\/v2\/media?parent=41"}],"wp:term":[{"taxonomy":"category","embeddable":true,"href":"https:\/\/portaleducacao.guarulhos.sp.gov.br\/wp_site\/abrilliterario\/wp-json\/wp\/v2\/categories?post=41"},{"taxonomy":"post_tag","embeddable":true,"href":"https:\/\/portaleducacao.guarulhos.sp.gov.br\/wp_site\/abrilliterario\/wp-json\/wp\/v2\/tags?post=41"}],"curies":[{"name":"wp","href":"https:\/\/api.w.org\/{rel}","templated":true}]}}