{"id":435,"date":"2023-03-28T17:40:54","date_gmt":"2023-03-28T20:40:54","guid":{"rendered":"https:\/\/portaleducacao.guarulhos.sp.gov.br\/wp_site\/abrilliterario\/?p=435"},"modified":"2023-03-29T11:06:58","modified_gmt":"2023-03-29T14:06:58","slug":"rogerio-andrade-barbosa","status":"publish","type":"post","link":"https:\/\/portaleducacao.guarulhos.sp.gov.br\/wp_site\/abrilliterario\/2023\/03\/28\/rogerio-andrade-barbosa\/","title":{"rendered":"<strong>Rog\u00e9rio Andrade Barbosa<\/strong>"},"content":{"rendered":"\n<p class=\"has-medium-font-size\"><strong>Tema:<\/strong>\u00a0\u201cContos tradicionais coletados com crian\u00e7as dos pa\u00edses africanos de l\u00edngua oficial portuguesa\u201d<br><strong>Data:<\/strong>\u00a011\/04 \u2013 12h \u00e0s 13h<br><strong>Modalidade:<\/strong>\u00a0Online<br><strong>Local:<\/strong>\u00a0Canal do Portal SE no Youtube, no endere\u00e7o https:\u00a0<a href=\"https:\/\/youtube.com\/live\/Ipj08T-lbrg\" target=\"_blank\" rel=\"noreferrer noopener\">https:\/\/youtube.com\/live\/Ipj08T-lbrg<\/a><\/p>\n\n\n\n<p class=\"has-medium-font-size\"><strong>P\u00fablico Alvo:<\/strong>\u00a0Convite a todos os servidores. Sugerimos que os professores participem no per\u00edodo de hora-atividade ao vivo ou assistam \u00e0 grava\u00e7\u00e3o que ficar\u00e1 dispon\u00edvel no canal ap\u00f3s o hor\u00e1rio da respectiva transmiss\u00e3o.<\/p>\n\n\n\n<p class=\"has-medium-font-size\"><strong>Mini curr\u00edculo:<\/strong>\u00a0Escritor, palestrante, contador de hist\u00f3rias, professor de Literatura Africana (p\u00f3s-gradua\u00e7\u00e3o \u2013 UCAM\/RJ) e ex-volunt\u00e1rio das Na\u00e7\u00f5es Unidas na Guin\u00e9-Bissau. Graduou-se em Letras na UFF (RJ) e fez P\u00f3s-Gradua\u00e7\u00e3o em Literatura Infantil Brasileira na UFRJ. Trabalha na \u00e1rea de literaturas Africanas e Afro-Brasileira e programas de incentivo \u00e0 leitura, proferindo palestras e dinamizando oficinas. S\u00e3o 35 anos de literatura e mais de 100 livros publicados, alguns traduzidos para o ingl\u00eas, espanhol e alem\u00e3o. Participou como autor, palestrante e contador de hist\u00f3rias em eventos liter\u00e1rios e Feiras do Livro na Alemanha, Cuba, It\u00e1lia, M\u00e9xico, Peru, Rep\u00fablica Dominicana, Angola, Mo\u00e7ambique, Cabo Verde, S\u00e3o Tom\u00e9 e Pr\u00edncipe, Eti\u00f3pia, Portugal, Gana e Su\u00e9cia. Palestrante nos Congressos do IBBY (International Board on Books for Young People) em Cartagena (Col\u00f4mbia-2000), Basel (Su\u00ed\u00e7a-2002), Cape Town (\u00c1frica do Sul-2004), Macau (China-2006), Copenhagem (Dinamarca-2008) e do IBBY \u2013 \u00c1frica (Gana-2019). Entre os pr\u00eamios e distin\u00e7\u00f5es recebidos, destacam-se: \u2013 Pr\u00eamio da Academia Brasileira de Letras de Literatura Infanto-Juvenil, Rio de Janeiro, 2005. \u2013 Altamente Recomend\u00e1vel para Crian\u00e7as e Jovens \u2013 FNLIJ (Funda\u00e7\u00e3o Nacional do Livro Infantil e Juvenil). \u2013 The White Ravens, Alemanha 1988 e 2001 (Selecionado para o acervo da Biblioteca Internacional de Literatura Infantil e Juvenil de Munique). \u2013 Lista de Honra do IBBY, Su\u00ed\u00e7a, 2002. \u2013 Trof\u00e9u Vasco Prado (Jornada Nacional de Literatura), Passo Fundo, 2003. \u2013 Pr\u00eamio Ori 2007 (Secretaria das Culturas do Rio de Janeiro) \u2013 Homenagem aos que se destacam na valoriza\u00e7\u00e3o da matriz negra na forma\u00e7\u00e3o cultural do Brasil. \u2013 Pr\u00eamio Escritas Pretas na Categoria Escreviv\u00eancias Eremim e Curumim, Academia Brasileira de Letras e Artes Pretas e Origin\u00e1rias, Rio de Janeiro, 2022.<\/p>\n","protected":false},"excerpt":{"rendered":"<p> Contos tradicionais coletados com crian\u00e7as dos pa\u00edses africanos de l\u00edngua oficial portuguesa\u201d<br \/>\n<b>Data:\u00a011\/04 \u2013 12h \u00e0s 13h<\/b><\/p>\n","protected":false},"author":1,"featured_media":304,"comment_status":"open","ping_status":"open","sticky":false,"template":"","format":"standard","meta":{"_monsterinsights_skip_tracking":false,"_monsterinsights_sitenote_active":false,"_monsterinsights_sitenote_note":"","_monsterinsights_sitenote_category":0,"site-sidebar-layout":"default","site-content-layout":"default","ast-global-header-display":"","ast-main-header-display":"","ast-hfb-above-header-display":"","ast-hfb-below-header-display":"","ast-hfb-mobile-header-display":"","site-post-title":"","ast-breadcrumbs-content":"","ast-featured-img":"","footer-sml-layout":"","theme-transparent-header-meta":"","adv-header-id-meta":"","stick-header-meta":"","header-above-stick-meta":"","header-main-stick-meta":"","header-below-stick-meta":"","_expiration-date-status":"","_expiration-date":0,"_expiration-date-type":"","_expiration-date-categories":[],"_expiration-date-options":[]},"categories":[31],"tags":[],"yoast_head":"<!-- This site is optimized with the Yoast SEO plugin v19.7.1 - https:\/\/yoast.com\/wordpress\/plugins\/seo\/ -->\r\n<title>Rog\u00e9rio Andrade Barbosa - Abril Liter\u00e1rio<\/title>\r\n<meta name=\"robots\" content=\"index, follow, max-snippet:-1, max-image-preview:large, max-video-preview:-1\" \/>\r\n<link rel=\"canonical\" href=\"https:\/\/portaleducacao.guarulhos.sp.gov.br\/wp_site\/abrilliterario\/2023\/03\/28\/rogerio-andrade-barbosa\/\" \/>\r\n<meta property=\"og:locale\" content=\"pt_BR\" \/>\r\n<meta property=\"og:type\" content=\"article\" \/>\r\n<meta property=\"og:title\" content=\"Rog\u00e9rio Andrade Barbosa - Abril Liter\u00e1rio\" \/>\r\n<meta property=\"og:description\" content=\"Contos tradicionais coletados com crian\u00e7as dos pa\u00edses africanos de l\u00edngua oficial portuguesa\u201d Data:\u00a011\/04 \u2013 12h \u00e0s 13h\" \/>\r\n<meta property=\"og:url\" content=\"https:\/\/portaleducacao.guarulhos.sp.gov.br\/wp_site\/abrilliterario\/2023\/03\/28\/rogerio-andrade-barbosa\/\" \/>\r\n<meta property=\"og:site_name\" content=\"Abril Liter\u00e1rio\" \/>\r\n<meta property=\"article:published_time\" content=\"2023-03-28T20:40:54+00:00\" \/>\r\n<meta property=\"article:modified_time\" content=\"2023-03-29T14:06:58+00:00\" \/>\r\n<meta property=\"og:image\" content=\"http:\/\/portaleducacao.guarulhos.sp.gov.br\/wp_site\/abrilliterario\/wp-content\/uploads\/sites\/24\/2023\/03\/Rogerio-2.jpg\" \/>\r\n\t<meta property=\"og:image:width\" content=\"1033\" \/>\r\n\t<meta property=\"og:image:height\" content=\"691\" \/>\r\n\t<meta property=\"og:image:type\" content=\"image\/jpeg\" \/>\r\n<meta name=\"author\" content=\"sites\" \/>\r\n<meta name=\"twitter:card\" content=\"summary_large_image\" \/>\r\n<meta name=\"twitter:label1\" content=\"Escrito por\" \/>\n\t<meta name=\"twitter:data1\" content=\"sites\" \/>\n\t<meta name=\"twitter:label2\" content=\"Est. tempo de leitura\" \/>\n\t<meta name=\"twitter:data2\" content=\"2 minutos\" \/>\r\n<script type=\"application\/ld+json\" class=\"yoast-schema-graph\">{\"@context\":\"https:\/\/schema.org\",\"@graph\":[{\"@type\":\"WebPage\",\"@id\":\"https:\/\/portaleducacao.guarulhos.sp.gov.br\/wp_site\/abrilliterario\/2023\/03\/28\/rogerio-andrade-barbosa\/\",\"url\":\"https:\/\/portaleducacao.guarulhos.sp.gov.br\/wp_site\/abrilliterario\/2023\/03\/28\/rogerio-andrade-barbosa\/\",\"name\":\"Rog\u00e9rio Andrade Barbosa - Abril Liter\u00e1rio\",\"isPartOf\":{\"@id\":\"https:\/\/portaleducacao.guarulhos.sp.gov.br\/wp_site\/abrilliterario\/#website\"},\"datePublished\":\"2023-03-28T20:40:54+00:00\",\"dateModified\":\"2023-03-29T14:06:58+00:00\",\"author\":{\"@id\":\"https:\/\/portaleducacao.guarulhos.sp.gov.br\/wp_site\/abrilliterario\/#\/schema\/person\/9d1c60216648b2e84d2544ba3ee8bb69\"},\"breadcrumb\":{\"@id\":\"https:\/\/portaleducacao.guarulhos.sp.gov.br\/wp_site\/abrilliterario\/2023\/03\/28\/rogerio-andrade-barbosa\/#breadcrumb\"},\"inLanguage\":\"pt-BR\",\"potentialAction\":[{\"@type\":\"ReadAction\",\"target\":[\"https:\/\/portaleducacao.guarulhos.sp.gov.br\/wp_site\/abrilliterario\/2023\/03\/28\/rogerio-andrade-barbosa\/\"]}]},{\"@type\":\"BreadcrumbList\",\"@id\":\"https:\/\/portaleducacao.guarulhos.sp.gov.br\/wp_site\/abrilliterario\/2023\/03\/28\/rogerio-andrade-barbosa\/#breadcrumb\",\"itemListElement\":[{\"@type\":\"ListItem\",\"position\":1,\"name\":\"In\u00edcio\",\"item\":\"https:\/\/portaleducacao.guarulhos.sp.gov.br\/wp_site\/abrilliterario\/\"},{\"@type\":\"ListItem\",\"position\":2,\"name\":\"Rog\u00e9rio Andrade Barbosa\"}]},{\"@type\":\"WebSite\",\"@id\":\"https:\/\/portaleducacao.guarulhos.sp.gov.br\/wp_site\/abrilliterario\/#website\",\"url\":\"https:\/\/portaleducacao.guarulhos.sp.gov.br\/wp_site\/abrilliterario\/\",\"name\":\"Abril Liter\u00e1rio\",\"description\":\"Literalmente isso...\",\"potentialAction\":[{\"@type\":\"SearchAction\",\"target\":{\"@type\":\"EntryPoint\",\"urlTemplate\":\"https:\/\/portaleducacao.guarulhos.sp.gov.br\/wp_site\/abrilliterario\/?s={search_term_string}\"},\"query-input\":\"required name=search_term_string\"}],\"inLanguage\":\"pt-BR\"},{\"@type\":\"Person\",\"@id\":\"https:\/\/portaleducacao.guarulhos.sp.gov.br\/wp_site\/abrilliterario\/#\/schema\/person\/9d1c60216648b2e84d2544ba3ee8bb69\",\"name\":\"sites\",\"image\":{\"@type\":\"ImageObject\",\"inLanguage\":\"pt-BR\",\"@id\":\"https:\/\/portaleducacao.guarulhos.sp.gov.br\/wp_site\/abrilliterario\/#\/schema\/person\/image\/\",\"url\":\"https:\/\/secure.gravatar.com\/avatar\/d320dc056d58878ea1be67e0f28bb03d?s=96&d=mm&r=g\",\"contentUrl\":\"https:\/\/secure.gravatar.com\/avatar\/d320dc056d58878ea1be67e0f28bb03d?s=96&d=mm&r=g\",\"caption\":\"sites\"},\"sameAs\":[\"http:\/\/172.16.208.47\/sites\"],\"url\":\"https:\/\/portaleducacao.guarulhos.sp.gov.br\/wp_site\/abrilliterario\/author\/sites\/\"}]}<\/script>\r\n<!-- \/ Yoast SEO plugin. -->","yoast_head_json":{"title":"Rog\u00e9rio Andrade Barbosa - Abril Liter\u00e1rio","robots":{"index":"index","follow":"follow","max-snippet":"max-snippet:-1","max-image-preview":"max-image-preview:large","max-video-preview":"max-video-preview:-1"},"canonical":"https:\/\/portaleducacao.guarulhos.sp.gov.br\/wp_site\/abrilliterario\/2023\/03\/28\/rogerio-andrade-barbosa\/","og_locale":"pt_BR","og_type":"article","og_title":"Rog\u00e9rio Andrade Barbosa - Abril Liter\u00e1rio","og_description":"Contos tradicionais coletados com crian\u00e7as dos pa\u00edses africanos de l\u00edngua oficial portuguesa\u201d Data:\u00a011\/04 \u2013 12h \u00e0s 13h","og_url":"https:\/\/portaleducacao.guarulhos.sp.gov.br\/wp_site\/abrilliterario\/2023\/03\/28\/rogerio-andrade-barbosa\/","og_site_name":"Abril Liter\u00e1rio","article_published_time":"2023-03-28T20:40:54+00:00","article_modified_time":"2023-03-29T14:06:58+00:00","og_image":[{"width":1033,"height":691,"url":"http:\/\/portaleducacao.guarulhos.sp.gov.br\/wp_site\/abrilliterario\/wp-content\/uploads\/sites\/24\/2023\/03\/Rogerio-2.jpg","type":"image\/jpeg"}],"author":"sites","twitter_card":"summary_large_image","twitter_misc":{"Escrito por":"sites","Est. tempo de leitura":"2 minutos"},"schema":{"@context":"https:\/\/schema.org","@graph":[{"@type":"WebPage","@id":"https:\/\/portaleducacao.guarulhos.sp.gov.br\/wp_site\/abrilliterario\/2023\/03\/28\/rogerio-andrade-barbosa\/","url":"https:\/\/portaleducacao.guarulhos.sp.gov.br\/wp_site\/abrilliterario\/2023\/03\/28\/rogerio-andrade-barbosa\/","name":"Rog\u00e9rio Andrade Barbosa - Abril Liter\u00e1rio","isPartOf":{"@id":"https:\/\/portaleducacao.guarulhos.sp.gov.br\/wp_site\/abrilliterario\/#website"},"datePublished":"2023-03-28T20:40:54+00:00","dateModified":"2023-03-29T14:06:58+00:00","author":{"@id":"https:\/\/portaleducacao.guarulhos.sp.gov.br\/wp_site\/abrilliterario\/#\/schema\/person\/9d1c60216648b2e84d2544ba3ee8bb69"},"breadcrumb":{"@id":"https:\/\/portaleducacao.guarulhos.sp.gov.br\/wp_site\/abrilliterario\/2023\/03\/28\/rogerio-andrade-barbosa\/#breadcrumb"},"inLanguage":"pt-BR","potentialAction":[{"@type":"ReadAction","target":["https:\/\/portaleducacao.guarulhos.sp.gov.br\/wp_site\/abrilliterario\/2023\/03\/28\/rogerio-andrade-barbosa\/"]}]},{"@type":"BreadcrumbList","@id":"https:\/\/portaleducacao.guarulhos.sp.gov.br\/wp_site\/abrilliterario\/2023\/03\/28\/rogerio-andrade-barbosa\/#breadcrumb","itemListElement":[{"@type":"ListItem","position":1,"name":"In\u00edcio","item":"https:\/\/portaleducacao.guarulhos.sp.gov.br\/wp_site\/abrilliterario\/"},{"@type":"ListItem","position":2,"name":"Rog\u00e9rio Andrade Barbosa"}]},{"@type":"WebSite","@id":"https:\/\/portaleducacao.guarulhos.sp.gov.br\/wp_site\/abrilliterario\/#website","url":"https:\/\/portaleducacao.guarulhos.sp.gov.br\/wp_site\/abrilliterario\/","name":"Abril Liter\u00e1rio","description":"Literalmente isso...","potentialAction":[{"@type":"SearchAction","target":{"@type":"EntryPoint","urlTemplate":"https:\/\/portaleducacao.guarulhos.sp.gov.br\/wp_site\/abrilliterario\/?s={search_term_string}"},"query-input":"required name=search_term_string"}],"inLanguage":"pt-BR"},{"@type":"Person","@id":"https:\/\/portaleducacao.guarulhos.sp.gov.br\/wp_site\/abrilliterario\/#\/schema\/person\/9d1c60216648b2e84d2544ba3ee8bb69","name":"sites","image":{"@type":"ImageObject","inLanguage":"pt-BR","@id":"https:\/\/portaleducacao.guarulhos.sp.gov.br\/wp_site\/abrilliterario\/#\/schema\/person\/image\/","url":"https:\/\/secure.gravatar.com\/avatar\/d320dc056d58878ea1be67e0f28bb03d?s=96&d=mm&r=g","contentUrl":"https:\/\/secure.gravatar.com\/avatar\/d320dc056d58878ea1be67e0f28bb03d?s=96&d=mm&r=g","caption":"sites"},"sameAs":["http:\/\/172.16.208.47\/sites"],"url":"https:\/\/portaleducacao.guarulhos.sp.gov.br\/wp_site\/abrilliterario\/author\/sites\/"}]}},"_links":{"self":[{"href":"https:\/\/portaleducacao.guarulhos.sp.gov.br\/wp_site\/abrilliterario\/wp-json\/wp\/v2\/posts\/435"}],"collection":[{"href":"https:\/\/portaleducacao.guarulhos.sp.gov.br\/wp_site\/abrilliterario\/wp-json\/wp\/v2\/posts"}],"about":[{"href":"https:\/\/portaleducacao.guarulhos.sp.gov.br\/wp_site\/abrilliterario\/wp-json\/wp\/v2\/types\/post"}],"author":[{"embeddable":true,"href":"https:\/\/portaleducacao.guarulhos.sp.gov.br\/wp_site\/abrilliterario\/wp-json\/wp\/v2\/users\/1"}],"replies":[{"embeddable":true,"href":"https:\/\/portaleducacao.guarulhos.sp.gov.br\/wp_site\/abrilliterario\/wp-json\/wp\/v2\/comments?post=435"}],"version-history":[{"count":4,"href":"https:\/\/portaleducacao.guarulhos.sp.gov.br\/wp_site\/abrilliterario\/wp-json\/wp\/v2\/posts\/435\/revisions"}],"predecessor-version":[{"id":550,"href":"https:\/\/portaleducacao.guarulhos.sp.gov.br\/wp_site\/abrilliterario\/wp-json\/wp\/v2\/posts\/435\/revisions\/550"}],"wp:featuredmedia":[{"embeddable":true,"href":"https:\/\/portaleducacao.guarulhos.sp.gov.br\/wp_site\/abrilliterario\/wp-json\/wp\/v2\/media\/304"}],"wp:attachment":[{"href":"https:\/\/portaleducacao.guarulhos.sp.gov.br\/wp_site\/abrilliterario\/wp-json\/wp\/v2\/media?parent=435"}],"wp:term":[{"taxonomy":"category","embeddable":true,"href":"https:\/\/portaleducacao.guarulhos.sp.gov.br\/wp_site\/abrilliterario\/wp-json\/wp\/v2\/categories?post=435"},{"taxonomy":"post_tag","embeddable":true,"href":"https:\/\/portaleducacao.guarulhos.sp.gov.br\/wp_site\/abrilliterario\/wp-json\/wp\/v2\/tags?post=435"}],"curies":[{"name":"wp","href":"https:\/\/api.w.org\/{rel}","templated":true}]}}