{"id":446,"date":"2023-03-28T17:49:07","date_gmt":"2023-03-28T20:49:07","guid":{"rendered":"https:\/\/portaleducacao.guarulhos.sp.gov.br\/wp_site\/abrilliterario\/?p=446"},"modified":"2023-04-04T11:46:18","modified_gmt":"2023-04-04T14:46:18","slug":"luciene-muller","status":"publish","type":"post","link":"https:\/\/portaleducacao.guarulhos.sp.gov.br\/wp_site\/abrilliterario\/2023\/03\/28\/luciene-muller\/","title":{"rendered":"Luciene M\u00fcller"},"content":{"rendered":"\n<p class=\"has-medium-font-size\"><strong>Tema:&nbsp;<\/strong>Forma\u00e7\u00e3o com escritora Luciene M\u00fcller \u2013 \u201cEnfrentamento \u00e0s vulnerabilidades por meio da paix\u00e3o pela Literatura\u201d<br><strong>Data:<\/strong>&nbsp;13\/04 \u2013 14h \u00e0s 17h<br><strong>Modalidade:<\/strong>&nbsp;Presencial<br><strong>Local:&nbsp;<\/strong>Sal\u00e3o de Artes do CME Adamastor \u2013 Avenida Monteiro Lobato, 734 \u2013 Macedo<\/p>\n\n\n\n<p class=\"has-medium-font-size\"><strong>P\u00fablico:<\/strong>&nbsp;Convoca\u00e7\u00e3o para os vice-diretores de escola e convite para os supervisores escolares.<\/p>\n\n\n\n<p class=\"has-medium-font-size\"><strong>Mini curr\u00edculo:<\/strong>&nbsp;Fam\u00edlia disfuncional, vulnerabilidade social, supera\u00e7\u00e3o, empreendedorismo e paix\u00e3o pelos livros. Essas s\u00e3o quest\u00f5es-chave na vida da speaker Luciene Vignoli M\u00fcller, que divide suas experi\u00eancias e provoca reflex\u00f5es sobre a import\u00e2ncia do acolhimento, da busca pelo conhecimento, entrega e coragem ao superar desafios e acreditar na reinven\u00e7\u00e3o. Viveu em situa\u00e7\u00e3o de rua por longos anos, frequentou uma biblioteca p\u00fablica, estudou muito e sempre soube que olhar para frente era o melhor caminho.<br>Escritora, Membro da Academia Guarulhense de Letras, Professora da Escola Superior do Minist\u00e9rio P\u00fablico de SP \u2013 ESMP-SP, \u00e9 ativista no enfrentamento \u00e0s viol\u00eancias contra crian\u00e7as e adolescentes. Palestrante, 2X TEDxSpeaker (TEDxGuarulhos em 2020 e TEDxESMPU em 2022), autora do Best Seller Colo Invis\u00edvel e YouTuber no Canal Bibliotequeira.<br>Autora convidada pela Secretaria Municipal de S\u00e3o Paulo para a 26\u00aa Bienal Internacional do Livro de S\u00e3o Paulo \u2013 02 a 10 de Julho de 2022.<br>Palestrante e moderadora de pain\u00e9is sobre Cidades Inteligentes no eixo Cidades Humanas, Resilientes e Inclusivas, Apresenta a necessidade de um olhar humanizado \u00e0s hist\u00f3rias de cada indiv\u00edduo e propostas de acolhimento.<br>J\u00e1 impactou milhares de pessoas por meio de seu livro \u201cColo Invis\u00edvel\u201d, textos, palestras e entrevistas. Empres\u00e1ria, S\u00f3cia da Format Editora, \u00e9 respons\u00e1vel pela coordena\u00e7\u00e3o editorial de obras que representam o conhecimento e experi\u00eancias de autoridades de v\u00e1rias partes do mundo. Luciene M\u00fcller encanta ao escrever sobre temas cotidianos com carisma e clareza. A dura experi\u00eancia de ter crescido em situa\u00e7\u00e3o de rua inspira pessoas por onde passa. Suas ideias nos ajudam a refletir sobre a import\u00e2ncia do conhecimento, da persist\u00eancia, do impacto de nossas escolhas e nos levam \u00e0 esperan\u00e7a. Aborda a relev\u00e2ncia dos colos que temos por perto e o colo que oferecemos. Descreve \u2013 como ningu\u00e9m \u2013 o valor do nosso tempo com familiares e amigos.<\/p>\n","protected":false},"excerpt":{"rendered":"<p>Forma\u00e7\u00e3o com escritora Luciene M\u00fcller \u2013 \u201cEnfrentamento \u00e0s vulnerabilidades por meio da paix\u00e3o pela Literatura\u201d<br \/>\n<b>Data:\u00a013\/04 \u2013 14h \u00e0s 17h<\/b><\/p>\n","protected":false},"author":1,"featured_media":750,"comment_status":"open","ping_status":"open","sticky":false,"template":"","format":"standard","meta":{"_monsterinsights_skip_tracking":false,"_monsterinsights_sitenote_active":false,"_monsterinsights_sitenote_note":"","_monsterinsights_sitenote_category":0,"site-sidebar-layout":"default","site-content-layout":"default","ast-global-header-display":"","ast-main-header-display":"","ast-hfb-above-header-display":"","ast-hfb-below-header-display":"","ast-hfb-mobile-header-display":"","site-post-title":"","ast-breadcrumbs-content":"","ast-featured-img":"","footer-sml-layout":"","theme-transparent-header-meta":"","adv-header-id-meta":"","stick-header-meta":"","header-above-stick-meta":"","header-main-stick-meta":"","header-below-stick-meta":"","_expiration-date-status":"","_expiration-date":0,"_expiration-date-type":"","_expiration-date-categories":[],"_expiration-date-options":[]},"categories":[31],"tags":[],"yoast_head":"<!-- This site is optimized with the Yoast SEO plugin v19.7.1 - https:\/\/yoast.com\/wordpress\/plugins\/seo\/ -->\r\n<title>Luciene M\u00fcller - Abril Liter\u00e1rio<\/title>\r\n<meta name=\"robots\" content=\"index, follow, max-snippet:-1, max-image-preview:large, max-video-preview:-1\" \/>\r\n<link rel=\"canonical\" href=\"https:\/\/portaleducacao.guarulhos.sp.gov.br\/wp_site\/abrilliterario\/2023\/03\/28\/luciene-muller\/\" \/>\r\n<meta property=\"og:locale\" content=\"pt_BR\" \/>\r\n<meta property=\"og:type\" content=\"article\" \/>\r\n<meta property=\"og:title\" content=\"Luciene M\u00fcller - Abril Liter\u00e1rio\" \/>\r\n<meta property=\"og:description\" content=\"Forma\u00e7\u00e3o com escritora Luciene M\u00fcller \u2013 \u201cEnfrentamento \u00e0s vulnerabilidades por meio da paix\u00e3o pela Literatura\u201d Data:\u00a013\/04 \u2013 14h \u00e0s 17h\" \/>\r\n<meta property=\"og:url\" content=\"https:\/\/portaleducacao.guarulhos.sp.gov.br\/wp_site\/abrilliterario\/2023\/03\/28\/luciene-muller\/\" \/>\r\n<meta property=\"og:site_name\" content=\"Abril Liter\u00e1rio\" \/>\r\n<meta property=\"article:published_time\" content=\"2023-03-28T20:49:07+00:00\" \/>\r\n<meta property=\"article:modified_time\" content=\"2023-04-04T14:46:18+00:00\" \/>\r\n<meta property=\"og:image\" content=\"http:\/\/portaleducacao.guarulhos.sp.gov.br\/wp_site\/abrilliterario\/wp-content\/uploads\/sites\/24\/2023\/04\/Luciene2.jpg\" \/>\r\n\t<meta property=\"og:image:width\" content=\"135\" \/>\r\n\t<meta property=\"og:image:height\" content=\"160\" \/>\r\n\t<meta property=\"og:image:type\" content=\"image\/jpeg\" \/>\r\n<meta name=\"author\" content=\"sites\" \/>\r\n<meta name=\"twitter:card\" content=\"summary_large_image\" \/>\r\n<meta name=\"twitter:label1\" content=\"Escrito por\" \/>\n\t<meta name=\"twitter:data1\" content=\"sites\" \/>\n\t<meta name=\"twitter:label2\" content=\"Est. tempo de leitura\" \/>\n\t<meta name=\"twitter:data2\" content=\"2 minutos\" \/>\r\n<script type=\"application\/ld+json\" class=\"yoast-schema-graph\">{\"@context\":\"https:\/\/schema.org\",\"@graph\":[{\"@type\":\"WebPage\",\"@id\":\"https:\/\/portaleducacao.guarulhos.sp.gov.br\/wp_site\/abrilliterario\/2023\/03\/28\/luciene-muller\/\",\"url\":\"https:\/\/portaleducacao.guarulhos.sp.gov.br\/wp_site\/abrilliterario\/2023\/03\/28\/luciene-muller\/\",\"name\":\"Luciene M\u00fcller - Abril Liter\u00e1rio\",\"isPartOf\":{\"@id\":\"https:\/\/portaleducacao.guarulhos.sp.gov.br\/wp_site\/abrilliterario\/#website\"},\"datePublished\":\"2023-03-28T20:49:07+00:00\",\"dateModified\":\"2023-04-04T14:46:18+00:00\",\"author\":{\"@id\":\"https:\/\/portaleducacao.guarulhos.sp.gov.br\/wp_site\/abrilliterario\/#\/schema\/person\/9d1c60216648b2e84d2544ba3ee8bb69\"},\"breadcrumb\":{\"@id\":\"https:\/\/portaleducacao.guarulhos.sp.gov.br\/wp_site\/abrilliterario\/2023\/03\/28\/luciene-muller\/#breadcrumb\"},\"inLanguage\":\"pt-BR\",\"potentialAction\":[{\"@type\":\"ReadAction\",\"target\":[\"https:\/\/portaleducacao.guarulhos.sp.gov.br\/wp_site\/abrilliterario\/2023\/03\/28\/luciene-muller\/\"]}]},{\"@type\":\"BreadcrumbList\",\"@id\":\"https:\/\/portaleducacao.guarulhos.sp.gov.br\/wp_site\/abrilliterario\/2023\/03\/28\/luciene-muller\/#breadcrumb\",\"itemListElement\":[{\"@type\":\"ListItem\",\"position\":1,\"name\":\"In\u00edcio\",\"item\":\"https:\/\/portaleducacao.guarulhos.sp.gov.br\/wp_site\/abrilliterario\/\"},{\"@type\":\"ListItem\",\"position\":2,\"name\":\"Luciene M\u00fcller\"}]},{\"@type\":\"WebSite\",\"@id\":\"https:\/\/portaleducacao.guarulhos.sp.gov.br\/wp_site\/abrilliterario\/#website\",\"url\":\"https:\/\/portaleducacao.guarulhos.sp.gov.br\/wp_site\/abrilliterario\/\",\"name\":\"Abril Liter\u00e1rio\",\"description\":\"Literalmente isso...\",\"potentialAction\":[{\"@type\":\"SearchAction\",\"target\":{\"@type\":\"EntryPoint\",\"urlTemplate\":\"https:\/\/portaleducacao.guarulhos.sp.gov.br\/wp_site\/abrilliterario\/?s={search_term_string}\"},\"query-input\":\"required name=search_term_string\"}],\"inLanguage\":\"pt-BR\"},{\"@type\":\"Person\",\"@id\":\"https:\/\/portaleducacao.guarulhos.sp.gov.br\/wp_site\/abrilliterario\/#\/schema\/person\/9d1c60216648b2e84d2544ba3ee8bb69\",\"name\":\"sites\",\"image\":{\"@type\":\"ImageObject\",\"inLanguage\":\"pt-BR\",\"@id\":\"https:\/\/portaleducacao.guarulhos.sp.gov.br\/wp_site\/abrilliterario\/#\/schema\/person\/image\/\",\"url\":\"https:\/\/secure.gravatar.com\/avatar\/d320dc056d58878ea1be67e0f28bb03d?s=96&d=mm&r=g\",\"contentUrl\":\"https:\/\/secure.gravatar.com\/avatar\/d320dc056d58878ea1be67e0f28bb03d?s=96&d=mm&r=g\",\"caption\":\"sites\"},\"sameAs\":[\"http:\/\/172.16.208.47\/sites\"],\"url\":\"https:\/\/portaleducacao.guarulhos.sp.gov.br\/wp_site\/abrilliterario\/author\/sites\/\"}]}<\/script>\r\n<!-- \/ Yoast SEO plugin. -->","yoast_head_json":{"title":"Luciene M\u00fcller - Abril Liter\u00e1rio","robots":{"index":"index","follow":"follow","max-snippet":"max-snippet:-1","max-image-preview":"max-image-preview:large","max-video-preview":"max-video-preview:-1"},"canonical":"https:\/\/portaleducacao.guarulhos.sp.gov.br\/wp_site\/abrilliterario\/2023\/03\/28\/luciene-muller\/","og_locale":"pt_BR","og_type":"article","og_title":"Luciene M\u00fcller - Abril Liter\u00e1rio","og_description":"Forma\u00e7\u00e3o com escritora Luciene M\u00fcller \u2013 \u201cEnfrentamento \u00e0s vulnerabilidades por meio da paix\u00e3o pela Literatura\u201d Data:\u00a013\/04 \u2013 14h \u00e0s 17h","og_url":"https:\/\/portaleducacao.guarulhos.sp.gov.br\/wp_site\/abrilliterario\/2023\/03\/28\/luciene-muller\/","og_site_name":"Abril Liter\u00e1rio","article_published_time":"2023-03-28T20:49:07+00:00","article_modified_time":"2023-04-04T14:46:18+00:00","og_image":[{"width":135,"height":160,"url":"http:\/\/portaleducacao.guarulhos.sp.gov.br\/wp_site\/abrilliterario\/wp-content\/uploads\/sites\/24\/2023\/04\/Luciene2.jpg","type":"image\/jpeg"}],"author":"sites","twitter_card":"summary_large_image","twitter_misc":{"Escrito por":"sites","Est. tempo de leitura":"2 minutos"},"schema":{"@context":"https:\/\/schema.org","@graph":[{"@type":"WebPage","@id":"https:\/\/portaleducacao.guarulhos.sp.gov.br\/wp_site\/abrilliterario\/2023\/03\/28\/luciene-muller\/","url":"https:\/\/portaleducacao.guarulhos.sp.gov.br\/wp_site\/abrilliterario\/2023\/03\/28\/luciene-muller\/","name":"Luciene M\u00fcller - Abril Liter\u00e1rio","isPartOf":{"@id":"https:\/\/portaleducacao.guarulhos.sp.gov.br\/wp_site\/abrilliterario\/#website"},"datePublished":"2023-03-28T20:49:07+00:00","dateModified":"2023-04-04T14:46:18+00:00","author":{"@id":"https:\/\/portaleducacao.guarulhos.sp.gov.br\/wp_site\/abrilliterario\/#\/schema\/person\/9d1c60216648b2e84d2544ba3ee8bb69"},"breadcrumb":{"@id":"https:\/\/portaleducacao.guarulhos.sp.gov.br\/wp_site\/abrilliterario\/2023\/03\/28\/luciene-muller\/#breadcrumb"},"inLanguage":"pt-BR","potentialAction":[{"@type":"ReadAction","target":["https:\/\/portaleducacao.guarulhos.sp.gov.br\/wp_site\/abrilliterario\/2023\/03\/28\/luciene-muller\/"]}]},{"@type":"BreadcrumbList","@id":"https:\/\/portaleducacao.guarulhos.sp.gov.br\/wp_site\/abrilliterario\/2023\/03\/28\/luciene-muller\/#breadcrumb","itemListElement":[{"@type":"ListItem","position":1,"name":"In\u00edcio","item":"https:\/\/portaleducacao.guarulhos.sp.gov.br\/wp_site\/abrilliterario\/"},{"@type":"ListItem","position":2,"name":"Luciene M\u00fcller"}]},{"@type":"WebSite","@id":"https:\/\/portaleducacao.guarulhos.sp.gov.br\/wp_site\/abrilliterario\/#website","url":"https:\/\/portaleducacao.guarulhos.sp.gov.br\/wp_site\/abrilliterario\/","name":"Abril Liter\u00e1rio","description":"Literalmente isso...","potentialAction":[{"@type":"SearchAction","target":{"@type":"EntryPoint","urlTemplate":"https:\/\/portaleducacao.guarulhos.sp.gov.br\/wp_site\/abrilliterario\/?s={search_term_string}"},"query-input":"required name=search_term_string"}],"inLanguage":"pt-BR"},{"@type":"Person","@id":"https:\/\/portaleducacao.guarulhos.sp.gov.br\/wp_site\/abrilliterario\/#\/schema\/person\/9d1c60216648b2e84d2544ba3ee8bb69","name":"sites","image":{"@type":"ImageObject","inLanguage":"pt-BR","@id":"https:\/\/portaleducacao.guarulhos.sp.gov.br\/wp_site\/abrilliterario\/#\/schema\/person\/image\/","url":"https:\/\/secure.gravatar.com\/avatar\/d320dc056d58878ea1be67e0f28bb03d?s=96&d=mm&r=g","contentUrl":"https:\/\/secure.gravatar.com\/avatar\/d320dc056d58878ea1be67e0f28bb03d?s=96&d=mm&r=g","caption":"sites"},"sameAs":["http:\/\/172.16.208.47\/sites"],"url":"https:\/\/portaleducacao.guarulhos.sp.gov.br\/wp_site\/abrilliterario\/author\/sites\/"}]}},"_links":{"self":[{"href":"https:\/\/portaleducacao.guarulhos.sp.gov.br\/wp_site\/abrilliterario\/wp-json\/wp\/v2\/posts\/446"}],"collection":[{"href":"https:\/\/portaleducacao.guarulhos.sp.gov.br\/wp_site\/abrilliterario\/wp-json\/wp\/v2\/posts"}],"about":[{"href":"https:\/\/portaleducacao.guarulhos.sp.gov.br\/wp_site\/abrilliterario\/wp-json\/wp\/v2\/types\/post"}],"author":[{"embeddable":true,"href":"https:\/\/portaleducacao.guarulhos.sp.gov.br\/wp_site\/abrilliterario\/wp-json\/wp\/v2\/users\/1"}],"replies":[{"embeddable":true,"href":"https:\/\/portaleducacao.guarulhos.sp.gov.br\/wp_site\/abrilliterario\/wp-json\/wp\/v2\/comments?post=446"}],"version-history":[{"count":6,"href":"https:\/\/portaleducacao.guarulhos.sp.gov.br\/wp_site\/abrilliterario\/wp-json\/wp\/v2\/posts\/446\/revisions"}],"predecessor-version":[{"id":753,"href":"https:\/\/portaleducacao.guarulhos.sp.gov.br\/wp_site\/abrilliterario\/wp-json\/wp\/v2\/posts\/446\/revisions\/753"}],"wp:featuredmedia":[{"embeddable":true,"href":"https:\/\/portaleducacao.guarulhos.sp.gov.br\/wp_site\/abrilliterario\/wp-json\/wp\/v2\/media\/750"}],"wp:attachment":[{"href":"https:\/\/portaleducacao.guarulhos.sp.gov.br\/wp_site\/abrilliterario\/wp-json\/wp\/v2\/media?parent=446"}],"wp:term":[{"taxonomy":"category","embeddable":true,"href":"https:\/\/portaleducacao.guarulhos.sp.gov.br\/wp_site\/abrilliterario\/wp-json\/wp\/v2\/categories?post=446"},{"taxonomy":"post_tag","embeddable":true,"href":"https:\/\/portaleducacao.guarulhos.sp.gov.br\/wp_site\/abrilliterario\/wp-json\/wp\/v2\/tags?post=446"}],"curies":[{"name":"wp","href":"https:\/\/api.w.org\/{rel}","templated":true}]}}