{"id":802,"date":"2023-04-14T10:46:41","date_gmt":"2023-04-14T13:46:41","guid":{"rendered":"https:\/\/portaleducacao.guarulhos.sp.gov.br\/wp_site\/abrilliterario\/?p=802"},"modified":"2023-05-03T22:28:53","modified_gmt":"2023-05-04T01:28:53","slug":"alunos-da-epg-heraldo-evans-elaboram-o-primeiro-jornal-de-noticias-da-unidade-escolar","status":"publish","type":"post","link":"https:\/\/portaleducacao.guarulhos.sp.gov.br\/wp_site\/abrilliterario\/2023\/04\/14\/alunos-da-epg-heraldo-evans-elaboram-o-primeiro-jornal-de-noticias-da-unidade-escolar\/","title":{"rendered":"Alunos da EPG Heraldo Evans elaboram o primeiro jornal de not\u00edcias da unidade escolar"},"content":{"rendered":"\n<p><strong>Por<\/strong> Carla Maio<br><strong>Publicado<\/strong> <strong>em<\/strong> 13\/04\/2023<br><strong>Editado<\/strong> <strong>em<\/strong> 13\/04\/2023, \u00e0s 13:22<\/p>\n\n\n\n<figure class=\"wp-block-image aligncenter size-full\"><img loading=\"lazy\" width=\"738\" height=\"492\" src=\"https:\/\/portaleducacao.guarulhos.sp.gov.br\/wp_site\/abrilliterario\/wp-content\/uploads\/sites\/24\/2023\/04\/EPG-Heraldo-Evans.jpg\" alt=\"\" class=\"wp-image-803\" srcset=\"https:\/\/portaleducacao.guarulhos.sp.gov.br\/wp_site\/abrilliterario\/wp-content\/uploads\/sites\/24\/2023\/04\/EPG-Heraldo-Evans.jpg 738w, https:\/\/portaleducacao.guarulhos.sp.gov.br\/wp_site\/abrilliterario\/wp-content\/uploads\/sites\/24\/2023\/04\/EPG-Heraldo-Evans-300x200.jpg 300w\" sizes=\"(max-width: 738px) 100vw, 738px\" \/><figcaption class=\"wp-element-caption\"><sup>Fotos: Eduardo Calabria\/SE<\/sup><\/figcaption><\/figure>\n\n\n\n<p>Tudo ainda est\u00e1 em fase de constru\u00e7\u00e3o, mas se depender da curiosidade dos alunos do Ensino Fundamental da EPG Heraldo Evans, no Jardim Tranquilidade, a cria\u00e7\u00e3o do primeiro jornal da unidade escolar ser\u00e1 um sucesso. Na \u00faltima ter\u00e7a-feira (11), os alunos participaram de workshop oferecido pela equipe de Comunica\u00e7\u00e3o da Secretaria de Educa\u00e7\u00e3o, no qual tiveram a oportunidade de experienciar uma das etapas do processo de elabora\u00e7\u00e3o de not\u00edcias e verificar se as informa\u00e7\u00f5es eram verdadeiras ou falsas.<br>A elabora\u00e7\u00e3o do Jornal Escolar Diversidade e Respeito \u00e9 uma das a\u00e7\u00f5es do projeto Abril Liter\u00e1rio, que de modo interdisciplinar objetiva fomentar o gosto pela leitura e a utiliza\u00e7\u00e3o desse suporte para aprender, compreender, se posicionar e, por que n\u00e3o, se divertir.<br>\u201cO jornal \u00e9 um suporte pedag\u00f3gico valioso no desenvolvimento da leitura e da escrita. Ele possibilita o exerc\u00edcio do poder de argumenta\u00e7\u00e3o, persuas\u00e3o e criatividade, e forma leitores conscientes ao transformar a realidade em que est\u00e1 inserido\u201d, explica Gissa Vilela, coordenadora pedag\u00f3gica da unidade.<\/p>\n\n\n\n<p class=\"has-medium-font-size\"><strong>Workshop<\/strong><\/p>\n\n\n\n<figure class=\"wp-block-image aligncenter size-full\"><img loading=\"lazy\" width=\"738\" height=\"492\" src=\"https:\/\/portaleducacao.guarulhos.sp.gov.br\/wp_site\/abrilliterario\/wp-content\/uploads\/sites\/24\/2023\/04\/EPG-Heraldo-Evans-1.jpg1_-1.jpg\" alt=\"\" class=\"wp-image-805\" srcset=\"https:\/\/portaleducacao.guarulhos.sp.gov.br\/wp_site\/abrilliterario\/wp-content\/uploads\/sites\/24\/2023\/04\/EPG-Heraldo-Evans-1.jpg1_-1.jpg 738w, https:\/\/portaleducacao.guarulhos.sp.gov.br\/wp_site\/abrilliterario\/wp-content\/uploads\/sites\/24\/2023\/04\/EPG-Heraldo-Evans-1.jpg1_-1-300x200.jpg 300w\" sizes=\"(max-width: 738px) 100vw, 738px\" \/><\/figure>\n\n\n\n<p><\/p>\n\n\n\n<p>O que faz um rep\u00f3rter? Onde trabalham? Como elaboram as mat\u00e9rias? Essas foram algumas das perguntas levantadas pela equipe de jornalismo da SE, respons\u00e1vel pelas not\u00edcias veiculadas no Portal SE Informe. Os alunos receberam filipetas com factoides, informa\u00e7\u00f5es n\u00e3o comprovadas sobre pautas do universo escolar que precisavam ser checadas. Divididos em equipes, eles se dedicaram a descobrir se as informa\u00e7\u00f5es eram verdadeiras ou falsas e, para isso, levantaram hip\u00f3teses, discutiram possibilidades e conversaram com fontes seguras.<br>Numa esp\u00e9cie de reuni\u00e3o de pauta, em que todos protagonizaram a profiss\u00e3o de rep\u00f3rteres, as equipes compartilharam a informa\u00e7\u00e3o recebida e os resultados dessa verifica\u00e7\u00e3o. \u201cA checagem da veracidade das informa\u00e7\u00f5es antes de sua publica\u00e7\u00e3o \u00e9 um dos aspectos essenciais e de grande responsabilidade da profiss\u00e3o do rep\u00f3rter\u201d, explicou a jornalista Carla Maio, da Comunica\u00e7\u00e3o da SE.<br>Depois de conhecer o jornal e suas diferentes edi\u00e7\u00f5es, papel ou digital, explorar suas se\u00e7\u00f5es e destacar a intencionalidade de cada uma, os alunos finalmente v\u00e3o colocar as m\u00e3os na massa. Cada turma vai produzir coletivamente uma se\u00e7\u00e3o do jornal, editar e configurar na estrutura f\u00edsica de um jornal.<br>Na etapa seguinte, a edi\u00e7\u00e3o do jornal vai unir as produ\u00e7\u00f5es em um \u00fanico exemplar. Em seguida, o projeto prev\u00ea a impress\u00e3o e distribui\u00e7\u00e3o de exemplares da primeira edi\u00e7\u00e3o do Jornal Escolar Diversidade e Respeito da EPG Heraldo Evans, al\u00e9m de um link para divulga\u00e7\u00e3o digital do conte\u00fado.<br>Mais que despertar o interesse pela leitura e ampliar o vocabul\u00e1rio dos alunos, o projeto estimula o protagonismo. Em um futuro n\u00e3o muito distante, quem sabe, essa valiosa semente possa gerar novos profissionais da \u00e1rea de Comunica\u00e7\u00e3o, empenhados e cuidadosos com a informa\u00e7\u00e3o.<\/p>\n\n\n\n<figure class=\"wp-block-image aligncenter size-full is-resized\"><img loading=\"lazy\" src=\"https:\/\/portaleducacao.guarulhos.sp.gov.br\/wp_site\/abrilliterario\/wp-content\/uploads\/sites\/24\/2023\/04\/22.jpeg\" alt=\"\" class=\"wp-image-808\" width=\"751\" height=\"501\" srcset=\"https:\/\/portaleducacao.guarulhos.sp.gov.br\/wp_site\/abrilliterario\/wp-content\/uploads\/sites\/24\/2023\/04\/22.jpeg 400w, https:\/\/portaleducacao.guarulhos.sp.gov.br\/wp_site\/abrilliterario\/wp-content\/uploads\/sites\/24\/2023\/04\/22-300x200.jpeg 300w\" sizes=\"(max-width: 751px) 100vw, 751px\" \/><\/figure>\n\n\n\n<p><\/p>\n\n\n\n<p>Depois de conhecer o jornal e suas diferentes edi\u00e7\u00f5es, papel ou digital, explorar suas se\u00e7\u00f5es e destacar a intencionalidade de cada uma, os alunos finalmente v\u00e3o colocar as m\u00e3os na massa. Cada turma vai produzir coletivamente uma se\u00e7\u00e3o do jornal, editar e configurar na estrutura f\u00edsica de um jornal.<\/p>\n\n\n\n<p>Na etapa seguinte, a edi\u00e7\u00e3o do jornal vai unir as produ\u00e7\u00f5es em um \u00fanico exemplar. Em seguida, o projeto prev\u00ea a impress\u00e3o e distribui\u00e7\u00e3o de exemplares da primeira edi\u00e7\u00e3o do Jornal Escolar Diversidade e Respeito da EPG Heraldo Evans, al\u00e9m de um link para divulga\u00e7\u00e3o digital do conte\u00fado.<\/p>\n\n\n\n<p>Mais que despertar o interesse pela leitura e ampliar o vocabul\u00e1rio dos alunos, o projeto estimula o protagonismo. Em um futuro n\u00e3o muito distante, quem sabe, essa valiosa semente possa gerar novos profissionais da \u00e1rea de Comunica\u00e7\u00e3o, empenhados e cuidadosos com a informa\u00e7\u00e3o.<\/p>\n\n\n\n<p class=\"has-medium-font-size\"><strong>Galeria<\/strong><\/p>\n\n\n\n<figure class=\"wp-container-2 wp-block-gallery-1 wp-block-gallery has-nested-images columns-default is-cropped\">\n<figure class=\"wp-block-image size-full is-resized\"><img loading=\"lazy\" data-id=\"814\"  src=\"https:\/\/portaleducacao.guarulhos.sp.gov.br\/wp_site\/abrilliterario\/wp-content\/uploads\/sites\/24\/2023\/04\/9.jpeg\" alt=\"\" class=\"wp-image-814\" width=\"247\" height=\"165\" srcset=\"https:\/\/portaleducacao.guarulhos.sp.gov.br\/wp_site\/abrilliterario\/wp-content\/uploads\/sites\/24\/2023\/04\/9.jpeg 400w, https:\/\/portaleducacao.guarulhos.sp.gov.br\/wp_site\/abrilliterario\/wp-content\/uploads\/sites\/24\/2023\/04\/9-300x200.jpeg 300w\" sizes=\"(max-width: 247px) 100vw, 247px\" \/><\/figure>\n\n\n\n<figure class=\"wp-block-image size-full\"><img loading=\"lazy\" width=\"400\" height=\"267\" data-id=\"813\"  src=\"https:\/\/portaleducacao.guarulhos.sp.gov.br\/wp_site\/abrilliterario\/wp-content\/uploads\/sites\/24\/2023\/04\/8.jpeg\" alt=\"\" class=\"wp-image-813\" srcset=\"https:\/\/portaleducacao.guarulhos.sp.gov.br\/wp_site\/abrilliterario\/wp-content\/uploads\/sites\/24\/2023\/04\/8.jpeg 400w, https:\/\/portaleducacao.guarulhos.sp.gov.br\/wp_site\/abrilliterario\/wp-content\/uploads\/sites\/24\/2023\/04\/8-300x200.jpeg 300w\" sizes=\"(max-width: 400px) 100vw, 400px\" \/><\/figure>\n\n\n\n<figure class=\"wp-block-image size-full\"><img loading=\"lazy\" width=\"400\" height=\"267\" data-id=\"812\"  src=\"https:\/\/portaleducacao.guarulhos.sp.gov.br\/wp_site\/abrilliterario\/wp-content\/uploads\/sites\/24\/2023\/04\/4.jpeg\" alt=\"\" class=\"wp-image-812\" srcset=\"https:\/\/portaleducacao.guarulhos.sp.gov.br\/wp_site\/abrilliterario\/wp-content\/uploads\/sites\/24\/2023\/04\/4.jpeg 400w, https:\/\/portaleducacao.guarulhos.sp.gov.br\/wp_site\/abrilliterario\/wp-content\/uploads\/sites\/24\/2023\/04\/4-300x200.jpeg 300w\" sizes=\"(max-width: 400px) 100vw, 400px\" \/><\/figure>\n\n\n\n<figure class=\"wp-block-image size-full\"><img loading=\"lazy\" width=\"738\" height=\"492\" data-id=\"811\"  src=\"https:\/\/portaleducacao.guarulhos.sp.gov.br\/wp_site\/abrilliterario\/wp-content\/uploads\/sites\/24\/2023\/04\/3.jpg\" alt=\"\" class=\"wp-image-811\" srcset=\"https:\/\/portaleducacao.guarulhos.sp.gov.br\/wp_site\/abrilliterario\/wp-content\/uploads\/sites\/24\/2023\/04\/3.jpg 738w, https:\/\/portaleducacao.guarulhos.sp.gov.br\/wp_site\/abrilliterario\/wp-content\/uploads\/sites\/24\/2023\/04\/3-300x200.jpg 300w\" sizes=\"(max-width: 738px) 100vw, 738px\" \/><\/figure>\n\n\n\n<figure class=\"wp-block-image size-full\"><img loading=\"lazy\" width=\"738\" height=\"492\" data-id=\"810\"  src=\"https:\/\/portaleducacao.guarulhos.sp.gov.br\/wp_site\/abrilliterario\/wp-content\/uploads\/sites\/24\/2023\/04\/2.jpg\" alt=\"\" class=\"wp-image-810\" srcset=\"https:\/\/portaleducacao.guarulhos.sp.gov.br\/wp_site\/abrilliterario\/wp-content\/uploads\/sites\/24\/2023\/04\/2.jpg 738w, https:\/\/portaleducacao.guarulhos.sp.gov.br\/wp_site\/abrilliterario\/wp-content\/uploads\/sites\/24\/2023\/04\/2-300x200.jpg 300w\" sizes=\"(max-width: 738px) 100vw, 738px\" \/><\/figure>\n\n\n\n<figure class=\"wp-block-image size-full\"><img loading=\"lazy\" width=\"400\" height=\"267\" data-id=\"809\"  src=\"https:\/\/portaleducacao.guarulhos.sp.gov.br\/wp_site\/abrilliterario\/wp-content\/uploads\/sites\/24\/2023\/04\/1.jpeg\" alt=\"\" class=\"wp-image-809\" srcset=\"https:\/\/portaleducacao.guarulhos.sp.gov.br\/wp_site\/abrilliterario\/wp-content\/uploads\/sites\/24\/2023\/04\/1.jpeg 400w, https:\/\/portaleducacao.guarulhos.sp.gov.br\/wp_site\/abrilliterario\/wp-content\/uploads\/sites\/24\/2023\/04\/1-300x200.jpeg 300w\" sizes=\"(max-width: 400px) 100vw, 400px\" \/><\/figure>\n<\/figure>\n\n\n\n<p><a href=\"https:\/\/portaleducacao.guarulhos.sp.gov.br\/siseduc\/portal\/site\/detalhar\/conteudo\/6035\/\">https:\/\/portaleducacao.guarulhos.sp.gov.br\/siseduc\/portal\/site\/detalhar\/conteudo\/6035\/<\/a><\/p>\n","protected":false},"excerpt":{"rendered":"<p>Por Carla MaioPublicado em 13\/04\/2023Editado em 13\/04\/2023, \u00e0s 13:22 Tudo ainda est\u00e1 em fase de constru\u00e7\u00e3o, mas se depender da curiosidade dos alunos do Ensino Fundamental da EPG Heraldo Evans, &hellip;<\/p>\n<p class=\"read-more\"> <a class=\"\" href=\"https:\/\/portaleducacao.guarulhos.sp.gov.br\/wp_site\/abrilliterario\/2023\/04\/14\/alunos-da-epg-heraldo-evans-elaboram-o-primeiro-jornal-de-noticias-da-unidade-escolar\/\"> <span class=\"screen-reader-text\">Alunos da EPG Heraldo Evans elaboram o primeiro jornal de not\u00edcias da unidade escolar<\/span> Leia mais &raquo;<\/a><\/p>\n","protected":false},"author":8,"featured_media":803,"comment_status":"closed","ping_status":"closed","sticky":true,"template":"","format":"standard","meta":{"_monsterinsights_skip_tracking":false,"_monsterinsights_sitenote_active":false,"_monsterinsights_sitenote_note":"","_monsterinsights_sitenote_category":0,"site-sidebar-layout":"default","site-content-layout":"default","ast-global-header-display":"","ast-main-header-display":"","ast-hfb-above-header-display":"","ast-hfb-below-header-display":"","ast-hfb-mobile-header-display":"","site-post-title":"","ast-breadcrumbs-content":"","ast-featured-img":"","footer-sml-layout":"","theme-transparent-header-meta":"","adv-header-id-meta":"","stick-header-meta":"","header-above-stick-meta":"","header-main-stick-meta":"","header-below-stick-meta":"","_expiration-date-status":"","_expiration-date":1683768520,"_expiration-date-type":"draft","_expiration-date-categories":[],"_expiration-date-options":[]},"categories":[34],"tags":[],"yoast_head":"<!-- This site is optimized with the Yoast SEO plugin v19.7.1 - https:\/\/yoast.com\/wordpress\/plugins\/seo\/ -->\r\n<title>Alunos da EPG Heraldo Evans elaboram o primeiro jornal de not\u00edcias da unidade escolar - Abril Liter\u00e1rio<\/title>\r\n<meta name=\"robots\" content=\"index, follow, max-snippet:-1, max-image-preview:large, max-video-preview:-1\" \/>\r\n<link rel=\"canonical\" href=\"https:\/\/portaleducacao.guarulhos.sp.gov.br\/wp_site\/abrilliterario\/2023\/04\/14\/alunos-da-epg-heraldo-evans-elaboram-o-primeiro-jornal-de-noticias-da-unidade-escolar\/\" \/>\r\n<meta property=\"og:locale\" content=\"pt_BR\" \/>\r\n<meta property=\"og:type\" content=\"article\" \/>\r\n<meta property=\"og:title\" content=\"Alunos da EPG Heraldo Evans elaboram o primeiro jornal de not\u00edcias da unidade escolar - Abril Liter\u00e1rio\" \/>\r\n<meta property=\"og:description\" content=\"Por Carla MaioPublicado em 13\/04\/2023Editado em 13\/04\/2023, \u00e0s 13:22 Tudo ainda est\u00e1 em fase de constru\u00e7\u00e3o, mas se depender da curiosidade dos alunos do Ensino Fundamental da EPG Heraldo Evans, &hellip; Alunos da EPG Heraldo Evans elaboram o primeiro jornal de not\u00edcias da unidade escolar Leia mais &raquo;\" \/>\r\n<meta property=\"og:url\" content=\"https:\/\/portaleducacao.guarulhos.sp.gov.br\/wp_site\/abrilliterario\/2023\/04\/14\/alunos-da-epg-heraldo-evans-elaboram-o-primeiro-jornal-de-noticias-da-unidade-escolar\/\" \/>\r\n<meta property=\"og:site_name\" content=\"Abril Liter\u00e1rio\" \/>\r\n<meta property=\"article:published_time\" content=\"2023-04-14T13:46:41+00:00\" \/>\r\n<meta property=\"article:modified_time\" content=\"2023-05-04T01:28:53+00:00\" \/>\r\n<meta property=\"og:image\" content=\"http:\/\/portaleducacao.guarulhos.sp.gov.br\/wp_site\/abrilliterario\/wp-content\/uploads\/sites\/24\/2023\/04\/EPG-Heraldo-Evans.jpg\" \/>\r\n\t<meta property=\"og:image:width\" content=\"738\" \/>\r\n\t<meta property=\"og:image:height\" content=\"492\" \/>\r\n\t<meta property=\"og:image:type\" content=\"image\/jpeg\" \/>\r\n<meta name=\"author\" content=\"Programas e Projetos\" \/>\r\n<meta name=\"twitter:card\" content=\"summary_large_image\" \/>\r\n<meta name=\"twitter:label1\" content=\"Escrito por\" \/>\n\t<meta name=\"twitter:data1\" content=\"Programas e Projetos\" \/>\n\t<meta name=\"twitter:label2\" content=\"Est. tempo de leitura\" \/>\n\t<meta name=\"twitter:data2\" content=\"6 minutos\" \/>\r\n<script type=\"application\/ld+json\" class=\"yoast-schema-graph\">{\"@context\":\"https:\/\/schema.org\",\"@graph\":[{\"@type\":\"WebPage\",\"@id\":\"https:\/\/portaleducacao.guarulhos.sp.gov.br\/wp_site\/abrilliterario\/2023\/04\/14\/alunos-da-epg-heraldo-evans-elaboram-o-primeiro-jornal-de-noticias-da-unidade-escolar\/\",\"url\":\"https:\/\/portaleducacao.guarulhos.sp.gov.br\/wp_site\/abrilliterario\/2023\/04\/14\/alunos-da-epg-heraldo-evans-elaboram-o-primeiro-jornal-de-noticias-da-unidade-escolar\/\",\"name\":\"Alunos da EPG Heraldo Evans elaboram o primeiro jornal de not\u00edcias da unidade escolar - Abril Liter\u00e1rio\",\"isPartOf\":{\"@id\":\"https:\/\/portaleducacao.guarulhos.sp.gov.br\/wp_site\/abrilliterario\/#website\"},\"datePublished\":\"2023-04-14T13:46:41+00:00\",\"dateModified\":\"2023-05-04T01:28:53+00:00\",\"author\":{\"@id\":\"https:\/\/portaleducacao.guarulhos.sp.gov.br\/wp_site\/abrilliterario\/#\/schema\/person\/e8e9fffd002bb931a098d764df5fe663\"},\"breadcrumb\":{\"@id\":\"https:\/\/portaleducacao.guarulhos.sp.gov.br\/wp_site\/abrilliterario\/2023\/04\/14\/alunos-da-epg-heraldo-evans-elaboram-o-primeiro-jornal-de-noticias-da-unidade-escolar\/#breadcrumb\"},\"inLanguage\":\"pt-BR\",\"potentialAction\":[{\"@type\":\"ReadAction\",\"target\":[\"https:\/\/portaleducacao.guarulhos.sp.gov.br\/wp_site\/abrilliterario\/2023\/04\/14\/alunos-da-epg-heraldo-evans-elaboram-o-primeiro-jornal-de-noticias-da-unidade-escolar\/\"]}]},{\"@type\":\"BreadcrumbList\",\"@id\":\"https:\/\/portaleducacao.guarulhos.sp.gov.br\/wp_site\/abrilliterario\/2023\/04\/14\/alunos-da-epg-heraldo-evans-elaboram-o-primeiro-jornal-de-noticias-da-unidade-escolar\/#breadcrumb\",\"itemListElement\":[{\"@type\":\"ListItem\",\"position\":1,\"name\":\"In\u00edcio\",\"item\":\"https:\/\/portaleducacao.guarulhos.sp.gov.br\/wp_site\/abrilliterario\/\"},{\"@type\":\"ListItem\",\"position\":2,\"name\":\"Alunos da EPG Heraldo Evans elaboram o primeiro jornal de not\u00edcias da unidade escolar\"}]},{\"@type\":\"WebSite\",\"@id\":\"https:\/\/portaleducacao.guarulhos.sp.gov.br\/wp_site\/abrilliterario\/#website\",\"url\":\"https:\/\/portaleducacao.guarulhos.sp.gov.br\/wp_site\/abrilliterario\/\",\"name\":\"Abril Liter\u00e1rio\",\"description\":\"Literalmente isso...\",\"potentialAction\":[{\"@type\":\"SearchAction\",\"target\":{\"@type\":\"EntryPoint\",\"urlTemplate\":\"https:\/\/portaleducacao.guarulhos.sp.gov.br\/wp_site\/abrilliterario\/?s={search_term_string}\"},\"query-input\":\"required name=search_term_string\"}],\"inLanguage\":\"pt-BR\"},{\"@type\":\"Person\",\"@id\":\"https:\/\/portaleducacao.guarulhos.sp.gov.br\/wp_site\/abrilliterario\/#\/schema\/person\/e8e9fffd002bb931a098d764df5fe663\",\"name\":\"Programas e Projetos\",\"image\":{\"@type\":\"ImageObject\",\"inLanguage\":\"pt-BR\",\"@id\":\"https:\/\/portaleducacao.guarulhos.sp.gov.br\/wp_site\/abrilliterario\/#\/schema\/person\/image\/\",\"url\":\"https:\/\/secure.gravatar.com\/avatar\/5d11d5b4f6464e238415ff43bd8a530c?s=96&d=mm&r=g\",\"contentUrl\":\"https:\/\/secure.gravatar.com\/avatar\/5d11d5b4f6464e238415ff43bd8a530c?s=96&d=mm&r=g\",\"caption\":\"Programas e Projetos\"},\"url\":\"https:\/\/portaleducacao.guarulhos.sp.gov.br\/wp_site\/abrilliterario\/author\/programas\/\"}]}<\/script>\r\n<!-- \/ Yoast SEO plugin. -->","yoast_head_json":{"title":"Alunos da EPG Heraldo Evans elaboram o primeiro jornal de not\u00edcias da unidade escolar - Abril Liter\u00e1rio","robots":{"index":"index","follow":"follow","max-snippet":"max-snippet:-1","max-image-preview":"max-image-preview:large","max-video-preview":"max-video-preview:-1"},"canonical":"https:\/\/portaleducacao.guarulhos.sp.gov.br\/wp_site\/abrilliterario\/2023\/04\/14\/alunos-da-epg-heraldo-evans-elaboram-o-primeiro-jornal-de-noticias-da-unidade-escolar\/","og_locale":"pt_BR","og_type":"article","og_title":"Alunos da EPG Heraldo Evans elaboram o primeiro jornal de not\u00edcias da unidade escolar - Abril Liter\u00e1rio","og_description":"Por Carla MaioPublicado em 13\/04\/2023Editado em 13\/04\/2023, \u00e0s 13:22 Tudo ainda est\u00e1 em fase de constru\u00e7\u00e3o, mas se depender da curiosidade dos alunos do Ensino Fundamental da EPG Heraldo Evans, &hellip; Alunos da EPG Heraldo Evans elaboram o primeiro jornal de not\u00edcias da unidade escolar Leia mais &raquo;","og_url":"https:\/\/portaleducacao.guarulhos.sp.gov.br\/wp_site\/abrilliterario\/2023\/04\/14\/alunos-da-epg-heraldo-evans-elaboram-o-primeiro-jornal-de-noticias-da-unidade-escolar\/","og_site_name":"Abril Liter\u00e1rio","article_published_time":"2023-04-14T13:46:41+00:00","article_modified_time":"2023-05-04T01:28:53+00:00","og_image":[{"width":738,"height":492,"url":"http:\/\/portaleducacao.guarulhos.sp.gov.br\/wp_site\/abrilliterario\/wp-content\/uploads\/sites\/24\/2023\/04\/EPG-Heraldo-Evans.jpg","type":"image\/jpeg"}],"author":"Programas e Projetos","twitter_card":"summary_large_image","twitter_misc":{"Escrito por":"Programas e Projetos","Est. tempo de leitura":"6 minutos"},"schema":{"@context":"https:\/\/schema.org","@graph":[{"@type":"WebPage","@id":"https:\/\/portaleducacao.guarulhos.sp.gov.br\/wp_site\/abrilliterario\/2023\/04\/14\/alunos-da-epg-heraldo-evans-elaboram-o-primeiro-jornal-de-noticias-da-unidade-escolar\/","url":"https:\/\/portaleducacao.guarulhos.sp.gov.br\/wp_site\/abrilliterario\/2023\/04\/14\/alunos-da-epg-heraldo-evans-elaboram-o-primeiro-jornal-de-noticias-da-unidade-escolar\/","name":"Alunos da EPG Heraldo Evans elaboram o primeiro jornal de not\u00edcias da unidade escolar - Abril Liter\u00e1rio","isPartOf":{"@id":"https:\/\/portaleducacao.guarulhos.sp.gov.br\/wp_site\/abrilliterario\/#website"},"datePublished":"2023-04-14T13:46:41+00:00","dateModified":"2023-05-04T01:28:53+00:00","author":{"@id":"https:\/\/portaleducacao.guarulhos.sp.gov.br\/wp_site\/abrilliterario\/#\/schema\/person\/e8e9fffd002bb931a098d764df5fe663"},"breadcrumb":{"@id":"https:\/\/portaleducacao.guarulhos.sp.gov.br\/wp_site\/abrilliterario\/2023\/04\/14\/alunos-da-epg-heraldo-evans-elaboram-o-primeiro-jornal-de-noticias-da-unidade-escolar\/#breadcrumb"},"inLanguage":"pt-BR","potentialAction":[{"@type":"ReadAction","target":["https:\/\/portaleducacao.guarulhos.sp.gov.br\/wp_site\/abrilliterario\/2023\/04\/14\/alunos-da-epg-heraldo-evans-elaboram-o-primeiro-jornal-de-noticias-da-unidade-escolar\/"]}]},{"@type":"BreadcrumbList","@id":"https:\/\/portaleducacao.guarulhos.sp.gov.br\/wp_site\/abrilliterario\/2023\/04\/14\/alunos-da-epg-heraldo-evans-elaboram-o-primeiro-jornal-de-noticias-da-unidade-escolar\/#breadcrumb","itemListElement":[{"@type":"ListItem","position":1,"name":"In\u00edcio","item":"https:\/\/portaleducacao.guarulhos.sp.gov.br\/wp_site\/abrilliterario\/"},{"@type":"ListItem","position":2,"name":"Alunos da EPG Heraldo Evans elaboram o primeiro jornal de not\u00edcias da unidade escolar"}]},{"@type":"WebSite","@id":"https:\/\/portaleducacao.guarulhos.sp.gov.br\/wp_site\/abrilliterario\/#website","url":"https:\/\/portaleducacao.guarulhos.sp.gov.br\/wp_site\/abrilliterario\/","name":"Abril Liter\u00e1rio","description":"Literalmente isso...","potentialAction":[{"@type":"SearchAction","target":{"@type":"EntryPoint","urlTemplate":"https:\/\/portaleducacao.guarulhos.sp.gov.br\/wp_site\/abrilliterario\/?s={search_term_string}"},"query-input":"required name=search_term_string"}],"inLanguage":"pt-BR"},{"@type":"Person","@id":"https:\/\/portaleducacao.guarulhos.sp.gov.br\/wp_site\/abrilliterario\/#\/schema\/person\/e8e9fffd002bb931a098d764df5fe663","name":"Programas e Projetos","image":{"@type":"ImageObject","inLanguage":"pt-BR","@id":"https:\/\/portaleducacao.guarulhos.sp.gov.br\/wp_site\/abrilliterario\/#\/schema\/person\/image\/","url":"https:\/\/secure.gravatar.com\/avatar\/5d11d5b4f6464e238415ff43bd8a530c?s=96&d=mm&r=g","contentUrl":"https:\/\/secure.gravatar.com\/avatar\/5d11d5b4f6464e238415ff43bd8a530c?s=96&d=mm&r=g","caption":"Programas e Projetos"},"url":"https:\/\/portaleducacao.guarulhos.sp.gov.br\/wp_site\/abrilliterario\/author\/programas\/"}]}},"_links":{"self":[{"href":"https:\/\/portaleducacao.guarulhos.sp.gov.br\/wp_site\/abrilliterario\/wp-json\/wp\/v2\/posts\/802"}],"collection":[{"href":"https:\/\/portaleducacao.guarulhos.sp.gov.br\/wp_site\/abrilliterario\/wp-json\/wp\/v2\/posts"}],"about":[{"href":"https:\/\/portaleducacao.guarulhos.sp.gov.br\/wp_site\/abrilliterario\/wp-json\/wp\/v2\/types\/post"}],"author":[{"embeddable":true,"href":"https:\/\/portaleducacao.guarulhos.sp.gov.br\/wp_site\/abrilliterario\/wp-json\/wp\/v2\/users\/8"}],"replies":[{"embeddable":true,"href":"https:\/\/portaleducacao.guarulhos.sp.gov.br\/wp_site\/abrilliterario\/wp-json\/wp\/v2\/comments?post=802"}],"version-history":[{"count":3,"href":"https:\/\/portaleducacao.guarulhos.sp.gov.br\/wp_site\/abrilliterario\/wp-json\/wp\/v2\/posts\/802\/revisions"}],"predecessor-version":[{"id":1089,"href":"https:\/\/portaleducacao.guarulhos.sp.gov.br\/wp_site\/abrilliterario\/wp-json\/wp\/v2\/posts\/802\/revisions\/1089"}],"wp:featuredmedia":[{"embeddable":true,"href":"https:\/\/portaleducacao.guarulhos.sp.gov.br\/wp_site\/abrilliterario\/wp-json\/wp\/v2\/media\/803"}],"wp:attachment":[{"href":"https:\/\/portaleducacao.guarulhos.sp.gov.br\/wp_site\/abrilliterario\/wp-json\/wp\/v2\/media?parent=802"}],"wp:term":[{"taxonomy":"category","embeddable":true,"href":"https:\/\/portaleducacao.guarulhos.sp.gov.br\/wp_site\/abrilliterario\/wp-json\/wp\/v2\/categories?post=802"},{"taxonomy":"post_tag","embeddable":true,"href":"https:\/\/portaleducacao.guarulhos.sp.gov.br\/wp_site\/abrilliterario\/wp-json\/wp\/v2\/tags?post=802"}],"curies":[{"name":"wp","href":"https:\/\/api.w.org\/{rel}","templated":true}]}}