{"id":867,"date":"2023-04-14T15:17:20","date_gmt":"2023-04-14T18:17:20","guid":{"rendered":"https:\/\/portaleducacao.guarulhos.sp.gov.br\/wp_site\/abrilliterario\/?p=867"},"modified":"2023-04-14T15:32:31","modified_gmt":"2023-04-14T18:32:31","slug":"programacao-cultural-com-palestras-e-entrega-de-livros-a-alunos-da-rede-municipal-marca-a-abertura-do-abril-literario","status":"publish","type":"post","link":"https:\/\/portaleducacao.guarulhos.sp.gov.br\/wp_site\/abrilliterario\/2023\/04\/14\/programacao-cultural-com-palestras-e-entrega-de-livros-a-alunos-da-rede-municipal-marca-a-abertura-do-abril-literario\/","title":{"rendered":"Programa\u00e7\u00e3o cultural com palestras e entrega de livros a alunos da rede municipal marca a abertura do Abril Liter\u00e1rio"},"content":{"rendered":"\n<p><strong>Por<\/strong> Danielle Andrade<br><strong>Publicado em<\/strong> 05\/04\/2023<br><strong>Editado em<\/strong> 12\/04\/2023, \u00e0s 16:44<\/p>\n\n\n\n<figure class=\"wp-block-image aligncenter size-large\"><img loading=\"lazy\" width=\"1024\" height=\"690\" src=\"https:\/\/portaleducacao.guarulhos.sp.gov.br\/wp_site\/abrilliterario\/wp-content\/uploads\/sites\/24\/2023\/04\/7bf7b673-6a94-41b6-a3a1-f2bf996a7c5c-1024x690.jpg\" alt=\"\" class=\"wp-image-868\" srcset=\"https:\/\/portaleducacao.guarulhos.sp.gov.br\/wp_site\/abrilliterario\/wp-content\/uploads\/sites\/24\/2023\/04\/7bf7b673-6a94-41b6-a3a1-f2bf996a7c5c-1024x690.jpg 1024w, https:\/\/portaleducacao.guarulhos.sp.gov.br\/wp_site\/abrilliterario\/wp-content\/uploads\/sites\/24\/2023\/04\/7bf7b673-6a94-41b6-a3a1-f2bf996a7c5c-300x202.jpg 300w, https:\/\/portaleducacao.guarulhos.sp.gov.br\/wp_site\/abrilliterario\/wp-content\/uploads\/sites\/24\/2023\/04\/7bf7b673-6a94-41b6-a3a1-f2bf996a7c5c-768x518.jpg 768w, https:\/\/portaleducacao.guarulhos.sp.gov.br\/wp_site\/abrilliterario\/wp-content\/uploads\/sites\/24\/2023\/04\/7bf7b673-6a94-41b6-a3a1-f2bf996a7c5c-1536x1035.jpg 1536w, https:\/\/portaleducacao.guarulhos.sp.gov.br\/wp_site\/abrilliterario\/wp-content\/uploads\/sites\/24\/2023\/04\/7bf7b673-6a94-41b6-a3a1-f2bf996a7c5c-2048x1380.jpg 2048w\" sizes=\"(max-width: 1024px) 100vw, 1024px\" \/><figcaption class=\"wp-element-caption\"><sup><strong>Fotos: Camila Rhodes<\/strong><\/sup><\/figcaption><\/figure>\n\n\n\n<p>O Teatro Adamastor recebeu na manh\u00e3 desta quarta-feira (5) a abertura do Abril Liter\u00e1rio 2023 &#8211; Literalmente Isso\u2026, com o tema Da Diversidade Humana \u00e0 Diversidade Liter\u00e1ria. Promovido pela Secretaria de Educa\u00e7\u00e3o de Guarulhos, o evento celebra a\u00e7\u00f5es que asseguram e democratizam o acesso ao livro pela popula\u00e7\u00e3o guarulhense.<\/p>\n\n\n\n<p>O Abril Liter\u00e1rio \u00e9 permeado por atividades culturais e liter\u00e1rias como palestras, oficinas, conta\u00e7\u00f5es de hist\u00f3rias, rodas de conversa, saraus, debates, forma\u00e7\u00f5es e apresenta\u00e7\u00f5es diversas.<\/p>\n\n\n\n<p>A partir do tema, o Departamento de Orienta\u00e7\u00f5es Educacionais e Pedag\u00f3gicas (DOEP) apresenta a escola como um espa\u00e7o de encontro de diversas culturas, que se reconhece nas diferen\u00e7as e da individualidade de cada um, com propostas que possibilitam aos educandos se expressarem e vivenciarem manifesta\u00e7\u00f5es culturais, na perspectiva do multiculturalismo.<\/p>\n\n\n\n<figure class=\"wp-block-image size-large\"><img loading=\"lazy\" width=\"1024\" height=\"683\" src=\"https:\/\/portaleducacao.guarulhos.sp.gov.br\/wp_site\/abrilliterario\/wp-content\/uploads\/sites\/24\/2023\/04\/62bb861d-0ab4-4612-a669-b3f9b607eb2f-1024x683.jpg\" alt=\"\" class=\"wp-image-869\" srcset=\"https:\/\/portaleducacao.guarulhos.sp.gov.br\/wp_site\/abrilliterario\/wp-content\/uploads\/sites\/24\/2023\/04\/62bb861d-0ab4-4612-a669-b3f9b607eb2f-1024x683.jpg 1024w, https:\/\/portaleducacao.guarulhos.sp.gov.br\/wp_site\/abrilliterario\/wp-content\/uploads\/sites\/24\/2023\/04\/62bb861d-0ab4-4612-a669-b3f9b607eb2f-300x200.jpg 300w, https:\/\/portaleducacao.guarulhos.sp.gov.br\/wp_site\/abrilliterario\/wp-content\/uploads\/sites\/24\/2023\/04\/62bb861d-0ab4-4612-a669-b3f9b607eb2f-768x512.jpg 768w, https:\/\/portaleducacao.guarulhos.sp.gov.br\/wp_site\/abrilliterario\/wp-content\/uploads\/sites\/24\/2023\/04\/62bb861d-0ab4-4612-a669-b3f9b607eb2f-1536x1024.jpg 1536w, https:\/\/portaleducacao.guarulhos.sp.gov.br\/wp_site\/abrilliterario\/wp-content\/uploads\/sites\/24\/2023\/04\/62bb861d-0ab4-4612-a669-b3f9b607eb2f-2048x1366.jpg 2048w\" sizes=\"(max-width: 1024px) 100vw, 1024px\" \/><\/figure>\n\n\n\n<p><\/p>\n\n\n\n<p>A diretora do Departamento de Orienta\u00e7\u00f5es Pedag\u00f3gicas de Guarulhos, Solange Turgante, enfatizou a import\u00e2ncia de incorporar pr\u00e1ticas de leitura no cotidiano dos alunos. \u201cA leitura \u00e9 parte de todos os ambientes nos quais crian\u00e7as, jovens e adultos est\u00e3o inseridos, por isso essa pr\u00e1tica deve permear nossas a\u00e7\u00f5es e os livros devem estar ao alcance dos educandos, assim como os demais materiais que comp\u00f5em o acervo da sala de aula\u201d, explica. A diretora observou ainda a import\u00e2ncia de pr\u00e1ticas que, al\u00e9m da sala de aula, incentivam a leitura no ambiente familiar.<\/p>\n\n\n\n<p>Participantes da abertura do Abril Liter\u00e1rio, os alunos do Ensino Fundamental da EPG Padre Jo\u00e3o \u00c1lvares receberam os livros Outros Sons Africanos para Crian\u00e7as Brasileiras, de Rog\u00e9rio Andrade Barbosa, e O Dinossauro que Fazia Au Au, de Pedro Bandeira, obras que integram o acervo do programa Minha Sala de Leitura, pol\u00edtica p\u00fablica que desde 2018 assegura a todos os estudantes da rede municipal o acesso a obras liter\u00e1rias.<\/p>\n\n\n\n<p class=\"has-medium-font-size\"><strong>Encontrar a nossa pr\u00f3pria voz<\/strong><\/p>\n\n\n\n<p>Durante toda esta quarta-feira coordenadores pedag\u00f3gicos, professores do programa Educa Mais, formadores do programa Leia, professores do atendimento educacional especializado e da educa\u00e7\u00e3o especial participam das atividades de lan\u00e7amento do Abril Liter\u00e1rio 2023.<\/p>\n\n\n\n<figure class=\"wp-block-image size-large\"><img loading=\"lazy\" width=\"1024\" height=\"683\" src=\"https:\/\/portaleducacao.guarulhos.sp.gov.br\/wp_site\/abrilliterario\/wp-content\/uploads\/sites\/24\/2023\/04\/ba020837-4a7a-4638-9496-1d2ca7f0347e-1024x683.jpg\" alt=\"\" class=\"wp-image-870\" srcset=\"https:\/\/portaleducacao.guarulhos.sp.gov.br\/wp_site\/abrilliterario\/wp-content\/uploads\/sites\/24\/2023\/04\/ba020837-4a7a-4638-9496-1d2ca7f0347e-1024x683.jpg 1024w, https:\/\/portaleducacao.guarulhos.sp.gov.br\/wp_site\/abrilliterario\/wp-content\/uploads\/sites\/24\/2023\/04\/ba020837-4a7a-4638-9496-1d2ca7f0347e-300x200.jpg 300w, https:\/\/portaleducacao.guarulhos.sp.gov.br\/wp_site\/abrilliterario\/wp-content\/uploads\/sites\/24\/2023\/04\/ba020837-4a7a-4638-9496-1d2ca7f0347e-768x512.jpg 768w, https:\/\/portaleducacao.guarulhos.sp.gov.br\/wp_site\/abrilliterario\/wp-content\/uploads\/sites\/24\/2023\/04\/ba020837-4a7a-4638-9496-1d2ca7f0347e-1536x1024.jpg 1536w, https:\/\/portaleducacao.guarulhos.sp.gov.br\/wp_site\/abrilliterario\/wp-content\/uploads\/sites\/24\/2023\/04\/ba020837-4a7a-4638-9496-1d2ca7f0347e-2048x1365.jpg 2048w\" sizes=\"(max-width: 1024px) 100vw, 1024px\" \/><\/figure>\n\n\n\n<p><\/p>\n\n\n\n<p>Al\u00e9m de conta\u00e7\u00e3o de hist\u00f3rias do livro Outros Sons Africanos para Crian\u00e7as Brasileiras, com a atriz Paula Maria Knoll, a abertura contou com palestra da educadora social e ativista da causa do livro, da literatura e de bibliotecas Bel Santos Mayer, coordenadora do Instituto Brasileiro de Estudos e Apoio Comunit\u00e1rio e cogestora da Rede LiteraSampa.<\/p>\n\n\n\n<figure class=\"wp-block-image aligncenter size-large\"><img loading=\"lazy\" width=\"1024\" height=\"683\" src=\"https:\/\/portaleducacao.guarulhos.sp.gov.br\/wp_site\/abrilliterario\/wp-content\/uploads\/sites\/24\/2023\/04\/a05554df-1085-4889-b0ce-47184293546f-1024x683.jpg\" alt=\"\" class=\"wp-image-871\" srcset=\"https:\/\/portaleducacao.guarulhos.sp.gov.br\/wp_site\/abrilliterario\/wp-content\/uploads\/sites\/24\/2023\/04\/a05554df-1085-4889-b0ce-47184293546f-1024x683.jpg 1024w, https:\/\/portaleducacao.guarulhos.sp.gov.br\/wp_site\/abrilliterario\/wp-content\/uploads\/sites\/24\/2023\/04\/a05554df-1085-4889-b0ce-47184293546f-300x200.jpg 300w, https:\/\/portaleducacao.guarulhos.sp.gov.br\/wp_site\/abrilliterario\/wp-content\/uploads\/sites\/24\/2023\/04\/a05554df-1085-4889-b0ce-47184293546f-768x512.jpg 768w, https:\/\/portaleducacao.guarulhos.sp.gov.br\/wp_site\/abrilliterario\/wp-content\/uploads\/sites\/24\/2023\/04\/a05554df-1085-4889-b0ce-47184293546f-1536x1024.jpg 1536w, https:\/\/portaleducacao.guarulhos.sp.gov.br\/wp_site\/abrilliterario\/wp-content\/uploads\/sites\/24\/2023\/04\/a05554df-1085-4889-b0ce-47184293546f-2048x1365.jpg 2048w\" sizes=\"(max-width: 1024px) 100vw, 1024px\" \/><\/figure>\n\n\n\n<p><\/p>\n\n\n\n<p>\u201cLer \u00e9 dar voz, \u00e9 encontrar a nossa pr\u00f3pria voz, e a literatura nos ajuda nesse encontro, pois al\u00e9m de espelho, que permite que nos vejamos, ela tamb\u00e9m \u00e9 retrovisor, que nos ajuda a olhar para aqueles que vieram antes de n\u00f3s. Quando encontramos pessoas que conseguiram achar palavras para falar sobre si e sobre o mundo nos sentimos encorajados a encontrar nossa pr\u00f3pria palavra\u201d, explicou Bel ao observar a import\u00e2ncia de incentivar os mais jovens a criar cadernos de leitura, nos quais \u00e9 poss\u00edvel registrar suas descobertas, sentimentos e impress\u00f5es sobre os livros.<\/p>\n\n\n\n<figure class=\"wp-block-image aligncenter size-large\"><img loading=\"lazy\" width=\"1024\" height=\"683\" src=\"https:\/\/portaleducacao.guarulhos.sp.gov.br\/wp_site\/abrilliterario\/wp-content\/uploads\/sites\/24\/2023\/04\/1bbe655b-b41f-4121-a9fa-febdb0c20edb-1024x683.jpg\" alt=\"\" class=\"wp-image-872\" srcset=\"https:\/\/portaleducacao.guarulhos.sp.gov.br\/wp_site\/abrilliterario\/wp-content\/uploads\/sites\/24\/2023\/04\/1bbe655b-b41f-4121-a9fa-febdb0c20edb-1024x683.jpg 1024w, https:\/\/portaleducacao.guarulhos.sp.gov.br\/wp_site\/abrilliterario\/wp-content\/uploads\/sites\/24\/2023\/04\/1bbe655b-b41f-4121-a9fa-febdb0c20edb-300x200.jpg 300w, https:\/\/portaleducacao.guarulhos.sp.gov.br\/wp_site\/abrilliterario\/wp-content\/uploads\/sites\/24\/2023\/04\/1bbe655b-b41f-4121-a9fa-febdb0c20edb-768x512.jpg 768w, https:\/\/portaleducacao.guarulhos.sp.gov.br\/wp_site\/abrilliterario\/wp-content\/uploads\/sites\/24\/2023\/04\/1bbe655b-b41f-4121-a9fa-febdb0c20edb-1536x1024.jpg 1536w, https:\/\/portaleducacao.guarulhos.sp.gov.br\/wp_site\/abrilliterario\/wp-content\/uploads\/sites\/24\/2023\/04\/1bbe655b-b41f-4121-a9fa-febdb0c20edb-2048x1365.jpg 2048w\" sizes=\"(max-width: 1024px) 100vw, 1024px\" \/><\/figure>\n\n\n\n<p><\/p>\n\n\n\n<p>O evento contou ainda com a mesa tem\u00e1tica Viv\u00eancias e Narrativas: Por uma Literatura Inclusiva, com a presen\u00e7a dos escritores Cesar Obeid, Jobana Moya e Viviane Midori Kotaki Silva.<\/p>\n\n\n\n<p>\u00c0 noite acontece a oficina Po\u00e9tica sobre a Escrita como espa\u00e7o de inven\u00e7\u00e3o, com o escritor Daniel Carvalho e participa\u00e7\u00e3o especial do Slam do Prego com VickVi e Nuel. A oficina re\u00fane coordenadores pedag\u00f3gicos e professores da Educa\u00e7\u00e3o de Jovens e Adultos do Ciclo I e de l\u00edngua e cultura portuguesa do Ciclo II no Sal\u00e3o de Artes do Adamastor.<\/p>\n\n\n\n<p class=\"has-medium-font-size\"><strong>Os pensamentos voam e as palavras se conectam<\/strong><\/p>\n\n\n\n<p>Ainda na abertura foi realizado o lan\u00e7amento do 1\u00ba Concurso Liter\u00e1rio Os pensamentos voam e as palavras se conectam, destinado a todos os educandos das Escolas da Prefeitura de Guarulhos e Institui\u00e7\u00f5es Parceiras e alunos da EJA tamb\u00e9m poder\u00e3o participar. O Edital do concurso sair\u00e1 em breve no Di\u00e1rio Oficial do munic\u00edpio de Guarulhos.<\/p>\n\n\n\n<p>O concurso ocorrer\u00e1 a cada dois anos e objetiva valorizar as produ\u00e7\u00f5es liter\u00e1rias das escolas, de modo a promover um espa\u00e7o para que crian\u00e7as, jovens e adultos expressem suas ideias e vivenciem o processo de cria\u00e7\u00e3o de livros. A tem\u00e1tica desta primeira edi\u00e7\u00e3o \u00e9 \u201cDa diversidade humana \u00e0 diversidade liter\u00e1ria\u201d (mesmo tema do Abril Liter\u00e1rio deste ano), e convida a refletir sobre a interlocu\u00e7\u00e3o entre a literatura e os processos sociais que marcam a diversidade humana.<\/p>\n\n\n\n<p class=\"has-text-align-center has-medium-font-size\"><strong>Mais atividades\u00a0<\/strong><\/p>\n\n\n\n<figure class=\"wp-block-image aligncenter size-large\"><img loading=\"lazy\" width=\"1024\" height=\"683\" src=\"https:\/\/portaleducacao.guarulhos.sp.gov.br\/wp_site\/abrilliterario\/wp-content\/uploads\/sites\/24\/2023\/04\/95c521e8-62bc-4088-8702-f2674dfa7d41-1024x683.jpg\" alt=\"\" class=\"wp-image-873\" srcset=\"https:\/\/portaleducacao.guarulhos.sp.gov.br\/wp_site\/abrilliterario\/wp-content\/uploads\/sites\/24\/2023\/04\/95c521e8-62bc-4088-8702-f2674dfa7d41-1024x683.jpg 1024w, https:\/\/portaleducacao.guarulhos.sp.gov.br\/wp_site\/abrilliterario\/wp-content\/uploads\/sites\/24\/2023\/04\/95c521e8-62bc-4088-8702-f2674dfa7d41-300x200.jpg 300w, https:\/\/portaleducacao.guarulhos.sp.gov.br\/wp_site\/abrilliterario\/wp-content\/uploads\/sites\/24\/2023\/04\/95c521e8-62bc-4088-8702-f2674dfa7d41-768x512.jpg 768w, https:\/\/portaleducacao.guarulhos.sp.gov.br\/wp_site\/abrilliterario\/wp-content\/uploads\/sites\/24\/2023\/04\/95c521e8-62bc-4088-8702-f2674dfa7d41-1536x1024.jpg 1536w, https:\/\/portaleducacao.guarulhos.sp.gov.br\/wp_site\/abrilliterario\/wp-content\/uploads\/sites\/24\/2023\/04\/95c521e8-62bc-4088-8702-f2674dfa7d41-2048x1365.jpg 2048w\" sizes=\"(max-width: 1024px) 100vw, 1024px\" \/><\/figure>\n\n\n\n<p><\/p>\n\n\n\n<p>Na pr\u00f3xima quinta-feira (13), \u00e0s 14h, tamb\u00e9m no Sal\u00e3o de Artes, acontece encontro formativo de vice-diretores e supervisores escolares com a escritora Luciene M\u00fcller com o tema Enfrentamento \u00e0s Vulnerabilidades por Meio da Paix\u00e3o pela Literatura.<\/p>\n\n\n\n<p>No canal da Secretaria de Educa\u00e7\u00e3o no YouTube (https:\/\/www.youtube.com\/@saberesemcasa) ser\u00e3o transmitidas palestras com os escritores Sergio Vaz, Rog\u00e9rio Andrade Barbosa, Pedro Bandeira e Andr\u00e9a Avelar.<\/p>\n\n\n\n<p>O Abril Liter\u00e1rio 2023 segue at\u00e9 o final do m\u00eas com uma programa\u00e7\u00e3o repleta de atividades e atra\u00e7\u00f5es para os mun\u00edcipes e apreciadores da literatura. Todas as escolas da Prefeitura, institui\u00e7\u00f5es parceiras, Centros Municipais de Educa\u00e7\u00e3o, Centros de Educa\u00e7\u00e3o Unificados (CEUs) e as bibliotecas de Guarulhos promover\u00e3o v\u00e1rias atividades e encontros liter\u00e1rios com alunos e a comunidade.<\/p>\n\n\n\n<figure class=\"wp-block-image aligncenter size-large\"><img loading=\"lazy\" width=\"1024\" height=\"683\" src=\"https:\/\/portaleducacao.guarulhos.sp.gov.br\/wp_site\/abrilliterario\/wp-content\/uploads\/sites\/24\/2023\/04\/ac6f472c-64d2-474a-9f2f-9a6925160843-1024x683.jpg\" alt=\"\" class=\"wp-image-874\" srcset=\"https:\/\/portaleducacao.guarulhos.sp.gov.br\/wp_site\/abrilliterario\/wp-content\/uploads\/sites\/24\/2023\/04\/ac6f472c-64d2-474a-9f2f-9a6925160843-1024x683.jpg 1024w, https:\/\/portaleducacao.guarulhos.sp.gov.br\/wp_site\/abrilliterario\/wp-content\/uploads\/sites\/24\/2023\/04\/ac6f472c-64d2-474a-9f2f-9a6925160843-300x200.jpg 300w, https:\/\/portaleducacao.guarulhos.sp.gov.br\/wp_site\/abrilliterario\/wp-content\/uploads\/sites\/24\/2023\/04\/ac6f472c-64d2-474a-9f2f-9a6925160843-768x512.jpg 768w, https:\/\/portaleducacao.guarulhos.sp.gov.br\/wp_site\/abrilliterario\/wp-content\/uploads\/sites\/24\/2023\/04\/ac6f472c-64d2-474a-9f2f-9a6925160843-1536x1024.jpg 1536w, https:\/\/portaleducacao.guarulhos.sp.gov.br\/wp_site\/abrilliterario\/wp-content\/uploads\/sites\/24\/2023\/04\/ac6f472c-64d2-474a-9f2f-9a6925160843-2048x1365.jpg 2048w\" sizes=\"(max-width: 1024px) 100vw, 1024px\" \/><\/figure>\n\n\n\n<p><\/p>\n\n\n\n<p class=\"has-medium-font-size\"><strong>Galeria<\/strong><\/p>\n\n\n\n<figure class=\"wp-container-2 wp-block-gallery-1 wp-block-gallery has-nested-images columns-default is-cropped\">\n<figure class=\"wp-block-image size-medium\"><img loading=\"lazy\" width=\"300\" height=\"200\" data-id=\"890\"  src=\"https:\/\/portaleducacao.guarulhos.sp.gov.br\/wp_site\/abrilliterario\/wp-content\/uploads\/sites\/24\/2023\/04\/16-300x200.jpg\" alt=\"\" class=\"wp-image-890\" srcset=\"https:\/\/portaleducacao.guarulhos.sp.gov.br\/wp_site\/abrilliterario\/wp-content\/uploads\/sites\/24\/2023\/04\/16-300x200.jpg 300w, https:\/\/portaleducacao.guarulhos.sp.gov.br\/wp_site\/abrilliterario\/wp-content\/uploads\/sites\/24\/2023\/04\/16-1024x683.jpg 1024w, https:\/\/portaleducacao.guarulhos.sp.gov.br\/wp_site\/abrilliterario\/wp-content\/uploads\/sites\/24\/2023\/04\/16-768x512.jpg 768w, https:\/\/portaleducacao.guarulhos.sp.gov.br\/wp_site\/abrilliterario\/wp-content\/uploads\/sites\/24\/2023\/04\/16-1536x1024.jpg 1536w, https:\/\/portaleducacao.guarulhos.sp.gov.br\/wp_site\/abrilliterario\/wp-content\/uploads\/sites\/24\/2023\/04\/16-2048x1365.jpg 2048w\" sizes=\"(max-width: 300px) 100vw, 300px\" \/><\/figure>\n\n\n\n<figure class=\"wp-block-image size-medium\"><img loading=\"lazy\" width=\"300\" height=\"200\" data-id=\"889\"  src=\"https:\/\/portaleducacao.guarulhos.sp.gov.br\/wp_site\/abrilliterario\/wp-content\/uploads\/sites\/24\/2023\/04\/15-300x200.jpg\" alt=\"\" class=\"wp-image-889\" srcset=\"https:\/\/portaleducacao.guarulhos.sp.gov.br\/wp_site\/abrilliterario\/wp-content\/uploads\/sites\/24\/2023\/04\/15-300x200.jpg 300w, https:\/\/portaleducacao.guarulhos.sp.gov.br\/wp_site\/abrilliterario\/wp-content\/uploads\/sites\/24\/2023\/04\/15-1024x683.jpg 1024w, https:\/\/portaleducacao.guarulhos.sp.gov.br\/wp_site\/abrilliterario\/wp-content\/uploads\/sites\/24\/2023\/04\/15-768x512.jpg 768w, https:\/\/portaleducacao.guarulhos.sp.gov.br\/wp_site\/abrilliterario\/wp-content\/uploads\/sites\/24\/2023\/04\/15-1536x1024.jpg 1536w, https:\/\/portaleducacao.guarulhos.sp.gov.br\/wp_site\/abrilliterario\/wp-content\/uploads\/sites\/24\/2023\/04\/15-2048x1365.jpg 2048w\" sizes=\"(max-width: 300px) 100vw, 300px\" \/><\/figure>\n\n\n\n<figure class=\"wp-block-image size-medium\"><img loading=\"lazy\" width=\"300\" height=\"200\" data-id=\"888\"  src=\"https:\/\/portaleducacao.guarulhos.sp.gov.br\/wp_site\/abrilliterario\/wp-content\/uploads\/sites\/24\/2023\/04\/14-300x200.jpg\" alt=\"\" class=\"wp-image-888\" srcset=\"https:\/\/portaleducacao.guarulhos.sp.gov.br\/wp_site\/abrilliterario\/wp-content\/uploads\/sites\/24\/2023\/04\/14-300x200.jpg 300w, https:\/\/portaleducacao.guarulhos.sp.gov.br\/wp_site\/abrilliterario\/wp-content\/uploads\/sites\/24\/2023\/04\/14-1024x683.jpg 1024w, https:\/\/portaleducacao.guarulhos.sp.gov.br\/wp_site\/abrilliterario\/wp-content\/uploads\/sites\/24\/2023\/04\/14-768x512.jpg 768w, https:\/\/portaleducacao.guarulhos.sp.gov.br\/wp_site\/abrilliterario\/wp-content\/uploads\/sites\/24\/2023\/04\/14-1536x1024.jpg 1536w, https:\/\/portaleducacao.guarulhos.sp.gov.br\/wp_site\/abrilliterario\/wp-content\/uploads\/sites\/24\/2023\/04\/14-2048x1365.jpg 2048w\" sizes=\"(max-width: 300px) 100vw, 300px\" \/><\/figure>\n\n\n\n<figure class=\"wp-block-image size-medium\"><img loading=\"lazy\" width=\"300\" height=\"208\" data-id=\"887\"  src=\"https:\/\/portaleducacao.guarulhos.sp.gov.br\/wp_site\/abrilliterario\/wp-content\/uploads\/sites\/24\/2023\/04\/13-300x208.jpg\" alt=\"\" class=\"wp-image-887\" srcset=\"https:\/\/portaleducacao.guarulhos.sp.gov.br\/wp_site\/abrilliterario\/wp-content\/uploads\/sites\/24\/2023\/04\/13-300x208.jpg 300w, https:\/\/portaleducacao.guarulhos.sp.gov.br\/wp_site\/abrilliterario\/wp-content\/uploads\/sites\/24\/2023\/04\/13-1024x710.jpg 1024w, https:\/\/portaleducacao.guarulhos.sp.gov.br\/wp_site\/abrilliterario\/wp-content\/uploads\/sites\/24\/2023\/04\/13-768x532.jpg 768w, https:\/\/portaleducacao.guarulhos.sp.gov.br\/wp_site\/abrilliterario\/wp-content\/uploads\/sites\/24\/2023\/04\/13.jpg 1180w\" sizes=\"(max-width: 300px) 100vw, 300px\" \/><\/figure>\n\n\n\n<figure class=\"wp-block-image size-medium\"><img loading=\"lazy\" width=\"300\" height=\"200\" data-id=\"886\"  src=\"https:\/\/portaleducacao.guarulhos.sp.gov.br\/wp_site\/abrilliterario\/wp-content\/uploads\/sites\/24\/2023\/04\/12-300x200.jpg\" alt=\"\" class=\"wp-image-886\" srcset=\"https:\/\/portaleducacao.guarulhos.sp.gov.br\/wp_site\/abrilliterario\/wp-content\/uploads\/sites\/24\/2023\/04\/12-300x200.jpg 300w, https:\/\/portaleducacao.guarulhos.sp.gov.br\/wp_site\/abrilliterario\/wp-content\/uploads\/sites\/24\/2023\/04\/12-1024x683.jpg 1024w, https:\/\/portaleducacao.guarulhos.sp.gov.br\/wp_site\/abrilliterario\/wp-content\/uploads\/sites\/24\/2023\/04\/12-768x512.jpg 768w, https:\/\/portaleducacao.guarulhos.sp.gov.br\/wp_site\/abrilliterario\/wp-content\/uploads\/sites\/24\/2023\/04\/12-1536x1024.jpg 1536w, https:\/\/portaleducacao.guarulhos.sp.gov.br\/wp_site\/abrilliterario\/wp-content\/uploads\/sites\/24\/2023\/04\/12-2048x1365.jpg 2048w\" sizes=\"(max-width: 300px) 100vw, 300px\" \/><\/figure>\n\n\n\n<figure class=\"wp-block-image size-medium\"><img loading=\"lazy\" width=\"300\" height=\"200\" data-id=\"885\"  src=\"https:\/\/portaleducacao.guarulhos.sp.gov.br\/wp_site\/abrilliterario\/wp-content\/uploads\/sites\/24\/2023\/04\/11-300x200.jpg\" alt=\"\" class=\"wp-image-885\" srcset=\"https:\/\/portaleducacao.guarulhos.sp.gov.br\/wp_site\/abrilliterario\/wp-content\/uploads\/sites\/24\/2023\/04\/11-300x200.jpg 300w, https:\/\/portaleducacao.guarulhos.sp.gov.br\/wp_site\/abrilliterario\/wp-content\/uploads\/sites\/24\/2023\/04\/11-1024x683.jpg 1024w, https:\/\/portaleducacao.guarulhos.sp.gov.br\/wp_site\/abrilliterario\/wp-content\/uploads\/sites\/24\/2023\/04\/11-768x512.jpg 768w, https:\/\/portaleducacao.guarulhos.sp.gov.br\/wp_site\/abrilliterario\/wp-content\/uploads\/sites\/24\/2023\/04\/11-1536x1024.jpg 1536w, https:\/\/portaleducacao.guarulhos.sp.gov.br\/wp_site\/abrilliterario\/wp-content\/uploads\/sites\/24\/2023\/04\/11-2048x1365.jpg 2048w\" sizes=\"(max-width: 300px) 100vw, 300px\" \/><\/figure>\n\n\n\n<figure class=\"wp-block-image size-medium\"><img loading=\"lazy\" width=\"300\" height=\"200\" data-id=\"884\"  src=\"https:\/\/portaleducacao.guarulhos.sp.gov.br\/wp_site\/abrilliterario\/wp-content\/uploads\/sites\/24\/2023\/04\/10-300x200.jpg\" alt=\"\" class=\"wp-image-884\" srcset=\"https:\/\/portaleducacao.guarulhos.sp.gov.br\/wp_site\/abrilliterario\/wp-content\/uploads\/sites\/24\/2023\/04\/10-300x200.jpg 300w, https:\/\/portaleducacao.guarulhos.sp.gov.br\/wp_site\/abrilliterario\/wp-content\/uploads\/sites\/24\/2023\/04\/10-1024x683.jpg 1024w, https:\/\/portaleducacao.guarulhos.sp.gov.br\/wp_site\/abrilliterario\/wp-content\/uploads\/sites\/24\/2023\/04\/10-768x512.jpg 768w, https:\/\/portaleducacao.guarulhos.sp.gov.br\/wp_site\/abrilliterario\/wp-content\/uploads\/sites\/24\/2023\/04\/10-1536x1024.jpg 1536w, https:\/\/portaleducacao.guarulhos.sp.gov.br\/wp_site\/abrilliterario\/wp-content\/uploads\/sites\/24\/2023\/04\/10-2048x1365.jpg 2048w\" sizes=\"(max-width: 300px) 100vw, 300px\" \/><\/figure>\n\n\n\n<figure class=\"wp-block-image size-medium\"><img loading=\"lazy\" width=\"300\" height=\"200\" data-id=\"883\"  src=\"https:\/\/portaleducacao.guarulhos.sp.gov.br\/wp_site\/abrilliterario\/wp-content\/uploads\/sites\/24\/2023\/04\/9-300x200.jpg\" alt=\"\" class=\"wp-image-883\" srcset=\"https:\/\/portaleducacao.guarulhos.sp.gov.br\/wp_site\/abrilliterario\/wp-content\/uploads\/sites\/24\/2023\/04\/9-300x200.jpg 300w, https:\/\/portaleducacao.guarulhos.sp.gov.br\/wp_site\/abrilliterario\/wp-content\/uploads\/sites\/24\/2023\/04\/9-1024x683.jpg 1024w, https:\/\/portaleducacao.guarulhos.sp.gov.br\/wp_site\/abrilliterario\/wp-content\/uploads\/sites\/24\/2023\/04\/9-768x512.jpg 768w, https:\/\/portaleducacao.guarulhos.sp.gov.br\/wp_site\/abrilliterario\/wp-content\/uploads\/sites\/24\/2023\/04\/9-1536x1024.jpg 1536w, https:\/\/portaleducacao.guarulhos.sp.gov.br\/wp_site\/abrilliterario\/wp-content\/uploads\/sites\/24\/2023\/04\/9-2048x1365.jpg 2048w\" sizes=\"(max-width: 300px) 100vw, 300px\" \/><\/figure>\n\n\n\n<figure class=\"wp-block-image size-medium\"><img loading=\"lazy\" width=\"300\" height=\"200\" data-id=\"882\"  src=\"https:\/\/portaleducacao.guarulhos.sp.gov.br\/wp_site\/abrilliterario\/wp-content\/uploads\/sites\/24\/2023\/04\/8-300x200.jpg\" alt=\"\" class=\"wp-image-882\" srcset=\"https:\/\/portaleducacao.guarulhos.sp.gov.br\/wp_site\/abrilliterario\/wp-content\/uploads\/sites\/24\/2023\/04\/8-300x200.jpg 300w, https:\/\/portaleducacao.guarulhos.sp.gov.br\/wp_site\/abrilliterario\/wp-content\/uploads\/sites\/24\/2023\/04\/8-1024x683.jpg 1024w, https:\/\/portaleducacao.guarulhos.sp.gov.br\/wp_site\/abrilliterario\/wp-content\/uploads\/sites\/24\/2023\/04\/8-768x512.jpg 768w, https:\/\/portaleducacao.guarulhos.sp.gov.br\/wp_site\/abrilliterario\/wp-content\/uploads\/sites\/24\/2023\/04\/8-1536x1024.jpg 1536w, https:\/\/portaleducacao.guarulhos.sp.gov.br\/wp_site\/abrilliterario\/wp-content\/uploads\/sites\/24\/2023\/04\/8-2048x1365.jpg 2048w\" sizes=\"(max-width: 300px) 100vw, 300px\" \/><\/figure>\n\n\n\n<figure class=\"wp-block-image size-medium\"><img loading=\"lazy\" width=\"300\" height=\"200\" data-id=\"880\"  src=\"https:\/\/portaleducacao.guarulhos.sp.gov.br\/wp_site\/abrilliterario\/wp-content\/uploads\/sites\/24\/2023\/04\/6-1-300x200.jpg\" alt=\"\" class=\"wp-image-880\" srcset=\"https:\/\/portaleducacao.guarulhos.sp.gov.br\/wp_site\/abrilliterario\/wp-content\/uploads\/sites\/24\/2023\/04\/6-1-300x200.jpg 300w, https:\/\/portaleducacao.guarulhos.sp.gov.br\/wp_site\/abrilliterario\/wp-content\/uploads\/sites\/24\/2023\/04\/6-1-1024x683.jpg 1024w, https:\/\/portaleducacao.guarulhos.sp.gov.br\/wp_site\/abrilliterario\/wp-content\/uploads\/sites\/24\/2023\/04\/6-1-768x512.jpg 768w, https:\/\/portaleducacao.guarulhos.sp.gov.br\/wp_site\/abrilliterario\/wp-content\/uploads\/sites\/24\/2023\/04\/6-1-1536x1024.jpg 1536w, https:\/\/portaleducacao.guarulhos.sp.gov.br\/wp_site\/abrilliterario\/wp-content\/uploads\/sites\/24\/2023\/04\/6-1-2048x1365.jpg 2048w\" sizes=\"(max-width: 300px) 100vw, 300px\" \/><\/figure>\n\n\n\n<figure class=\"wp-block-image size-medium\"><img loading=\"lazy\" width=\"300\" height=\"200\" data-id=\"879\"  src=\"https:\/\/portaleducacao.guarulhos.sp.gov.br\/wp_site\/abrilliterario\/wp-content\/uploads\/sites\/24\/2023\/04\/5-300x200.jpg\" alt=\"\" class=\"wp-image-879\" srcset=\"https:\/\/portaleducacao.guarulhos.sp.gov.br\/wp_site\/abrilliterario\/wp-content\/uploads\/sites\/24\/2023\/04\/5-300x200.jpg 300w, https:\/\/portaleducacao.guarulhos.sp.gov.br\/wp_site\/abrilliterario\/wp-content\/uploads\/sites\/24\/2023\/04\/5-1024x683.jpg 1024w, https:\/\/portaleducacao.guarulhos.sp.gov.br\/wp_site\/abrilliterario\/wp-content\/uploads\/sites\/24\/2023\/04\/5-768x512.jpg 768w, https:\/\/portaleducacao.guarulhos.sp.gov.br\/wp_site\/abrilliterario\/wp-content\/uploads\/sites\/24\/2023\/04\/5-1536x1024.jpg 1536w, https:\/\/portaleducacao.guarulhos.sp.gov.br\/wp_site\/abrilliterario\/wp-content\/uploads\/sites\/24\/2023\/04\/5-2048x1365.jpg 2048w\" sizes=\"(max-width: 300px) 100vw, 300px\" \/><\/figure>\n\n\n\n<figure class=\"wp-block-image size-medium\"><img loading=\"lazy\" width=\"300\" height=\"200\" data-id=\"878\"  src=\"https:\/\/portaleducacao.guarulhos.sp.gov.br\/wp_site\/abrilliterario\/wp-content\/uploads\/sites\/24\/2023\/04\/4-1-300x200.jpg\" alt=\"\" class=\"wp-image-878\" srcset=\"https:\/\/portaleducacao.guarulhos.sp.gov.br\/wp_site\/abrilliterario\/wp-content\/uploads\/sites\/24\/2023\/04\/4-1-300x200.jpg 300w, https:\/\/portaleducacao.guarulhos.sp.gov.br\/wp_site\/abrilliterario\/wp-content\/uploads\/sites\/24\/2023\/04\/4-1-1024x683.jpg 1024w, https:\/\/portaleducacao.guarulhos.sp.gov.br\/wp_site\/abrilliterario\/wp-content\/uploads\/sites\/24\/2023\/04\/4-1-768x512.jpg 768w, https:\/\/portaleducacao.guarulhos.sp.gov.br\/wp_site\/abrilliterario\/wp-content\/uploads\/sites\/24\/2023\/04\/4-1-1536x1024.jpg 1536w, https:\/\/portaleducacao.guarulhos.sp.gov.br\/wp_site\/abrilliterario\/wp-content\/uploads\/sites\/24\/2023\/04\/4-1-2048x1365.jpg 2048w\" sizes=\"(max-width: 300px) 100vw, 300px\" \/><\/figure>\n\n\n\n<figure class=\"wp-block-image size-medium\"><img loading=\"lazy\" width=\"300\" height=\"200\" data-id=\"877\"  src=\"https:\/\/portaleducacao.guarulhos.sp.gov.br\/wp_site\/abrilliterario\/wp-content\/uploads\/sites\/24\/2023\/04\/3-2-300x200.jpg\" alt=\"\" class=\"wp-image-877\" srcset=\"https:\/\/portaleducacao.guarulhos.sp.gov.br\/wp_site\/abrilliterario\/wp-content\/uploads\/sites\/24\/2023\/04\/3-2-300x200.jpg 300w, https:\/\/portaleducacao.guarulhos.sp.gov.br\/wp_site\/abrilliterario\/wp-content\/uploads\/sites\/24\/2023\/04\/3-2-1024x683.jpg 1024w, https:\/\/portaleducacao.guarulhos.sp.gov.br\/wp_site\/abrilliterario\/wp-content\/uploads\/sites\/24\/2023\/04\/3-2-768x512.jpg 768w, https:\/\/portaleducacao.guarulhos.sp.gov.br\/wp_site\/abrilliterario\/wp-content\/uploads\/sites\/24\/2023\/04\/3-2-1536x1024.jpg 1536w, https:\/\/portaleducacao.guarulhos.sp.gov.br\/wp_site\/abrilliterario\/wp-content\/uploads\/sites\/24\/2023\/04\/3-2-2048x1365.jpg 2048w\" sizes=\"(max-width: 300px) 100vw, 300px\" \/><\/figure>\n\n\n\n<figure class=\"wp-block-image size-medium\"><img loading=\"lazy\" width=\"300\" height=\"200\" data-id=\"876\"  src=\"https:\/\/portaleducacao.guarulhos.sp.gov.br\/wp_site\/abrilliterario\/wp-content\/uploads\/sites\/24\/2023\/04\/2-2-300x200.jpg\" alt=\"\" class=\"wp-image-876\" srcset=\"https:\/\/portaleducacao.guarulhos.sp.gov.br\/wp_site\/abrilliterario\/wp-content\/uploads\/sites\/24\/2023\/04\/2-2-300x200.jpg 300w, https:\/\/portaleducacao.guarulhos.sp.gov.br\/wp_site\/abrilliterario\/wp-content\/uploads\/sites\/24\/2023\/04\/2-2-1024x683.jpg 1024w, https:\/\/portaleducacao.guarulhos.sp.gov.br\/wp_site\/abrilliterario\/wp-content\/uploads\/sites\/24\/2023\/04\/2-2-768x512.jpg 768w, https:\/\/portaleducacao.guarulhos.sp.gov.br\/wp_site\/abrilliterario\/wp-content\/uploads\/sites\/24\/2023\/04\/2-2-1536x1024.jpg 1536w, https:\/\/portaleducacao.guarulhos.sp.gov.br\/wp_site\/abrilliterario\/wp-content\/uploads\/sites\/24\/2023\/04\/2-2-2048x1365.jpg 2048w\" sizes=\"(max-width: 300px) 100vw, 300px\" \/><\/figure>\n\n\n\n<figure class=\"wp-block-image size-medium\"><img loading=\"lazy\" width=\"300\" height=\"200\" data-id=\"875\"  src=\"https:\/\/portaleducacao.guarulhos.sp.gov.br\/wp_site\/abrilliterario\/wp-content\/uploads\/sites\/24\/2023\/04\/1-1-300x200.jpg\" alt=\"\" class=\"wp-image-875\" srcset=\"https:\/\/portaleducacao.guarulhos.sp.gov.br\/wp_site\/abrilliterario\/wp-content\/uploads\/sites\/24\/2023\/04\/1-1-300x200.jpg 300w, https:\/\/portaleducacao.guarulhos.sp.gov.br\/wp_site\/abrilliterario\/wp-content\/uploads\/sites\/24\/2023\/04\/1-1-1024x683.jpg 1024w, https:\/\/portaleducacao.guarulhos.sp.gov.br\/wp_site\/abrilliterario\/wp-content\/uploads\/sites\/24\/2023\/04\/1-1-768x512.jpg 768w, https:\/\/portaleducacao.guarulhos.sp.gov.br\/wp_site\/abrilliterario\/wp-content\/uploads\/sites\/24\/2023\/04\/1-1-1536x1024.jpg 1536w, https:\/\/portaleducacao.guarulhos.sp.gov.br\/wp_site\/abrilliterario\/wp-content\/uploads\/sites\/24\/2023\/04\/1-1-2048x1365.jpg 2048w\" sizes=\"(max-width: 300px) 100vw, 300px\" \/><\/figure>\n\n\n\n<figure class=\"wp-block-image size-medium\"><img loading=\"lazy\" width=\"300\" height=\"200\" data-id=\"874\"  src=\"https:\/\/portaleducacao.guarulhos.sp.gov.br\/wp_site\/abrilliterario\/wp-content\/uploads\/sites\/24\/2023\/04\/ac6f472c-64d2-474a-9f2f-9a6925160843-300x200.jpg\" alt=\"\" class=\"wp-image-874\" srcset=\"https:\/\/portaleducacao.guarulhos.sp.gov.br\/wp_site\/abrilliterario\/wp-content\/uploads\/sites\/24\/2023\/04\/ac6f472c-64d2-474a-9f2f-9a6925160843-300x200.jpg 300w, https:\/\/portaleducacao.guarulhos.sp.gov.br\/wp_site\/abrilliterario\/wp-content\/uploads\/sites\/24\/2023\/04\/ac6f472c-64d2-474a-9f2f-9a6925160843-1024x683.jpg 1024w, https:\/\/portaleducacao.guarulhos.sp.gov.br\/wp_site\/abrilliterario\/wp-content\/uploads\/sites\/24\/2023\/04\/ac6f472c-64d2-474a-9f2f-9a6925160843-768x512.jpg 768w, https:\/\/portaleducacao.guarulhos.sp.gov.br\/wp_site\/abrilliterario\/wp-content\/uploads\/sites\/24\/2023\/04\/ac6f472c-64d2-474a-9f2f-9a6925160843-1536x1024.jpg 1536w, https:\/\/portaleducacao.guarulhos.sp.gov.br\/wp_site\/abrilliterario\/wp-content\/uploads\/sites\/24\/2023\/04\/ac6f472c-64d2-474a-9f2f-9a6925160843-2048x1365.jpg 2048w\" sizes=\"(max-width: 300px) 100vw, 300px\" \/><\/figure>\n\n\n\n<figure class=\"wp-block-image size-medium\"><img loading=\"lazy\" width=\"300\" height=\"200\" data-id=\"872\"  src=\"https:\/\/portaleducacao.guarulhos.sp.gov.br\/wp_site\/abrilliterario\/wp-content\/uploads\/sites\/24\/2023\/04\/1bbe655b-b41f-4121-a9fa-febdb0c20edb-300x200.jpg\" alt=\"\" class=\"wp-image-872\" srcset=\"https:\/\/portaleducacao.guarulhos.sp.gov.br\/wp_site\/abrilliterario\/wp-content\/uploads\/sites\/24\/2023\/04\/1bbe655b-b41f-4121-a9fa-febdb0c20edb-300x200.jpg 300w, https:\/\/portaleducacao.guarulhos.sp.gov.br\/wp_site\/abrilliterario\/wp-content\/uploads\/sites\/24\/2023\/04\/1bbe655b-b41f-4121-a9fa-febdb0c20edb-1024x683.jpg 1024w, https:\/\/portaleducacao.guarulhos.sp.gov.br\/wp_site\/abrilliterario\/wp-content\/uploads\/sites\/24\/2023\/04\/1bbe655b-b41f-4121-a9fa-febdb0c20edb-768x512.jpg 768w, https:\/\/portaleducacao.guarulhos.sp.gov.br\/wp_site\/abrilliterario\/wp-content\/uploads\/sites\/24\/2023\/04\/1bbe655b-b41f-4121-a9fa-febdb0c20edb-1536x1024.jpg 1536w, https:\/\/portaleducacao.guarulhos.sp.gov.br\/wp_site\/abrilliterario\/wp-content\/uploads\/sites\/24\/2023\/04\/1bbe655b-b41f-4121-a9fa-febdb0c20edb-2048x1365.jpg 2048w\" sizes=\"(max-width: 300px) 100vw, 300px\" \/><\/figure>\n\n\n\n<figure class=\"wp-block-image size-medium\"><img loading=\"lazy\" width=\"300\" height=\"200\" data-id=\"871\"  src=\"https:\/\/portaleducacao.guarulhos.sp.gov.br\/wp_site\/abrilliterario\/wp-content\/uploads\/sites\/24\/2023\/04\/a05554df-1085-4889-b0ce-47184293546f-300x200.jpg\" alt=\"\" class=\"wp-image-871\" srcset=\"https:\/\/portaleducacao.guarulhos.sp.gov.br\/wp_site\/abrilliterario\/wp-content\/uploads\/sites\/24\/2023\/04\/a05554df-1085-4889-b0ce-47184293546f-300x200.jpg 300w, https:\/\/portaleducacao.guarulhos.sp.gov.br\/wp_site\/abrilliterario\/wp-content\/uploads\/sites\/24\/2023\/04\/a05554df-1085-4889-b0ce-47184293546f-1024x683.jpg 1024w, https:\/\/portaleducacao.guarulhos.sp.gov.br\/wp_site\/abrilliterario\/wp-content\/uploads\/sites\/24\/2023\/04\/a05554df-1085-4889-b0ce-47184293546f-768x512.jpg 768w, https:\/\/portaleducacao.guarulhos.sp.gov.br\/wp_site\/abrilliterario\/wp-content\/uploads\/sites\/24\/2023\/04\/a05554df-1085-4889-b0ce-47184293546f-1536x1024.jpg 1536w, https:\/\/portaleducacao.guarulhos.sp.gov.br\/wp_site\/abrilliterario\/wp-content\/uploads\/sites\/24\/2023\/04\/a05554df-1085-4889-b0ce-47184293546f-2048x1365.jpg 2048w\" sizes=\"(max-width: 300px) 100vw, 300px\" \/><\/figure>\n<\/figure>\n\n\n\n<p><a href=\"https:\/\/portaleducacao.guarulhos.sp.gov.br\/siseduc\/portal\/site\/detalhar\/conteudo\/6024\/\">https:\/\/portaleducacao.guarulhos.sp.gov.br\/siseduc\/portal\/site\/detalhar\/conteudo\/6024\/<\/a><\/p>\n","protected":false},"excerpt":{"rendered":"<p>Por Danielle AndradePublicado em 05\/04\/2023Editado em 12\/04\/2023, \u00e0s 16:44 O Teatro Adamastor recebeu na manh\u00e3 desta quarta-feira (5) a abertura do Abril Liter\u00e1rio 2023 &#8211; Literalmente Isso\u2026, com o tema &hellip;<\/p>\n<p class=\"read-more\"> <a class=\"\" href=\"https:\/\/portaleducacao.guarulhos.sp.gov.br\/wp_site\/abrilliterario\/2023\/04\/14\/programacao-cultural-com-palestras-e-entrega-de-livros-a-alunos-da-rede-municipal-marca-a-abertura-do-abril-literario\/\"> <span class=\"screen-reader-text\">Programa\u00e7\u00e3o cultural com palestras e entrega de livros a alunos da rede municipal marca a abertura do Abril Liter\u00e1rio<\/span> Leia mais &raquo;<\/a><\/p>\n","protected":false},"author":8,"featured_media":868,"comment_status":"closed","ping_status":"open","sticky":false,"template":"","format":"standard","meta":{"_monsterinsights_skip_tracking":false,"_monsterinsights_sitenote_active":false,"_monsterinsights_sitenote_note":"","_monsterinsights_sitenote_category":0,"site-sidebar-layout":"default","site-content-layout":"default","ast-global-header-display":"","ast-main-header-display":"","ast-hfb-above-header-display":"","ast-hfb-below-header-display":"","ast-hfb-mobile-header-display":"","site-post-title":"","ast-breadcrumbs-content":"","ast-featured-img":"","footer-sml-layout":"","theme-transparent-header-meta":"","adv-header-id-meta":"","stick-header-meta":"","header-above-stick-meta":"","header-main-stick-meta":"","header-below-stick-meta":"","_expiration-date-status":"","_expiration-date":0,"_expiration-date-type":"","_expiration-date-categories":[],"_expiration-date-options":[]},"categories":[34],"tags":[],"yoast_head":"<!-- This site is optimized with the Yoast SEO plugin v19.7.1 - https:\/\/yoast.com\/wordpress\/plugins\/seo\/ -->\r\n<title>Programa\u00e7\u00e3o cultural com palestras e entrega de livros a alunos da rede municipal marca a abertura do Abril Liter\u00e1rio - Abril Liter\u00e1rio<\/title>\r\n<meta name=\"robots\" content=\"index, follow, max-snippet:-1, max-image-preview:large, max-video-preview:-1\" \/>\r\n<link rel=\"canonical\" href=\"https:\/\/portaleducacao.guarulhos.sp.gov.br\/wp_site\/abrilliterario\/2023\/04\/14\/programacao-cultural-com-palestras-e-entrega-de-livros-a-alunos-da-rede-municipal-marca-a-abertura-do-abril-literario\/\" \/>\r\n<meta property=\"og:locale\" content=\"pt_BR\" \/>\r\n<meta property=\"og:type\" content=\"article\" \/>\r\n<meta property=\"og:title\" content=\"Programa\u00e7\u00e3o cultural com palestras e entrega de livros a alunos da rede municipal marca a abertura do Abril Liter\u00e1rio - Abril Liter\u00e1rio\" \/>\r\n<meta property=\"og:description\" content=\"Por Danielle AndradePublicado em 05\/04\/2023Editado em 12\/04\/2023, \u00e0s 16:44 O Teatro Adamastor recebeu na manh\u00e3 desta quarta-feira (5) a abertura do Abril Liter\u00e1rio 2023 &#8211; Literalmente Isso\u2026, com o tema &hellip; Programa\u00e7\u00e3o cultural com palestras e entrega de livros a alunos da rede municipal marca a abertura do Abril Liter\u00e1rio Leia mais &raquo;\" \/>\r\n<meta property=\"og:url\" content=\"https:\/\/portaleducacao.guarulhos.sp.gov.br\/wp_site\/abrilliterario\/2023\/04\/14\/programacao-cultural-com-palestras-e-entrega-de-livros-a-alunos-da-rede-municipal-marca-a-abertura-do-abril-literario\/\" \/>\r\n<meta property=\"og:site_name\" content=\"Abril Liter\u00e1rio\" \/>\r\n<meta property=\"article:published_time\" content=\"2023-04-14T18:17:20+00:00\" \/>\r\n<meta property=\"article:modified_time\" content=\"2023-04-14T18:32:31+00:00\" \/>\r\n<meta property=\"og:image\" content=\"http:\/\/portaleducacao.guarulhos.sp.gov.br\/wp_site\/abrilliterario\/wp-content\/uploads\/sites\/24\/2023\/04\/7bf7b673-6a94-41b6-a3a1-f2bf996a7c5c-scaled.jpg\" \/>\r\n\t<meta property=\"og:image:width\" content=\"2560\" \/>\r\n\t<meta property=\"og:image:height\" content=\"1725\" \/>\r\n\t<meta property=\"og:image:type\" content=\"image\/jpeg\" \/>\r\n<meta name=\"author\" content=\"Programas e Projetos\" \/>\r\n<meta name=\"twitter:card\" content=\"summary_large_image\" \/>\r\n<meta name=\"twitter:label1\" content=\"Escrito por\" \/>\n\t<meta name=\"twitter:data1\" content=\"Programas e Projetos\" \/>\n\t<meta name=\"twitter:label2\" content=\"Est. tempo de leitura\" \/>\n\t<meta name=\"twitter:data2\" content=\"10 minutos\" \/>\r\n<script type=\"application\/ld+json\" class=\"yoast-schema-graph\">{\"@context\":\"https:\/\/schema.org\",\"@graph\":[{\"@type\":\"WebPage\",\"@id\":\"https:\/\/portaleducacao.guarulhos.sp.gov.br\/wp_site\/abrilliterario\/2023\/04\/14\/programacao-cultural-com-palestras-e-entrega-de-livros-a-alunos-da-rede-municipal-marca-a-abertura-do-abril-literario\/\",\"url\":\"https:\/\/portaleducacao.guarulhos.sp.gov.br\/wp_site\/abrilliterario\/2023\/04\/14\/programacao-cultural-com-palestras-e-entrega-de-livros-a-alunos-da-rede-municipal-marca-a-abertura-do-abril-literario\/\",\"name\":\"Programa\u00e7\u00e3o cultural com palestras e entrega de livros a alunos da rede municipal marca a abertura do Abril Liter\u00e1rio - Abril Liter\u00e1rio\",\"isPartOf\":{\"@id\":\"https:\/\/portaleducacao.guarulhos.sp.gov.br\/wp_site\/abrilliterario\/#website\"},\"datePublished\":\"2023-04-14T18:17:20+00:00\",\"dateModified\":\"2023-04-14T18:32:31+00:00\",\"author\":{\"@id\":\"https:\/\/portaleducacao.guarulhos.sp.gov.br\/wp_site\/abrilliterario\/#\/schema\/person\/e8e9fffd002bb931a098d764df5fe663\"},\"breadcrumb\":{\"@id\":\"https:\/\/portaleducacao.guarulhos.sp.gov.br\/wp_site\/abrilliterario\/2023\/04\/14\/programacao-cultural-com-palestras-e-entrega-de-livros-a-alunos-da-rede-municipal-marca-a-abertura-do-abril-literario\/#breadcrumb\"},\"inLanguage\":\"pt-BR\",\"potentialAction\":[{\"@type\":\"ReadAction\",\"target\":[\"https:\/\/portaleducacao.guarulhos.sp.gov.br\/wp_site\/abrilliterario\/2023\/04\/14\/programacao-cultural-com-palestras-e-entrega-de-livros-a-alunos-da-rede-municipal-marca-a-abertura-do-abril-literario\/\"]}]},{\"@type\":\"BreadcrumbList\",\"@id\":\"https:\/\/portaleducacao.guarulhos.sp.gov.br\/wp_site\/abrilliterario\/2023\/04\/14\/programacao-cultural-com-palestras-e-entrega-de-livros-a-alunos-da-rede-municipal-marca-a-abertura-do-abril-literario\/#breadcrumb\",\"itemListElement\":[{\"@type\":\"ListItem\",\"position\":1,\"name\":\"In\u00edcio\",\"item\":\"https:\/\/portaleducacao.guarulhos.sp.gov.br\/wp_site\/abrilliterario\/\"},{\"@type\":\"ListItem\",\"position\":2,\"name\":\"Programa\u00e7\u00e3o cultural com palestras e entrega de livros a alunos da rede municipal marca a abertura do Abril Liter\u00e1rio\"}]},{\"@type\":\"WebSite\",\"@id\":\"https:\/\/portaleducacao.guarulhos.sp.gov.br\/wp_site\/abrilliterario\/#website\",\"url\":\"https:\/\/portaleducacao.guarulhos.sp.gov.br\/wp_site\/abrilliterario\/\",\"name\":\"Abril Liter\u00e1rio\",\"description\":\"Literalmente isso...\",\"potentialAction\":[{\"@type\":\"SearchAction\",\"target\":{\"@type\":\"EntryPoint\",\"urlTemplate\":\"https:\/\/portaleducacao.guarulhos.sp.gov.br\/wp_site\/abrilliterario\/?s={search_term_string}\"},\"query-input\":\"required name=search_term_string\"}],\"inLanguage\":\"pt-BR\"},{\"@type\":\"Person\",\"@id\":\"https:\/\/portaleducacao.guarulhos.sp.gov.br\/wp_site\/abrilliterario\/#\/schema\/person\/e8e9fffd002bb931a098d764df5fe663\",\"name\":\"Programas e Projetos\",\"image\":{\"@type\":\"ImageObject\",\"inLanguage\":\"pt-BR\",\"@id\":\"https:\/\/portaleducacao.guarulhos.sp.gov.br\/wp_site\/abrilliterario\/#\/schema\/person\/image\/\",\"url\":\"https:\/\/secure.gravatar.com\/avatar\/5d11d5b4f6464e238415ff43bd8a530c?s=96&d=mm&r=g\",\"contentUrl\":\"https:\/\/secure.gravatar.com\/avatar\/5d11d5b4f6464e238415ff43bd8a530c?s=96&d=mm&r=g\",\"caption\":\"Programas e Projetos\"},\"url\":\"https:\/\/portaleducacao.guarulhos.sp.gov.br\/wp_site\/abrilliterario\/author\/programas\/\"}]}<\/script>\r\n<!-- \/ Yoast SEO plugin. -->","yoast_head_json":{"title":"Programa\u00e7\u00e3o cultural com palestras e entrega de livros a alunos da rede municipal marca a abertura do Abril Liter\u00e1rio - Abril Liter\u00e1rio","robots":{"index":"index","follow":"follow","max-snippet":"max-snippet:-1","max-image-preview":"max-image-preview:large","max-video-preview":"max-video-preview:-1"},"canonical":"https:\/\/portaleducacao.guarulhos.sp.gov.br\/wp_site\/abrilliterario\/2023\/04\/14\/programacao-cultural-com-palestras-e-entrega-de-livros-a-alunos-da-rede-municipal-marca-a-abertura-do-abril-literario\/","og_locale":"pt_BR","og_type":"article","og_title":"Programa\u00e7\u00e3o cultural com palestras e entrega de livros a alunos da rede municipal marca a abertura do Abril Liter\u00e1rio - Abril Liter\u00e1rio","og_description":"Por Danielle AndradePublicado em 05\/04\/2023Editado em 12\/04\/2023, \u00e0s 16:44 O Teatro Adamastor recebeu na manh\u00e3 desta quarta-feira (5) a abertura do Abril Liter\u00e1rio 2023 &#8211; Literalmente Isso\u2026, com o tema &hellip; Programa\u00e7\u00e3o cultural com palestras e entrega de livros a alunos da rede municipal marca a abertura do Abril Liter\u00e1rio Leia mais &raquo;","og_url":"https:\/\/portaleducacao.guarulhos.sp.gov.br\/wp_site\/abrilliterario\/2023\/04\/14\/programacao-cultural-com-palestras-e-entrega-de-livros-a-alunos-da-rede-municipal-marca-a-abertura-do-abril-literario\/","og_site_name":"Abril Liter\u00e1rio","article_published_time":"2023-04-14T18:17:20+00:00","article_modified_time":"2023-04-14T18:32:31+00:00","og_image":[{"width":2560,"height":1725,"url":"http:\/\/portaleducacao.guarulhos.sp.gov.br\/wp_site\/abrilliterario\/wp-content\/uploads\/sites\/24\/2023\/04\/7bf7b673-6a94-41b6-a3a1-f2bf996a7c5c-scaled.jpg","type":"image\/jpeg"}],"author":"Programas e Projetos","twitter_card":"summary_large_image","twitter_misc":{"Escrito por":"Programas e Projetos","Est. tempo de leitura":"10 minutos"},"schema":{"@context":"https:\/\/schema.org","@graph":[{"@type":"WebPage","@id":"https:\/\/portaleducacao.guarulhos.sp.gov.br\/wp_site\/abrilliterario\/2023\/04\/14\/programacao-cultural-com-palestras-e-entrega-de-livros-a-alunos-da-rede-municipal-marca-a-abertura-do-abril-literario\/","url":"https:\/\/portaleducacao.guarulhos.sp.gov.br\/wp_site\/abrilliterario\/2023\/04\/14\/programacao-cultural-com-palestras-e-entrega-de-livros-a-alunos-da-rede-municipal-marca-a-abertura-do-abril-literario\/","name":"Programa\u00e7\u00e3o cultural com palestras e entrega de livros a alunos da rede municipal marca a abertura do Abril Liter\u00e1rio - Abril Liter\u00e1rio","isPartOf":{"@id":"https:\/\/portaleducacao.guarulhos.sp.gov.br\/wp_site\/abrilliterario\/#website"},"datePublished":"2023-04-14T18:17:20+00:00","dateModified":"2023-04-14T18:32:31+00:00","author":{"@id":"https:\/\/portaleducacao.guarulhos.sp.gov.br\/wp_site\/abrilliterario\/#\/schema\/person\/e8e9fffd002bb931a098d764df5fe663"},"breadcrumb":{"@id":"https:\/\/portaleducacao.guarulhos.sp.gov.br\/wp_site\/abrilliterario\/2023\/04\/14\/programacao-cultural-com-palestras-e-entrega-de-livros-a-alunos-da-rede-municipal-marca-a-abertura-do-abril-literario\/#breadcrumb"},"inLanguage":"pt-BR","potentialAction":[{"@type":"ReadAction","target":["https:\/\/portaleducacao.guarulhos.sp.gov.br\/wp_site\/abrilliterario\/2023\/04\/14\/programacao-cultural-com-palestras-e-entrega-de-livros-a-alunos-da-rede-municipal-marca-a-abertura-do-abril-literario\/"]}]},{"@type":"BreadcrumbList","@id":"https:\/\/portaleducacao.guarulhos.sp.gov.br\/wp_site\/abrilliterario\/2023\/04\/14\/programacao-cultural-com-palestras-e-entrega-de-livros-a-alunos-da-rede-municipal-marca-a-abertura-do-abril-literario\/#breadcrumb","itemListElement":[{"@type":"ListItem","position":1,"name":"In\u00edcio","item":"https:\/\/portaleducacao.guarulhos.sp.gov.br\/wp_site\/abrilliterario\/"},{"@type":"ListItem","position":2,"name":"Programa\u00e7\u00e3o cultural com palestras e entrega de livros a alunos da rede municipal marca a abertura do Abril Liter\u00e1rio"}]},{"@type":"WebSite","@id":"https:\/\/portaleducacao.guarulhos.sp.gov.br\/wp_site\/abrilliterario\/#website","url":"https:\/\/portaleducacao.guarulhos.sp.gov.br\/wp_site\/abrilliterario\/","name":"Abril Liter\u00e1rio","description":"Literalmente isso...","potentialAction":[{"@type":"SearchAction","target":{"@type":"EntryPoint","urlTemplate":"https:\/\/portaleducacao.guarulhos.sp.gov.br\/wp_site\/abrilliterario\/?s={search_term_string}"},"query-input":"required name=search_term_string"}],"inLanguage":"pt-BR"},{"@type":"Person","@id":"https:\/\/portaleducacao.guarulhos.sp.gov.br\/wp_site\/abrilliterario\/#\/schema\/person\/e8e9fffd002bb931a098d764df5fe663","name":"Programas e Projetos","image":{"@type":"ImageObject","inLanguage":"pt-BR","@id":"https:\/\/portaleducacao.guarulhos.sp.gov.br\/wp_site\/abrilliterario\/#\/schema\/person\/image\/","url":"https:\/\/secure.gravatar.com\/avatar\/5d11d5b4f6464e238415ff43bd8a530c?s=96&d=mm&r=g","contentUrl":"https:\/\/secure.gravatar.com\/avatar\/5d11d5b4f6464e238415ff43bd8a530c?s=96&d=mm&r=g","caption":"Programas e Projetos"},"url":"https:\/\/portaleducacao.guarulhos.sp.gov.br\/wp_site\/abrilliterario\/author\/programas\/"}]}},"_links":{"self":[{"href":"https:\/\/portaleducacao.guarulhos.sp.gov.br\/wp_site\/abrilliterario\/wp-json\/wp\/v2\/posts\/867"}],"collection":[{"href":"https:\/\/portaleducacao.guarulhos.sp.gov.br\/wp_site\/abrilliterario\/wp-json\/wp\/v2\/posts"}],"about":[{"href":"https:\/\/portaleducacao.guarulhos.sp.gov.br\/wp_site\/abrilliterario\/wp-json\/wp\/v2\/types\/post"}],"author":[{"embeddable":true,"href":"https:\/\/portaleducacao.guarulhos.sp.gov.br\/wp_site\/abrilliterario\/wp-json\/wp\/v2\/users\/8"}],"replies":[{"embeddable":true,"href":"https:\/\/portaleducacao.guarulhos.sp.gov.br\/wp_site\/abrilliterario\/wp-json\/wp\/v2\/comments?post=867"}],"version-history":[{"count":3,"href":"https:\/\/portaleducacao.guarulhos.sp.gov.br\/wp_site\/abrilliterario\/wp-json\/wp\/v2\/posts\/867\/revisions"}],"predecessor-version":[{"id":895,"href":"https:\/\/portaleducacao.guarulhos.sp.gov.br\/wp_site\/abrilliterario\/wp-json\/wp\/v2\/posts\/867\/revisions\/895"}],"wp:featuredmedia":[{"embeddable":true,"href":"https:\/\/portaleducacao.guarulhos.sp.gov.br\/wp_site\/abrilliterario\/wp-json\/wp\/v2\/media\/868"}],"wp:attachment":[{"href":"https:\/\/portaleducacao.guarulhos.sp.gov.br\/wp_site\/abrilliterario\/wp-json\/wp\/v2\/media?parent=867"}],"wp:term":[{"taxonomy":"category","embeddable":true,"href":"https:\/\/portaleducacao.guarulhos.sp.gov.br\/wp_site\/abrilliterario\/wp-json\/wp\/v2\/categories?post=867"},{"taxonomy":"post_tag","embeddable":true,"href":"https:\/\/portaleducacao.guarulhos.sp.gov.br\/wp_site\/abrilliterario\/wp-json\/wp\/v2\/tags?post=867"}],"curies":[{"name":"wp","href":"https:\/\/api.w.org\/{rel}","templated":true}]}}