{"id":975,"date":"2023-04-25T16:51:57","date_gmt":"2023-04-25T19:51:57","guid":{"rendered":"https:\/\/portaleducacao.guarulhos.sp.gov.br\/wp_site\/abrilliterario\/?p=975"},"modified":"2024-04-09T16:07:00","modified_gmt":"2024-04-09T19:07:00","slug":"as-escolas-epg-demilia-e-epg-dalmeida-barbosa-escolas-polo-da-modalidade-eja-reuniram-se-na-noite-do-dia-24-04-para-a-culminancia-do-projeto-liberte-um-texto","status":"publish","type":"post","link":"https:\/\/portaleducacao.guarulhos.sp.gov.br\/wp_site\/abrilliterario\/2023\/04\/25\/as-escolas-epg-demilia-e-epg-dalmeida-barbosa-escolas-polo-da-modalidade-eja-reuniram-se-na-noite-do-dia-24-04-para-a-culminancia-do-projeto-liberte-um-texto\/","title":{"rendered":"EPGs Da Em\u00edlia e D&#8217;Almeida Barbosa se re\u00fanem para culmin\u00e2ncia do projeto &#8220;Liberte um texto&#8221;"},"content":{"rendered":"\n<p><strong>Por Jefferson Carvalho<br>Editado em 25\/04\/2023<br>Fotos Antonieta Melo<\/strong><\/p>\n\n\n\n<figure class=\"wp-block-image aligncenter size-large\"><img loading=\"lazy\" width=\"1024\" height=\"768\" src=\"https:\/\/portaleducacao.guarulhos.sp.gov.br\/wp_site\/abrilliterario\/wp-content\/uploads\/sites\/24\/2023\/04\/WhatsApp-Image-2023-04-25-at-14.17.45-2-1024x768.jpeg\" alt=\"\" class=\"wp-image-976\" srcset=\"https:\/\/portaleducacao.guarulhos.sp.gov.br\/wp_site\/abrilliterario\/wp-content\/uploads\/sites\/24\/2023\/04\/WhatsApp-Image-2023-04-25-at-14.17.45-2-1024x768.jpeg 1024w, https:\/\/portaleducacao.guarulhos.sp.gov.br\/wp_site\/abrilliterario\/wp-content\/uploads\/sites\/24\/2023\/04\/WhatsApp-Image-2023-04-25-at-14.17.45-2-300x225.jpeg 300w, https:\/\/portaleducacao.guarulhos.sp.gov.br\/wp_site\/abrilliterario\/wp-content\/uploads\/sites\/24\/2023\/04\/WhatsApp-Image-2023-04-25-at-14.17.45-2-768x576.jpeg 768w, https:\/\/portaleducacao.guarulhos.sp.gov.br\/wp_site\/abrilliterario\/wp-content\/uploads\/sites\/24\/2023\/04\/WhatsApp-Image-2023-04-25-at-14.17.45-2-1536x1152.jpeg 1536w, https:\/\/portaleducacao.guarulhos.sp.gov.br\/wp_site\/abrilliterario\/wp-content\/uploads\/sites\/24\/2023\/04\/WhatsApp-Image-2023-04-25-at-14.17.45-2.jpeg 1600w\" sizes=\"(max-width: 1024px) 100vw, 1024px\" \/><figcaption class=\"wp-element-caption\"><strong><sup>Fotos: Antonieta Melo<\/sup><\/strong><\/figcaption><\/figure>\n\n\n\n<p>Contou com a presen\u00e7a do poeta guarulhense C\u00e9sar Magalh\u00e3es Borges, que trouxe um pouco de suas obras para os educandos ali presentes. O projeto foi pensado pelo grupo de professores e Coordenadores que comp\u00f5em o polo da EJA .<\/p>\n\n\n\n<figure class=\"wp-block-image aligncenter size-large\"><img loading=\"lazy\" width=\"1024\" height=\"576\" src=\"https:\/\/portaleducacao.guarulhos.sp.gov.br\/wp_site\/abrilliterario\/wp-content\/uploads\/sites\/24\/2023\/04\/WhatsApp-Image-2023-04-25-at-16.14.59-1024x576.jpeg\" alt=\"\" class=\"wp-image-979\" srcset=\"https:\/\/portaleducacao.guarulhos.sp.gov.br\/wp_site\/abrilliterario\/wp-content\/uploads\/sites\/24\/2023\/04\/WhatsApp-Image-2023-04-25-at-16.14.59-1024x576.jpeg 1024w, https:\/\/portaleducacao.guarulhos.sp.gov.br\/wp_site\/abrilliterario\/wp-content\/uploads\/sites\/24\/2023\/04\/WhatsApp-Image-2023-04-25-at-16.14.59-300x169.jpeg 300w, https:\/\/portaleducacao.guarulhos.sp.gov.br\/wp_site\/abrilliterario\/wp-content\/uploads\/sites\/24\/2023\/04\/WhatsApp-Image-2023-04-25-at-16.14.59-768x432.jpeg 768w, https:\/\/portaleducacao.guarulhos.sp.gov.br\/wp_site\/abrilliterario\/wp-content\/uploads\/sites\/24\/2023\/04\/WhatsApp-Image-2023-04-25-at-16.14.59-1536x864.jpeg 1536w, https:\/\/portaleducacao.guarulhos.sp.gov.br\/wp_site\/abrilliterario\/wp-content\/uploads\/sites\/24\/2023\/04\/WhatsApp-Image-2023-04-25-at-16.14.59.jpeg 1600w\" sizes=\"(max-width: 1024px) 100vw, 1024px\" \/><\/figure>\n\n\n\n<p><\/p>\n\n\n\n<p>Durante a constru\u00e7\u00e3o os educandos tiveram acesso as obras do autor e desenvolveram releituras dos poemas de C\u00e9sar, no espa\u00e7o do evento que aconteceu na EPG D&#8217;EMILIA. Expuseram suas cria\u00e7\u00f5es a partir das capas dos livros e colocaram os poemas numa pequena gaiola de p\u00e1ssaros onde o p\u00fablico poderia livremente escolher um papel com o poema e realizar a leitura , este projeto foi incentivado pela proposta do <strong>Abril Liter\u00e1rio Literalmente isso&#8230; 2023 &#8220;Da Diversidade Humana \u00e0 Diversidade Liter\u00e1ria&#8221;<\/strong>, que fomenta a leitura e escrita envolvendo educadores, educandos da Secretaria Municipal de educa\u00e7\u00e3o.<\/p>\n\n\n\n<figure class=\"wp-container-2 wp-block-gallery-1 wp-block-gallery has-nested-images columns-default is-cropped\">\n<figure class=\"wp-block-image size-large\"><img loading=\"lazy\" width=\"1024\" height=\"768\" data-id=\"1003\"  src=\"https:\/\/portaleducacao.guarulhos.sp.gov.br\/wp_site\/abrilliterario\/wp-content\/uploads\/sites\/24\/2023\/04\/WhatsApp-Image-2023-04-25-at-14.17.45-1-4-1024x768.jpeg\" alt=\"\" class=\"wp-image-1003\" srcset=\"https:\/\/portaleducacao.guarulhos.sp.gov.br\/wp_site\/abrilliterario\/wp-content\/uploads\/sites\/24\/2023\/04\/WhatsApp-Image-2023-04-25-at-14.17.45-1-4-1024x768.jpeg 1024w, https:\/\/portaleducacao.guarulhos.sp.gov.br\/wp_site\/abrilliterario\/wp-content\/uploads\/sites\/24\/2023\/04\/WhatsApp-Image-2023-04-25-at-14.17.45-1-4-300x225.jpeg 300w, https:\/\/portaleducacao.guarulhos.sp.gov.br\/wp_site\/abrilliterario\/wp-content\/uploads\/sites\/24\/2023\/04\/WhatsApp-Image-2023-04-25-at-14.17.45-1-4-768x576.jpeg 768w, https:\/\/portaleducacao.guarulhos.sp.gov.br\/wp_site\/abrilliterario\/wp-content\/uploads\/sites\/24\/2023\/04\/WhatsApp-Image-2023-04-25-at-14.17.45-1-4-1536x1152.jpeg 1536w, https:\/\/portaleducacao.guarulhos.sp.gov.br\/wp_site\/abrilliterario\/wp-content\/uploads\/sites\/24\/2023\/04\/WhatsApp-Image-2023-04-25-at-14.17.45-1-4.jpeg 1600w\" sizes=\"(max-width: 1024px) 100vw, 1024px\" \/><\/figure>\n\n\n\n<figure class=\"wp-block-image size-large\"><img loading=\"lazy\" width=\"1024\" height=\"768\" data-id=\"1000\"  src=\"https:\/\/portaleducacao.guarulhos.sp.gov.br\/wp_site\/abrilliterario\/wp-content\/uploads\/sites\/24\/2023\/04\/WhatsApp-Image-2023-04-25-at-14.17.45-3-3-1024x768.jpeg\" alt=\"\" class=\"wp-image-1000\" srcset=\"https:\/\/portaleducacao.guarulhos.sp.gov.br\/wp_site\/abrilliterario\/wp-content\/uploads\/sites\/24\/2023\/04\/WhatsApp-Image-2023-04-25-at-14.17.45-3-3-1024x768.jpeg 1024w, https:\/\/portaleducacao.guarulhos.sp.gov.br\/wp_site\/abrilliterario\/wp-content\/uploads\/sites\/24\/2023\/04\/WhatsApp-Image-2023-04-25-at-14.17.45-3-3-300x225.jpeg 300w, https:\/\/portaleducacao.guarulhos.sp.gov.br\/wp_site\/abrilliterario\/wp-content\/uploads\/sites\/24\/2023\/04\/WhatsApp-Image-2023-04-25-at-14.17.45-3-3-768x576.jpeg 768w, https:\/\/portaleducacao.guarulhos.sp.gov.br\/wp_site\/abrilliterario\/wp-content\/uploads\/sites\/24\/2023\/04\/WhatsApp-Image-2023-04-25-at-14.17.45-3-3-1536x1152.jpeg 1536w, https:\/\/portaleducacao.guarulhos.sp.gov.br\/wp_site\/abrilliterario\/wp-content\/uploads\/sites\/24\/2023\/04\/WhatsApp-Image-2023-04-25-at-14.17.45-3-3.jpeg 1600w\" sizes=\"(max-width: 1024px) 100vw, 1024px\" \/><\/figure>\n\n\n\n<figure class=\"wp-block-image size-large\"><img loading=\"lazy\" width=\"768\" height=\"1024\" data-id=\"1005\"  src=\"https:\/\/portaleducacao.guarulhos.sp.gov.br\/wp_site\/abrilliterario\/wp-content\/uploads\/sites\/24\/2023\/04\/WhatsApp-Image-2023-04-25-at-14.17.45-6-768x1024.jpeg\" alt=\"\" class=\"wp-image-1005\" srcset=\"https:\/\/portaleducacao.guarulhos.sp.gov.br\/wp_site\/abrilliterario\/wp-content\/uploads\/sites\/24\/2023\/04\/WhatsApp-Image-2023-04-25-at-14.17.45-6-768x1024.jpeg 768w, https:\/\/portaleducacao.guarulhos.sp.gov.br\/wp_site\/abrilliterario\/wp-content\/uploads\/sites\/24\/2023\/04\/WhatsApp-Image-2023-04-25-at-14.17.45-6-225x300.jpeg 225w, https:\/\/portaleducacao.guarulhos.sp.gov.br\/wp_site\/abrilliterario\/wp-content\/uploads\/sites\/24\/2023\/04\/WhatsApp-Image-2023-04-25-at-14.17.45-6-1152x1536.jpeg 1152w, https:\/\/portaleducacao.guarulhos.sp.gov.br\/wp_site\/abrilliterario\/wp-content\/uploads\/sites\/24\/2023\/04\/WhatsApp-Image-2023-04-25-at-14.17.45-6.jpeg 1200w\" sizes=\"(max-width: 768px) 100vw, 768px\" \/><\/figure>\n\n\n\n<figure class=\"wp-block-image size-large\"><img loading=\"lazy\" width=\"1024\" height=\"768\" data-id=\"1002\"  src=\"https:\/\/portaleducacao.guarulhos.sp.gov.br\/wp_site\/abrilliterario\/wp-content\/uploads\/sites\/24\/2023\/04\/WhatsApp-Image-2023-04-25-at-14.17.46-1-4-1024x768.jpeg\" alt=\"\" class=\"wp-image-1002\" srcset=\"https:\/\/portaleducacao.guarulhos.sp.gov.br\/wp_site\/abrilliterario\/wp-content\/uploads\/sites\/24\/2023\/04\/WhatsApp-Image-2023-04-25-at-14.17.46-1-4-1024x768.jpeg 1024w, https:\/\/portaleducacao.guarulhos.sp.gov.br\/wp_site\/abrilliterario\/wp-content\/uploads\/sites\/24\/2023\/04\/WhatsApp-Image-2023-04-25-at-14.17.46-1-4-300x225.jpeg 300w, https:\/\/portaleducacao.guarulhos.sp.gov.br\/wp_site\/abrilliterario\/wp-content\/uploads\/sites\/24\/2023\/04\/WhatsApp-Image-2023-04-25-at-14.17.46-1-4-768x576.jpeg 768w, https:\/\/portaleducacao.guarulhos.sp.gov.br\/wp_site\/abrilliterario\/wp-content\/uploads\/sites\/24\/2023\/04\/WhatsApp-Image-2023-04-25-at-14.17.46-1-4-1536x1152.jpeg 1536w, https:\/\/portaleducacao.guarulhos.sp.gov.br\/wp_site\/abrilliterario\/wp-content\/uploads\/sites\/24\/2023\/04\/WhatsApp-Image-2023-04-25-at-14.17.46-1-4.jpeg 1600w\" sizes=\"(max-width: 1024px) 100vw, 1024px\" \/><\/figure>\n\n\n\n<figure class=\"wp-block-image size-large\"><img loading=\"lazy\" width=\"768\" height=\"1024\" data-id=\"1001\"  src=\"https:\/\/portaleducacao.guarulhos.sp.gov.br\/wp_site\/abrilliterario\/wp-content\/uploads\/sites\/24\/2023\/04\/WhatsApp-Image-2023-04-25-at-14.17.46-5-768x1024.jpeg\" alt=\"\" class=\"wp-image-1001\" srcset=\"https:\/\/portaleducacao.guarulhos.sp.gov.br\/wp_site\/abrilliterario\/wp-content\/uploads\/sites\/24\/2023\/04\/WhatsApp-Image-2023-04-25-at-14.17.46-5-768x1024.jpeg 768w, https:\/\/portaleducacao.guarulhos.sp.gov.br\/wp_site\/abrilliterario\/wp-content\/uploads\/sites\/24\/2023\/04\/WhatsApp-Image-2023-04-25-at-14.17.46-5-225x300.jpeg 225w, https:\/\/portaleducacao.guarulhos.sp.gov.br\/wp_site\/abrilliterario\/wp-content\/uploads\/sites\/24\/2023\/04\/WhatsApp-Image-2023-04-25-at-14.17.46-5-1152x1536.jpeg 1152w, https:\/\/portaleducacao.guarulhos.sp.gov.br\/wp_site\/abrilliterario\/wp-content\/uploads\/sites\/24\/2023\/04\/WhatsApp-Image-2023-04-25-at-14.17.46-5.jpeg 1200w\" sizes=\"(max-width: 768px) 100vw, 768px\" \/><\/figure>\n\n\n\n<figure class=\"wp-block-image size-large\"><img loading=\"lazy\" width=\"1024\" height=\"768\" data-id=\"1004\"  src=\"https:\/\/portaleducacao.guarulhos.sp.gov.br\/wp_site\/abrilliterario\/wp-content\/uploads\/sites\/24\/2023\/04\/WhatsApp-Image-2023-04-25-at-16.19.16-1024x768.jpeg\" alt=\"\" class=\"wp-image-1004\" srcset=\"https:\/\/portaleducacao.guarulhos.sp.gov.br\/wp_site\/abrilliterario\/wp-content\/uploads\/sites\/24\/2023\/04\/WhatsApp-Image-2023-04-25-at-16.19.16-1024x768.jpeg 1024w, https:\/\/portaleducacao.guarulhos.sp.gov.br\/wp_site\/abrilliterario\/wp-content\/uploads\/sites\/24\/2023\/04\/WhatsApp-Image-2023-04-25-at-16.19.16-300x225.jpeg 300w, https:\/\/portaleducacao.guarulhos.sp.gov.br\/wp_site\/abrilliterario\/wp-content\/uploads\/sites\/24\/2023\/04\/WhatsApp-Image-2023-04-25-at-16.19.16-768x576.jpeg 768w, https:\/\/portaleducacao.guarulhos.sp.gov.br\/wp_site\/abrilliterario\/wp-content\/uploads\/sites\/24\/2023\/04\/WhatsApp-Image-2023-04-25-at-16.19.16-1536x1152.jpeg 1536w, https:\/\/portaleducacao.guarulhos.sp.gov.br\/wp_site\/abrilliterario\/wp-content\/uploads\/sites\/24\/2023\/04\/WhatsApp-Image-2023-04-25-at-16.19.16.jpeg 1600w\" sizes=\"(max-width: 1024px) 100vw, 1024px\" \/><\/figure>\n<\/figure>\n","protected":false},"excerpt":{"rendered":"<p>Por Jefferson CarvalhoEditado em 25\/04\/2023Fotos Antonieta Melo Contou com a presen\u00e7a do poeta guarulhense C\u00e9sar Magalh\u00e3es Borges, que trouxe um pouco de suas obras para os educandos ali presentes. O &hellip;<\/p>\n<p class=\"read-more\"> <a class=\"\" href=\"https:\/\/portaleducacao.guarulhos.sp.gov.br\/wp_site\/abrilliterario\/2023\/04\/25\/as-escolas-epg-demilia-e-epg-dalmeida-barbosa-escolas-polo-da-modalidade-eja-reuniram-se-na-noite-do-dia-24-04-para-a-culminancia-do-projeto-liberte-um-texto\/\"> <span class=\"screen-reader-text\">EPGs Da Em\u00edlia e D&#8217;Almeida Barbosa se re\u00fanem para culmin\u00e2ncia do projeto &#8220;Liberte um texto&#8221;<\/span> Leia mais &raquo;<\/a><\/p>\n","protected":false},"author":8,"featured_media":993,"comment_status":"closed","ping_status":"open","sticky":false,"template":"","format":"standard","meta":{"_monsterinsights_skip_tracking":false,"_monsterinsights_sitenote_active":false,"_monsterinsights_sitenote_note":"","_monsterinsights_sitenote_category":0,"site-sidebar-layout":"default","site-content-layout":"default","ast-global-header-display":"","ast-main-header-display":"","ast-hfb-above-header-display":"","ast-hfb-below-header-display":"","ast-hfb-mobile-header-display":"","site-post-title":"","ast-breadcrumbs-content":"","ast-featured-img":"","footer-sml-layout":"","theme-transparent-header-meta":"","adv-header-id-meta":"","stick-header-meta":"","header-above-stick-meta":"","header-main-stick-meta":"","header-below-stick-meta":"","_expiration-date-status":"","_expiration-date":0,"_expiration-date-type":"","_expiration-date-categories":[],"_expiration-date-options":[]},"categories":[37,34],"tags":[],"yoast_head":"<!-- This site is optimized with the Yoast SEO plugin v19.7.1 - https:\/\/yoast.com\/wordpress\/plugins\/seo\/ -->\r\n<title>EPGs Da Em\u00edlia e D&#039;Almeida Barbosa se re\u00fanem para culmin\u00e2ncia do projeto &quot;Liberte um texto&quot; - Abril Liter\u00e1rio<\/title>\r\n<meta name=\"robots\" content=\"index, follow, max-snippet:-1, max-image-preview:large, max-video-preview:-1\" \/>\r\n<link rel=\"canonical\" href=\"https:\/\/portaleducacao.guarulhos.sp.gov.br\/wp_site\/abrilliterario\/2023\/04\/25\/as-escolas-epg-demilia-e-epg-dalmeida-barbosa-escolas-polo-da-modalidade-eja-reuniram-se-na-noite-do-dia-24-04-para-a-culminancia-do-projeto-liberte-um-texto\/\" \/>\r\n<meta property=\"og:locale\" content=\"pt_BR\" \/>\r\n<meta property=\"og:type\" content=\"article\" \/>\r\n<meta property=\"og:title\" content=\"EPGs Da Em\u00edlia e D&#039;Almeida Barbosa se re\u00fanem para culmin\u00e2ncia do projeto &quot;Liberte um texto&quot; - Abril Liter\u00e1rio\" \/>\r\n<meta property=\"og:description\" content=\"Por Jefferson CarvalhoEditado em 25\/04\/2023Fotos Antonieta Melo Contou com a presen\u00e7a do poeta guarulhense C\u00e9sar Magalh\u00e3es Borges, que trouxe um pouco de suas obras para os educandos ali presentes. O &hellip; EPGs Da Em\u00edlia e D&#8217;Almeida Barbosa se re\u00fanem para culmin\u00e2ncia do projeto &#8220;Liberte um texto&#8221; Leia mais &raquo;\" \/>\r\n<meta property=\"og:url\" content=\"https:\/\/portaleducacao.guarulhos.sp.gov.br\/wp_site\/abrilliterario\/2023\/04\/25\/as-escolas-epg-demilia-e-epg-dalmeida-barbosa-escolas-polo-da-modalidade-eja-reuniram-se-na-noite-do-dia-24-04-para-a-culminancia-do-projeto-liberte-um-texto\/\" \/>\r\n<meta property=\"og:site_name\" content=\"Abril Liter\u00e1rio\" \/>\r\n<meta property=\"article:published_time\" content=\"2023-04-25T19:51:57+00:00\" \/>\r\n<meta property=\"article:modified_time\" content=\"2024-04-09T19:07:00+00:00\" \/>\r\n<meta property=\"og:image\" content=\"http:\/\/portaleducacao.guarulhos.sp.gov.br\/wp_site\/abrilliterario\/wp-content\/uploads\/sites\/24\/2023\/04\/WhatsApp-Image-2023-04-25-at-14.17.46-1-2.jpeg\" \/>\r\n\t<meta property=\"og:image:width\" content=\"1600\" \/>\r\n\t<meta property=\"og:image:height\" content=\"1200\" \/>\r\n\t<meta property=\"og:image:type\" content=\"image\/jpeg\" \/>\r\n<meta name=\"author\" content=\"Programas e Projetos\" \/>\r\n<meta name=\"twitter:card\" content=\"summary_large_image\" \/>\r\n<meta name=\"twitter:label1\" content=\"Escrito por\" \/>\n\t<meta name=\"twitter:data1\" content=\"Programas e Projetos\" \/>\n\t<meta name=\"twitter:label2\" content=\"Est. tempo de leitura\" \/>\n\t<meta name=\"twitter:data2\" content=\"3 minutos\" \/>\r\n<script type=\"application\/ld+json\" class=\"yoast-schema-graph\">{\"@context\":\"https:\/\/schema.org\",\"@graph\":[{\"@type\":\"WebPage\",\"@id\":\"https:\/\/portaleducacao.guarulhos.sp.gov.br\/wp_site\/abrilliterario\/2023\/04\/25\/as-escolas-epg-demilia-e-epg-dalmeida-barbosa-escolas-polo-da-modalidade-eja-reuniram-se-na-noite-do-dia-24-04-para-a-culminancia-do-projeto-liberte-um-texto\/\",\"url\":\"https:\/\/portaleducacao.guarulhos.sp.gov.br\/wp_site\/abrilliterario\/2023\/04\/25\/as-escolas-epg-demilia-e-epg-dalmeida-barbosa-escolas-polo-da-modalidade-eja-reuniram-se-na-noite-do-dia-24-04-para-a-culminancia-do-projeto-liberte-um-texto\/\",\"name\":\"EPGs Da Em\u00edlia e D'Almeida Barbosa se re\u00fanem para culmin\u00e2ncia do projeto \\\"Liberte um texto\\\" - Abril Liter\u00e1rio\",\"isPartOf\":{\"@id\":\"https:\/\/portaleducacao.guarulhos.sp.gov.br\/wp_site\/abrilliterario\/#website\"},\"datePublished\":\"2023-04-25T19:51:57+00:00\",\"dateModified\":\"2024-04-09T19:07:00+00:00\",\"author\":{\"@id\":\"https:\/\/portaleducacao.guarulhos.sp.gov.br\/wp_site\/abrilliterario\/#\/schema\/person\/e8e9fffd002bb931a098d764df5fe663\"},\"breadcrumb\":{\"@id\":\"https:\/\/portaleducacao.guarulhos.sp.gov.br\/wp_site\/abrilliterario\/2023\/04\/25\/as-escolas-epg-demilia-e-epg-dalmeida-barbosa-escolas-polo-da-modalidade-eja-reuniram-se-na-noite-do-dia-24-04-para-a-culminancia-do-projeto-liberte-um-texto\/#breadcrumb\"},\"inLanguage\":\"pt-BR\",\"potentialAction\":[{\"@type\":\"ReadAction\",\"target\":[\"https:\/\/portaleducacao.guarulhos.sp.gov.br\/wp_site\/abrilliterario\/2023\/04\/25\/as-escolas-epg-demilia-e-epg-dalmeida-barbosa-escolas-polo-da-modalidade-eja-reuniram-se-na-noite-do-dia-24-04-para-a-culminancia-do-projeto-liberte-um-texto\/\"]}]},{\"@type\":\"BreadcrumbList\",\"@id\":\"https:\/\/portaleducacao.guarulhos.sp.gov.br\/wp_site\/abrilliterario\/2023\/04\/25\/as-escolas-epg-demilia-e-epg-dalmeida-barbosa-escolas-polo-da-modalidade-eja-reuniram-se-na-noite-do-dia-24-04-para-a-culminancia-do-projeto-liberte-um-texto\/#breadcrumb\",\"itemListElement\":[{\"@type\":\"ListItem\",\"position\":1,\"name\":\"In\u00edcio\",\"item\":\"https:\/\/portaleducacao.guarulhos.sp.gov.br\/wp_site\/abrilliterario\/\"},{\"@type\":\"ListItem\",\"position\":2,\"name\":\"EPGs Da Em\u00edlia e D&#8217;Almeida Barbosa se re\u00fanem para culmin\u00e2ncia do projeto &#8220;Liberte um texto&#8221;\"}]},{\"@type\":\"WebSite\",\"@id\":\"https:\/\/portaleducacao.guarulhos.sp.gov.br\/wp_site\/abrilliterario\/#website\",\"url\":\"https:\/\/portaleducacao.guarulhos.sp.gov.br\/wp_site\/abrilliterario\/\",\"name\":\"Abril Liter\u00e1rio\",\"description\":\"Literalmente isso...\",\"potentialAction\":[{\"@type\":\"SearchAction\",\"target\":{\"@type\":\"EntryPoint\",\"urlTemplate\":\"https:\/\/portaleducacao.guarulhos.sp.gov.br\/wp_site\/abrilliterario\/?s={search_term_string}\"},\"query-input\":\"required name=search_term_string\"}],\"inLanguage\":\"pt-BR\"},{\"@type\":\"Person\",\"@id\":\"https:\/\/portaleducacao.guarulhos.sp.gov.br\/wp_site\/abrilliterario\/#\/schema\/person\/e8e9fffd002bb931a098d764df5fe663\",\"name\":\"Programas e Projetos\",\"image\":{\"@type\":\"ImageObject\",\"inLanguage\":\"pt-BR\",\"@id\":\"https:\/\/portaleducacao.guarulhos.sp.gov.br\/wp_site\/abrilliterario\/#\/schema\/person\/image\/\",\"url\":\"https:\/\/secure.gravatar.com\/avatar\/5d11d5b4f6464e238415ff43bd8a530c?s=96&d=mm&r=g\",\"contentUrl\":\"https:\/\/secure.gravatar.com\/avatar\/5d11d5b4f6464e238415ff43bd8a530c?s=96&d=mm&r=g\",\"caption\":\"Programas e Projetos\"},\"url\":\"https:\/\/portaleducacao.guarulhos.sp.gov.br\/wp_site\/abrilliterario\/author\/programas\/\"}]}<\/script>\r\n<!-- \/ Yoast SEO plugin. -->","yoast_head_json":{"title":"EPGs Da Em\u00edlia e D'Almeida Barbosa se re\u00fanem para culmin\u00e2ncia do projeto \"Liberte um texto\" - Abril Liter\u00e1rio","robots":{"index":"index","follow":"follow","max-snippet":"max-snippet:-1","max-image-preview":"max-image-preview:large","max-video-preview":"max-video-preview:-1"},"canonical":"https:\/\/portaleducacao.guarulhos.sp.gov.br\/wp_site\/abrilliterario\/2023\/04\/25\/as-escolas-epg-demilia-e-epg-dalmeida-barbosa-escolas-polo-da-modalidade-eja-reuniram-se-na-noite-do-dia-24-04-para-a-culminancia-do-projeto-liberte-um-texto\/","og_locale":"pt_BR","og_type":"article","og_title":"EPGs Da Em\u00edlia e D'Almeida Barbosa se re\u00fanem para culmin\u00e2ncia do projeto \"Liberte um texto\" - Abril Liter\u00e1rio","og_description":"Por Jefferson CarvalhoEditado em 25\/04\/2023Fotos Antonieta Melo Contou com a presen\u00e7a do poeta guarulhense C\u00e9sar Magalh\u00e3es Borges, que trouxe um pouco de suas obras para os educandos ali presentes. O &hellip; EPGs Da Em\u00edlia e D&#8217;Almeida Barbosa se re\u00fanem para culmin\u00e2ncia do projeto &#8220;Liberte um texto&#8221; Leia mais &raquo;","og_url":"https:\/\/portaleducacao.guarulhos.sp.gov.br\/wp_site\/abrilliterario\/2023\/04\/25\/as-escolas-epg-demilia-e-epg-dalmeida-barbosa-escolas-polo-da-modalidade-eja-reuniram-se-na-noite-do-dia-24-04-para-a-culminancia-do-projeto-liberte-um-texto\/","og_site_name":"Abril Liter\u00e1rio","article_published_time":"2023-04-25T19:51:57+00:00","article_modified_time":"2024-04-09T19:07:00+00:00","og_image":[{"width":1600,"height":1200,"url":"http:\/\/portaleducacao.guarulhos.sp.gov.br\/wp_site\/abrilliterario\/wp-content\/uploads\/sites\/24\/2023\/04\/WhatsApp-Image-2023-04-25-at-14.17.46-1-2.jpeg","type":"image\/jpeg"}],"author":"Programas e Projetos","twitter_card":"summary_large_image","twitter_misc":{"Escrito por":"Programas e Projetos","Est. tempo de leitura":"3 minutos"},"schema":{"@context":"https:\/\/schema.org","@graph":[{"@type":"WebPage","@id":"https:\/\/portaleducacao.guarulhos.sp.gov.br\/wp_site\/abrilliterario\/2023\/04\/25\/as-escolas-epg-demilia-e-epg-dalmeida-barbosa-escolas-polo-da-modalidade-eja-reuniram-se-na-noite-do-dia-24-04-para-a-culminancia-do-projeto-liberte-um-texto\/","url":"https:\/\/portaleducacao.guarulhos.sp.gov.br\/wp_site\/abrilliterario\/2023\/04\/25\/as-escolas-epg-demilia-e-epg-dalmeida-barbosa-escolas-polo-da-modalidade-eja-reuniram-se-na-noite-do-dia-24-04-para-a-culminancia-do-projeto-liberte-um-texto\/","name":"EPGs Da Em\u00edlia e D'Almeida Barbosa se re\u00fanem para culmin\u00e2ncia do projeto \"Liberte um texto\" - Abril Liter\u00e1rio","isPartOf":{"@id":"https:\/\/portaleducacao.guarulhos.sp.gov.br\/wp_site\/abrilliterario\/#website"},"datePublished":"2023-04-25T19:51:57+00:00","dateModified":"2024-04-09T19:07:00+00:00","author":{"@id":"https:\/\/portaleducacao.guarulhos.sp.gov.br\/wp_site\/abrilliterario\/#\/schema\/person\/e8e9fffd002bb931a098d764df5fe663"},"breadcrumb":{"@id":"https:\/\/portaleducacao.guarulhos.sp.gov.br\/wp_site\/abrilliterario\/2023\/04\/25\/as-escolas-epg-demilia-e-epg-dalmeida-barbosa-escolas-polo-da-modalidade-eja-reuniram-se-na-noite-do-dia-24-04-para-a-culminancia-do-projeto-liberte-um-texto\/#breadcrumb"},"inLanguage":"pt-BR","potentialAction":[{"@type":"ReadAction","target":["https:\/\/portaleducacao.guarulhos.sp.gov.br\/wp_site\/abrilliterario\/2023\/04\/25\/as-escolas-epg-demilia-e-epg-dalmeida-barbosa-escolas-polo-da-modalidade-eja-reuniram-se-na-noite-do-dia-24-04-para-a-culminancia-do-projeto-liberte-um-texto\/"]}]},{"@type":"BreadcrumbList","@id":"https:\/\/portaleducacao.guarulhos.sp.gov.br\/wp_site\/abrilliterario\/2023\/04\/25\/as-escolas-epg-demilia-e-epg-dalmeida-barbosa-escolas-polo-da-modalidade-eja-reuniram-se-na-noite-do-dia-24-04-para-a-culminancia-do-projeto-liberte-um-texto\/#breadcrumb","itemListElement":[{"@type":"ListItem","position":1,"name":"In\u00edcio","item":"https:\/\/portaleducacao.guarulhos.sp.gov.br\/wp_site\/abrilliterario\/"},{"@type":"ListItem","position":2,"name":"EPGs Da Em\u00edlia e D&#8217;Almeida Barbosa se re\u00fanem para culmin\u00e2ncia do projeto &#8220;Liberte um texto&#8221;"}]},{"@type":"WebSite","@id":"https:\/\/portaleducacao.guarulhos.sp.gov.br\/wp_site\/abrilliterario\/#website","url":"https:\/\/portaleducacao.guarulhos.sp.gov.br\/wp_site\/abrilliterario\/","name":"Abril Liter\u00e1rio","description":"Literalmente isso...","potentialAction":[{"@type":"SearchAction","target":{"@type":"EntryPoint","urlTemplate":"https:\/\/portaleducacao.guarulhos.sp.gov.br\/wp_site\/abrilliterario\/?s={search_term_string}"},"query-input":"required name=search_term_string"}],"inLanguage":"pt-BR"},{"@type":"Person","@id":"https:\/\/portaleducacao.guarulhos.sp.gov.br\/wp_site\/abrilliterario\/#\/schema\/person\/e8e9fffd002bb931a098d764df5fe663","name":"Programas e Projetos","image":{"@type":"ImageObject","inLanguage":"pt-BR","@id":"https:\/\/portaleducacao.guarulhos.sp.gov.br\/wp_site\/abrilliterario\/#\/schema\/person\/image\/","url":"https:\/\/secure.gravatar.com\/avatar\/5d11d5b4f6464e238415ff43bd8a530c?s=96&d=mm&r=g","contentUrl":"https:\/\/secure.gravatar.com\/avatar\/5d11d5b4f6464e238415ff43bd8a530c?s=96&d=mm&r=g","caption":"Programas e Projetos"},"url":"https:\/\/portaleducacao.guarulhos.sp.gov.br\/wp_site\/abrilliterario\/author\/programas\/"}]}},"_links":{"self":[{"href":"https:\/\/portaleducacao.guarulhos.sp.gov.br\/wp_site\/abrilliterario\/wp-json\/wp\/v2\/posts\/975"}],"collection":[{"href":"https:\/\/portaleducacao.guarulhos.sp.gov.br\/wp_site\/abrilliterario\/wp-json\/wp\/v2\/posts"}],"about":[{"href":"https:\/\/portaleducacao.guarulhos.sp.gov.br\/wp_site\/abrilliterario\/wp-json\/wp\/v2\/types\/post"}],"author":[{"embeddable":true,"href":"https:\/\/portaleducacao.guarulhos.sp.gov.br\/wp_site\/abrilliterario\/wp-json\/wp\/v2\/users\/8"}],"replies":[{"embeddable":true,"href":"https:\/\/portaleducacao.guarulhos.sp.gov.br\/wp_site\/abrilliterario\/wp-json\/wp\/v2\/comments?post=975"}],"version-history":[{"count":5,"href":"https:\/\/portaleducacao.guarulhos.sp.gov.br\/wp_site\/abrilliterario\/wp-json\/wp\/v2\/posts\/975\/revisions"}],"predecessor-version":[{"id":1610,"href":"https:\/\/portaleducacao.guarulhos.sp.gov.br\/wp_site\/abrilliterario\/wp-json\/wp\/v2\/posts\/975\/revisions\/1610"}],"wp:featuredmedia":[{"embeddable":true,"href":"https:\/\/portaleducacao.guarulhos.sp.gov.br\/wp_site\/abrilliterario\/wp-json\/wp\/v2\/media\/993"}],"wp:attachment":[{"href":"https:\/\/portaleducacao.guarulhos.sp.gov.br\/wp_site\/abrilliterario\/wp-json\/wp\/v2\/media?parent=975"}],"wp:term":[{"taxonomy":"category","embeddable":true,"href":"https:\/\/portaleducacao.guarulhos.sp.gov.br\/wp_site\/abrilliterario\/wp-json\/wp\/v2\/categories?post=975"},{"taxonomy":"post_tag","embeddable":true,"href":"https:\/\/portaleducacao.guarulhos.sp.gov.br\/wp_site\/abrilliterario\/wp-json\/wp\/v2\/tags?post=975"}],"curies":[{"name":"wp","href":"https:\/\/api.w.org\/{rel}","templated":true}]}}