{"id":214,"date":"2021-04-06T08:46:13","date_gmt":"2021-04-06T11:46:13","guid":{"rendered":"http:\/\/portaleducacao.guarulhos.sp.gov.br\/wp_site\/abrilliterario\/?p=214"},"modified":"2021-04-07T14:49:26","modified_gmt":"2021-04-07T17:49:26","slug":"abril-literario-apresenta-webinario-nesta-sexta-feira","status":"publish","type":"post","link":"https:\/\/portaleducacao.guarulhos.sp.gov.br\/wp_site\/abrilliterario2021\/2021\/04\/06\/abril-literario-apresenta-webinario-nesta-sexta-feira\/","title":{"rendered":"Abril Liter\u00e1rio apresenta Webin\u00e1rio nesta sexta-feira"},"content":{"rendered":"\n<p class=\"has-medium-font-size\">Nesta sexta-feira (9), a partir das 9h30, o Abril Liter\u00e1rio Virtual 2021 &#8211; Literalmente Isso&#8230; re\u00fane diversos autores e convidados para um bate-papo sobre literatura infantil, poesias, parlendas, entre outras conversas liter\u00e1rias. O Webin\u00e1rio integra as principais atividades da programa\u00e7\u00e3o do Abril Liter\u00e1rio, com mesas virtuais e transmiss\u00e3o ao vivo pelo canal do&nbsp;<a href=\"https:\/\/www.youtube.com\/channel\/UC-1jfk67HIfe7q2cVbb4oJg\" target=\"_blank\" rel=\"noreferrer noopener\"><u><strong>Portal da Secretaria de Educa\u00e7\u00e3o de Guarulhos<\/strong><\/u><\/a>&nbsp;no YouTube.<\/p>\n\n\n\n<p class=\"has-medium-font-size\">A abertura oficial do Webin\u00e1rio, das 9h30 \u00e0s 11h30, contar\u00e1 com a participa\u00e7\u00e3o do prefeito Guti, autor do livro infantil Salve o Anjinho da Guarda. Na sequ\u00eancia, a educadora em sa\u00fade p\u00fablica da Prefeitura e pesquisadora Grace Noronha vai orientar sobre os cuidados de preven\u00e7\u00e3o \u00e0 Covid no manuseio de livros.<\/p>\n\n\n\n<p class=\"has-medium-font-size\">Das 13h \u00e0s 15h, a autora Rosinha, em tom de parlenda, falar\u00e1 sobre sua obra O Casamento do Rato com a Filha do Besouro. J\u00e1 das 16h \u00e0s 18h a autora Tess\u00e1lia Lemos e a ilustradora Adri Silva, do livro A Formiguinha Azul, abordam o tema A Experi\u00eancia da Doc\u00eancia e da Autoria.<\/p>\n\n\n\n<p class=\"has-medium-font-size\">A programa\u00e7\u00e3o liter\u00e1ria do Webin\u00e1rio segue das 19h at\u00e9 as 21h com o professor e escritor Cesar Borges para um bate-papo l\u00fadico sobre poesia sonora e visual. Borges \u00e9 escritor de poesias, contos, cr\u00f4nicas, can\u00e7\u00f5es, roteiros para teatro e hist\u00f3rias infantis.<\/p>\n\n\n\n<p class=\"has-medium-font-size\">Para o encerramento o evento recebe a palestrante Vera Eunice, apresentando as narrativas da escritora Carolina Maria de Jesus, autora do cl\u00e1ssico Quarto de Despejo.<\/p>\n\n\n\n<p><\/p>\n\n\n\n<h2><strong><span class=\"has-inline-color has-luminous-vivid-orange-color\">Abril Liter\u00e1rio<\/span><\/strong><\/h2>\n\n\n\n<p class=\"has-medium-font-size\">O evento \u00e9 promovido pela Secretaria de Educa\u00e7\u00e3o, por meio do Departamento de Orienta\u00e7\u00f5es Educacionais e Pedag\u00f3gicas (DOEP), em conjunto com autores, educadores, psic\u00f3logos, bibliotec\u00e1rios, educandos e convidados.&nbsp;&nbsp;<\/p>\n\n\n\n<p class=\"has-medium-font-size\">A programa\u00e7\u00e3o envolve as escolas da rede municipal de ensino, as institui\u00e7\u00f5es parceiras, os Centros de Educa\u00e7\u00e3o Unificados (CEUs), o Centro Municipal de Educa\u00e7\u00e3o e Artes (Cemear), o Centro Municipal de Educa\u00e7\u00e3o Ambiental Chico Mendes (Cemea), o Centro Municipal de Educa\u00e7\u00e3o J\u00falio Fracalanza, os Centros de Incentivo \u00e0 Leitura e as bibliotecas municipais.<\/p>\n\n\n\n<p class=\"has-medium-font-size\">Para mais informa\u00e7\u00f5es sobre a programa\u00e7\u00e3o, acesse:&nbsp;<a href=\"http:\/\/portaleducacao.guarulhos.sp.gov.br\/wp_site\/abrilliterario\"><strong><u>http:\/\/portaleducacao.guarulhos.sp.gov.br\/wp_site\/abrilliterario<\/u><\/strong><\/a>.<\/p>\n","protected":false},"excerpt":{"rendered":"<p>Nesta sexta-feira (9), a partir das 9h30, o Abril Liter\u00e1rio Virtual 2021 &#8211; Literalmente Isso&#8230; re\u00fane diversos autores e convidados para um bate-papo sobre literatura infantil, poesias, parlendas, entre outras [&hellip;]<\/p>\n","protected":false},"author":1,"featured_media":215,"comment_status":"closed","ping_status":"open","sticky":false,"template":"","format":"standard","meta":{"_monsterinsights_skip_tracking":false,"_monsterinsights_sitenote_active":false,"_monsterinsights_sitenote_note":"","_monsterinsights_sitenote_category":0,"_expiration-date-status":"","_expiration-date":0,"_expiration-date-type":"","_expiration-date-categories":[],"_expiration-date-options":[]},"categories":[5],"tags":[],"yoast_head":"<!-- This site is optimized with the Yoast SEO plugin v19.7.1 - https:\/\/yoast.com\/wordpress\/plugins\/seo\/ -->\r\n<title>Abril Liter\u00e1rio apresenta Webin\u00e1rio nesta sexta-feira - Abril Liter\u00e1rio Virtual 2021 - Literalmente Isso...<\/title>\r\n<meta name=\"robots\" content=\"index, follow, max-snippet:-1, max-image-preview:large, max-video-preview:-1\" \/>\r\n<link rel=\"canonical\" href=\"https:\/\/portaleducacao.guarulhos.sp.gov.br\/wp_site\/abrilliterario2021\/2021\/04\/06\/abril-literario-apresenta-webinario-nesta-sexta-feira\/\" \/>\r\n<meta property=\"og:locale\" content=\"pt_BR\" \/>\r\n<meta property=\"og:type\" content=\"article\" \/>\r\n<meta property=\"og:title\" content=\"Abril Liter\u00e1rio apresenta Webin\u00e1rio nesta sexta-feira - Abril Liter\u00e1rio Virtual 2021 - Literalmente Isso...\" \/>\r\n<meta property=\"og:description\" content=\"Nesta sexta-feira (9), a partir das 9h30, o Abril Liter\u00e1rio Virtual 2021 &#8211; Literalmente Isso&#8230; re\u00fane diversos autores e convidados para um bate-papo sobre literatura infantil, poesias, parlendas, entre outras [&hellip;]\" \/>\r\n<meta property=\"og:url\" content=\"https:\/\/portaleducacao.guarulhos.sp.gov.br\/wp_site\/abrilliterario2021\/2021\/04\/06\/abril-literario-apresenta-webinario-nesta-sexta-feira\/\" \/>\r\n<meta property=\"og:site_name\" content=\"Abril Liter\u00e1rio Virtual 2021 - Literalmente Isso...\" \/>\r\n<meta property=\"article:published_time\" content=\"2021-04-06T11:46:13+00:00\" \/>\r\n<meta property=\"article:modified_time\" content=\"2021-04-07T17:49:26+00:00\" \/>\r\n<meta property=\"og:image\" content=\"https:\/\/portaleducacao.guarulhos.sp.gov.br\/wp_site\/abrilliterario2021\/wp-content\/uploads\/sites\/7\/2021\/04\/WhatsApp-Image-2021-04-05-at-15.48.16.jpeg\" \/>\r\n\t<meta property=\"og:image:width\" content=\"1280\" \/>\r\n\t<meta property=\"og:image:height\" content=\"853\" \/>\r\n\t<meta property=\"og:image:type\" content=\"image\/jpeg\" \/>\r\n<meta name=\"author\" content=\"sites\" \/>\r\n<meta name=\"twitter:card\" content=\"summary_large_image\" \/>\r\n<meta name=\"twitter:label1\" content=\"Escrito por\" \/>\n\t<meta name=\"twitter:data1\" content=\"sites\" \/>\n\t<meta name=\"twitter:label2\" content=\"Est. tempo de leitura\" \/>\n\t<meta name=\"twitter:data2\" content=\"2 minutos\" \/>\r\n<script type=\"application\/ld+json\" class=\"yoast-schema-graph\">{\"@context\":\"https:\/\/schema.org\",\"@graph\":[{\"@type\":\"WebPage\",\"@id\":\"https:\/\/portaleducacao.guarulhos.sp.gov.br\/wp_site\/abrilliterario2021\/2021\/04\/06\/abril-literario-apresenta-webinario-nesta-sexta-feira\/\",\"url\":\"https:\/\/portaleducacao.guarulhos.sp.gov.br\/wp_site\/abrilliterario2021\/2021\/04\/06\/abril-literario-apresenta-webinario-nesta-sexta-feira\/\",\"name\":\"Abril Liter\u00e1rio apresenta Webin\u00e1rio nesta sexta-feira - Abril Liter\u00e1rio Virtual 2021 - Literalmente Isso...\",\"isPartOf\":{\"@id\":\"https:\/\/portaleducacao.guarulhos.sp.gov.br\/wp_site\/abrilliterario2021\/#website\"},\"datePublished\":\"2021-04-06T11:46:13+00:00\",\"dateModified\":\"2021-04-07T17:49:26+00:00\",\"author\":{\"@id\":\"https:\/\/portaleducacao.guarulhos.sp.gov.br\/wp_site\/abrilliterario2021\/#\/schema\/person\/9d1c60216648b2e84d2544ba3ee8bb69\"},\"breadcrumb\":{\"@id\":\"https:\/\/portaleducacao.guarulhos.sp.gov.br\/wp_site\/abrilliterario2021\/2021\/04\/06\/abril-literario-apresenta-webinario-nesta-sexta-feira\/#breadcrumb\"},\"inLanguage\":\"pt-BR\",\"potentialAction\":[{\"@type\":\"ReadAction\",\"target\":[\"https:\/\/portaleducacao.guarulhos.sp.gov.br\/wp_site\/abrilliterario2021\/2021\/04\/06\/abril-literario-apresenta-webinario-nesta-sexta-feira\/\"]}]},{\"@type\":\"BreadcrumbList\",\"@id\":\"https:\/\/portaleducacao.guarulhos.sp.gov.br\/wp_site\/abrilliterario2021\/2021\/04\/06\/abril-literario-apresenta-webinario-nesta-sexta-feira\/#breadcrumb\",\"itemListElement\":[{\"@type\":\"ListItem\",\"position\":1,\"name\":\"In\u00edcio\",\"item\":\"https:\/\/portaleducacao.guarulhos.sp.gov.br\/wp_site\/abrilliterario2021\/\"},{\"@type\":\"ListItem\",\"position\":2,\"name\":\"Abril Liter\u00e1rio apresenta Webin\u00e1rio nesta sexta-feira\"}]},{\"@type\":\"WebSite\",\"@id\":\"https:\/\/portaleducacao.guarulhos.sp.gov.br\/wp_site\/abrilliterario2021\/#website\",\"url\":\"https:\/\/portaleducacao.guarulhos.sp.gov.br\/wp_site\/abrilliterario2021\/\",\"name\":\"Abril Liter\u00e1rio Virtual 2021 - Literalmente Isso...\",\"description\":\"Secretaria Municipal de Educa\u00e7\u00e3o de Guarulhos\",\"potentialAction\":[{\"@type\":\"SearchAction\",\"target\":{\"@type\":\"EntryPoint\",\"urlTemplate\":\"https:\/\/portaleducacao.guarulhos.sp.gov.br\/wp_site\/abrilliterario2021\/?s={search_term_string}\"},\"query-input\":\"required name=search_term_string\"}],\"inLanguage\":\"pt-BR\"},{\"@type\":\"Person\",\"@id\":\"https:\/\/portaleducacao.guarulhos.sp.gov.br\/wp_site\/abrilliterario2021\/#\/schema\/person\/9d1c60216648b2e84d2544ba3ee8bb69\",\"name\":\"sites\",\"image\":{\"@type\":\"ImageObject\",\"inLanguage\":\"pt-BR\",\"@id\":\"https:\/\/portaleducacao.guarulhos.sp.gov.br\/wp_site\/abrilliterario2021\/#\/schema\/person\/image\/\",\"url\":\"https:\/\/secure.gravatar.com\/avatar\/d320dc056d58878ea1be67e0f28bb03d?s=96&d=mm&r=g\",\"contentUrl\":\"https:\/\/secure.gravatar.com\/avatar\/d320dc056d58878ea1be67e0f28bb03d?s=96&d=mm&r=g\",\"caption\":\"sites\"},\"sameAs\":[\"http:\/\/172.16.208.47\/sites\"],\"url\":\"https:\/\/portaleducacao.guarulhos.sp.gov.br\/wp_site\/abrilliterario2021\/author\/sites\/\"}]}<\/script>\r\n<!-- \/ Yoast SEO plugin. -->","yoast_head_json":{"title":"Abril Liter\u00e1rio apresenta Webin\u00e1rio nesta sexta-feira - Abril Liter\u00e1rio Virtual 2021 - Literalmente Isso...","robots":{"index":"index","follow":"follow","max-snippet":"max-snippet:-1","max-image-preview":"max-image-preview:large","max-video-preview":"max-video-preview:-1"},"canonical":"https:\/\/portaleducacao.guarulhos.sp.gov.br\/wp_site\/abrilliterario2021\/2021\/04\/06\/abril-literario-apresenta-webinario-nesta-sexta-feira\/","og_locale":"pt_BR","og_type":"article","og_title":"Abril Liter\u00e1rio apresenta Webin\u00e1rio nesta sexta-feira - Abril Liter\u00e1rio Virtual 2021 - Literalmente Isso...","og_description":"Nesta sexta-feira (9), a partir das 9h30, o Abril Liter\u00e1rio Virtual 2021 &#8211; Literalmente Isso&#8230; re\u00fane diversos autores e convidados para um bate-papo sobre literatura infantil, poesias, parlendas, entre outras [&hellip;]","og_url":"https:\/\/portaleducacao.guarulhos.sp.gov.br\/wp_site\/abrilliterario2021\/2021\/04\/06\/abril-literario-apresenta-webinario-nesta-sexta-feira\/","og_site_name":"Abril Liter\u00e1rio Virtual 2021 - Literalmente Isso...","article_published_time":"2021-04-06T11:46:13+00:00","article_modified_time":"2021-04-07T17:49:26+00:00","og_image":[{"width":1280,"height":853,"url":"https:\/\/portaleducacao.guarulhos.sp.gov.br\/wp_site\/abrilliterario2021\/wp-content\/uploads\/sites\/7\/2021\/04\/WhatsApp-Image-2021-04-05-at-15.48.16.jpeg","type":"image\/jpeg"}],"author":"sites","twitter_card":"summary_large_image","twitter_misc":{"Escrito por":"sites","Est. tempo de leitura":"2 minutos"},"schema":{"@context":"https:\/\/schema.org","@graph":[{"@type":"WebPage","@id":"https:\/\/portaleducacao.guarulhos.sp.gov.br\/wp_site\/abrilliterario2021\/2021\/04\/06\/abril-literario-apresenta-webinario-nesta-sexta-feira\/","url":"https:\/\/portaleducacao.guarulhos.sp.gov.br\/wp_site\/abrilliterario2021\/2021\/04\/06\/abril-literario-apresenta-webinario-nesta-sexta-feira\/","name":"Abril Liter\u00e1rio apresenta Webin\u00e1rio nesta sexta-feira - Abril Liter\u00e1rio Virtual 2021 - Literalmente Isso...","isPartOf":{"@id":"https:\/\/portaleducacao.guarulhos.sp.gov.br\/wp_site\/abrilliterario2021\/#website"},"datePublished":"2021-04-06T11:46:13+00:00","dateModified":"2021-04-07T17:49:26+00:00","author":{"@id":"https:\/\/portaleducacao.guarulhos.sp.gov.br\/wp_site\/abrilliterario2021\/#\/schema\/person\/9d1c60216648b2e84d2544ba3ee8bb69"},"breadcrumb":{"@id":"https:\/\/portaleducacao.guarulhos.sp.gov.br\/wp_site\/abrilliterario2021\/2021\/04\/06\/abril-literario-apresenta-webinario-nesta-sexta-feira\/#breadcrumb"},"inLanguage":"pt-BR","potentialAction":[{"@type":"ReadAction","target":["https:\/\/portaleducacao.guarulhos.sp.gov.br\/wp_site\/abrilliterario2021\/2021\/04\/06\/abril-literario-apresenta-webinario-nesta-sexta-feira\/"]}]},{"@type":"BreadcrumbList","@id":"https:\/\/portaleducacao.guarulhos.sp.gov.br\/wp_site\/abrilliterario2021\/2021\/04\/06\/abril-literario-apresenta-webinario-nesta-sexta-feira\/#breadcrumb","itemListElement":[{"@type":"ListItem","position":1,"name":"In\u00edcio","item":"https:\/\/portaleducacao.guarulhos.sp.gov.br\/wp_site\/abrilliterario2021\/"},{"@type":"ListItem","position":2,"name":"Abril Liter\u00e1rio apresenta Webin\u00e1rio nesta sexta-feira"}]},{"@type":"WebSite","@id":"https:\/\/portaleducacao.guarulhos.sp.gov.br\/wp_site\/abrilliterario2021\/#website","url":"https:\/\/portaleducacao.guarulhos.sp.gov.br\/wp_site\/abrilliterario2021\/","name":"Abril Liter\u00e1rio Virtual 2021 - Literalmente Isso...","description":"Secretaria Municipal de Educa\u00e7\u00e3o de Guarulhos","potentialAction":[{"@type":"SearchAction","target":{"@type":"EntryPoint","urlTemplate":"https:\/\/portaleducacao.guarulhos.sp.gov.br\/wp_site\/abrilliterario2021\/?s={search_term_string}"},"query-input":"required name=search_term_string"}],"inLanguage":"pt-BR"},{"@type":"Person","@id":"https:\/\/portaleducacao.guarulhos.sp.gov.br\/wp_site\/abrilliterario2021\/#\/schema\/person\/9d1c60216648b2e84d2544ba3ee8bb69","name":"sites","image":{"@type":"ImageObject","inLanguage":"pt-BR","@id":"https:\/\/portaleducacao.guarulhos.sp.gov.br\/wp_site\/abrilliterario2021\/#\/schema\/person\/image\/","url":"https:\/\/secure.gravatar.com\/avatar\/d320dc056d58878ea1be67e0f28bb03d?s=96&d=mm&r=g","contentUrl":"https:\/\/secure.gravatar.com\/avatar\/d320dc056d58878ea1be67e0f28bb03d?s=96&d=mm&r=g","caption":"sites"},"sameAs":["http:\/\/172.16.208.47\/sites"],"url":"https:\/\/portaleducacao.guarulhos.sp.gov.br\/wp_site\/abrilliterario2021\/author\/sites\/"}]}},"_links":{"self":[{"href":"https:\/\/portaleducacao.guarulhos.sp.gov.br\/wp_site\/abrilliterario2021\/wp-json\/wp\/v2\/posts\/214"}],"collection":[{"href":"https:\/\/portaleducacao.guarulhos.sp.gov.br\/wp_site\/abrilliterario2021\/wp-json\/wp\/v2\/posts"}],"about":[{"href":"https:\/\/portaleducacao.guarulhos.sp.gov.br\/wp_site\/abrilliterario2021\/wp-json\/wp\/v2\/types\/post"}],"author":[{"embeddable":true,"href":"https:\/\/portaleducacao.guarulhos.sp.gov.br\/wp_site\/abrilliterario2021\/wp-json\/wp\/v2\/users\/1"}],"replies":[{"embeddable":true,"href":"https:\/\/portaleducacao.guarulhos.sp.gov.br\/wp_site\/abrilliterario2021\/wp-json\/wp\/v2\/comments?post=214"}],"version-history":[{"count":3,"href":"https:\/\/portaleducacao.guarulhos.sp.gov.br\/wp_site\/abrilliterario2021\/wp-json\/wp\/v2\/posts\/214\/revisions"}],"predecessor-version":[{"id":254,"href":"https:\/\/portaleducacao.guarulhos.sp.gov.br\/wp_site\/abrilliterario2021\/wp-json\/wp\/v2\/posts\/214\/revisions\/254"}],"wp:featuredmedia":[{"embeddable":true,"href":"https:\/\/portaleducacao.guarulhos.sp.gov.br\/wp_site\/abrilliterario2021\/wp-json\/wp\/v2\/media\/215"}],"wp:attachment":[{"href":"https:\/\/portaleducacao.guarulhos.sp.gov.br\/wp_site\/abrilliterario2021\/wp-json\/wp\/v2\/media?parent=214"}],"wp:term":[{"taxonomy":"category","embeddable":true,"href":"https:\/\/portaleducacao.guarulhos.sp.gov.br\/wp_site\/abrilliterario2021\/wp-json\/wp\/v2\/categories?post=214"},{"taxonomy":"post_tag","embeddable":true,"href":"https:\/\/portaleducacao.guarulhos.sp.gov.br\/wp_site\/abrilliterario2021\/wp-json\/wp\/v2\/tags?post=214"}],"curies":[{"name":"wp","href":"https:\/\/api.w.org\/{rel}","templated":true}]}}