{"id":267,"date":"2021-04-10T13:55:25","date_gmt":"2021-04-10T16:55:25","guid":{"rendered":"http:\/\/portaleducacao.guarulhos.sp.gov.br\/wp_site\/abrilliterario\/?p=267"},"modified":"2021-04-10T13:56:02","modified_gmt":"2021-04-10T16:56:02","slug":"webinario-incentiva-a-leitura-e-a-democratizacao-do-livro","status":"publish","type":"post","link":"https:\/\/portaleducacao.guarulhos.sp.gov.br\/wp_site\/abrilliterario2021\/2021\/04\/10\/webinario-incentiva-a-leitura-e-a-democratizacao-do-livro\/","title":{"rendered":"Webin\u00e1rio incentiva a leitura e a democratiza\u00e7\u00e3o do livro"},"content":{"rendered":"\n<p class=\"has-medium-font-size\">Teve in\u00edcio na manh\u00e3 desta sexta-feira (9), o webin\u00e1rio Abril Liter\u00e1rio Virtual 2021 &#8211; Literalmente Isso\u2026, evento que re\u00fane autores e convidados para um bate-papo sobre literatura infantil, poesias, parlendas, entre outras conversas liter\u00e1rias. Realizada pela Secretaria de Educa\u00e7\u00e3o, em parceria com a Secretaria de Cultura e Escola 360, a iniciativa tem como objetivo oferecer intensa programa\u00e7\u00e3o de atividades e discuss\u00f5es acerca da democratiza\u00e7\u00e3o do livro e da leitura.<\/p>\n\n\n\n<p class=\"has-medium-font-size\">A diretora do Departamento de Orienta\u00e7\u00f5es Educacionais e Pedag\u00f3gicas (DOEP), Solange Turgante, mediou a mesa de abertura, que contou com as presen\u00e7as do prefeito Guti, do secret\u00e1rio de Educa\u00e7\u00e3o, Paulo Matheus, da subsecret\u00e1ria de Educa\u00e7\u00e3o, F\u00e1bia Costa, do diretor de Cultura, Cesar Samsoniuk.<\/p>\n\n\n\n<p class=\"has-medium-font-size\">\u201cO papel da escola e o modo como nos constitu\u00edmos como escritores vai definir o h\u00e1bito de leitura das futuras gera\u00e7\u00f5es, por isso, o fomento ao acesso \u00e0 leitura e ao livro a todos os cidad\u00e3os guarulhenses \u00e9 de grande import\u00e2ncia\u201d, explicou Solange na abertura do evento. O webin\u00e1rio re\u00fane ainda professores, gestores e profissionais das escolas da rede municipal, entidades parceiras, rede estadual e particulares.<\/p>\n\n\n\n<p class=\"has-medium-font-size\">O primeiro autor a ser entrevistado foi o prefeito Guti, que falou sobre os sentimentos que inspiraram a cria\u00e7\u00e3o do livro infantil Salve o Anjinho da Guarda. \u201cEu queria escrever para poder chegar ao cora\u00e7\u00e3o das crian\u00e7as, para colocar sentimentos bacanas para fora e conversar com elas de forma l\u00fadica sobre a import\u00e2ncia de expressarem suas ideias e pensamentos. Isso \u00e9 algo enriquecedor, o nascimento de um livro \u00e9 sempre extraordin\u00e1rio\u201d, comentou o prefeito. Guti contou ainda que os recursos alcan\u00e7ados com a venda do livro s\u00e3o revertidos ao GRAACC \u2013 Grupo de Apoio ao Adolescente e \u00e0 Crian\u00e7a com C\u00e2ncer.<\/p>\n\n\n\n<p class=\"has-medium-font-size\">O secret\u00e1rio de Educa\u00e7\u00e3o Paulo Matheus enfatizou a import\u00e2ncia do est\u00edmulo \u00e0 leitura, sobretudo nesse momento de pandemia. \u201cO desenvolvimento de interesses e h\u00e1bitos permanentes de leitura come\u00e7am na escola e s\u00e3o levados para a vida afora. \u00c9 importante para as crian\u00e7as nos primeiros anos de escolariza\u00e7\u00e3o serem estimuladas com as hist\u00f3rias e atividades de leitura, para que elas possam extrapolar o aprendizado e compreender o mundo de forma mais sens\u00edvel e humana\u201d.<\/p>\n\n\n\n<p class=\"has-medium-font-size\">O Abril Liter\u00e1rio Virtual 2021 &#8211; Literalmente Isso\u2026 acontece ao longo do m\u00eas de abril, com uma proposta de estimular a criatividade, a imagina\u00e7\u00e3o, o conhecimento e o entretenimento e est\u00e1 aberto a toda a comunidade. A programa\u00e7\u00e3o envolve as escolas municipais, institui\u00e7\u00f5es parceiras, CEUs, Centro Municipal de Educa\u00e7\u00e3o e Artes (Cemear), Centro Municipal de Educa\u00e7\u00e3o Ambiental Chico Mendes, Centro Municipal de Educa\u00e7\u00e3o J\u00falio Fracalanza e bibliotecas de Guarulhos.<\/p>\n\n\n\n<p class=\"has-medium-font-size\">As transmiss\u00f5es do webin\u00e1rio podem ser acompanhadas pelo canal do Portal da Educa\u00e7\u00e3o da Secretaria de Educa\u00e7\u00e3o no YouTube, no link: <a href=\"https:\/\/www.youtube.com\/c\/PortalSEInforme\" target=\"_blank\" rel=\"noreferrer noopener\">https:\/\/www.youtube.com\/c\/PortalSEInforme<\/a>.<\/p>\n","protected":false},"excerpt":{"rendered":"<p>Teve in\u00edcio na manh\u00e3 desta sexta-feira (9), o webin\u00e1rio Abril Liter\u00e1rio Virtual 2021 &#8211; Literalmente Isso\u2026, evento que re\u00fane autores e convidados para um bate-papo sobre literatura infantil, poesias, parlendas, [&hellip;]<\/p>\n","protected":false},"author":1,"featured_media":268,"comment_status":"closed","ping_status":"open","sticky":false,"template":"","format":"standard","meta":{"_monsterinsights_skip_tracking":false,"_monsterinsights_sitenote_active":false,"_monsterinsights_sitenote_note":"","_monsterinsights_sitenote_category":0,"_expiration-date-status":"","_expiration-date":0,"_expiration-date-type":"","_expiration-date-categories":[],"_expiration-date-options":[]},"categories":[5],"tags":[],"yoast_head":"<!-- This site is optimized with the Yoast SEO plugin v19.7.1 - https:\/\/yoast.com\/wordpress\/plugins\/seo\/ -->\r\n<title>Webin\u00e1rio incentiva a leitura e a democratiza\u00e7\u00e3o do livro - Abril Liter\u00e1rio Virtual 2021 - Literalmente Isso...<\/title>\r\n<meta name=\"robots\" content=\"index, follow, max-snippet:-1, max-image-preview:large, max-video-preview:-1\" \/>\r\n<link rel=\"canonical\" href=\"https:\/\/portaleducacao.guarulhos.sp.gov.br\/wp_site\/abrilliterario2021\/2021\/04\/10\/webinario-incentiva-a-leitura-e-a-democratizacao-do-livro\/\" \/>\r\n<meta property=\"og:locale\" content=\"pt_BR\" \/>\r\n<meta property=\"og:type\" content=\"article\" \/>\r\n<meta property=\"og:title\" content=\"Webin\u00e1rio incentiva a leitura e a democratiza\u00e7\u00e3o do livro - Abril Liter\u00e1rio Virtual 2021 - Literalmente Isso...\" \/>\r\n<meta property=\"og:description\" content=\"Teve in\u00edcio na manh\u00e3 desta sexta-feira (9), o webin\u00e1rio Abril Liter\u00e1rio Virtual 2021 &#8211; Literalmente Isso\u2026, evento que re\u00fane autores e convidados para um bate-papo sobre literatura infantil, poesias, parlendas, [&hellip;]\" \/>\r\n<meta property=\"og:url\" content=\"https:\/\/portaleducacao.guarulhos.sp.gov.br\/wp_site\/abrilliterario2021\/2021\/04\/10\/webinario-incentiva-a-leitura-e-a-democratizacao-do-livro\/\" \/>\r\n<meta property=\"og:site_name\" content=\"Abril Liter\u00e1rio Virtual 2021 - Literalmente Isso...\" \/>\r\n<meta property=\"article:published_time\" content=\"2021-04-10T16:55:25+00:00\" \/>\r\n<meta property=\"article:modified_time\" content=\"2021-04-10T16:56:02+00:00\" \/>\r\n<meta property=\"og:image\" content=\"https:\/\/portaleducacao.guarulhos.sp.gov.br\/wp_site\/abrilliterario2021\/wp-content\/uploads\/sites\/7\/2021\/04\/9308ede6-bfcb-432c-8f8e-0f7032b22404.jpeg\" \/>\r\n\t<meta property=\"og:image:width\" content=\"1280\" \/>\r\n\t<meta property=\"og:image:height\" content=\"853\" \/>\r\n\t<meta property=\"og:image:type\" content=\"image\/jpeg\" \/>\r\n<meta name=\"author\" content=\"sites\" \/>\r\n<meta name=\"twitter:card\" content=\"summary_large_image\" \/>\r\n<meta name=\"twitter:label1\" content=\"Escrito por\" \/>\n\t<meta name=\"twitter:data1\" content=\"sites\" \/>\n\t<meta name=\"twitter:label2\" content=\"Est. tempo de leitura\" \/>\n\t<meta name=\"twitter:data2\" content=\"3 minutos\" \/>\r\n<script type=\"application\/ld+json\" class=\"yoast-schema-graph\">{\"@context\":\"https:\/\/schema.org\",\"@graph\":[{\"@type\":\"WebPage\",\"@id\":\"https:\/\/portaleducacao.guarulhos.sp.gov.br\/wp_site\/abrilliterario2021\/2021\/04\/10\/webinario-incentiva-a-leitura-e-a-democratizacao-do-livro\/\",\"url\":\"https:\/\/portaleducacao.guarulhos.sp.gov.br\/wp_site\/abrilliterario2021\/2021\/04\/10\/webinario-incentiva-a-leitura-e-a-democratizacao-do-livro\/\",\"name\":\"Webin\u00e1rio incentiva a leitura e a democratiza\u00e7\u00e3o do livro - Abril Liter\u00e1rio Virtual 2021 - Literalmente Isso...\",\"isPartOf\":{\"@id\":\"https:\/\/portaleducacao.guarulhos.sp.gov.br\/wp_site\/abrilliterario2021\/#website\"},\"datePublished\":\"2021-04-10T16:55:25+00:00\",\"dateModified\":\"2021-04-10T16:56:02+00:00\",\"author\":{\"@id\":\"https:\/\/portaleducacao.guarulhos.sp.gov.br\/wp_site\/abrilliterario2021\/#\/schema\/person\/9d1c60216648b2e84d2544ba3ee8bb69\"},\"breadcrumb\":{\"@id\":\"https:\/\/portaleducacao.guarulhos.sp.gov.br\/wp_site\/abrilliterario2021\/2021\/04\/10\/webinario-incentiva-a-leitura-e-a-democratizacao-do-livro\/#breadcrumb\"},\"inLanguage\":\"pt-BR\",\"potentialAction\":[{\"@type\":\"ReadAction\",\"target\":[\"https:\/\/portaleducacao.guarulhos.sp.gov.br\/wp_site\/abrilliterario2021\/2021\/04\/10\/webinario-incentiva-a-leitura-e-a-democratizacao-do-livro\/\"]}]},{\"@type\":\"BreadcrumbList\",\"@id\":\"https:\/\/portaleducacao.guarulhos.sp.gov.br\/wp_site\/abrilliterario2021\/2021\/04\/10\/webinario-incentiva-a-leitura-e-a-democratizacao-do-livro\/#breadcrumb\",\"itemListElement\":[{\"@type\":\"ListItem\",\"position\":1,\"name\":\"In\u00edcio\",\"item\":\"https:\/\/portaleducacao.guarulhos.sp.gov.br\/wp_site\/abrilliterario2021\/\"},{\"@type\":\"ListItem\",\"position\":2,\"name\":\"Webin\u00e1rio incentiva a leitura e a democratiza\u00e7\u00e3o do livro\"}]},{\"@type\":\"WebSite\",\"@id\":\"https:\/\/portaleducacao.guarulhos.sp.gov.br\/wp_site\/abrilliterario2021\/#website\",\"url\":\"https:\/\/portaleducacao.guarulhos.sp.gov.br\/wp_site\/abrilliterario2021\/\",\"name\":\"Abril Liter\u00e1rio Virtual 2021 - Literalmente Isso...\",\"description\":\"Secretaria Municipal de Educa\u00e7\u00e3o de Guarulhos\",\"potentialAction\":[{\"@type\":\"SearchAction\",\"target\":{\"@type\":\"EntryPoint\",\"urlTemplate\":\"https:\/\/portaleducacao.guarulhos.sp.gov.br\/wp_site\/abrilliterario2021\/?s={search_term_string}\"},\"query-input\":\"required name=search_term_string\"}],\"inLanguage\":\"pt-BR\"},{\"@type\":\"Person\",\"@id\":\"https:\/\/portaleducacao.guarulhos.sp.gov.br\/wp_site\/abrilliterario2021\/#\/schema\/person\/9d1c60216648b2e84d2544ba3ee8bb69\",\"name\":\"sites\",\"image\":{\"@type\":\"ImageObject\",\"inLanguage\":\"pt-BR\",\"@id\":\"https:\/\/portaleducacao.guarulhos.sp.gov.br\/wp_site\/abrilliterario2021\/#\/schema\/person\/image\/\",\"url\":\"https:\/\/secure.gravatar.com\/avatar\/d320dc056d58878ea1be67e0f28bb03d?s=96&d=mm&r=g\",\"contentUrl\":\"https:\/\/secure.gravatar.com\/avatar\/d320dc056d58878ea1be67e0f28bb03d?s=96&d=mm&r=g\",\"caption\":\"sites\"},\"sameAs\":[\"http:\/\/172.16.208.47\/sites\"],\"url\":\"https:\/\/portaleducacao.guarulhos.sp.gov.br\/wp_site\/abrilliterario2021\/author\/sites\/\"}]}<\/script>\r\n<!-- \/ Yoast SEO plugin. -->","yoast_head_json":{"title":"Webin\u00e1rio incentiva a leitura e a democratiza\u00e7\u00e3o do livro - Abril Liter\u00e1rio Virtual 2021 - Literalmente Isso...","robots":{"index":"index","follow":"follow","max-snippet":"max-snippet:-1","max-image-preview":"max-image-preview:large","max-video-preview":"max-video-preview:-1"},"canonical":"https:\/\/portaleducacao.guarulhos.sp.gov.br\/wp_site\/abrilliterario2021\/2021\/04\/10\/webinario-incentiva-a-leitura-e-a-democratizacao-do-livro\/","og_locale":"pt_BR","og_type":"article","og_title":"Webin\u00e1rio incentiva a leitura e a democratiza\u00e7\u00e3o do livro - Abril Liter\u00e1rio Virtual 2021 - Literalmente Isso...","og_description":"Teve in\u00edcio na manh\u00e3 desta sexta-feira (9), o webin\u00e1rio Abril Liter\u00e1rio Virtual 2021 &#8211; Literalmente Isso\u2026, evento que re\u00fane autores e convidados para um bate-papo sobre literatura infantil, poesias, parlendas, [&hellip;]","og_url":"https:\/\/portaleducacao.guarulhos.sp.gov.br\/wp_site\/abrilliterario2021\/2021\/04\/10\/webinario-incentiva-a-leitura-e-a-democratizacao-do-livro\/","og_site_name":"Abril Liter\u00e1rio Virtual 2021 - Literalmente Isso...","article_published_time":"2021-04-10T16:55:25+00:00","article_modified_time":"2021-04-10T16:56:02+00:00","og_image":[{"width":1280,"height":853,"url":"https:\/\/portaleducacao.guarulhos.sp.gov.br\/wp_site\/abrilliterario2021\/wp-content\/uploads\/sites\/7\/2021\/04\/9308ede6-bfcb-432c-8f8e-0f7032b22404.jpeg","type":"image\/jpeg"}],"author":"sites","twitter_card":"summary_large_image","twitter_misc":{"Escrito por":"sites","Est. tempo de leitura":"3 minutos"},"schema":{"@context":"https:\/\/schema.org","@graph":[{"@type":"WebPage","@id":"https:\/\/portaleducacao.guarulhos.sp.gov.br\/wp_site\/abrilliterario2021\/2021\/04\/10\/webinario-incentiva-a-leitura-e-a-democratizacao-do-livro\/","url":"https:\/\/portaleducacao.guarulhos.sp.gov.br\/wp_site\/abrilliterario2021\/2021\/04\/10\/webinario-incentiva-a-leitura-e-a-democratizacao-do-livro\/","name":"Webin\u00e1rio incentiva a leitura e a democratiza\u00e7\u00e3o do livro - Abril Liter\u00e1rio Virtual 2021 - Literalmente Isso...","isPartOf":{"@id":"https:\/\/portaleducacao.guarulhos.sp.gov.br\/wp_site\/abrilliterario2021\/#website"},"datePublished":"2021-04-10T16:55:25+00:00","dateModified":"2021-04-10T16:56:02+00:00","author":{"@id":"https:\/\/portaleducacao.guarulhos.sp.gov.br\/wp_site\/abrilliterario2021\/#\/schema\/person\/9d1c60216648b2e84d2544ba3ee8bb69"},"breadcrumb":{"@id":"https:\/\/portaleducacao.guarulhos.sp.gov.br\/wp_site\/abrilliterario2021\/2021\/04\/10\/webinario-incentiva-a-leitura-e-a-democratizacao-do-livro\/#breadcrumb"},"inLanguage":"pt-BR","potentialAction":[{"@type":"ReadAction","target":["https:\/\/portaleducacao.guarulhos.sp.gov.br\/wp_site\/abrilliterario2021\/2021\/04\/10\/webinario-incentiva-a-leitura-e-a-democratizacao-do-livro\/"]}]},{"@type":"BreadcrumbList","@id":"https:\/\/portaleducacao.guarulhos.sp.gov.br\/wp_site\/abrilliterario2021\/2021\/04\/10\/webinario-incentiva-a-leitura-e-a-democratizacao-do-livro\/#breadcrumb","itemListElement":[{"@type":"ListItem","position":1,"name":"In\u00edcio","item":"https:\/\/portaleducacao.guarulhos.sp.gov.br\/wp_site\/abrilliterario2021\/"},{"@type":"ListItem","position":2,"name":"Webin\u00e1rio incentiva a leitura e a democratiza\u00e7\u00e3o do livro"}]},{"@type":"WebSite","@id":"https:\/\/portaleducacao.guarulhos.sp.gov.br\/wp_site\/abrilliterario2021\/#website","url":"https:\/\/portaleducacao.guarulhos.sp.gov.br\/wp_site\/abrilliterario2021\/","name":"Abril Liter\u00e1rio Virtual 2021 - Literalmente Isso...","description":"Secretaria Municipal de Educa\u00e7\u00e3o de Guarulhos","potentialAction":[{"@type":"SearchAction","target":{"@type":"EntryPoint","urlTemplate":"https:\/\/portaleducacao.guarulhos.sp.gov.br\/wp_site\/abrilliterario2021\/?s={search_term_string}"},"query-input":"required name=search_term_string"}],"inLanguage":"pt-BR"},{"@type":"Person","@id":"https:\/\/portaleducacao.guarulhos.sp.gov.br\/wp_site\/abrilliterario2021\/#\/schema\/person\/9d1c60216648b2e84d2544ba3ee8bb69","name":"sites","image":{"@type":"ImageObject","inLanguage":"pt-BR","@id":"https:\/\/portaleducacao.guarulhos.sp.gov.br\/wp_site\/abrilliterario2021\/#\/schema\/person\/image\/","url":"https:\/\/secure.gravatar.com\/avatar\/d320dc056d58878ea1be67e0f28bb03d?s=96&d=mm&r=g","contentUrl":"https:\/\/secure.gravatar.com\/avatar\/d320dc056d58878ea1be67e0f28bb03d?s=96&d=mm&r=g","caption":"sites"},"sameAs":["http:\/\/172.16.208.47\/sites"],"url":"https:\/\/portaleducacao.guarulhos.sp.gov.br\/wp_site\/abrilliterario2021\/author\/sites\/"}]}},"_links":{"self":[{"href":"https:\/\/portaleducacao.guarulhos.sp.gov.br\/wp_site\/abrilliterario2021\/wp-json\/wp\/v2\/posts\/267"}],"collection":[{"href":"https:\/\/portaleducacao.guarulhos.sp.gov.br\/wp_site\/abrilliterario2021\/wp-json\/wp\/v2\/posts"}],"about":[{"href":"https:\/\/portaleducacao.guarulhos.sp.gov.br\/wp_site\/abrilliterario2021\/wp-json\/wp\/v2\/types\/post"}],"author":[{"embeddable":true,"href":"https:\/\/portaleducacao.guarulhos.sp.gov.br\/wp_site\/abrilliterario2021\/wp-json\/wp\/v2\/users\/1"}],"replies":[{"embeddable":true,"href":"https:\/\/portaleducacao.guarulhos.sp.gov.br\/wp_site\/abrilliterario2021\/wp-json\/wp\/v2\/comments?post=267"}],"version-history":[{"count":1,"href":"https:\/\/portaleducacao.guarulhos.sp.gov.br\/wp_site\/abrilliterario2021\/wp-json\/wp\/v2\/posts\/267\/revisions"}],"predecessor-version":[{"id":269,"href":"https:\/\/portaleducacao.guarulhos.sp.gov.br\/wp_site\/abrilliterario2021\/wp-json\/wp\/v2\/posts\/267\/revisions\/269"}],"wp:featuredmedia":[{"embeddable":true,"href":"https:\/\/portaleducacao.guarulhos.sp.gov.br\/wp_site\/abrilliterario2021\/wp-json\/wp\/v2\/media\/268"}],"wp:attachment":[{"href":"https:\/\/portaleducacao.guarulhos.sp.gov.br\/wp_site\/abrilliterario2021\/wp-json\/wp\/v2\/media?parent=267"}],"wp:term":[{"taxonomy":"category","embeddable":true,"href":"https:\/\/portaleducacao.guarulhos.sp.gov.br\/wp_site\/abrilliterario2021\/wp-json\/wp\/v2\/categories?post=267"},{"taxonomy":"post_tag","embeddable":true,"href":"https:\/\/portaleducacao.guarulhos.sp.gov.br\/wp_site\/abrilliterario2021\/wp-json\/wp\/v2\/tags?post=267"}],"curies":[{"name":"wp","href":"https:\/\/api.w.org\/{rel}","templated":true}]}}