{"id":299,"date":"2021-04-23T08:04:38","date_gmt":"2021-04-23T11:04:38","guid":{"rendered":"http:\/\/portaleducacao.guarulhos.sp.gov.br\/wp_site\/abrilliterario\/?p=299"},"modified":"2021-04-23T08:05:09","modified_gmt":"2021-04-23T11:05:09","slug":"contacao-de-historias-da-epg-edson-nunes-malecka-acolhe-participantes-em-ambiente-virtual","status":"publish","type":"post","link":"https:\/\/portaleducacao.guarulhos.sp.gov.br\/wp_site\/abrilliterario2021\/2021\/04\/23\/contacao-de-historias-da-epg-edson-nunes-malecka-acolhe-participantes-em-ambiente-virtual\/","title":{"rendered":"Conta\u00e7\u00e3o de hist\u00f3rias da EPG Edson Nunes Malecka acolhe participantes em ambiente virtual"},"content":{"rendered":"\n<p class=\"has-medium-font-size\">Contar hist\u00f3rias e ao mesmo tempo despertar a curiosidade, imagina\u00e7\u00e3o e criatividade dos ouvintes. Em meio \u00e0 programa\u00e7\u00e3o de fomento e incentivo \u00e0 leitura do Abril Liter\u00e1rio, Hist\u00f3rias no Malecka, projeto de conta\u00e7\u00e3o da EPG Edson Nunes Malecka, no Jardim Ponte Alta, vem alcan\u00e7ando resultados surpreendentes, principalmente com a participa\u00e7\u00e3o das crian\u00e7as e de seus pais. Com encontros virtuais que acontecem semanalmente, nas manh\u00e3s de quinta-feira, a iniciativa teve in\u00edcio em setembro do ano passado, uma estrat\u00e9gia para aproximar os alunos da escola e despertar o prazer pela leitura de bons livros.<\/p>\n\n\n\n<p class=\"has-medium-font-size\">Ana Biggi, respons\u00e1vel pela classe bil\u00edngue para surdos da unidade escolar, explica que os encontros virtuais t\u00eam como objetivo proporcionar acolhimento, intera\u00e7\u00e3o, emo\u00e7\u00e3o e envolvimento das crian\u00e7as, professores, familiares, amigos, funcion\u00e1rios da escola. \u201cOs encontros s\u00e3o pensados para atender essa necessidade de levar as hist\u00f3rias para as crian\u00e7as e todas as pessoas que gostam de ver, ouvir e contar uma boa hist\u00f3ria podem participar\u201d, enfatiza Ana.<\/p>\n\n\n\n<p class=\"has-medium-font-size\">De acordo com o professor de Artes, S\u00e9rgio Andrejauskas, al\u00e9m dos desafios e aprendizagens que a pandemia proporcionou \u00e0s escolas, os professores se desdobraram para pensar em possibilidades para estar junto das crian\u00e7as. \u201cEm meio a in\u00fameras d\u00favidas, contar hist\u00f3rias online se mostrou como uma forma eficaz de garantir o direito \u00e0 poesia, \u00e0 literatura e \u00e0 arte. \u00c9 uma grande satisfa\u00e7\u00e3o e alegria participar de um projeto que come\u00e7ou com 15, 20 crian\u00e7as e vem crescendo a cada dia\u201d. Vibra S\u00e9rgio.<\/p>\n\n\n\n<p class=\"has-medium-font-size\">O educador conta tamb\u00e9m que, toda semana as professoras escolhem uma hist\u00f3ria para contar para os alunos. Ent\u00e3o, ele e a professora Ana se encarregam de fazer a divulga\u00e7\u00e3o pelas redes sociais da escola e, na data e hor\u00e1rios combinados, as crian\u00e7as encontram a sala aberta com todos seus colegas de turma ali, um jeito diferente de manter o contato e a amizade, mas que tem funcionado bem.<\/p>\n\n\n\n<p class=\"has-medium-font-size\">A equipe tamb\u00e9m focou a garantia do acesso dos alunos surdos ao conte\u00fado. Pensando naqueles que n\u00e3o podem participar da conta\u00e7\u00e3o de hist\u00f3rias online, os encontros s\u00e3o gravados e os v\u00eddeos s\u00e3o enviados para as crian\u00e7as com tradu\u00e7\u00e3o em Libras. \u201cAs parcerias que temos estabelecido para nos aproximar das crian\u00e7as nesse momento s\u00e3o fundamentais para que possamos continuar acreditando em uma educa\u00e7\u00e3o com qualidade social\u201d, observa S\u00e9rgio.<\/p>\n\n\n\n<p class=\"has-medium-font-size\">Engajada em atividades de leitura variadas, principalmente do g\u00eanero poesia, Soraia Ramalho Silva, professora do 3\u00b0 ano, \u00e9 uma das docentes envolvida com a organiza\u00e7\u00e3o da conta\u00e7\u00e3o de hist\u00f3rias para garantir a magia e divers\u00e3o do encontro. \u201c\u00c9 muito bom ver nosso trabalho reconhecido na rede municipal, que apesar de simples, tem alcan\u00e7ado muitos alunos e suas fam\u00edlias, al\u00e9m dos professores, todos participando de um jeito muito especial e dando devolutivas muito carinhosas para todos n\u00f3s\u201d.<\/p>\n\n\n\n<p class=\"has-medium-font-size\">Soraia enfatiza ainda a import\u00e2ncia de ouvir e dar voz \u00e0s crian\u00e7as, que cada vez ficam mais encantadas e motivadas a participar. Carlos Eduardo Pereira da Silva, de 9 anos, aluno do 3\u00ba ano, conta que vem acompanhando os encontros assiduamente. \u201cGosto dos encontros porque eles me fazem lembrar de momentos de muita alegria na escola, que no momento n\u00e3o estamos podendo viver por causa do coronav\u00edrus\u201d. Para o jovem rapaz, a parte da conta\u00e7\u00e3o virtual da qual ele mais gosta \u00e9 o bate-papo sobre a hist\u00f3ria que acabaram de ouvir, al\u00e9m de rever os colegas e amigos.<\/p>\n\n\n\n<p class=\"has-medium-font-size\">Em uma das atividades que extrapolou o ambiente da conta\u00e7\u00e3o, a professora Soraia pediu aos alunos do 3\u00b0 ano que gravassem um v\u00eddeo com a hist\u00f3ria que mais gostam. Davi Ara\u00fajo da Silva, de 9 anos, n\u00e3o perdeu tempo: resgatou uma hist\u00f3ria que seus pais lhe contaram, que quando crian\u00e7as ouviam falar do bicho do Umbu, uma lenda que os deixava com muito medo. Para falar dessa lenda, Davi buscou o poema O Grande Bicho, da escritora Nubia Paiva, uma artista do sert\u00e3o baiano. No v\u00eddeo que gravou, o menino declama a poesia, que faz parte do livro Era Uma Vez Uma Poesia, valorizando as rimas entre os versos. Logo depois de declamar a poesia, Davi fala da biografia da escritora.<\/p>\n\n\n\n<p class=\"has-medium-font-size\">Logo, o v\u00eddeo do menino chegou at\u00e9 a escritora Nubia Paiva, que gravou um v\u00eddeo em agradecimento ao Davi e \u00e0 sua m\u00e3e, Joana. Veja o v\u00eddeo com o depoimento do aluno e da escritora abaixo:<\/p>\n\n\n\n<figure class=\"wp-block-embed-youtube wp-block-embed is-type-video is-provider-youtube wp-embed-aspect-16-9 wp-has-aspect-ratio\"><div class=\"wp-block-embed__wrapper\">\n<iframe loading=\"lazy\" title=\"Hist\u00f3rias no Malecka Davi e Nubia Paiva\" width=\"870\" height=\"489\" src=\"https:\/\/www.youtube.com\/embed\/eLUTMx9s5mg?feature=oembed\" frameborder=\"0\" allow=\"accelerometer; autoplay; clipboard-write; encrypted-media; gyroscope; picture-in-picture\" allowfullscreen><\/iframe>\n<\/div><\/figure>\n\n\n\n<p class=\"has-medium-font-size\">\u201cGostaria de parabenizar a escola pelo incentivo \u00e0 leitura e por estar espalhando poesia por a\u00ed, principalmente nesse momento em que todos n\u00f3s estamos precisando tanto de poesia e sensibilidade\u201d.<\/p>\n\n\n\n<p class=\"has-medium-font-size\">E essa hist\u00f3ria n\u00e3o acaba aqui. Em meio \u00e0s in\u00fameras a\u00e7\u00f5es que a EPG Edson Nunes Malecka e seus profissionais articulam para fomentar e ampliar a habilidade leitora de seus alunos, e que envolvem as fam\u00edlias de um modo muito interessante, o projeto de conta\u00e7\u00e3o de hist\u00f3rias ampliou o debate, convidando autores como a pr\u00f3pria Nubia Paiva, que participou do encontro virtual na manh\u00e3 desta quinta-feira (22).<\/p>\n\n\n\n<p class=\"has-medium-font-size\">E se depender do engajamento e inventividade dos professores, alunos, pais, gestores e demais profissionais da escola, esse espa\u00e7o de encantamento e acolhimento, conquistado como forma de dar continuidade \u00e0s atividades, tem lugar cativo garantido na rotina de todos.<\/p>\n","protected":false},"excerpt":{"rendered":"<p>Contar hist\u00f3rias e ao mesmo tempo despertar a curiosidade, imagina\u00e7\u00e3o e criatividade dos ouvintes. Em meio \u00e0 programa\u00e7\u00e3o de fomento e incentivo \u00e0 leitura do Abril Liter\u00e1rio, Hist\u00f3rias no Malecka, [&hellip;]<\/p>\n","protected":false},"author":1,"featured_media":300,"comment_status":"closed","ping_status":"open","sticky":false,"template":"","format":"standard","meta":{"_monsterinsights_skip_tracking":false,"_monsterinsights_sitenote_active":false,"_monsterinsights_sitenote_note":"","_monsterinsights_sitenote_category":0,"_expiration-date-status":"","_expiration-date":0,"_expiration-date-type":"","_expiration-date-categories":[],"_expiration-date-options":[]},"categories":[1],"tags":[],"yoast_head":"<!-- This site is optimized with the Yoast SEO plugin v19.7.1 - https:\/\/yoast.com\/wordpress\/plugins\/seo\/ -->\r\n<title>Conta\u00e7\u00e3o de hist\u00f3rias da EPG Edson Nunes Malecka acolhe participantes em ambiente virtual - Abril Liter\u00e1rio Virtual 2021 - Literalmente Isso...<\/title>\r\n<meta name=\"robots\" content=\"index, follow, max-snippet:-1, max-image-preview:large, max-video-preview:-1\" \/>\r\n<link rel=\"canonical\" href=\"https:\/\/portaleducacao.guarulhos.sp.gov.br\/wp_site\/abrilliterario2021\/2021\/04\/23\/contacao-de-historias-da-epg-edson-nunes-malecka-acolhe-participantes-em-ambiente-virtual\/\" \/>\r\n<meta property=\"og:locale\" content=\"pt_BR\" \/>\r\n<meta property=\"og:type\" content=\"article\" \/>\r\n<meta property=\"og:title\" content=\"Conta\u00e7\u00e3o de hist\u00f3rias da EPG Edson Nunes Malecka acolhe participantes em ambiente virtual - Abril Liter\u00e1rio Virtual 2021 - Literalmente Isso...\" \/>\r\n<meta property=\"og:description\" content=\"Contar hist\u00f3rias e ao mesmo tempo despertar a curiosidade, imagina\u00e7\u00e3o e criatividade dos ouvintes. Em meio \u00e0 programa\u00e7\u00e3o de fomento e incentivo \u00e0 leitura do Abril Liter\u00e1rio, Hist\u00f3rias no Malecka, [&hellip;]\" \/>\r\n<meta property=\"og:url\" content=\"https:\/\/portaleducacao.guarulhos.sp.gov.br\/wp_site\/abrilliterario2021\/2021\/04\/23\/contacao-de-historias-da-epg-edson-nunes-malecka-acolhe-participantes-em-ambiente-virtual\/\" \/>\r\n<meta property=\"og:site_name\" content=\"Abril Liter\u00e1rio Virtual 2021 - Literalmente Isso...\" \/>\r\n<meta property=\"article:published_time\" content=\"2021-04-23T11:04:38+00:00\" \/>\r\n<meta property=\"article:modified_time\" content=\"2021-04-23T11:05:09+00:00\" \/>\r\n<meta property=\"og:image\" content=\"https:\/\/portaleducacao.guarulhos.sp.gov.br\/wp_site\/abrilliterario2021\/wp-content\/uploads\/sites\/7\/2021\/04\/01.jpeg\" \/>\r\n\t<meta property=\"og:image:width\" content=\"750\" \/>\r\n\t<meta property=\"og:image:height\" content=\"520\" \/>\r\n\t<meta property=\"og:image:type\" content=\"image\/jpeg\" \/>\r\n<meta name=\"author\" content=\"sites\" \/>\r\n<meta name=\"twitter:card\" content=\"summary_large_image\" \/>\r\n<meta name=\"twitter:label1\" content=\"Escrito por\" \/>\n\t<meta name=\"twitter:data1\" content=\"sites\" \/>\n\t<meta name=\"twitter:label2\" content=\"Est. tempo de leitura\" \/>\n\t<meta name=\"twitter:data2\" content=\"5 minutos\" \/>\r\n<script type=\"application\/ld+json\" class=\"yoast-schema-graph\">{\"@context\":\"https:\/\/schema.org\",\"@graph\":[{\"@type\":\"WebPage\",\"@id\":\"https:\/\/portaleducacao.guarulhos.sp.gov.br\/wp_site\/abrilliterario2021\/2021\/04\/23\/contacao-de-historias-da-epg-edson-nunes-malecka-acolhe-participantes-em-ambiente-virtual\/\",\"url\":\"https:\/\/portaleducacao.guarulhos.sp.gov.br\/wp_site\/abrilliterario2021\/2021\/04\/23\/contacao-de-historias-da-epg-edson-nunes-malecka-acolhe-participantes-em-ambiente-virtual\/\",\"name\":\"Conta\u00e7\u00e3o de hist\u00f3rias da EPG Edson Nunes Malecka acolhe participantes em ambiente virtual - Abril Liter\u00e1rio Virtual 2021 - Literalmente Isso...\",\"isPartOf\":{\"@id\":\"https:\/\/portaleducacao.guarulhos.sp.gov.br\/wp_site\/abrilliterario2021\/#website\"},\"datePublished\":\"2021-04-23T11:04:38+00:00\",\"dateModified\":\"2021-04-23T11:05:09+00:00\",\"author\":{\"@id\":\"https:\/\/portaleducacao.guarulhos.sp.gov.br\/wp_site\/abrilliterario2021\/#\/schema\/person\/9d1c60216648b2e84d2544ba3ee8bb69\"},\"breadcrumb\":{\"@id\":\"https:\/\/portaleducacao.guarulhos.sp.gov.br\/wp_site\/abrilliterario2021\/2021\/04\/23\/contacao-de-historias-da-epg-edson-nunes-malecka-acolhe-participantes-em-ambiente-virtual\/#breadcrumb\"},\"inLanguage\":\"pt-BR\",\"potentialAction\":[{\"@type\":\"ReadAction\",\"target\":[\"https:\/\/portaleducacao.guarulhos.sp.gov.br\/wp_site\/abrilliterario2021\/2021\/04\/23\/contacao-de-historias-da-epg-edson-nunes-malecka-acolhe-participantes-em-ambiente-virtual\/\"]}]},{\"@type\":\"BreadcrumbList\",\"@id\":\"https:\/\/portaleducacao.guarulhos.sp.gov.br\/wp_site\/abrilliterario2021\/2021\/04\/23\/contacao-de-historias-da-epg-edson-nunes-malecka-acolhe-participantes-em-ambiente-virtual\/#breadcrumb\",\"itemListElement\":[{\"@type\":\"ListItem\",\"position\":1,\"name\":\"In\u00edcio\",\"item\":\"https:\/\/portaleducacao.guarulhos.sp.gov.br\/wp_site\/abrilliterario2021\/\"},{\"@type\":\"ListItem\",\"position\":2,\"name\":\"Conta\u00e7\u00e3o de hist\u00f3rias da EPG Edson Nunes Malecka acolhe participantes em ambiente virtual\"}]},{\"@type\":\"WebSite\",\"@id\":\"https:\/\/portaleducacao.guarulhos.sp.gov.br\/wp_site\/abrilliterario2021\/#website\",\"url\":\"https:\/\/portaleducacao.guarulhos.sp.gov.br\/wp_site\/abrilliterario2021\/\",\"name\":\"Abril Liter\u00e1rio Virtual 2021 - Literalmente Isso...\",\"description\":\"Secretaria Municipal de Educa\u00e7\u00e3o de Guarulhos\",\"potentialAction\":[{\"@type\":\"SearchAction\",\"target\":{\"@type\":\"EntryPoint\",\"urlTemplate\":\"https:\/\/portaleducacao.guarulhos.sp.gov.br\/wp_site\/abrilliterario2021\/?s={search_term_string}\"},\"query-input\":\"required name=search_term_string\"}],\"inLanguage\":\"pt-BR\"},{\"@type\":\"Person\",\"@id\":\"https:\/\/portaleducacao.guarulhos.sp.gov.br\/wp_site\/abrilliterario2021\/#\/schema\/person\/9d1c60216648b2e84d2544ba3ee8bb69\",\"name\":\"sites\",\"image\":{\"@type\":\"ImageObject\",\"inLanguage\":\"pt-BR\",\"@id\":\"https:\/\/portaleducacao.guarulhos.sp.gov.br\/wp_site\/abrilliterario2021\/#\/schema\/person\/image\/\",\"url\":\"https:\/\/secure.gravatar.com\/avatar\/d320dc056d58878ea1be67e0f28bb03d?s=96&d=mm&r=g\",\"contentUrl\":\"https:\/\/secure.gravatar.com\/avatar\/d320dc056d58878ea1be67e0f28bb03d?s=96&d=mm&r=g\",\"caption\":\"sites\"},\"sameAs\":[\"http:\/\/172.16.208.47\/sites\"],\"url\":\"https:\/\/portaleducacao.guarulhos.sp.gov.br\/wp_site\/abrilliterario2021\/author\/sites\/\"}]}<\/script>\r\n<!-- \/ Yoast SEO plugin. -->","yoast_head_json":{"title":"Conta\u00e7\u00e3o de hist\u00f3rias da EPG Edson Nunes Malecka acolhe participantes em ambiente virtual - Abril Liter\u00e1rio Virtual 2021 - Literalmente Isso...","robots":{"index":"index","follow":"follow","max-snippet":"max-snippet:-1","max-image-preview":"max-image-preview:large","max-video-preview":"max-video-preview:-1"},"canonical":"https:\/\/portaleducacao.guarulhos.sp.gov.br\/wp_site\/abrilliterario2021\/2021\/04\/23\/contacao-de-historias-da-epg-edson-nunes-malecka-acolhe-participantes-em-ambiente-virtual\/","og_locale":"pt_BR","og_type":"article","og_title":"Conta\u00e7\u00e3o de hist\u00f3rias da EPG Edson Nunes Malecka acolhe participantes em ambiente virtual - Abril Liter\u00e1rio Virtual 2021 - Literalmente Isso...","og_description":"Contar hist\u00f3rias e ao mesmo tempo despertar a curiosidade, imagina\u00e7\u00e3o e criatividade dos ouvintes. Em meio \u00e0 programa\u00e7\u00e3o de fomento e incentivo \u00e0 leitura do Abril Liter\u00e1rio, Hist\u00f3rias no Malecka, [&hellip;]","og_url":"https:\/\/portaleducacao.guarulhos.sp.gov.br\/wp_site\/abrilliterario2021\/2021\/04\/23\/contacao-de-historias-da-epg-edson-nunes-malecka-acolhe-participantes-em-ambiente-virtual\/","og_site_name":"Abril Liter\u00e1rio Virtual 2021 - Literalmente Isso...","article_published_time":"2021-04-23T11:04:38+00:00","article_modified_time":"2021-04-23T11:05:09+00:00","og_image":[{"width":750,"height":520,"url":"https:\/\/portaleducacao.guarulhos.sp.gov.br\/wp_site\/abrilliterario2021\/wp-content\/uploads\/sites\/7\/2021\/04\/01.jpeg","type":"image\/jpeg"}],"author":"sites","twitter_card":"summary_large_image","twitter_misc":{"Escrito por":"sites","Est. tempo de leitura":"5 minutos"},"schema":{"@context":"https:\/\/schema.org","@graph":[{"@type":"WebPage","@id":"https:\/\/portaleducacao.guarulhos.sp.gov.br\/wp_site\/abrilliterario2021\/2021\/04\/23\/contacao-de-historias-da-epg-edson-nunes-malecka-acolhe-participantes-em-ambiente-virtual\/","url":"https:\/\/portaleducacao.guarulhos.sp.gov.br\/wp_site\/abrilliterario2021\/2021\/04\/23\/contacao-de-historias-da-epg-edson-nunes-malecka-acolhe-participantes-em-ambiente-virtual\/","name":"Conta\u00e7\u00e3o de hist\u00f3rias da EPG Edson Nunes Malecka acolhe participantes em ambiente virtual - Abril Liter\u00e1rio Virtual 2021 - Literalmente Isso...","isPartOf":{"@id":"https:\/\/portaleducacao.guarulhos.sp.gov.br\/wp_site\/abrilliterario2021\/#website"},"datePublished":"2021-04-23T11:04:38+00:00","dateModified":"2021-04-23T11:05:09+00:00","author":{"@id":"https:\/\/portaleducacao.guarulhos.sp.gov.br\/wp_site\/abrilliterario2021\/#\/schema\/person\/9d1c60216648b2e84d2544ba3ee8bb69"},"breadcrumb":{"@id":"https:\/\/portaleducacao.guarulhos.sp.gov.br\/wp_site\/abrilliterario2021\/2021\/04\/23\/contacao-de-historias-da-epg-edson-nunes-malecka-acolhe-participantes-em-ambiente-virtual\/#breadcrumb"},"inLanguage":"pt-BR","potentialAction":[{"@type":"ReadAction","target":["https:\/\/portaleducacao.guarulhos.sp.gov.br\/wp_site\/abrilliterario2021\/2021\/04\/23\/contacao-de-historias-da-epg-edson-nunes-malecka-acolhe-participantes-em-ambiente-virtual\/"]}]},{"@type":"BreadcrumbList","@id":"https:\/\/portaleducacao.guarulhos.sp.gov.br\/wp_site\/abrilliterario2021\/2021\/04\/23\/contacao-de-historias-da-epg-edson-nunes-malecka-acolhe-participantes-em-ambiente-virtual\/#breadcrumb","itemListElement":[{"@type":"ListItem","position":1,"name":"In\u00edcio","item":"https:\/\/portaleducacao.guarulhos.sp.gov.br\/wp_site\/abrilliterario2021\/"},{"@type":"ListItem","position":2,"name":"Conta\u00e7\u00e3o de hist\u00f3rias da EPG Edson Nunes Malecka acolhe participantes em ambiente virtual"}]},{"@type":"WebSite","@id":"https:\/\/portaleducacao.guarulhos.sp.gov.br\/wp_site\/abrilliterario2021\/#website","url":"https:\/\/portaleducacao.guarulhos.sp.gov.br\/wp_site\/abrilliterario2021\/","name":"Abril Liter\u00e1rio Virtual 2021 - Literalmente Isso...","description":"Secretaria Municipal de Educa\u00e7\u00e3o de Guarulhos","potentialAction":[{"@type":"SearchAction","target":{"@type":"EntryPoint","urlTemplate":"https:\/\/portaleducacao.guarulhos.sp.gov.br\/wp_site\/abrilliterario2021\/?s={search_term_string}"},"query-input":"required name=search_term_string"}],"inLanguage":"pt-BR"},{"@type":"Person","@id":"https:\/\/portaleducacao.guarulhos.sp.gov.br\/wp_site\/abrilliterario2021\/#\/schema\/person\/9d1c60216648b2e84d2544ba3ee8bb69","name":"sites","image":{"@type":"ImageObject","inLanguage":"pt-BR","@id":"https:\/\/portaleducacao.guarulhos.sp.gov.br\/wp_site\/abrilliterario2021\/#\/schema\/person\/image\/","url":"https:\/\/secure.gravatar.com\/avatar\/d320dc056d58878ea1be67e0f28bb03d?s=96&d=mm&r=g","contentUrl":"https:\/\/secure.gravatar.com\/avatar\/d320dc056d58878ea1be67e0f28bb03d?s=96&d=mm&r=g","caption":"sites"},"sameAs":["http:\/\/172.16.208.47\/sites"],"url":"https:\/\/portaleducacao.guarulhos.sp.gov.br\/wp_site\/abrilliterario2021\/author\/sites\/"}]}},"_links":{"self":[{"href":"https:\/\/portaleducacao.guarulhos.sp.gov.br\/wp_site\/abrilliterario2021\/wp-json\/wp\/v2\/posts\/299"}],"collection":[{"href":"https:\/\/portaleducacao.guarulhos.sp.gov.br\/wp_site\/abrilliterario2021\/wp-json\/wp\/v2\/posts"}],"about":[{"href":"https:\/\/portaleducacao.guarulhos.sp.gov.br\/wp_site\/abrilliterario2021\/wp-json\/wp\/v2\/types\/post"}],"author":[{"embeddable":true,"href":"https:\/\/portaleducacao.guarulhos.sp.gov.br\/wp_site\/abrilliterario2021\/wp-json\/wp\/v2\/users\/1"}],"replies":[{"embeddable":true,"href":"https:\/\/portaleducacao.guarulhos.sp.gov.br\/wp_site\/abrilliterario2021\/wp-json\/wp\/v2\/comments?post=299"}],"version-history":[{"count":1,"href":"https:\/\/portaleducacao.guarulhos.sp.gov.br\/wp_site\/abrilliterario2021\/wp-json\/wp\/v2\/posts\/299\/revisions"}],"predecessor-version":[{"id":301,"href":"https:\/\/portaleducacao.guarulhos.sp.gov.br\/wp_site\/abrilliterario2021\/wp-json\/wp\/v2\/posts\/299\/revisions\/301"}],"wp:featuredmedia":[{"embeddable":true,"href":"https:\/\/portaleducacao.guarulhos.sp.gov.br\/wp_site\/abrilliterario2021\/wp-json\/wp\/v2\/media\/300"}],"wp:attachment":[{"href":"https:\/\/portaleducacao.guarulhos.sp.gov.br\/wp_site\/abrilliterario2021\/wp-json\/wp\/v2\/media?parent=299"}],"wp:term":[{"taxonomy":"category","embeddable":true,"href":"https:\/\/portaleducacao.guarulhos.sp.gov.br\/wp_site\/abrilliterario2021\/wp-json\/wp\/v2\/categories?post=299"},{"taxonomy":"post_tag","embeddable":true,"href":"https:\/\/portaleducacao.guarulhos.sp.gov.br\/wp_site\/abrilliterario2021\/wp-json\/wp\/v2\/tags?post=299"}],"curies":[{"name":"wp","href":"https:\/\/api.w.org\/{rel}","templated":true}]}}