{"id":302,"date":"2021-04-23T08:09:14","date_gmt":"2021-04-23T11:09:14","guid":{"rendered":"http:\/\/portaleducacao.guarulhos.sp.gov.br\/wp_site\/abrilliterario\/?p=302"},"modified":"2021-04-23T08:11:53","modified_gmt":"2021-04-23T11:11:53","slug":"primeira-semana-do-abril-literario-e-sucesso-nas-redes-sociais","status":"publish","type":"post","link":"https:\/\/portaleducacao.guarulhos.sp.gov.br\/wp_site\/abrilliterario2021\/2021\/04\/23\/primeira-semana-do-abril-literario-e-sucesso-nas-redes-sociais\/","title":{"rendered":"Primeira semana do Abril Liter\u00e1rio \u00e9 sucesso nas redes sociais"},"content":{"rendered":"\n<p class=\"has-medium-font-size\">A Secretaria de Educa\u00e7\u00e3o de Guarulhos promove atualmente uma s\u00e9rie de eventos online voltados para a comunidade escolar do munic\u00edpio. Um dos mais bem recebidos pela popula\u00e7\u00e3o at\u00e9 o momento \u00e9 o Abril Liter\u00e1rio Virtual 2021 \u2013 Literalmente isso\u2026, um espa\u00e7o para atividades culturais com leituras, utiliza\u00e7\u00e3o de diferentes g\u00eaneros liter\u00e1rios, conta\u00e7\u00e3o de hist\u00f3rias, entre outras, com o objetivo de estimular a criatividade, a imagina\u00e7\u00e3o, o conhecimento e o entretenimento.<\/p>\n\n\n\n<p class=\"has-medium-font-size\">Aberta com um Webin\u00e1rio no dia 9 de abril com a participa\u00e7\u00e3o do prefeito Guti e do secret\u00e1rio de Educa\u00e7\u00e3o, Paulo Matheus, a primeira semana de programa\u00e7\u00e3o comprovou o sucesso da iniciativa. Passaram pelo canal do Portal da Secretaria de Educa\u00e7\u00e3o no YouTube e pelas redes sociais dos CEUs educadores e escritores com trabalhos relevantes voltados para o p\u00fablico infanto-juvenil.<\/p>\n\n\n\n<p class=\"has-medium-font-size\">Sob a coordena\u00e7\u00e3o da Escola 360, os CEUs da cidade movimentaram a semana com um card\u00e1pio variado de atra\u00e7\u00f5es. O CEU Para\u00edso Alvorada, por exemplo, foi destaque no n\u00famero de acessos com os v\u00eddeos em homenagem a patronos da rede municipal de ensino, como o ambientalista Chico Mendes, a pintora Tarsila do Amaral, os escritores Monteiro Lobato, Carolina Maria de Jesus e An\u00edsio Teixeira e o esportista Milton Luiz Ziller.<\/p>\n\n\n\n<p class=\"has-medium-font-size\">Para quem n\u00e3o teve a oportunidade de assistir \u00e0s mesas com transmiss\u00e3o ao vivo, basta acessar o canal do <a rel=\"noreferrer noopener\" href=\"https:\/\/www.youtube.com\/c\/PortalSEInforme\" target=\"_blank\">Portal da Secretaria de Educa\u00e7\u00e3o de Guarulhos<\/a> no YouTube.<\/p>\n\n\n\n<p><\/p>\n","protected":false},"excerpt":{"rendered":"<p>A Secretaria de Educa\u00e7\u00e3o de Guarulhos promove atualmente uma s\u00e9rie de eventos online voltados para a comunidade escolar do munic\u00edpio. Um dos mais bem recebidos pela popula\u00e7\u00e3o at\u00e9 o momento [&hellip;]<\/p>\n","protected":false},"author":1,"featured_media":303,"comment_status":"closed","ping_status":"open","sticky":false,"template":"","format":"standard","meta":{"_monsterinsights_skip_tracking":false,"_monsterinsights_sitenote_active":false,"_monsterinsights_sitenote_note":"","_monsterinsights_sitenote_category":0,"_expiration-date-status":"","_expiration-date":0,"_expiration-date-type":"","_expiration-date-categories":[],"_expiration-date-options":[]},"categories":[5],"tags":[],"yoast_head":"<!-- This site is optimized with the Yoast SEO plugin v19.7.1 - https:\/\/yoast.com\/wordpress\/plugins\/seo\/ -->\r\n<title>Primeira semana do Abril Liter\u00e1rio \u00e9 sucesso nas redes sociais - Abril Liter\u00e1rio Virtual 2021 - Literalmente Isso...<\/title>\r\n<meta name=\"robots\" content=\"index, follow, max-snippet:-1, max-image-preview:large, max-video-preview:-1\" \/>\r\n<link rel=\"canonical\" href=\"https:\/\/portaleducacao.guarulhos.sp.gov.br\/wp_site\/abrilliterario2021\/2021\/04\/23\/primeira-semana-do-abril-literario-e-sucesso-nas-redes-sociais\/\" \/>\r\n<meta property=\"og:locale\" content=\"pt_BR\" \/>\r\n<meta property=\"og:type\" content=\"article\" \/>\r\n<meta property=\"og:title\" content=\"Primeira semana do Abril Liter\u00e1rio \u00e9 sucesso nas redes sociais - Abril Liter\u00e1rio Virtual 2021 - Literalmente Isso...\" \/>\r\n<meta property=\"og:description\" content=\"A Secretaria de Educa\u00e7\u00e3o de Guarulhos promove atualmente uma s\u00e9rie de eventos online voltados para a comunidade escolar do munic\u00edpio. Um dos mais bem recebidos pela popula\u00e7\u00e3o at\u00e9 o momento [&hellip;]\" \/>\r\n<meta property=\"og:url\" content=\"https:\/\/portaleducacao.guarulhos.sp.gov.br\/wp_site\/abrilliterario2021\/2021\/04\/23\/primeira-semana-do-abril-literario-e-sucesso-nas-redes-sociais\/\" \/>\r\n<meta property=\"og:site_name\" content=\"Abril Liter\u00e1rio Virtual 2021 - Literalmente Isso...\" \/>\r\n<meta property=\"article:published_time\" content=\"2021-04-23T11:09:14+00:00\" \/>\r\n<meta property=\"article:modified_time\" content=\"2021-04-23T11:11:53+00:00\" \/>\r\n<meta property=\"og:image\" content=\"https:\/\/portaleducacao.guarulhos.sp.gov.br\/wp_site\/abrilliterario2021\/wp-content\/uploads\/sites\/7\/2021\/04\/foto.jpeg\" \/>\r\n\t<meta property=\"og:image:width\" content=\"750\" \/>\r\n\t<meta property=\"og:image:height\" content=\"520\" \/>\r\n\t<meta property=\"og:image:type\" content=\"image\/jpeg\" \/>\r\n<meta name=\"author\" content=\"sites\" \/>\r\n<meta name=\"twitter:card\" content=\"summary_large_image\" \/>\r\n<meta name=\"twitter:label1\" content=\"Escrito por\" \/>\n\t<meta name=\"twitter:data1\" content=\"sites\" \/>\n\t<meta name=\"twitter:label2\" content=\"Est. tempo de leitura\" \/>\n\t<meta name=\"twitter:data2\" content=\"1 minuto\" \/>\r\n<script type=\"application\/ld+json\" class=\"yoast-schema-graph\">{\"@context\":\"https:\/\/schema.org\",\"@graph\":[{\"@type\":\"WebPage\",\"@id\":\"https:\/\/portaleducacao.guarulhos.sp.gov.br\/wp_site\/abrilliterario2021\/2021\/04\/23\/primeira-semana-do-abril-literario-e-sucesso-nas-redes-sociais\/\",\"url\":\"https:\/\/portaleducacao.guarulhos.sp.gov.br\/wp_site\/abrilliterario2021\/2021\/04\/23\/primeira-semana-do-abril-literario-e-sucesso-nas-redes-sociais\/\",\"name\":\"Primeira semana do Abril Liter\u00e1rio \u00e9 sucesso nas redes sociais - Abril Liter\u00e1rio Virtual 2021 - Literalmente Isso...\",\"isPartOf\":{\"@id\":\"https:\/\/portaleducacao.guarulhos.sp.gov.br\/wp_site\/abrilliterario2021\/#website\"},\"datePublished\":\"2021-04-23T11:09:14+00:00\",\"dateModified\":\"2021-04-23T11:11:53+00:00\",\"author\":{\"@id\":\"https:\/\/portaleducacao.guarulhos.sp.gov.br\/wp_site\/abrilliterario2021\/#\/schema\/person\/9d1c60216648b2e84d2544ba3ee8bb69\"},\"breadcrumb\":{\"@id\":\"https:\/\/portaleducacao.guarulhos.sp.gov.br\/wp_site\/abrilliterario2021\/2021\/04\/23\/primeira-semana-do-abril-literario-e-sucesso-nas-redes-sociais\/#breadcrumb\"},\"inLanguage\":\"pt-BR\",\"potentialAction\":[{\"@type\":\"ReadAction\",\"target\":[\"https:\/\/portaleducacao.guarulhos.sp.gov.br\/wp_site\/abrilliterario2021\/2021\/04\/23\/primeira-semana-do-abril-literario-e-sucesso-nas-redes-sociais\/\"]}]},{\"@type\":\"BreadcrumbList\",\"@id\":\"https:\/\/portaleducacao.guarulhos.sp.gov.br\/wp_site\/abrilliterario2021\/2021\/04\/23\/primeira-semana-do-abril-literario-e-sucesso-nas-redes-sociais\/#breadcrumb\",\"itemListElement\":[{\"@type\":\"ListItem\",\"position\":1,\"name\":\"In\u00edcio\",\"item\":\"https:\/\/portaleducacao.guarulhos.sp.gov.br\/wp_site\/abrilliterario2021\/\"},{\"@type\":\"ListItem\",\"position\":2,\"name\":\"Primeira semana do Abril Liter\u00e1rio \u00e9 sucesso nas redes sociais\"}]},{\"@type\":\"WebSite\",\"@id\":\"https:\/\/portaleducacao.guarulhos.sp.gov.br\/wp_site\/abrilliterario2021\/#website\",\"url\":\"https:\/\/portaleducacao.guarulhos.sp.gov.br\/wp_site\/abrilliterario2021\/\",\"name\":\"Abril Liter\u00e1rio Virtual 2021 - Literalmente Isso...\",\"description\":\"Secretaria Municipal de Educa\u00e7\u00e3o de Guarulhos\",\"potentialAction\":[{\"@type\":\"SearchAction\",\"target\":{\"@type\":\"EntryPoint\",\"urlTemplate\":\"https:\/\/portaleducacao.guarulhos.sp.gov.br\/wp_site\/abrilliterario2021\/?s={search_term_string}\"},\"query-input\":\"required name=search_term_string\"}],\"inLanguage\":\"pt-BR\"},{\"@type\":\"Person\",\"@id\":\"https:\/\/portaleducacao.guarulhos.sp.gov.br\/wp_site\/abrilliterario2021\/#\/schema\/person\/9d1c60216648b2e84d2544ba3ee8bb69\",\"name\":\"sites\",\"image\":{\"@type\":\"ImageObject\",\"inLanguage\":\"pt-BR\",\"@id\":\"https:\/\/portaleducacao.guarulhos.sp.gov.br\/wp_site\/abrilliterario2021\/#\/schema\/person\/image\/\",\"url\":\"https:\/\/secure.gravatar.com\/avatar\/d320dc056d58878ea1be67e0f28bb03d?s=96&d=mm&r=g\",\"contentUrl\":\"https:\/\/secure.gravatar.com\/avatar\/d320dc056d58878ea1be67e0f28bb03d?s=96&d=mm&r=g\",\"caption\":\"sites\"},\"sameAs\":[\"http:\/\/172.16.208.47\/sites\"],\"url\":\"https:\/\/portaleducacao.guarulhos.sp.gov.br\/wp_site\/abrilliterario2021\/author\/sites\/\"}]}<\/script>\r\n<!-- \/ Yoast SEO plugin. -->","yoast_head_json":{"title":"Primeira semana do Abril Liter\u00e1rio \u00e9 sucesso nas redes sociais - Abril Liter\u00e1rio Virtual 2021 - Literalmente Isso...","robots":{"index":"index","follow":"follow","max-snippet":"max-snippet:-1","max-image-preview":"max-image-preview:large","max-video-preview":"max-video-preview:-1"},"canonical":"https:\/\/portaleducacao.guarulhos.sp.gov.br\/wp_site\/abrilliterario2021\/2021\/04\/23\/primeira-semana-do-abril-literario-e-sucesso-nas-redes-sociais\/","og_locale":"pt_BR","og_type":"article","og_title":"Primeira semana do Abril Liter\u00e1rio \u00e9 sucesso nas redes sociais - Abril Liter\u00e1rio Virtual 2021 - Literalmente Isso...","og_description":"A Secretaria de Educa\u00e7\u00e3o de Guarulhos promove atualmente uma s\u00e9rie de eventos online voltados para a comunidade escolar do munic\u00edpio. Um dos mais bem recebidos pela popula\u00e7\u00e3o at\u00e9 o momento [&hellip;]","og_url":"https:\/\/portaleducacao.guarulhos.sp.gov.br\/wp_site\/abrilliterario2021\/2021\/04\/23\/primeira-semana-do-abril-literario-e-sucesso-nas-redes-sociais\/","og_site_name":"Abril Liter\u00e1rio Virtual 2021 - Literalmente Isso...","article_published_time":"2021-04-23T11:09:14+00:00","article_modified_time":"2021-04-23T11:11:53+00:00","og_image":[{"width":750,"height":520,"url":"https:\/\/portaleducacao.guarulhos.sp.gov.br\/wp_site\/abrilliterario2021\/wp-content\/uploads\/sites\/7\/2021\/04\/foto.jpeg","type":"image\/jpeg"}],"author":"sites","twitter_card":"summary_large_image","twitter_misc":{"Escrito por":"sites","Est. tempo de leitura":"1 minuto"},"schema":{"@context":"https:\/\/schema.org","@graph":[{"@type":"WebPage","@id":"https:\/\/portaleducacao.guarulhos.sp.gov.br\/wp_site\/abrilliterario2021\/2021\/04\/23\/primeira-semana-do-abril-literario-e-sucesso-nas-redes-sociais\/","url":"https:\/\/portaleducacao.guarulhos.sp.gov.br\/wp_site\/abrilliterario2021\/2021\/04\/23\/primeira-semana-do-abril-literario-e-sucesso-nas-redes-sociais\/","name":"Primeira semana do Abril Liter\u00e1rio \u00e9 sucesso nas redes sociais - Abril Liter\u00e1rio Virtual 2021 - Literalmente Isso...","isPartOf":{"@id":"https:\/\/portaleducacao.guarulhos.sp.gov.br\/wp_site\/abrilliterario2021\/#website"},"datePublished":"2021-04-23T11:09:14+00:00","dateModified":"2021-04-23T11:11:53+00:00","author":{"@id":"https:\/\/portaleducacao.guarulhos.sp.gov.br\/wp_site\/abrilliterario2021\/#\/schema\/person\/9d1c60216648b2e84d2544ba3ee8bb69"},"breadcrumb":{"@id":"https:\/\/portaleducacao.guarulhos.sp.gov.br\/wp_site\/abrilliterario2021\/2021\/04\/23\/primeira-semana-do-abril-literario-e-sucesso-nas-redes-sociais\/#breadcrumb"},"inLanguage":"pt-BR","potentialAction":[{"@type":"ReadAction","target":["https:\/\/portaleducacao.guarulhos.sp.gov.br\/wp_site\/abrilliterario2021\/2021\/04\/23\/primeira-semana-do-abril-literario-e-sucesso-nas-redes-sociais\/"]}]},{"@type":"BreadcrumbList","@id":"https:\/\/portaleducacao.guarulhos.sp.gov.br\/wp_site\/abrilliterario2021\/2021\/04\/23\/primeira-semana-do-abril-literario-e-sucesso-nas-redes-sociais\/#breadcrumb","itemListElement":[{"@type":"ListItem","position":1,"name":"In\u00edcio","item":"https:\/\/portaleducacao.guarulhos.sp.gov.br\/wp_site\/abrilliterario2021\/"},{"@type":"ListItem","position":2,"name":"Primeira semana do Abril Liter\u00e1rio \u00e9 sucesso nas redes sociais"}]},{"@type":"WebSite","@id":"https:\/\/portaleducacao.guarulhos.sp.gov.br\/wp_site\/abrilliterario2021\/#website","url":"https:\/\/portaleducacao.guarulhos.sp.gov.br\/wp_site\/abrilliterario2021\/","name":"Abril Liter\u00e1rio Virtual 2021 - Literalmente Isso...","description":"Secretaria Municipal de Educa\u00e7\u00e3o de Guarulhos","potentialAction":[{"@type":"SearchAction","target":{"@type":"EntryPoint","urlTemplate":"https:\/\/portaleducacao.guarulhos.sp.gov.br\/wp_site\/abrilliterario2021\/?s={search_term_string}"},"query-input":"required name=search_term_string"}],"inLanguage":"pt-BR"},{"@type":"Person","@id":"https:\/\/portaleducacao.guarulhos.sp.gov.br\/wp_site\/abrilliterario2021\/#\/schema\/person\/9d1c60216648b2e84d2544ba3ee8bb69","name":"sites","image":{"@type":"ImageObject","inLanguage":"pt-BR","@id":"https:\/\/portaleducacao.guarulhos.sp.gov.br\/wp_site\/abrilliterario2021\/#\/schema\/person\/image\/","url":"https:\/\/secure.gravatar.com\/avatar\/d320dc056d58878ea1be67e0f28bb03d?s=96&d=mm&r=g","contentUrl":"https:\/\/secure.gravatar.com\/avatar\/d320dc056d58878ea1be67e0f28bb03d?s=96&d=mm&r=g","caption":"sites"},"sameAs":["http:\/\/172.16.208.47\/sites"],"url":"https:\/\/portaleducacao.guarulhos.sp.gov.br\/wp_site\/abrilliterario2021\/author\/sites\/"}]}},"_links":{"self":[{"href":"https:\/\/portaleducacao.guarulhos.sp.gov.br\/wp_site\/abrilliterario2021\/wp-json\/wp\/v2\/posts\/302"}],"collection":[{"href":"https:\/\/portaleducacao.guarulhos.sp.gov.br\/wp_site\/abrilliterario2021\/wp-json\/wp\/v2\/posts"}],"about":[{"href":"https:\/\/portaleducacao.guarulhos.sp.gov.br\/wp_site\/abrilliterario2021\/wp-json\/wp\/v2\/types\/post"}],"author":[{"embeddable":true,"href":"https:\/\/portaleducacao.guarulhos.sp.gov.br\/wp_site\/abrilliterario2021\/wp-json\/wp\/v2\/users\/1"}],"replies":[{"embeddable":true,"href":"https:\/\/portaleducacao.guarulhos.sp.gov.br\/wp_site\/abrilliterario2021\/wp-json\/wp\/v2\/comments?post=302"}],"version-history":[{"count":2,"href":"https:\/\/portaleducacao.guarulhos.sp.gov.br\/wp_site\/abrilliterario2021\/wp-json\/wp\/v2\/posts\/302\/revisions"}],"predecessor-version":[{"id":305,"href":"https:\/\/portaleducacao.guarulhos.sp.gov.br\/wp_site\/abrilliterario2021\/wp-json\/wp\/v2\/posts\/302\/revisions\/305"}],"wp:featuredmedia":[{"embeddable":true,"href":"https:\/\/portaleducacao.guarulhos.sp.gov.br\/wp_site\/abrilliterario2021\/wp-json\/wp\/v2\/media\/303"}],"wp:attachment":[{"href":"https:\/\/portaleducacao.guarulhos.sp.gov.br\/wp_site\/abrilliterario2021\/wp-json\/wp\/v2\/media?parent=302"}],"wp:term":[{"taxonomy":"category","embeddable":true,"href":"https:\/\/portaleducacao.guarulhos.sp.gov.br\/wp_site\/abrilliterario2021\/wp-json\/wp\/v2\/categories?post=302"},{"taxonomy":"post_tag","embeddable":true,"href":"https:\/\/portaleducacao.guarulhos.sp.gov.br\/wp_site\/abrilliterario2021\/wp-json\/wp\/v2\/tags?post=302"}],"curies":[{"name":"wp","href":"https:\/\/api.w.org\/{rel}","templated":true}]}}