{"id":93,"date":"2021-03-24T15:39:59","date_gmt":"2021-03-24T18:39:59","guid":{"rendered":"http:\/\/portaleducacao.guarulhos.sp.gov.br\/wp_site\/abrilliterario\/?p=93"},"modified":"2021-03-24T15:40:00","modified_gmt":"2021-03-24T18:40:00","slug":"abril-literario-virtual-2021-concerto-de-abertura-com-a-orquestra-gru-sinfonica","status":"publish","type":"post","link":"https:\/\/portaleducacao.guarulhos.sp.gov.br\/wp_site\/abrilliterario2021\/2021\/03\/24\/abril-literario-virtual-2021-concerto-de-abertura-com-a-orquestra-gru-sinfonica\/","title":{"rendered":"Abril Liter\u00e1rio Virtual 2021 &#8211; Concerto de Abertura com a Orquestra Gru Sinf\u00f4nica"},"content":{"rendered":"\n<figure class=\"wp-block-embed-youtube wp-block-embed is-type-video is-provider-youtube wp-embed-aspect-16-9 wp-has-aspect-ratio\"><div class=\"wp-block-embed__wrapper\">\n<iframe loading=\"lazy\" title=\"Abril Liter\u00e1rio Virtual 2021 - Concerto de Abertura com a Orquestra Gru Sinf\u00f4nica\" width=\"870\" height=\"489\" src=\"https:\/\/www.youtube.com\/embed\/y1s7srmujuM?feature=oembed\" frameborder=\"0\" allow=\"accelerometer; autoplay; clipboard-write; encrypted-media; gyroscope; picture-in-picture\" allowfullscreen><\/iframe>\n<\/div><\/figure>\n","protected":false},"excerpt":{"rendered":"","protected":false},"author":1,"featured_media":0,"comment_status":"closed","ping_status":"open","sticky":false,"template":"","format":"standard","meta":{"_monsterinsights_skip_tracking":false,"_monsterinsights_sitenote_active":false,"_monsterinsights_sitenote_note":"","_monsterinsights_sitenote_category":0,"_expiration-date-status":"","_expiration-date":0,"_expiration-date-type":"","_expiration-date-categories":[],"_expiration-date-options":[]},"categories":[1],"tags":[],"yoast_head":"<!-- This site is optimized with the Yoast SEO plugin v19.7.1 - https:\/\/yoast.com\/wordpress\/plugins\/seo\/ -->\r\n<title>Abril Liter\u00e1rio Virtual 2021 - Concerto de Abertura com a Orquestra Gru Sinf\u00f4nica - Abril Liter\u00e1rio Virtual 2021 - Literalmente Isso...<\/title>\r\n<meta name=\"robots\" content=\"index, follow, max-snippet:-1, max-image-preview:large, max-video-preview:-1\" \/>\r\n<link rel=\"canonical\" href=\"https:\/\/portaleducacao.guarulhos.sp.gov.br\/wp_site\/abrilliterario2021\/2021\/03\/24\/abril-literario-virtual-2021-concerto-de-abertura-com-a-orquestra-gru-sinfonica\/\" \/>\r\n<meta property=\"og:locale\" content=\"pt_BR\" \/>\r\n<meta property=\"og:type\" content=\"article\" \/>\r\n<meta property=\"og:title\" content=\"Abril Liter\u00e1rio Virtual 2021 - Concerto de Abertura com a Orquestra Gru Sinf\u00f4nica - Abril Liter\u00e1rio Virtual 2021 - Literalmente Isso...\" \/>\r\n<meta property=\"og:url\" content=\"https:\/\/portaleducacao.guarulhos.sp.gov.br\/wp_site\/abrilliterario2021\/2021\/03\/24\/abril-literario-virtual-2021-concerto-de-abertura-com-a-orquestra-gru-sinfonica\/\" \/>\r\n<meta property=\"og:site_name\" content=\"Abril Liter\u00e1rio Virtual 2021 - Literalmente Isso...\" \/>\r\n<meta property=\"article:published_time\" content=\"2021-03-24T18:39:59+00:00\" \/>\r\n<meta property=\"article:modified_time\" content=\"2021-03-24T18:40:00+00:00\" \/>\r\n<meta name=\"author\" content=\"sites\" \/>\r\n<meta name=\"twitter:card\" content=\"summary_large_image\" \/>\r\n<meta name=\"twitter:label1\" content=\"Escrito por\" \/>\n\t<meta name=\"twitter:data1\" content=\"sites\" \/>\r\n<script type=\"application\/ld+json\" class=\"yoast-schema-graph\">{\"@context\":\"https:\/\/schema.org\",\"@graph\":[{\"@type\":\"WebPage\",\"@id\":\"https:\/\/portaleducacao.guarulhos.sp.gov.br\/wp_site\/abrilliterario2021\/2021\/03\/24\/abril-literario-virtual-2021-concerto-de-abertura-com-a-orquestra-gru-sinfonica\/\",\"url\":\"https:\/\/portaleducacao.guarulhos.sp.gov.br\/wp_site\/abrilliterario2021\/2021\/03\/24\/abril-literario-virtual-2021-concerto-de-abertura-com-a-orquestra-gru-sinfonica\/\",\"name\":\"Abril Liter\u00e1rio Virtual 2021 - Concerto de Abertura com a Orquestra Gru Sinf\u00f4nica - Abril Liter\u00e1rio Virtual 2021 - Literalmente Isso...\",\"isPartOf\":{\"@id\":\"https:\/\/portaleducacao.guarulhos.sp.gov.br\/wp_site\/abrilliterario2021\/#website\"},\"datePublished\":\"2021-03-24T18:39:59+00:00\",\"dateModified\":\"2021-03-24T18:40:00+00:00\",\"author\":{\"@id\":\"https:\/\/portaleducacao.guarulhos.sp.gov.br\/wp_site\/abrilliterario2021\/#\/schema\/person\/9d1c60216648b2e84d2544ba3ee8bb69\"},\"breadcrumb\":{\"@id\":\"https:\/\/portaleducacao.guarulhos.sp.gov.br\/wp_site\/abrilliterario2021\/2021\/03\/24\/abril-literario-virtual-2021-concerto-de-abertura-com-a-orquestra-gru-sinfonica\/#breadcrumb\"},\"inLanguage\":\"pt-BR\",\"potentialAction\":[{\"@type\":\"ReadAction\",\"target\":[\"https:\/\/portaleducacao.guarulhos.sp.gov.br\/wp_site\/abrilliterario2021\/2021\/03\/24\/abril-literario-virtual-2021-concerto-de-abertura-com-a-orquestra-gru-sinfonica\/\"]}]},{\"@type\":\"BreadcrumbList\",\"@id\":\"https:\/\/portaleducacao.guarulhos.sp.gov.br\/wp_site\/abrilliterario2021\/2021\/03\/24\/abril-literario-virtual-2021-concerto-de-abertura-com-a-orquestra-gru-sinfonica\/#breadcrumb\",\"itemListElement\":[{\"@type\":\"ListItem\",\"position\":1,\"name\":\"In\u00edcio\",\"item\":\"https:\/\/portaleducacao.guarulhos.sp.gov.br\/wp_site\/abrilliterario2021\/\"},{\"@type\":\"ListItem\",\"position\":2,\"name\":\"Abril Liter\u00e1rio Virtual 2021 &#8211; Concerto de Abertura com a Orquestra Gru Sinf\u00f4nica\"}]},{\"@type\":\"WebSite\",\"@id\":\"https:\/\/portaleducacao.guarulhos.sp.gov.br\/wp_site\/abrilliterario2021\/#website\",\"url\":\"https:\/\/portaleducacao.guarulhos.sp.gov.br\/wp_site\/abrilliterario2021\/\",\"name\":\"Abril Liter\u00e1rio Virtual 2021 - Literalmente Isso...\",\"description\":\"Secretaria Municipal de Educa\u00e7\u00e3o de Guarulhos\",\"potentialAction\":[{\"@type\":\"SearchAction\",\"target\":{\"@type\":\"EntryPoint\",\"urlTemplate\":\"https:\/\/portaleducacao.guarulhos.sp.gov.br\/wp_site\/abrilliterario2021\/?s={search_term_string}\"},\"query-input\":\"required name=search_term_string\"}],\"inLanguage\":\"pt-BR\"},{\"@type\":\"Person\",\"@id\":\"https:\/\/portaleducacao.guarulhos.sp.gov.br\/wp_site\/abrilliterario2021\/#\/schema\/person\/9d1c60216648b2e84d2544ba3ee8bb69\",\"name\":\"sites\",\"image\":{\"@type\":\"ImageObject\",\"inLanguage\":\"pt-BR\",\"@id\":\"https:\/\/portaleducacao.guarulhos.sp.gov.br\/wp_site\/abrilliterario2021\/#\/schema\/person\/image\/\",\"url\":\"https:\/\/secure.gravatar.com\/avatar\/d320dc056d58878ea1be67e0f28bb03d?s=96&d=mm&r=g\",\"contentUrl\":\"https:\/\/secure.gravatar.com\/avatar\/d320dc056d58878ea1be67e0f28bb03d?s=96&d=mm&r=g\",\"caption\":\"sites\"},\"sameAs\":[\"http:\/\/172.16.208.47\/sites\"],\"url\":\"https:\/\/portaleducacao.guarulhos.sp.gov.br\/wp_site\/abrilliterario2021\/author\/sites\/\"}]}<\/script>\r\n<!-- \/ Yoast SEO plugin. -->","yoast_head_json":{"title":"Abril Liter\u00e1rio Virtual 2021 - Concerto de Abertura com a Orquestra Gru Sinf\u00f4nica - Abril Liter\u00e1rio Virtual 2021 - Literalmente Isso...","robots":{"index":"index","follow":"follow","max-snippet":"max-snippet:-1","max-image-preview":"max-image-preview:large","max-video-preview":"max-video-preview:-1"},"canonical":"https:\/\/portaleducacao.guarulhos.sp.gov.br\/wp_site\/abrilliterario2021\/2021\/03\/24\/abril-literario-virtual-2021-concerto-de-abertura-com-a-orquestra-gru-sinfonica\/","og_locale":"pt_BR","og_type":"article","og_title":"Abril Liter\u00e1rio Virtual 2021 - Concerto de Abertura com a Orquestra Gru Sinf\u00f4nica - Abril Liter\u00e1rio Virtual 2021 - Literalmente Isso...","og_url":"https:\/\/portaleducacao.guarulhos.sp.gov.br\/wp_site\/abrilliterario2021\/2021\/03\/24\/abril-literario-virtual-2021-concerto-de-abertura-com-a-orquestra-gru-sinfonica\/","og_site_name":"Abril Liter\u00e1rio Virtual 2021 - Literalmente Isso...","article_published_time":"2021-03-24T18:39:59+00:00","article_modified_time":"2021-03-24T18:40:00+00:00","author":"sites","twitter_card":"summary_large_image","twitter_misc":{"Escrito por":"sites"},"schema":{"@context":"https:\/\/schema.org","@graph":[{"@type":"WebPage","@id":"https:\/\/portaleducacao.guarulhos.sp.gov.br\/wp_site\/abrilliterario2021\/2021\/03\/24\/abril-literario-virtual-2021-concerto-de-abertura-com-a-orquestra-gru-sinfonica\/","url":"https:\/\/portaleducacao.guarulhos.sp.gov.br\/wp_site\/abrilliterario2021\/2021\/03\/24\/abril-literario-virtual-2021-concerto-de-abertura-com-a-orquestra-gru-sinfonica\/","name":"Abril Liter\u00e1rio Virtual 2021 - Concerto de Abertura com a Orquestra Gru Sinf\u00f4nica - Abril Liter\u00e1rio Virtual 2021 - Literalmente Isso...","isPartOf":{"@id":"https:\/\/portaleducacao.guarulhos.sp.gov.br\/wp_site\/abrilliterario2021\/#website"},"datePublished":"2021-03-24T18:39:59+00:00","dateModified":"2021-03-24T18:40:00+00:00","author":{"@id":"https:\/\/portaleducacao.guarulhos.sp.gov.br\/wp_site\/abrilliterario2021\/#\/schema\/person\/9d1c60216648b2e84d2544ba3ee8bb69"},"breadcrumb":{"@id":"https:\/\/portaleducacao.guarulhos.sp.gov.br\/wp_site\/abrilliterario2021\/2021\/03\/24\/abril-literario-virtual-2021-concerto-de-abertura-com-a-orquestra-gru-sinfonica\/#breadcrumb"},"inLanguage":"pt-BR","potentialAction":[{"@type":"ReadAction","target":["https:\/\/portaleducacao.guarulhos.sp.gov.br\/wp_site\/abrilliterario2021\/2021\/03\/24\/abril-literario-virtual-2021-concerto-de-abertura-com-a-orquestra-gru-sinfonica\/"]}]},{"@type":"BreadcrumbList","@id":"https:\/\/portaleducacao.guarulhos.sp.gov.br\/wp_site\/abrilliterario2021\/2021\/03\/24\/abril-literario-virtual-2021-concerto-de-abertura-com-a-orquestra-gru-sinfonica\/#breadcrumb","itemListElement":[{"@type":"ListItem","position":1,"name":"In\u00edcio","item":"https:\/\/portaleducacao.guarulhos.sp.gov.br\/wp_site\/abrilliterario2021\/"},{"@type":"ListItem","position":2,"name":"Abril Liter\u00e1rio Virtual 2021 &#8211; Concerto de Abertura com a Orquestra Gru Sinf\u00f4nica"}]},{"@type":"WebSite","@id":"https:\/\/portaleducacao.guarulhos.sp.gov.br\/wp_site\/abrilliterario2021\/#website","url":"https:\/\/portaleducacao.guarulhos.sp.gov.br\/wp_site\/abrilliterario2021\/","name":"Abril Liter\u00e1rio Virtual 2021 - Literalmente Isso...","description":"Secretaria Municipal de Educa\u00e7\u00e3o de Guarulhos","potentialAction":[{"@type":"SearchAction","target":{"@type":"EntryPoint","urlTemplate":"https:\/\/portaleducacao.guarulhos.sp.gov.br\/wp_site\/abrilliterario2021\/?s={search_term_string}"},"query-input":"required name=search_term_string"}],"inLanguage":"pt-BR"},{"@type":"Person","@id":"https:\/\/portaleducacao.guarulhos.sp.gov.br\/wp_site\/abrilliterario2021\/#\/schema\/person\/9d1c60216648b2e84d2544ba3ee8bb69","name":"sites","image":{"@type":"ImageObject","inLanguage":"pt-BR","@id":"https:\/\/portaleducacao.guarulhos.sp.gov.br\/wp_site\/abrilliterario2021\/#\/schema\/person\/image\/","url":"https:\/\/secure.gravatar.com\/avatar\/d320dc056d58878ea1be67e0f28bb03d?s=96&d=mm&r=g","contentUrl":"https:\/\/secure.gravatar.com\/avatar\/d320dc056d58878ea1be67e0f28bb03d?s=96&d=mm&r=g","caption":"sites"},"sameAs":["http:\/\/172.16.208.47\/sites"],"url":"https:\/\/portaleducacao.guarulhos.sp.gov.br\/wp_site\/abrilliterario2021\/author\/sites\/"}]}},"_links":{"self":[{"href":"https:\/\/portaleducacao.guarulhos.sp.gov.br\/wp_site\/abrilliterario2021\/wp-json\/wp\/v2\/posts\/93"}],"collection":[{"href":"https:\/\/portaleducacao.guarulhos.sp.gov.br\/wp_site\/abrilliterario2021\/wp-json\/wp\/v2\/posts"}],"about":[{"href":"https:\/\/portaleducacao.guarulhos.sp.gov.br\/wp_site\/abrilliterario2021\/wp-json\/wp\/v2\/types\/post"}],"author":[{"embeddable":true,"href":"https:\/\/portaleducacao.guarulhos.sp.gov.br\/wp_site\/abrilliterario2021\/wp-json\/wp\/v2\/users\/1"}],"replies":[{"embeddable":true,"href":"https:\/\/portaleducacao.guarulhos.sp.gov.br\/wp_site\/abrilliterario2021\/wp-json\/wp\/v2\/comments?post=93"}],"version-history":[{"count":1,"href":"https:\/\/portaleducacao.guarulhos.sp.gov.br\/wp_site\/abrilliterario2021\/wp-json\/wp\/v2\/posts\/93\/revisions"}],"predecessor-version":[{"id":94,"href":"https:\/\/portaleducacao.guarulhos.sp.gov.br\/wp_site\/abrilliterario2021\/wp-json\/wp\/v2\/posts\/93\/revisions\/94"}],"wp:attachment":[{"href":"https:\/\/portaleducacao.guarulhos.sp.gov.br\/wp_site\/abrilliterario2021\/wp-json\/wp\/v2\/media?parent=93"}],"wp:term":[{"taxonomy":"category","embeddable":true,"href":"https:\/\/portaleducacao.guarulhos.sp.gov.br\/wp_site\/abrilliterario2021\/wp-json\/wp\/v2\/categories?post=93"},{"taxonomy":"post_tag","embeddable":true,"href":"https:\/\/portaleducacao.guarulhos.sp.gov.br\/wp_site\/abrilliterario2021\/wp-json\/wp\/v2\/tags?post=93"}],"curies":[{"name":"wp","href":"https:\/\/api.w.org\/{rel}","templated":true}]}}