{"id":342,"date":"2022-04-13T11:08:06","date_gmt":"2022-04-13T14:08:06","guid":{"rendered":"http:\/\/portaleducacao.guarulhos.sp.gov.br\/wp_site\/abrilliterario\/?p=342"},"modified":"2022-04-13T11:19:01","modified_gmt":"2022-04-13T14:19:01","slug":"bate-papo-com-a-autora-eva-furnari-inspira-alunos-e-professores-no-abril-literario","status":"publish","type":"post","link":"https:\/\/portaleducacao.guarulhos.sp.gov.br\/wp_site\/abrilliterario2022\/2022\/04\/13\/bate-papo-com-a-autora-eva-furnari-inspira-alunos-e-professores-no-abril-literario\/","title":{"rendered":"Bate-papo com a autora Eva Furnari inspira alunos e professores no Abril Liter\u00e1rio"},"content":{"rendered":"\n<p class=\"has-small-font-size\">Por Danielle Andrade<\/p>\n\n\n\n<p class=\"has-medium-font-size\">Durante a programa\u00e7\u00e3o do Abril Liter\u00e1rio \u2013 Literalmente Isso\u2026 2022, na \u00faltima quinta-feira (8), os alunos do 4\u00b0 ano da EPG Paulo Autran (Jardim S\u00e3o Jo\u00e3o) participaram de bate-papo online com a escritora Eva Furnari no canal da Secretaria de Educa\u00e7\u00e3o no YouTube. Crian\u00e7as e professores tiveram a oportunidade de conhecer a carreira da autora e ilustradora de livros infantis e juvenis por meio de perguntas e intera\u00e7\u00e3o.<\/p>\n\n\n\n<p class=\"has-medium-font-size\">Em fevereiro deste ano a EPG Paulo Autran iniciou o Projeto VEM \u201cValores, Entendimento e Mudan\u00e7as\u201d, que est\u00e1 sendo constru\u00eddo a partir do mapeamento dos educandos e da comunidade. A partir desse projeto o livro Felpo Filva, de Eva Furnari, foi utilizado com os alunos do 4\u00b0ano. A obra permitiu aos professores promover sequ\u00eancias did\u00e1ticas diversificadas pautadas na metodologia ativa, em conson\u00e2ncia com a proposta curricular da rede municipal de ensino.<\/p>\n\n\n\n<p class=\"has-medium-font-size\">O momento da participa\u00e7\u00e3o na live proporcionou uma nova experi\u00eancia para os alunos, j\u00e1 que puderam assistir e interagir com a autora do livro que est\u00e3o lendo, saber como ela pensou os personagens, a hist\u00f3ria e a constru\u00e7\u00e3o de cada desenho.<\/p>\n\n\n\n<p class=\"has-medium-font-size\">\u201cConsideramos que a percep\u00e7\u00e3o do \u2018eu\u2019 fica muito evidente nesse projeto, \u00e9 importante que todos se conhe\u00e7am e reconhe\u00e7am enquanto protagonistas da constru\u00e7\u00e3o de si, do senso cr\u00edtico, e atuantes enquanto agentes construtores e transformadores da suas pr\u00f3prias hist\u00f3rias\u201d, explica a coordenadora pedag\u00f3gica da escola, Patricia Ton\u00e3o.<\/p>\n\n\n\n<div style=\"height:100px\" aria-hidden=\"true\" class=\"wp-block-spacer\"><\/div>\n\n\n\n<h2 class=\"has-medium-font-size\">Reflex\u00e3o<\/h2>\n\n\n\n<p class=\"has-medium-font-size\">Para a professora Juliana de Brito, tamb\u00e9m da EPG Paulo Autran, o livro Felpo Filva tem possibilitado o desenvolvimento de diversas aprendizagens com as crian\u00e7as. \u201cS\u00e3o trabalhados diversos g\u00eaneros textuais, a escrita e a reescrita partindo das viv\u00eancias de cada educando, tornando a aprendizagem mais relevante e contextualizada, o que potencializa o papel do educando enquanto protagonista de seu processo de aprendizagem. Al\u00e9m disso, trabalhar valores, autoestima e identidade a partir de um personagem da literatura infantil \u00e9 algo muito especial\u201d, destaca Juliana sobre o engajamento de todos, a capacidade de argumenta\u00e7\u00e3o e o posicionamento diante dos novos desafios que o projeto prop\u00f5e.<\/p>\n\n\n\n<div class=\"wp-container-1 wp-block-group\"><div class=\"wp-block-group__inner-container\">\n<p class=\"has-medium-font-size\">Por sua vez, a professora Ester Costa de Lima ressaltou o quanto est\u00e1 sendo prazeroso realizar o projeto. \u201cA cada passagem pelo livro v\u00e3o surgindo novas ideias; simplesmente estamos viajando no universo da vida do Felpo Filva e refletindo sobre nossa pr\u00f3pria hist\u00f3ria. Quanto aos alunos, o entusiasmo \u00e9 percept\u00edvel nas atividades desenvolvidas, inclusive na reflex\u00e3o que fizeram e na felicidade que sentiram ao interagiram durante a live com a autora\u201d, comentou. Os alunos tiveram suas perguntas respondidas durante a transmiss\u00e3o ao vivo e a pr\u00f3pria escritora enviou um \u00e1udio agradecendo pela participa\u00e7\u00e3o.<\/p>\n<\/div><\/div>\n\n\n\n<figure class=\"wp-block-image size-large is-resized\"><img loading=\"lazy\" src=\"https:\/\/portaleducacao.guarulhos.sp.gov.br\/wp_site\/abrilliterario\/wp-content\/uploads\/sites\/14\/2022\/04\/pa003.jpg\" alt=\"\" class=\"wp-image-344\" width=\"567\" height=\"353\" srcset=\"https:\/\/portaleducacao.guarulhos.sp.gov.br\/wp_site\/abrilliterario2022\/wp-content\/uploads\/sites\/14\/2022\/04\/pa003.jpg 567w, https:\/\/portaleducacao.guarulhos.sp.gov.br\/wp_site\/abrilliterario2022\/wp-content\/uploads\/sites\/14\/2022\/04\/pa003-300x187.jpg 300w\" sizes=\"(max-width: 567px) 100vw, 567px\" \/><\/figure>\n\n\n\n<p class=\"has-medium-font-size\">As turmas se identificaram com o personagem da obra Felpo Filva em muitas situa\u00e7\u00f5es, como relata a educanda Sophia Pacheco. \u201cPrecisamos valorizar mais quem somos e a nossa pr\u00f3pria hist\u00f3ria. Tenho coisas de que n\u00e3o gosto em mim, mas aprendi com esse projeto que posso ser eu mesma, do meu pr\u00f3prio jeito. O Felpo n\u00e3o precisava se isolar por causa do que falavam dele, mas sim levantar e seguir em frente\u201d.<\/p>\n\n\n\n<p class=\"has-medium-font-size\">A equipe escolar entende que o trabalho com o projeto vai al\u00e9m das possibilidades did\u00e1ticas; ele trouxe \u00e0 tona as viv\u00eancias individuais dos educandos e o reconhecimento de si, do seu protagonismo na constru\u00e7\u00e3o da pr\u00f3pria hist\u00f3ria, percebendo e valorizando as diferen\u00e7as, sobretudo neste per\u00edodo de p\u00f3s-isolamento pand\u00eamico.<\/p>\n\n\n\n<figure class=\"wp-container-3 wp-block-gallery-2 wp-block-gallery columns-2 is-cropped\"><ul class=\"blocks-gallery-grid\"><li class=\"blocks-gallery-item\"><figure><img loading=\"lazy\" width=\"150\" height=\"150\" src=\"https:\/\/portaleducacao.guarulhos.sp.gov.br\/wp_site\/abrilliterario\/wp-content\/uploads\/sites\/14\/2022\/04\/pa001-1-150x150.jpeg\" alt=\"\" data-id=\"347\" data-full-url=\"https:\/\/portaleducacao.guarulhos.sp.gov.br\/wp_site\/abrilliterario\/wp-content\/uploads\/sites\/14\/2022\/04\/pa001-1.jpeg\" data-link=\"https:\/\/portaleducacao.guarulhos.sp.gov.br\/wp_site\/abrilliterario\/?attachment_id=347\" class=\"wp-image-347\" srcset=\"https:\/\/portaleducacao.guarulhos.sp.gov.br\/wp_site\/abrilliterario2022\/wp-content\/uploads\/sites\/14\/2022\/04\/pa001-1-150x150.jpeg 150w, https:\/\/portaleducacao.guarulhos.sp.gov.br\/wp_site\/abrilliterario2022\/wp-content\/uploads\/sites\/14\/2022\/04\/pa001-1-75x75.jpeg 75w, https:\/\/portaleducacao.guarulhos.sp.gov.br\/wp_site\/abrilliterario2022\/wp-content\/uploads\/sites\/14\/2022\/04\/pa001-1-444x444.jpeg 444w\" sizes=\"(max-width: 150px) 100vw, 150px\" \/><\/figure><\/li><li class=\"blocks-gallery-item\"><figure><img loading=\"lazy\" width=\"150\" height=\"150\" src=\"https:\/\/portaleducacao.guarulhos.sp.gov.br\/wp_site\/abrilliterario\/wp-content\/uploads\/sites\/14\/2022\/04\/pa002-150x150.jpeg\" alt=\"\" data-id=\"346\" data-full-url=\"https:\/\/portaleducacao.guarulhos.sp.gov.br\/wp_site\/abrilliterario\/wp-content\/uploads\/sites\/14\/2022\/04\/pa002.jpeg\" data-link=\"https:\/\/portaleducacao.guarulhos.sp.gov.br\/wp_site\/abrilliterario\/?attachment_id=346\" class=\"wp-image-346\" srcset=\"https:\/\/portaleducacao.guarulhos.sp.gov.br\/wp_site\/abrilliterario2022\/wp-content\/uploads\/sites\/14\/2022\/04\/pa002-150x150.jpeg 150w, https:\/\/portaleducacao.guarulhos.sp.gov.br\/wp_site\/abrilliterario2022\/wp-content\/uploads\/sites\/14\/2022\/04\/pa002-75x75.jpeg 75w, https:\/\/portaleducacao.guarulhos.sp.gov.br\/wp_site\/abrilliterario2022\/wp-content\/uploads\/sites\/14\/2022\/04\/pa002-444x444.jpeg 444w\" sizes=\"(max-width: 150px) 100vw, 150px\" \/><\/figure><\/li><\/ul><\/figure>\n\n\n\n<p><\/p>\n","protected":false},"excerpt":{"rendered":"<p>Por Danielle Andrade Durante a programa\u00e7\u00e3o do Abril Liter\u00e1rio \u2013 Literalmente Isso\u2026 2022, na \u00faltima quinta-feira (8), os alunos do 4\u00b0 ano da EPG Paulo Autran (Jardim S\u00e3o Jo\u00e3o) participaram [&hellip;]<\/p>\n","protected":false},"author":8,"featured_media":343,"comment_status":"closed","ping_status":"open","sticky":false,"template":"","format":"standard","meta":{"_monsterinsights_skip_tracking":false,"_monsterinsights_sitenote_active":false,"_monsterinsights_sitenote_note":"","_monsterinsights_sitenote_category":0,"_expiration-date-status":"","_expiration-date":0,"_expiration-date-type":"","_expiration-date-categories":[],"_expiration-date-options":[]},"categories":[27],"tags":[],"yoast_head":"<!-- This site is optimized with the Yoast SEO plugin v19.7.1 - https:\/\/yoast.com\/wordpress\/plugins\/seo\/ -->\r\n<title>Bate-papo com a autora Eva Furnari inspira alunos e professores no Abril Liter\u00e1rio - Abril Liter\u00e1rio 2022<\/title>\r\n<meta name=\"robots\" content=\"index, follow, max-snippet:-1, max-image-preview:large, max-video-preview:-1\" \/>\r\n<link rel=\"canonical\" href=\"https:\/\/portaleducacao.guarulhos.sp.gov.br\/wp_site\/abrilliterario2022\/2022\/04\/13\/bate-papo-com-a-autora-eva-furnari-inspira-alunos-e-professores-no-abril-literario\/\" \/>\r\n<meta property=\"og:locale\" content=\"pt_BR\" \/>\r\n<meta property=\"og:type\" content=\"article\" \/>\r\n<meta property=\"og:title\" content=\"Bate-papo com a autora Eva Furnari inspira alunos e professores no Abril Liter\u00e1rio - Abril Liter\u00e1rio 2022\" \/>\r\n<meta property=\"og:description\" content=\"Por Danielle Andrade Durante a programa\u00e7\u00e3o do Abril Liter\u00e1rio \u2013 Literalmente Isso\u2026 2022, na \u00faltima quinta-feira (8), os alunos do 4\u00b0 ano da EPG Paulo Autran (Jardim S\u00e3o Jo\u00e3o) participaram [&hellip;]\" \/>\r\n<meta property=\"og:url\" content=\"https:\/\/portaleducacao.guarulhos.sp.gov.br\/wp_site\/abrilliterario2022\/2022\/04\/13\/bate-papo-com-a-autora-eva-furnari-inspira-alunos-e-professores-no-abril-literario\/\" \/>\r\n<meta property=\"og:site_name\" content=\"Abril Liter\u00e1rio 2022\" \/>\r\n<meta property=\"article:published_time\" content=\"2022-04-13T14:08:06+00:00\" \/>\r\n<meta property=\"article:modified_time\" content=\"2022-04-13T14:19:01+00:00\" \/>\r\n<meta property=\"og:image\" content=\"http:\/\/portaleducacao.guarulhos.sp.gov.br\/wp_site\/abrilliterario2022\/wp-content\/uploads\/sites\/14\/2022\/04\/pa000.jpeg\" \/>\r\n\t<meta property=\"og:image:width\" content=\"1339\" \/>\r\n\t<meta property=\"og:image:height\" content=\"871\" \/>\r\n\t<meta property=\"og:image:type\" content=\"image\/jpeg\" \/>\r\n<meta name=\"author\" content=\"Programas e Projetos\" \/>\r\n<meta name=\"twitter:card\" content=\"summary_large_image\" \/>\r\n<meta name=\"twitter:label1\" content=\"Escrito por\" \/>\n\t<meta name=\"twitter:data1\" content=\"Programas e Projetos\" \/>\n\t<meta name=\"twitter:label2\" content=\"Est. tempo de leitura\" \/>\n\t<meta name=\"twitter:data2\" content=\"3 minutos\" \/>\r\n<script type=\"application\/ld+json\" class=\"yoast-schema-graph\">{\"@context\":\"https:\/\/schema.org\",\"@graph\":[{\"@type\":\"WebPage\",\"@id\":\"https:\/\/portaleducacao.guarulhos.sp.gov.br\/wp_site\/abrilliterario2022\/2022\/04\/13\/bate-papo-com-a-autora-eva-furnari-inspira-alunos-e-professores-no-abril-literario\/\",\"url\":\"https:\/\/portaleducacao.guarulhos.sp.gov.br\/wp_site\/abrilliterario2022\/2022\/04\/13\/bate-papo-com-a-autora-eva-furnari-inspira-alunos-e-professores-no-abril-literario\/\",\"name\":\"Bate-papo com a autora Eva Furnari inspira alunos e professores no Abril Liter\u00e1rio - Abril Liter\u00e1rio 2022\",\"isPartOf\":{\"@id\":\"https:\/\/portaleducacao.guarulhos.sp.gov.br\/wp_site\/abrilliterario2022\/#website\"},\"datePublished\":\"2022-04-13T14:08:06+00:00\",\"dateModified\":\"2022-04-13T14:19:01+00:00\",\"author\":{\"@id\":\"https:\/\/portaleducacao.guarulhos.sp.gov.br\/wp_site\/abrilliterario2022\/#\/schema\/person\/e8e9fffd002bb931a098d764df5fe663\"},\"breadcrumb\":{\"@id\":\"https:\/\/portaleducacao.guarulhos.sp.gov.br\/wp_site\/abrilliterario2022\/2022\/04\/13\/bate-papo-com-a-autora-eva-furnari-inspira-alunos-e-professores-no-abril-literario\/#breadcrumb\"},\"inLanguage\":\"pt-BR\",\"potentialAction\":[{\"@type\":\"ReadAction\",\"target\":[\"https:\/\/portaleducacao.guarulhos.sp.gov.br\/wp_site\/abrilliterario2022\/2022\/04\/13\/bate-papo-com-a-autora-eva-furnari-inspira-alunos-e-professores-no-abril-literario\/\"]}]},{\"@type\":\"BreadcrumbList\",\"@id\":\"https:\/\/portaleducacao.guarulhos.sp.gov.br\/wp_site\/abrilliterario2022\/2022\/04\/13\/bate-papo-com-a-autora-eva-furnari-inspira-alunos-e-professores-no-abril-literario\/#breadcrumb\",\"itemListElement\":[{\"@type\":\"ListItem\",\"position\":1,\"name\":\"In\u00edcio\",\"item\":\"https:\/\/portaleducacao.guarulhos.sp.gov.br\/wp_site\/abrilliterario2022\/\"},{\"@type\":\"ListItem\",\"position\":2,\"name\":\"Bate-papo com a autora Eva Furnari inspira alunos e professores no Abril Liter\u00e1rio\"}]},{\"@type\":\"WebSite\",\"@id\":\"https:\/\/portaleducacao.guarulhos.sp.gov.br\/wp_site\/abrilliterario2022\/#website\",\"url\":\"https:\/\/portaleducacao.guarulhos.sp.gov.br\/wp_site\/abrilliterario2022\/\",\"name\":\"Abril Liter\u00e1rio 2022\",\"description\":\"Literalmente isso...\",\"potentialAction\":[{\"@type\":\"SearchAction\",\"target\":{\"@type\":\"EntryPoint\",\"urlTemplate\":\"https:\/\/portaleducacao.guarulhos.sp.gov.br\/wp_site\/abrilliterario2022\/?s={search_term_string}\"},\"query-input\":\"required name=search_term_string\"}],\"inLanguage\":\"pt-BR\"},{\"@type\":\"Person\",\"@id\":\"https:\/\/portaleducacao.guarulhos.sp.gov.br\/wp_site\/abrilliterario2022\/#\/schema\/person\/e8e9fffd002bb931a098d764df5fe663\",\"name\":\"Programas e Projetos\",\"image\":{\"@type\":\"ImageObject\",\"inLanguage\":\"pt-BR\",\"@id\":\"https:\/\/portaleducacao.guarulhos.sp.gov.br\/wp_site\/abrilliterario2022\/#\/schema\/person\/image\/\",\"url\":\"https:\/\/secure.gravatar.com\/avatar\/5d11d5b4f6464e238415ff43bd8a530c?s=96&d=mm&r=g\",\"contentUrl\":\"https:\/\/secure.gravatar.com\/avatar\/5d11d5b4f6464e238415ff43bd8a530c?s=96&d=mm&r=g\",\"caption\":\"Programas e Projetos\"},\"url\":\"https:\/\/portaleducacao.guarulhos.sp.gov.br\/wp_site\/abrilliterario2022\/author\/programas\/\"}]}<\/script>\r\n<!-- \/ Yoast SEO plugin. -->","yoast_head_json":{"title":"Bate-papo com a autora Eva Furnari inspira alunos e professores no Abril Liter\u00e1rio - Abril Liter\u00e1rio 2022","robots":{"index":"index","follow":"follow","max-snippet":"max-snippet:-1","max-image-preview":"max-image-preview:large","max-video-preview":"max-video-preview:-1"},"canonical":"https:\/\/portaleducacao.guarulhos.sp.gov.br\/wp_site\/abrilliterario2022\/2022\/04\/13\/bate-papo-com-a-autora-eva-furnari-inspira-alunos-e-professores-no-abril-literario\/","og_locale":"pt_BR","og_type":"article","og_title":"Bate-papo com a autora Eva Furnari inspira alunos e professores no Abril Liter\u00e1rio - Abril Liter\u00e1rio 2022","og_description":"Por Danielle Andrade Durante a programa\u00e7\u00e3o do Abril Liter\u00e1rio \u2013 Literalmente Isso\u2026 2022, na \u00faltima quinta-feira (8), os alunos do 4\u00b0 ano da EPG Paulo Autran (Jardim S\u00e3o Jo\u00e3o) participaram [&hellip;]","og_url":"https:\/\/portaleducacao.guarulhos.sp.gov.br\/wp_site\/abrilliterario2022\/2022\/04\/13\/bate-papo-com-a-autora-eva-furnari-inspira-alunos-e-professores-no-abril-literario\/","og_site_name":"Abril Liter\u00e1rio 2022","article_published_time":"2022-04-13T14:08:06+00:00","article_modified_time":"2022-04-13T14:19:01+00:00","og_image":[{"width":1339,"height":871,"url":"http:\/\/portaleducacao.guarulhos.sp.gov.br\/wp_site\/abrilliterario2022\/wp-content\/uploads\/sites\/14\/2022\/04\/pa000.jpeg","type":"image\/jpeg"}],"author":"Programas e Projetos","twitter_card":"summary_large_image","twitter_misc":{"Escrito por":"Programas e Projetos","Est. tempo de leitura":"3 minutos"},"schema":{"@context":"https:\/\/schema.org","@graph":[{"@type":"WebPage","@id":"https:\/\/portaleducacao.guarulhos.sp.gov.br\/wp_site\/abrilliterario2022\/2022\/04\/13\/bate-papo-com-a-autora-eva-furnari-inspira-alunos-e-professores-no-abril-literario\/","url":"https:\/\/portaleducacao.guarulhos.sp.gov.br\/wp_site\/abrilliterario2022\/2022\/04\/13\/bate-papo-com-a-autora-eva-furnari-inspira-alunos-e-professores-no-abril-literario\/","name":"Bate-papo com a autora Eva Furnari inspira alunos e professores no Abril Liter\u00e1rio - Abril Liter\u00e1rio 2022","isPartOf":{"@id":"https:\/\/portaleducacao.guarulhos.sp.gov.br\/wp_site\/abrilliterario2022\/#website"},"datePublished":"2022-04-13T14:08:06+00:00","dateModified":"2022-04-13T14:19:01+00:00","author":{"@id":"https:\/\/portaleducacao.guarulhos.sp.gov.br\/wp_site\/abrilliterario2022\/#\/schema\/person\/e8e9fffd002bb931a098d764df5fe663"},"breadcrumb":{"@id":"https:\/\/portaleducacao.guarulhos.sp.gov.br\/wp_site\/abrilliterario2022\/2022\/04\/13\/bate-papo-com-a-autora-eva-furnari-inspira-alunos-e-professores-no-abril-literario\/#breadcrumb"},"inLanguage":"pt-BR","potentialAction":[{"@type":"ReadAction","target":["https:\/\/portaleducacao.guarulhos.sp.gov.br\/wp_site\/abrilliterario2022\/2022\/04\/13\/bate-papo-com-a-autora-eva-furnari-inspira-alunos-e-professores-no-abril-literario\/"]}]},{"@type":"BreadcrumbList","@id":"https:\/\/portaleducacao.guarulhos.sp.gov.br\/wp_site\/abrilliterario2022\/2022\/04\/13\/bate-papo-com-a-autora-eva-furnari-inspira-alunos-e-professores-no-abril-literario\/#breadcrumb","itemListElement":[{"@type":"ListItem","position":1,"name":"In\u00edcio","item":"https:\/\/portaleducacao.guarulhos.sp.gov.br\/wp_site\/abrilliterario2022\/"},{"@type":"ListItem","position":2,"name":"Bate-papo com a autora Eva Furnari inspira alunos e professores no Abril Liter\u00e1rio"}]},{"@type":"WebSite","@id":"https:\/\/portaleducacao.guarulhos.sp.gov.br\/wp_site\/abrilliterario2022\/#website","url":"https:\/\/portaleducacao.guarulhos.sp.gov.br\/wp_site\/abrilliterario2022\/","name":"Abril Liter\u00e1rio 2022","description":"Literalmente isso...","potentialAction":[{"@type":"SearchAction","target":{"@type":"EntryPoint","urlTemplate":"https:\/\/portaleducacao.guarulhos.sp.gov.br\/wp_site\/abrilliterario2022\/?s={search_term_string}"},"query-input":"required name=search_term_string"}],"inLanguage":"pt-BR"},{"@type":"Person","@id":"https:\/\/portaleducacao.guarulhos.sp.gov.br\/wp_site\/abrilliterario2022\/#\/schema\/person\/e8e9fffd002bb931a098d764df5fe663","name":"Programas e Projetos","image":{"@type":"ImageObject","inLanguage":"pt-BR","@id":"https:\/\/portaleducacao.guarulhos.sp.gov.br\/wp_site\/abrilliterario2022\/#\/schema\/person\/image\/","url":"https:\/\/secure.gravatar.com\/avatar\/5d11d5b4f6464e238415ff43bd8a530c?s=96&d=mm&r=g","contentUrl":"https:\/\/secure.gravatar.com\/avatar\/5d11d5b4f6464e238415ff43bd8a530c?s=96&d=mm&r=g","caption":"Programas e Projetos"},"url":"https:\/\/portaleducacao.guarulhos.sp.gov.br\/wp_site\/abrilliterario2022\/author\/programas\/"}]}},"_links":{"self":[{"href":"https:\/\/portaleducacao.guarulhos.sp.gov.br\/wp_site\/abrilliterario2022\/wp-json\/wp\/v2\/posts\/342"}],"collection":[{"href":"https:\/\/portaleducacao.guarulhos.sp.gov.br\/wp_site\/abrilliterario2022\/wp-json\/wp\/v2\/posts"}],"about":[{"href":"https:\/\/portaleducacao.guarulhos.sp.gov.br\/wp_site\/abrilliterario2022\/wp-json\/wp\/v2\/types\/post"}],"author":[{"embeddable":true,"href":"https:\/\/portaleducacao.guarulhos.sp.gov.br\/wp_site\/abrilliterario2022\/wp-json\/wp\/v2\/users\/8"}],"replies":[{"embeddable":true,"href":"https:\/\/portaleducacao.guarulhos.sp.gov.br\/wp_site\/abrilliterario2022\/wp-json\/wp\/v2\/comments?post=342"}],"version-history":[{"count":2,"href":"https:\/\/portaleducacao.guarulhos.sp.gov.br\/wp_site\/abrilliterario2022\/wp-json\/wp\/v2\/posts\/342\/revisions"}],"predecessor-version":[{"id":349,"href":"https:\/\/portaleducacao.guarulhos.sp.gov.br\/wp_site\/abrilliterario2022\/wp-json\/wp\/v2\/posts\/342\/revisions\/349"}],"wp:featuredmedia":[{"embeddable":true,"href":"https:\/\/portaleducacao.guarulhos.sp.gov.br\/wp_site\/abrilliterario2022\/wp-json\/wp\/v2\/media\/343"}],"wp:attachment":[{"href":"https:\/\/portaleducacao.guarulhos.sp.gov.br\/wp_site\/abrilliterario2022\/wp-json\/wp\/v2\/media?parent=342"}],"wp:term":[{"taxonomy":"category","embeddable":true,"href":"https:\/\/portaleducacao.guarulhos.sp.gov.br\/wp_site\/abrilliterario2022\/wp-json\/wp\/v2\/categories?post=342"},{"taxonomy":"post_tag","embeddable":true,"href":"https:\/\/portaleducacao.guarulhos.sp.gov.br\/wp_site\/abrilliterario2022\/wp-json\/wp\/v2\/tags?post=342"}],"curies":[{"name":"wp","href":"https:\/\/api.w.org\/{rel}","templated":true}]}}