{"id":295,"date":"2024-05-17T16:31:32","date_gmt":"2024-05-17T19:31:32","guid":{"rendered":"https:\/\/portaleducacao.guarulhos.sp.gov.br\/wp_site\/cidadequeprotege\/?p=295"},"modified":"2024-05-17T16:59:03","modified_gmt":"2024-05-17T19:59:03","slug":"encontro-na-epg-padre-joao-alvares-aborda-importancia-do-conselho-tutelar-como-rede-de-protecao-e-parceria","status":"publish","type":"post","link":"https:\/\/portaleducacao.guarulhos.sp.gov.br\/wp_site\/cidadequeprotege\/2024\/05\/17\/encontro-na-epg-padre-joao-alvares-aborda-importancia-do-conselho-tutelar-como-rede-de-protecao-e-parceria\/","title":{"rendered":"Encontro na EPG Padre Jo\u00e3o Alvares aborda import\u00e2ncia do Conselho Tutelar como rede de prote\u00e7\u00e3o e parceria"},"content":{"rendered":"\n<p>No \u00faltimo dia 7 de maio, a Reuni\u00e3o de Fam\u00edlias e Educadores na EPG Padre Jo\u00e3o Alvares contou com pauta especial, que tratou sobre os direitos da crian\u00e7a e do adolescente e a import\u00e2ncia da campanha Maio Laranja para o combate \u00e0 explora\u00e7\u00e3o sexual de crian\u00e7as e adolescentes. O encontro tamb\u00e9m abordou a import\u00e2ncia do Conselho Tutelar como rede de prote\u00e7\u00e3o e parceria com as fam\u00edlias.<\/p>\n\n\n\n<p>A a\u00e7\u00e3o ocorreu em dois hor\u00e1rios, nos per\u00edodos da manh\u00e3 e tarde, com a participa\u00e7\u00e3o de aproximadamente 150 pais e respons\u00e1veis pelos alunos. O encontro foi coordenado pela equipe do Conselho Tutelar \u2013 Regi\u00e3o Centro que enfatizaram a campanha de preven\u00e7\u00e3o com o uso de camisetas com a cor laranja.<\/p>\n\n\n\n<figure class=\"wp-block-image size-large\"><img loading=\"lazy\" width=\"1024\" height=\"768\" src=\"http:\/\/portaleducacao.guarulhos.sp.gov.br\/wp_site\/cidadequeprotege\/wp-content\/uploads\/sites\/29\/2024\/05\/no2-1024x768.jpg\" alt=\"\" class=\"wp-image-304\" srcset=\"https:\/\/portaleducacao.guarulhos.sp.gov.br\/wp_site\/cidadequeprotege\/wp-content\/uploads\/sites\/29\/2024\/05\/no2-1024x768.jpg 1024w, https:\/\/portaleducacao.guarulhos.sp.gov.br\/wp_site\/cidadequeprotege\/wp-content\/uploads\/sites\/29\/2024\/05\/no2-300x225.jpg 300w, https:\/\/portaleducacao.guarulhos.sp.gov.br\/wp_site\/cidadequeprotege\/wp-content\/uploads\/sites\/29\/2024\/05\/no2-768x576.jpg 768w, https:\/\/portaleducacao.guarulhos.sp.gov.br\/wp_site\/cidadequeprotege\/wp-content\/uploads\/sites\/29\/2024\/05\/no2-1536x1152.jpg 1536w, https:\/\/portaleducacao.guarulhos.sp.gov.br\/wp_site\/cidadequeprotege\/wp-content\/uploads\/sites\/29\/2024\/05\/no2.jpg 1600w\" sizes=\"(max-width: 1024px) 100vw, 1024px\" \/><\/figure>\n\n\n\n<p>\u201cO momento formativo possibilitou \u00e0 comunidade conhecer as atribui\u00e7\u00f5es do \u00f3rg\u00e3o que reverberou sobre os direitos da crian\u00e7a \u00e0 sa\u00fade, \u00e0 moradia, \u00e0 educa\u00e7\u00e3o e \u00e0 prote\u00e7\u00e3o. A equipe do conselho explicou como o \u00f3rg\u00e3o atua nos casos de maus-tratos envolvendo alunos, nos casos de faltas injustificadas e de evas\u00e3o escolar do educando, oferecendo orienta\u00e7\u00f5es em casos de direito violado, e ressaltou a import\u00e2ncia do di\u00e1logo e parceria com as fam\u00edlias\u201d, explicou M\u00e1rcia Bueno, diretora da unidade escolar.<\/p>\n\n\n\n<p>Ao final da a\u00e7\u00e3o, os respons\u00e1veis pelos educandos assistiram a um v\u00eddeo do caso Araceli, sobre o assassinato brutal da menina de 8 anos em 1973 que chocou o pa\u00eds e hoje representa o s\u00edmbolo de for\u00e7a e luta contra viol\u00eancia infantil.<\/p>\n\n\n\n<p>Ap\u00f3s a forma\u00e7\u00e3o, os conselheiros se colocaram \u00e0 disposi\u00e7\u00e3o da comunidade para o esclarecimento de d\u00favidas.<\/p>\n\n\n\n<p><\/p>\n","protected":false},"excerpt":{"rendered":"<p>No \u00faltimo dia 7 de maio, a Reuni\u00e3o de Fam\u00edlias e Educadores na EPG Padre Jo\u00e3o Alvares contou com pauta especial, que tratou sobre os direitos da crian\u00e7a e do &hellip;<\/p>\n<p class=\"read-more\"> <a class=\"\" href=\"https:\/\/portaleducacao.guarulhos.sp.gov.br\/wp_site\/cidadequeprotege\/2024\/05\/17\/encontro-na-epg-padre-joao-alvares-aborda-importancia-do-conselho-tutelar-como-rede-de-protecao-e-parceria\/\"> <span class=\"screen-reader-text\">Encontro na EPG Padre Jo\u00e3o Alvares aborda import\u00e2ncia do Conselho Tutelar como rede de prote\u00e7\u00e3o e parceria<\/span> Leia mais &raquo;<\/a><\/p>\n","protected":false},"author":1,"featured_media":296,"comment_status":"open","ping_status":"open","sticky":false,"template":"","format":"standard","meta":{"_monsterinsights_skip_tracking":false,"_monsterinsights_sitenote_active":false,"_monsterinsights_sitenote_note":"","_monsterinsights_sitenote_category":0,"site-sidebar-layout":"default","site-content-layout":"default","ast-global-header-display":"","ast-main-header-display":"","ast-hfb-above-header-display":"","ast-hfb-below-header-display":"","ast-hfb-mobile-header-display":"","site-post-title":"","ast-breadcrumbs-content":"","ast-featured-img":"","footer-sml-layout":"","theme-transparent-header-meta":"","adv-header-id-meta":"","stick-header-meta":"","header-above-stick-meta":"","header-main-stick-meta":"","header-below-stick-meta":"","_expiration-date-status":"","_expiration-date":0,"_expiration-date-type":"","_expiration-date-categories":[],"_expiration-date-options":[]},"categories":[10],"tags":[],"yoast_head":"<!-- This site is optimized with the Yoast SEO plugin v19.7.1 - https:\/\/yoast.com\/wordpress\/plugins\/seo\/ -->\r\n<title>Encontro na EPG Padre Jo\u00e3o Alvares aborda import\u00e2ncia do Conselho Tutelar como rede de prote\u00e7\u00e3o e parceria - Guarulhos, Cidade que Protege<\/title>\r\n<meta name=\"robots\" content=\"index, follow, max-snippet:-1, max-image-preview:large, max-video-preview:-1\" \/>\r\n<link rel=\"canonical\" href=\"https:\/\/portaleducacao.guarulhos.sp.gov.br\/wp_site\/cidadequeprotege\/2024\/05\/17\/encontro-na-epg-padre-joao-alvares-aborda-importancia-do-conselho-tutelar-como-rede-de-protecao-e-parceria\/\" \/>\r\n<meta property=\"og:locale\" content=\"pt_BR\" \/>\r\n<meta property=\"og:type\" content=\"article\" \/>\r\n<meta property=\"og:title\" content=\"Encontro na EPG Padre Jo\u00e3o Alvares aborda import\u00e2ncia do Conselho Tutelar como rede de prote\u00e7\u00e3o e parceria - Guarulhos, Cidade que Protege\" \/>\r\n<meta property=\"og:description\" content=\"No \u00faltimo dia 7 de maio, a Reuni\u00e3o de Fam\u00edlias e Educadores na EPG Padre Jo\u00e3o Alvares contou com pauta especial, que tratou sobre os direitos da crian\u00e7a e do &hellip; Encontro na EPG Padre Jo\u00e3o Alvares aborda import\u00e2ncia do Conselho Tutelar como rede de prote\u00e7\u00e3o e parceria Leia mais &raquo;\" \/>\r\n<meta property=\"og:url\" content=\"https:\/\/portaleducacao.guarulhos.sp.gov.br\/wp_site\/cidadequeprotege\/2024\/05\/17\/encontro-na-epg-padre-joao-alvares-aborda-importancia-do-conselho-tutelar-como-rede-de-protecao-e-parceria\/\" \/>\r\n<meta property=\"og:site_name\" content=\"Guarulhos, Cidade que Protege\" \/>\r\n<meta property=\"article:published_time\" content=\"2024-05-17T19:31:32+00:00\" \/>\r\n<meta property=\"article:modified_time\" content=\"2024-05-17T19:59:03+00:00\" \/>\r\n<meta property=\"og:image\" content=\"http:\/\/portaleducacao.guarulhos.sp.gov.br\/wp_site\/cidadequeprotege\/wp-content\/uploads\/sites\/29\/2024\/05\/not1.jpg\" \/>\r\n\t<meta property=\"og:image:width\" content=\"1599\" \/>\r\n\t<meta property=\"og:image:height\" content=\"1200\" \/>\r\n\t<meta property=\"og:image:type\" content=\"image\/jpeg\" \/>\r\n<meta name=\"author\" content=\"sites\" \/>\r\n<meta name=\"twitter:card\" content=\"summary_large_image\" \/>\r\n<meta name=\"twitter:label1\" content=\"Escrito por\" \/>\n\t<meta name=\"twitter:data1\" content=\"sites\" \/>\n\t<meta name=\"twitter:label2\" content=\"Est. tempo de leitura\" \/>\n\t<meta name=\"twitter:data2\" content=\"2 minutos\" \/>\r\n<script type=\"application\/ld+json\" class=\"yoast-schema-graph\">{\"@context\":\"https:\/\/schema.org\",\"@graph\":[{\"@type\":\"WebPage\",\"@id\":\"https:\/\/portaleducacao.guarulhos.sp.gov.br\/wp_site\/cidadequeprotege\/2024\/05\/17\/encontro-na-epg-padre-joao-alvares-aborda-importancia-do-conselho-tutelar-como-rede-de-protecao-e-parceria\/\",\"url\":\"https:\/\/portaleducacao.guarulhos.sp.gov.br\/wp_site\/cidadequeprotege\/2024\/05\/17\/encontro-na-epg-padre-joao-alvares-aborda-importancia-do-conselho-tutelar-como-rede-de-protecao-e-parceria\/\",\"name\":\"Encontro na EPG Padre Jo\u00e3o Alvares aborda import\u00e2ncia do Conselho Tutelar como rede de prote\u00e7\u00e3o e parceria - Guarulhos, Cidade que Protege\",\"isPartOf\":{\"@id\":\"https:\/\/portaleducacao.guarulhos.sp.gov.br\/wp_site\/cidadequeprotege\/#website\"},\"datePublished\":\"2024-05-17T19:31:32+00:00\",\"dateModified\":\"2024-05-17T19:59:03+00:00\",\"author\":{\"@id\":\"https:\/\/portaleducacao.guarulhos.sp.gov.br\/wp_site\/cidadequeprotege\/#\/schema\/person\/9d1c60216648b2e84d2544ba3ee8bb69\"},\"breadcrumb\":{\"@id\":\"https:\/\/portaleducacao.guarulhos.sp.gov.br\/wp_site\/cidadequeprotege\/2024\/05\/17\/encontro-na-epg-padre-joao-alvares-aborda-importancia-do-conselho-tutelar-como-rede-de-protecao-e-parceria\/#breadcrumb\"},\"inLanguage\":\"pt-BR\",\"potentialAction\":[{\"@type\":\"ReadAction\",\"target\":[\"https:\/\/portaleducacao.guarulhos.sp.gov.br\/wp_site\/cidadequeprotege\/2024\/05\/17\/encontro-na-epg-padre-joao-alvares-aborda-importancia-do-conselho-tutelar-como-rede-de-protecao-e-parceria\/\"]}]},{\"@type\":\"BreadcrumbList\",\"@id\":\"https:\/\/portaleducacao.guarulhos.sp.gov.br\/wp_site\/cidadequeprotege\/2024\/05\/17\/encontro-na-epg-padre-joao-alvares-aborda-importancia-do-conselho-tutelar-como-rede-de-protecao-e-parceria\/#breadcrumb\",\"itemListElement\":[{\"@type\":\"ListItem\",\"position\":1,\"name\":\"In\u00edcio\",\"item\":\"https:\/\/portaleducacao.guarulhos.sp.gov.br\/wp_site\/cidadequeprotege\/\"},{\"@type\":\"ListItem\",\"position\":2,\"name\":\"Encontro na EPG Padre Jo\u00e3o Alvares aborda import\u00e2ncia do Conselho Tutelar como rede de prote\u00e7\u00e3o e parceria\"}]},{\"@type\":\"WebSite\",\"@id\":\"https:\/\/portaleducacao.guarulhos.sp.gov.br\/wp_site\/cidadequeprotege\/#website\",\"url\":\"https:\/\/portaleducacao.guarulhos.sp.gov.br\/wp_site\/cidadequeprotege\/\",\"name\":\"Guarulhos, Cidade que Protege\",\"description\":\"Comiss\u00e3o Intersetorial de Enfrentamento \u00e0s Viol\u00eancias contra Crian\u00e7as e Adolescentes\",\"potentialAction\":[{\"@type\":\"SearchAction\",\"target\":{\"@type\":\"EntryPoint\",\"urlTemplate\":\"https:\/\/portaleducacao.guarulhos.sp.gov.br\/wp_site\/cidadequeprotege\/?s={search_term_string}\"},\"query-input\":\"required name=search_term_string\"}],\"inLanguage\":\"pt-BR\"},{\"@type\":\"Person\",\"@id\":\"https:\/\/portaleducacao.guarulhos.sp.gov.br\/wp_site\/cidadequeprotege\/#\/schema\/person\/9d1c60216648b2e84d2544ba3ee8bb69\",\"name\":\"sites\",\"image\":{\"@type\":\"ImageObject\",\"inLanguage\":\"pt-BR\",\"@id\":\"https:\/\/portaleducacao.guarulhos.sp.gov.br\/wp_site\/cidadequeprotege\/#\/schema\/person\/image\/\",\"url\":\"https:\/\/secure.gravatar.com\/avatar\/d320dc056d58878ea1be67e0f28bb03d?s=96&d=mm&r=g\",\"contentUrl\":\"https:\/\/secure.gravatar.com\/avatar\/d320dc056d58878ea1be67e0f28bb03d?s=96&d=mm&r=g\",\"caption\":\"sites\"},\"sameAs\":[\"http:\/\/172.16.208.47\/sites\"],\"url\":\"https:\/\/portaleducacao.guarulhos.sp.gov.br\/wp_site\/cidadequeprotege\/author\/sites\/\"}]}<\/script>\r\n<!-- \/ Yoast SEO plugin. -->","yoast_head_json":{"title":"Encontro na EPG Padre Jo\u00e3o Alvares aborda import\u00e2ncia do Conselho Tutelar como rede de prote\u00e7\u00e3o e parceria - Guarulhos, Cidade que Protege","robots":{"index":"index","follow":"follow","max-snippet":"max-snippet:-1","max-image-preview":"max-image-preview:large","max-video-preview":"max-video-preview:-1"},"canonical":"https:\/\/portaleducacao.guarulhos.sp.gov.br\/wp_site\/cidadequeprotege\/2024\/05\/17\/encontro-na-epg-padre-joao-alvares-aborda-importancia-do-conselho-tutelar-como-rede-de-protecao-e-parceria\/","og_locale":"pt_BR","og_type":"article","og_title":"Encontro na EPG Padre Jo\u00e3o Alvares aborda import\u00e2ncia do Conselho Tutelar como rede de prote\u00e7\u00e3o e parceria - Guarulhos, Cidade que Protege","og_description":"No \u00faltimo dia 7 de maio, a Reuni\u00e3o de Fam\u00edlias e Educadores na EPG Padre Jo\u00e3o Alvares contou com pauta especial, que tratou sobre os direitos da crian\u00e7a e do &hellip; Encontro na EPG Padre Jo\u00e3o Alvares aborda import\u00e2ncia do Conselho Tutelar como rede de prote\u00e7\u00e3o e parceria Leia mais &raquo;","og_url":"https:\/\/portaleducacao.guarulhos.sp.gov.br\/wp_site\/cidadequeprotege\/2024\/05\/17\/encontro-na-epg-padre-joao-alvares-aborda-importancia-do-conselho-tutelar-como-rede-de-protecao-e-parceria\/","og_site_name":"Guarulhos, Cidade que Protege","article_published_time":"2024-05-17T19:31:32+00:00","article_modified_time":"2024-05-17T19:59:03+00:00","og_image":[{"width":1599,"height":1200,"url":"http:\/\/portaleducacao.guarulhos.sp.gov.br\/wp_site\/cidadequeprotege\/wp-content\/uploads\/sites\/29\/2024\/05\/not1.jpg","type":"image\/jpeg"}],"author":"sites","twitter_card":"summary_large_image","twitter_misc":{"Escrito por":"sites","Est. tempo de leitura":"2 minutos"},"schema":{"@context":"https:\/\/schema.org","@graph":[{"@type":"WebPage","@id":"https:\/\/portaleducacao.guarulhos.sp.gov.br\/wp_site\/cidadequeprotege\/2024\/05\/17\/encontro-na-epg-padre-joao-alvares-aborda-importancia-do-conselho-tutelar-como-rede-de-protecao-e-parceria\/","url":"https:\/\/portaleducacao.guarulhos.sp.gov.br\/wp_site\/cidadequeprotege\/2024\/05\/17\/encontro-na-epg-padre-joao-alvares-aborda-importancia-do-conselho-tutelar-como-rede-de-protecao-e-parceria\/","name":"Encontro na EPG Padre Jo\u00e3o Alvares aborda import\u00e2ncia do Conselho Tutelar como rede de prote\u00e7\u00e3o e parceria - Guarulhos, Cidade que Protege","isPartOf":{"@id":"https:\/\/portaleducacao.guarulhos.sp.gov.br\/wp_site\/cidadequeprotege\/#website"},"datePublished":"2024-05-17T19:31:32+00:00","dateModified":"2024-05-17T19:59:03+00:00","author":{"@id":"https:\/\/portaleducacao.guarulhos.sp.gov.br\/wp_site\/cidadequeprotege\/#\/schema\/person\/9d1c60216648b2e84d2544ba3ee8bb69"},"breadcrumb":{"@id":"https:\/\/portaleducacao.guarulhos.sp.gov.br\/wp_site\/cidadequeprotege\/2024\/05\/17\/encontro-na-epg-padre-joao-alvares-aborda-importancia-do-conselho-tutelar-como-rede-de-protecao-e-parceria\/#breadcrumb"},"inLanguage":"pt-BR","potentialAction":[{"@type":"ReadAction","target":["https:\/\/portaleducacao.guarulhos.sp.gov.br\/wp_site\/cidadequeprotege\/2024\/05\/17\/encontro-na-epg-padre-joao-alvares-aborda-importancia-do-conselho-tutelar-como-rede-de-protecao-e-parceria\/"]}]},{"@type":"BreadcrumbList","@id":"https:\/\/portaleducacao.guarulhos.sp.gov.br\/wp_site\/cidadequeprotege\/2024\/05\/17\/encontro-na-epg-padre-joao-alvares-aborda-importancia-do-conselho-tutelar-como-rede-de-protecao-e-parceria\/#breadcrumb","itemListElement":[{"@type":"ListItem","position":1,"name":"In\u00edcio","item":"https:\/\/portaleducacao.guarulhos.sp.gov.br\/wp_site\/cidadequeprotege\/"},{"@type":"ListItem","position":2,"name":"Encontro na EPG Padre Jo\u00e3o Alvares aborda import\u00e2ncia do Conselho Tutelar como rede de prote\u00e7\u00e3o e parceria"}]},{"@type":"WebSite","@id":"https:\/\/portaleducacao.guarulhos.sp.gov.br\/wp_site\/cidadequeprotege\/#website","url":"https:\/\/portaleducacao.guarulhos.sp.gov.br\/wp_site\/cidadequeprotege\/","name":"Guarulhos, Cidade que Protege","description":"Comiss\u00e3o Intersetorial de Enfrentamento \u00e0s Viol\u00eancias contra Crian\u00e7as e Adolescentes","potentialAction":[{"@type":"SearchAction","target":{"@type":"EntryPoint","urlTemplate":"https:\/\/portaleducacao.guarulhos.sp.gov.br\/wp_site\/cidadequeprotege\/?s={search_term_string}"},"query-input":"required name=search_term_string"}],"inLanguage":"pt-BR"},{"@type":"Person","@id":"https:\/\/portaleducacao.guarulhos.sp.gov.br\/wp_site\/cidadequeprotege\/#\/schema\/person\/9d1c60216648b2e84d2544ba3ee8bb69","name":"sites","image":{"@type":"ImageObject","inLanguage":"pt-BR","@id":"https:\/\/portaleducacao.guarulhos.sp.gov.br\/wp_site\/cidadequeprotege\/#\/schema\/person\/image\/","url":"https:\/\/secure.gravatar.com\/avatar\/d320dc056d58878ea1be67e0f28bb03d?s=96&d=mm&r=g","contentUrl":"https:\/\/secure.gravatar.com\/avatar\/d320dc056d58878ea1be67e0f28bb03d?s=96&d=mm&r=g","caption":"sites"},"sameAs":["http:\/\/172.16.208.47\/sites"],"url":"https:\/\/portaleducacao.guarulhos.sp.gov.br\/wp_site\/cidadequeprotege\/author\/sites\/"}]}},"_links":{"self":[{"href":"https:\/\/portaleducacao.guarulhos.sp.gov.br\/wp_site\/cidadequeprotege\/wp-json\/wp\/v2\/posts\/295"}],"collection":[{"href":"https:\/\/portaleducacao.guarulhos.sp.gov.br\/wp_site\/cidadequeprotege\/wp-json\/wp\/v2\/posts"}],"about":[{"href":"https:\/\/portaleducacao.guarulhos.sp.gov.br\/wp_site\/cidadequeprotege\/wp-json\/wp\/v2\/types\/post"}],"author":[{"embeddable":true,"href":"https:\/\/portaleducacao.guarulhos.sp.gov.br\/wp_site\/cidadequeprotege\/wp-json\/wp\/v2\/users\/1"}],"replies":[{"embeddable":true,"href":"https:\/\/portaleducacao.guarulhos.sp.gov.br\/wp_site\/cidadequeprotege\/wp-json\/wp\/v2\/comments?post=295"}],"version-history":[{"count":2,"href":"https:\/\/portaleducacao.guarulhos.sp.gov.br\/wp_site\/cidadequeprotege\/wp-json\/wp\/v2\/posts\/295\/revisions"}],"predecessor-version":[{"id":305,"href":"https:\/\/portaleducacao.guarulhos.sp.gov.br\/wp_site\/cidadequeprotege\/wp-json\/wp\/v2\/posts\/295\/revisions\/305"}],"wp:featuredmedia":[{"embeddable":true,"href":"https:\/\/portaleducacao.guarulhos.sp.gov.br\/wp_site\/cidadequeprotege\/wp-json\/wp\/v2\/media\/296"}],"wp:attachment":[{"href":"https:\/\/portaleducacao.guarulhos.sp.gov.br\/wp_site\/cidadequeprotege\/wp-json\/wp\/v2\/media?parent=295"}],"wp:term":[{"taxonomy":"category","embeddable":true,"href":"https:\/\/portaleducacao.guarulhos.sp.gov.br\/wp_site\/cidadequeprotege\/wp-json\/wp\/v2\/categories?post=295"},{"taxonomy":"post_tag","embeddable":true,"href":"https:\/\/portaleducacao.guarulhos.sp.gov.br\/wp_site\/cidadequeprotege\/wp-json\/wp\/v2\/tags?post=295"}],"curies":[{"name":"wp","href":"https:\/\/api.w.org\/{rel}","templated":true}]}}