{"id":331,"date":"2024-05-24T11:13:58","date_gmt":"2024-05-24T14:13:58","guid":{"rendered":"https:\/\/portaleducacao.guarulhos.sp.gov.br\/wp_site\/cidadequeprotege\/?p=331"},"modified":"2024-05-24T11:14:21","modified_gmt":"2024-05-24T14:14:21","slug":"cine-debate-aborda-abuso-e-exploracao-sexual-de-criancas-e-adolescentes","status":"publish","type":"post","link":"https:\/\/portaleducacao.guarulhos.sp.gov.br\/wp_site\/cidadequeprotege\/2024\/05\/24\/cine-debate-aborda-abuso-e-exploracao-sexual-de-criancas-e-adolescentes\/","title":{"rendered":"Cine-Debate aborda abuso e explora\u00e7\u00e3o sexual de crian\u00e7as e adolescentes"},"content":{"rendered":"\n<p>Com o objetivo de mobilizar, sensibilizar, informar e incentivar o protagonismo de toda a sociedade na defesa dos direitos de crian\u00e7as e adolescentes, nesta quinta-feira (18), vice-diretores, gestores das Institui\u00e7\u00f5es Parceiras e representantes de diversas secretarias participaram do Cine-Debate \u201cSe eu contar, voc\u00ea escuta?\u201d, no teatro Adamastor. A exibi\u00e7\u00e3o \u00e9 uma iniciativa da Secretaria de Educa\u00e7\u00e3o, em articula\u00e7\u00e3o com o Programa Sa\u00fade na Escola-PSE e a Comiss\u00e3o Intersetorial para Constru\u00e7\u00e3o e Monitoramento do Programa de Atendimento a Crian\u00e7as e Adolescentes em Situa\u00e7\u00e3o de Viol\u00eancia &#8211; \u201cGuarulhos, Cidade que Protege\u201d.&nbsp;<\/p>\n\n\n\n<p>O Dia Nacional de Combate ao Abuso e \u00e0 Explora\u00e7\u00e3o Sexual contra Crian\u00e7as e Adolescentes \u00e9 celebrado todo dia 18 de maio, em mem\u00f3ria da menina Araceli Crespo, e para que nenhuma crian\u00e7a ou adolescente tenha que vivenciar as marcas da viol\u00eancia sexual ou da impunidade.<\/p>\n\n\n\n<p>\u201c\u00c9 fundamental que essas discuss\u00f5es e reflex\u00f5es cheguem aos professores e para todos os funcion\u00e1rios que pertencem \u00e0 escola. Precisamos reconhecer a responsabilidade pela prote\u00e7\u00e3o de nossas crian\u00e7as e adolescentes, n\u00e3o sendo omissos. Na escola somos n\u00f3s os respons\u00e1veis por essas crian\u00e7as, por isso devemos apoiar esse enfrentamento\u201d, destacou Solange Turgante, diretora do Departamento de Orienta\u00e7\u00f5es Educacionais e Pedag\u00f3gica, sobre a import\u00e2ncia de abordar essa tem\u00e1tica ao exibir o filme.&nbsp;<\/p>\n\n\n\n<p>O evento contou com a participa\u00e7\u00e3o especial da diretora do filme, Renata Coimbra, que h\u00e1 25 anos dedica-se ao enfrentamento da explora\u00e7\u00e3o sexual comercial de crian\u00e7as e adolescentes. Lan\u00e7ado em&nbsp;2022, o filme foi vencedor do Pr\u00eamio Neide Castanha no ano passado, na Categoria Boas Pr\u00e1ticas no Enfrentamento \u00e0 Explora\u00e7\u00e3o Sexual como uma das piores formas de trabalho infantil.&nbsp;<\/p>\n\n\n\n<figure class=\"wp-block-image alignleft\"><img src=\"https:\/\/portaleducacao.guarulhos.sp.gov.br\/siseduc\/media\/django-summernote\/2023-05-19\/4aa4550b-61e3-4108-ac54-9320bab2cef6.jpg\" alt=\"\"\/><\/figure>\n\n\n\n<p>O document\u00e1rio traz grava\u00e7\u00f5es em \u00e1udio realizadas nos anos 90, com as hist\u00f3rias de oito meninas v\u00edtimas de viol\u00eancia sexual, que viviam nas ruas de uma cidade do interior do Brasil. Cerca de 20 anos se passaram e, adultas, elas revisitam sua inf\u00e2ncia e contam os motivos que as levaram \u00e0s ruas em busca de sobreviv\u00eancia.&nbsp; &nbsp;<\/p>\n\n\n\n<p>Ap\u00f3s a apresenta\u00e7\u00e3o do document\u00e1rio foi aberto o debate junto aos participantes. A diretora Renata Coimbra refor\u00e7ou que a neglig\u00eancia tamb\u00e9m \u00e9 uma forma de viol\u00eancia e que a escola precisa ser local de ref\u00fagio.&nbsp;<\/p>\n\n\n\n<p>\u201cDesde a educa\u00e7\u00e3o infantil, precisamos criar estrat\u00e9gias e investir em preven\u00e7\u00e3o na perspectiva da autoprote\u00e7\u00e3o. O respeito e o limite ao corpo do outro precisam ser falados, em todos os aspectos, na forma que os meninos devem respeitar as meninas desde pequenos, al\u00e9m de refletir como as mulheres s\u00e3o tratadas culturalmente, como nas m\u00fasicas no Tiktok ou nas redes sociais em geral\u201d, explicou Renata.&nbsp;<\/p>\n\n\n\n<p><strong>Campanha da Fitinha de Prote\u00e7\u00e3o&nbsp;<\/strong><\/p>\n\n\n\n<p>No encerramento do evento foi feito o lan\u00e7amento da Campanha da Fitinha de Prote\u00e7\u00e3o, que busca criar um s\u00edmbolo dos direitos das crian\u00e7as e adolescentes, sendo principalmente uma ferramenta de autoprote\u00e7\u00e3o.<\/p>\n\n\n\n<p>A fitinha \u00e9 uma de muitas ferramentas que deve ser articulada com a\u00e7\u00f5es de preven\u00e7\u00e3o, atrav\u00e9s do olhar atento ao desenvolvimento da Educa\u00e7\u00e3o Integral, conforme o curr\u00edculo da rede municipal, por meio de atividades desenvolvidas nas escolas, em forma\u00e7\u00f5es ou em qualquer um dos locais da Rede de Prote\u00e7\u00e3o.<\/p>\n","protected":false},"excerpt":{"rendered":"<p>Com o objetivo de mobilizar, sensibilizar, informar e incentivar o protagonismo de toda a sociedade na defesa dos direitos de crian\u00e7as e adolescentes, nesta quinta-feira (18), vice-diretores, gestores das Institui\u00e7\u00f5es &hellip;<\/p>\n<p class=\"read-more\"> <a class=\"\" href=\"https:\/\/portaleducacao.guarulhos.sp.gov.br\/wp_site\/cidadequeprotege\/2024\/05\/24\/cine-debate-aborda-abuso-e-exploracao-sexual-de-criancas-e-adolescentes\/\"> <span class=\"screen-reader-text\">Cine-Debate aborda abuso e explora\u00e7\u00e3o sexual de crian\u00e7as e adolescentes<\/span> Leia mais &raquo;<\/a><\/p>\n","protected":false},"author":1,"featured_media":333,"comment_status":"open","ping_status":"open","sticky":false,"template":"","format":"standard","meta":{"_monsterinsights_skip_tracking":false,"_monsterinsights_sitenote_active":false,"_monsterinsights_sitenote_note":"","_monsterinsights_sitenote_category":0,"site-sidebar-layout":"default","site-content-layout":"default","ast-global-header-display":"","ast-main-header-display":"","ast-hfb-above-header-display":"","ast-hfb-below-header-display":"","ast-hfb-mobile-header-display":"","site-post-title":"","ast-breadcrumbs-content":"","ast-featured-img":"","footer-sml-layout":"","theme-transparent-header-meta":"","adv-header-id-meta":"","stick-header-meta":"","header-above-stick-meta":"","header-main-stick-meta":"","header-below-stick-meta":"","_expiration-date-status":"","_expiration-date":0,"_expiration-date-type":"","_expiration-date-categories":[],"_expiration-date-options":[]},"categories":[10],"tags":[],"yoast_head":"<!-- This site is optimized with the Yoast SEO plugin v19.7.1 - https:\/\/yoast.com\/wordpress\/plugins\/seo\/ -->\r\n<title>Cine-Debate aborda abuso e explora\u00e7\u00e3o sexual de crian\u00e7as e adolescentes - Guarulhos, Cidade que Protege<\/title>\r\n<meta name=\"robots\" content=\"index, follow, max-snippet:-1, max-image-preview:large, max-video-preview:-1\" \/>\r\n<link rel=\"canonical\" href=\"https:\/\/portaleducacao.guarulhos.sp.gov.br\/wp_site\/cidadequeprotege\/2024\/05\/24\/cine-debate-aborda-abuso-e-exploracao-sexual-de-criancas-e-adolescentes\/\" \/>\r\n<meta property=\"og:locale\" content=\"pt_BR\" \/>\r\n<meta property=\"og:type\" content=\"article\" \/>\r\n<meta property=\"og:title\" content=\"Cine-Debate aborda abuso e explora\u00e7\u00e3o sexual de crian\u00e7as e adolescentes - Guarulhos, Cidade que Protege\" \/>\r\n<meta property=\"og:description\" content=\"Com o objetivo de mobilizar, sensibilizar, informar e incentivar o protagonismo de toda a sociedade na defesa dos direitos de crian\u00e7as e adolescentes, nesta quinta-feira (18), vice-diretores, gestores das Institui\u00e7\u00f5es &hellip; Cine-Debate aborda abuso e explora\u00e7\u00e3o sexual de crian\u00e7as e adolescentes Leia mais &raquo;\" \/>\r\n<meta property=\"og:url\" content=\"https:\/\/portaleducacao.guarulhos.sp.gov.br\/wp_site\/cidadequeprotege\/2024\/05\/24\/cine-debate-aborda-abuso-e-exploracao-sexual-de-criancas-e-adolescentes\/\" \/>\r\n<meta property=\"og:site_name\" content=\"Guarulhos, Cidade que Protege\" \/>\r\n<meta property=\"article:published_time\" content=\"2024-05-24T14:13:58+00:00\" \/>\r\n<meta property=\"article:modified_time\" content=\"2024-05-24T14:14:21+00:00\" \/>\r\n<meta property=\"og:image\" content=\"http:\/\/portaleducacao.guarulhos.sp.gov.br\/wp_site\/cidadequeprotege\/wp-content\/uploads\/sites\/29\/2024\/05\/cidadeprotege2.jpg\" \/>\r\n\t<meta property=\"og:image:width\" content=\"827\" \/>\r\n\t<meta property=\"og:image:height\" content=\"551\" \/>\r\n\t<meta property=\"og:image:type\" content=\"image\/jpeg\" \/>\r\n<meta name=\"author\" content=\"sites\" \/>\r\n<meta name=\"twitter:card\" content=\"summary_large_image\" \/>\r\n<meta name=\"twitter:label1\" content=\"Escrito por\" \/>\n\t<meta name=\"twitter:data1\" content=\"sites\" \/>\n\t<meta name=\"twitter:label2\" content=\"Est. tempo de leitura\" \/>\n\t<meta name=\"twitter:data2\" content=\"3 minutos\" \/>\r\n<script type=\"application\/ld+json\" class=\"yoast-schema-graph\">{\"@context\":\"https:\/\/schema.org\",\"@graph\":[{\"@type\":\"WebPage\",\"@id\":\"https:\/\/portaleducacao.guarulhos.sp.gov.br\/wp_site\/cidadequeprotege\/2024\/05\/24\/cine-debate-aborda-abuso-e-exploracao-sexual-de-criancas-e-adolescentes\/\",\"url\":\"https:\/\/portaleducacao.guarulhos.sp.gov.br\/wp_site\/cidadequeprotege\/2024\/05\/24\/cine-debate-aborda-abuso-e-exploracao-sexual-de-criancas-e-adolescentes\/\",\"name\":\"Cine-Debate aborda abuso e explora\u00e7\u00e3o sexual de crian\u00e7as e adolescentes - Guarulhos, Cidade que Protege\",\"isPartOf\":{\"@id\":\"https:\/\/portaleducacao.guarulhos.sp.gov.br\/wp_site\/cidadequeprotege\/#website\"},\"datePublished\":\"2024-05-24T14:13:58+00:00\",\"dateModified\":\"2024-05-24T14:14:21+00:00\",\"author\":{\"@id\":\"https:\/\/portaleducacao.guarulhos.sp.gov.br\/wp_site\/cidadequeprotege\/#\/schema\/person\/9d1c60216648b2e84d2544ba3ee8bb69\"},\"breadcrumb\":{\"@id\":\"https:\/\/portaleducacao.guarulhos.sp.gov.br\/wp_site\/cidadequeprotege\/2024\/05\/24\/cine-debate-aborda-abuso-e-exploracao-sexual-de-criancas-e-adolescentes\/#breadcrumb\"},\"inLanguage\":\"pt-BR\",\"potentialAction\":[{\"@type\":\"ReadAction\",\"target\":[\"https:\/\/portaleducacao.guarulhos.sp.gov.br\/wp_site\/cidadequeprotege\/2024\/05\/24\/cine-debate-aborda-abuso-e-exploracao-sexual-de-criancas-e-adolescentes\/\"]}]},{\"@type\":\"BreadcrumbList\",\"@id\":\"https:\/\/portaleducacao.guarulhos.sp.gov.br\/wp_site\/cidadequeprotege\/2024\/05\/24\/cine-debate-aborda-abuso-e-exploracao-sexual-de-criancas-e-adolescentes\/#breadcrumb\",\"itemListElement\":[{\"@type\":\"ListItem\",\"position\":1,\"name\":\"In\u00edcio\",\"item\":\"https:\/\/portaleducacao.guarulhos.sp.gov.br\/wp_site\/cidadequeprotege\/\"},{\"@type\":\"ListItem\",\"position\":2,\"name\":\"Cine-Debate aborda abuso e explora\u00e7\u00e3o sexual de crian\u00e7as e adolescentes\"}]},{\"@type\":\"WebSite\",\"@id\":\"https:\/\/portaleducacao.guarulhos.sp.gov.br\/wp_site\/cidadequeprotege\/#website\",\"url\":\"https:\/\/portaleducacao.guarulhos.sp.gov.br\/wp_site\/cidadequeprotege\/\",\"name\":\"Guarulhos, Cidade que Protege\",\"description\":\"Comiss\u00e3o Intersetorial de Enfrentamento \u00e0s Viol\u00eancias contra Crian\u00e7as e Adolescentes\",\"potentialAction\":[{\"@type\":\"SearchAction\",\"target\":{\"@type\":\"EntryPoint\",\"urlTemplate\":\"https:\/\/portaleducacao.guarulhos.sp.gov.br\/wp_site\/cidadequeprotege\/?s={search_term_string}\"},\"query-input\":\"required name=search_term_string\"}],\"inLanguage\":\"pt-BR\"},{\"@type\":\"Person\",\"@id\":\"https:\/\/portaleducacao.guarulhos.sp.gov.br\/wp_site\/cidadequeprotege\/#\/schema\/person\/9d1c60216648b2e84d2544ba3ee8bb69\",\"name\":\"sites\",\"image\":{\"@type\":\"ImageObject\",\"inLanguage\":\"pt-BR\",\"@id\":\"https:\/\/portaleducacao.guarulhos.sp.gov.br\/wp_site\/cidadequeprotege\/#\/schema\/person\/image\/\",\"url\":\"https:\/\/secure.gravatar.com\/avatar\/d320dc056d58878ea1be67e0f28bb03d?s=96&d=mm&r=g\",\"contentUrl\":\"https:\/\/secure.gravatar.com\/avatar\/d320dc056d58878ea1be67e0f28bb03d?s=96&d=mm&r=g\",\"caption\":\"sites\"},\"sameAs\":[\"http:\/\/172.16.208.47\/sites\"],\"url\":\"https:\/\/portaleducacao.guarulhos.sp.gov.br\/wp_site\/cidadequeprotege\/author\/sites\/\"}]}<\/script>\r\n<!-- \/ Yoast SEO plugin. -->","yoast_head_json":{"title":"Cine-Debate aborda abuso e explora\u00e7\u00e3o sexual de crian\u00e7as e adolescentes - Guarulhos, Cidade que Protege","robots":{"index":"index","follow":"follow","max-snippet":"max-snippet:-1","max-image-preview":"max-image-preview:large","max-video-preview":"max-video-preview:-1"},"canonical":"https:\/\/portaleducacao.guarulhos.sp.gov.br\/wp_site\/cidadequeprotege\/2024\/05\/24\/cine-debate-aborda-abuso-e-exploracao-sexual-de-criancas-e-adolescentes\/","og_locale":"pt_BR","og_type":"article","og_title":"Cine-Debate aborda abuso e explora\u00e7\u00e3o sexual de crian\u00e7as e adolescentes - Guarulhos, Cidade que Protege","og_description":"Com o objetivo de mobilizar, sensibilizar, informar e incentivar o protagonismo de toda a sociedade na defesa dos direitos de crian\u00e7as e adolescentes, nesta quinta-feira (18), vice-diretores, gestores das Institui\u00e7\u00f5es &hellip; Cine-Debate aborda abuso e explora\u00e7\u00e3o sexual de crian\u00e7as e adolescentes Leia mais &raquo;","og_url":"https:\/\/portaleducacao.guarulhos.sp.gov.br\/wp_site\/cidadequeprotege\/2024\/05\/24\/cine-debate-aborda-abuso-e-exploracao-sexual-de-criancas-e-adolescentes\/","og_site_name":"Guarulhos, Cidade que Protege","article_published_time":"2024-05-24T14:13:58+00:00","article_modified_time":"2024-05-24T14:14:21+00:00","og_image":[{"width":827,"height":551,"url":"http:\/\/portaleducacao.guarulhos.sp.gov.br\/wp_site\/cidadequeprotege\/wp-content\/uploads\/sites\/29\/2024\/05\/cidadeprotege2.jpg","type":"image\/jpeg"}],"author":"sites","twitter_card":"summary_large_image","twitter_misc":{"Escrito por":"sites","Est. tempo de leitura":"3 minutos"},"schema":{"@context":"https:\/\/schema.org","@graph":[{"@type":"WebPage","@id":"https:\/\/portaleducacao.guarulhos.sp.gov.br\/wp_site\/cidadequeprotege\/2024\/05\/24\/cine-debate-aborda-abuso-e-exploracao-sexual-de-criancas-e-adolescentes\/","url":"https:\/\/portaleducacao.guarulhos.sp.gov.br\/wp_site\/cidadequeprotege\/2024\/05\/24\/cine-debate-aborda-abuso-e-exploracao-sexual-de-criancas-e-adolescentes\/","name":"Cine-Debate aborda abuso e explora\u00e7\u00e3o sexual de crian\u00e7as e adolescentes - Guarulhos, Cidade que Protege","isPartOf":{"@id":"https:\/\/portaleducacao.guarulhos.sp.gov.br\/wp_site\/cidadequeprotege\/#website"},"datePublished":"2024-05-24T14:13:58+00:00","dateModified":"2024-05-24T14:14:21+00:00","author":{"@id":"https:\/\/portaleducacao.guarulhos.sp.gov.br\/wp_site\/cidadequeprotege\/#\/schema\/person\/9d1c60216648b2e84d2544ba3ee8bb69"},"breadcrumb":{"@id":"https:\/\/portaleducacao.guarulhos.sp.gov.br\/wp_site\/cidadequeprotege\/2024\/05\/24\/cine-debate-aborda-abuso-e-exploracao-sexual-de-criancas-e-adolescentes\/#breadcrumb"},"inLanguage":"pt-BR","potentialAction":[{"@type":"ReadAction","target":["https:\/\/portaleducacao.guarulhos.sp.gov.br\/wp_site\/cidadequeprotege\/2024\/05\/24\/cine-debate-aborda-abuso-e-exploracao-sexual-de-criancas-e-adolescentes\/"]}]},{"@type":"BreadcrumbList","@id":"https:\/\/portaleducacao.guarulhos.sp.gov.br\/wp_site\/cidadequeprotege\/2024\/05\/24\/cine-debate-aborda-abuso-e-exploracao-sexual-de-criancas-e-adolescentes\/#breadcrumb","itemListElement":[{"@type":"ListItem","position":1,"name":"In\u00edcio","item":"https:\/\/portaleducacao.guarulhos.sp.gov.br\/wp_site\/cidadequeprotege\/"},{"@type":"ListItem","position":2,"name":"Cine-Debate aborda abuso e explora\u00e7\u00e3o sexual de crian\u00e7as e adolescentes"}]},{"@type":"WebSite","@id":"https:\/\/portaleducacao.guarulhos.sp.gov.br\/wp_site\/cidadequeprotege\/#website","url":"https:\/\/portaleducacao.guarulhos.sp.gov.br\/wp_site\/cidadequeprotege\/","name":"Guarulhos, Cidade que Protege","description":"Comiss\u00e3o Intersetorial de Enfrentamento \u00e0s Viol\u00eancias contra Crian\u00e7as e Adolescentes","potentialAction":[{"@type":"SearchAction","target":{"@type":"EntryPoint","urlTemplate":"https:\/\/portaleducacao.guarulhos.sp.gov.br\/wp_site\/cidadequeprotege\/?s={search_term_string}"},"query-input":"required name=search_term_string"}],"inLanguage":"pt-BR"},{"@type":"Person","@id":"https:\/\/portaleducacao.guarulhos.sp.gov.br\/wp_site\/cidadequeprotege\/#\/schema\/person\/9d1c60216648b2e84d2544ba3ee8bb69","name":"sites","image":{"@type":"ImageObject","inLanguage":"pt-BR","@id":"https:\/\/portaleducacao.guarulhos.sp.gov.br\/wp_site\/cidadequeprotege\/#\/schema\/person\/image\/","url":"https:\/\/secure.gravatar.com\/avatar\/d320dc056d58878ea1be67e0f28bb03d?s=96&d=mm&r=g","contentUrl":"https:\/\/secure.gravatar.com\/avatar\/d320dc056d58878ea1be67e0f28bb03d?s=96&d=mm&r=g","caption":"sites"},"sameAs":["http:\/\/172.16.208.47\/sites"],"url":"https:\/\/portaleducacao.guarulhos.sp.gov.br\/wp_site\/cidadequeprotege\/author\/sites\/"}]}},"_links":{"self":[{"href":"https:\/\/portaleducacao.guarulhos.sp.gov.br\/wp_site\/cidadequeprotege\/wp-json\/wp\/v2\/posts\/331"}],"collection":[{"href":"https:\/\/portaleducacao.guarulhos.sp.gov.br\/wp_site\/cidadequeprotege\/wp-json\/wp\/v2\/posts"}],"about":[{"href":"https:\/\/portaleducacao.guarulhos.sp.gov.br\/wp_site\/cidadequeprotege\/wp-json\/wp\/v2\/types\/post"}],"author":[{"embeddable":true,"href":"https:\/\/portaleducacao.guarulhos.sp.gov.br\/wp_site\/cidadequeprotege\/wp-json\/wp\/v2\/users\/1"}],"replies":[{"embeddable":true,"href":"https:\/\/portaleducacao.guarulhos.sp.gov.br\/wp_site\/cidadequeprotege\/wp-json\/wp\/v2\/comments?post=331"}],"version-history":[{"count":2,"href":"https:\/\/portaleducacao.guarulhos.sp.gov.br\/wp_site\/cidadequeprotege\/wp-json\/wp\/v2\/posts\/331\/revisions"}],"predecessor-version":[{"id":334,"href":"https:\/\/portaleducacao.guarulhos.sp.gov.br\/wp_site\/cidadequeprotege\/wp-json\/wp\/v2\/posts\/331\/revisions\/334"}],"wp:featuredmedia":[{"embeddable":true,"href":"https:\/\/portaleducacao.guarulhos.sp.gov.br\/wp_site\/cidadequeprotege\/wp-json\/wp\/v2\/media\/333"}],"wp:attachment":[{"href":"https:\/\/portaleducacao.guarulhos.sp.gov.br\/wp_site\/cidadequeprotege\/wp-json\/wp\/v2\/media?parent=331"}],"wp:term":[{"taxonomy":"category","embeddable":true,"href":"https:\/\/portaleducacao.guarulhos.sp.gov.br\/wp_site\/cidadequeprotege\/wp-json\/wp\/v2\/categories?post=331"},{"taxonomy":"post_tag","embeddable":true,"href":"https:\/\/portaleducacao.guarulhos.sp.gov.br\/wp_site\/cidadequeprotege\/wp-json\/wp\/v2\/tags?post=331"}],"curies":[{"name":"wp","href":"https:\/\/api.w.org\/{rel}","templated":true}]}}