{"id":331,"date":"2024-11-13T17:19:55","date_gmt":"2024-11-13T19:19:55","guid":{"rendered":"https:\/\/portaleducacao.guarulhos.sp.gov.br\/wp_site\/educacaoantirracista\/?p=331"},"modified":"2024-11-13T17:30:06","modified_gmt":"2024-11-13T19:30:06","slug":"guarulhos-lanca-campanha-de-combate-ao-racismo-na-rede-municipal","status":"publish","type":"post","link":"https:\/\/portaleducacao.guarulhos.sp.gov.br\/wp_site\/educacaoantirracista\/2024\/11\/13\/guarulhos-lanca-campanha-de-combate-ao-racismo-na-rede-municipal\/","title":{"rendered":"Guarulhos lan\u00e7a campanha de combate ao racismo na rede municipal"},"content":{"rendered":"\n<p>Com o objetivo de combater o racismo e assegurar a equidade racial, a Secretaria de Educa\u00e7\u00e3o de Guarulhos lan\u00e7ou a campanha Todos por Uma EducA\u00c7\u00c3O Antirracista, iniciativa de alerta e conscientiza\u00e7\u00e3o para alunos, educadores e a comunidade sobre os impactos nocivos do racismo na sociedade.&nbsp;<\/p>\n\n\n\n<p>A campanha busca fortalecer a\u00e7\u00f5es e programas educacionais sobre as rela\u00e7\u00f5es \u00e9tnico-raciais e a educa\u00e7\u00e3o escolar quilombola, institu\u00edda em maio deste ano pelo Minist\u00e9rio da Educa\u00e7\u00e3o (MEC) por meio da portaria 470. A a\u00e7\u00e3o est\u00e1 em conformidade com a lei federal 10.639\/2003, que inclui no curr\u00edculo oficial a obrigatoriedade do ensino de hist\u00f3ria e cultura africanas e afro-brasileiras em toda a educa\u00e7\u00e3o b\u00e1sica.&nbsp;<\/p>\n\n\n\n<p>Para mostrar a import\u00e2ncia do papel da educa\u00e7\u00e3o na desconstru\u00e7\u00e3o do racismo, as a\u00e7\u00f5es incluem ainda materiais informativos did\u00e1ticos, como a cria\u00e7\u00e3o do site da campanha no portal da Secretaria de Educa\u00e7\u00e3o, sinalizadores para uma educa\u00e7\u00e3o antirracista, identidade \u00e9tnica, forma\u00e7\u00f5es para professores, coordenadores e gestores, entre outros recursos que evidenciam as pr\u00e1ticas de inclus\u00e3o, representatividade e valoriza\u00e7\u00e3o das diferen\u00e7as.<\/p>\n","protected":false},"excerpt":{"rendered":"<p>Com o objetivo de combater o racismo e assegurar a equidade racial, a Secretaria de Educa\u00e7\u00e3o de Guarulhos lan\u00e7ou a campanha Todos por Uma EducA\u00c7\u00c3O Antirracista, iniciativa de alerta e &hellip;<\/p>\n<p class=\"read-more\"> <a class=\"\" href=\"https:\/\/portaleducacao.guarulhos.sp.gov.br\/wp_site\/educacaoantirracista\/2024\/11\/13\/guarulhos-lanca-campanha-de-combate-ao-racismo-na-rede-municipal\/\"> <span class=\"screen-reader-text\">Guarulhos lan\u00e7a campanha de combate ao racismo na rede municipal<\/span> Leia mais &raquo;<\/a><\/p>\n","protected":false},"author":1,"featured_media":335,"comment_status":"open","ping_status":"open","sticky":false,"template":"","format":"standard","meta":{"_monsterinsights_skip_tracking":false,"_monsterinsights_sitenote_active":false,"_monsterinsights_sitenote_note":"","_monsterinsights_sitenote_category":0,"site-sidebar-layout":"default","site-content-layout":"default","ast-global-header-display":"","ast-main-header-display":"","ast-hfb-above-header-display":"","ast-hfb-below-header-display":"","ast-hfb-mobile-header-display":"","site-post-title":"","ast-breadcrumbs-content":"","ast-featured-img":"","footer-sml-layout":"","theme-transparent-header-meta":"","adv-header-id-meta":"","stick-header-meta":"","header-above-stick-meta":"","header-main-stick-meta":"","header-below-stick-meta":"","_expiration-date-status":"","_expiration-date":0,"_expiration-date-type":"","_expiration-date-categories":[],"_expiration-date-options":[]},"categories":[1],"tags":[],"yoast_head":"<!-- This site is optimized with the Yoast SEO plugin v19.7.1 - https:\/\/yoast.com\/wordpress\/plugins\/seo\/ -->\r\n<title>Guarulhos lan\u00e7a campanha de combate ao racismo na rede municipal - Educa\u00e7\u00e3o Antirracista<\/title>\r\n<meta name=\"robots\" content=\"index, follow, max-snippet:-1, max-image-preview:large, max-video-preview:-1\" \/>\r\n<link rel=\"canonical\" href=\"https:\/\/portaleducacao.guarulhos.sp.gov.br\/wp_site\/educacaoantirracista\/2024\/11\/13\/guarulhos-lanca-campanha-de-combate-ao-racismo-na-rede-municipal\/\" \/>\r\n<meta property=\"og:locale\" content=\"pt_BR\" \/>\r\n<meta property=\"og:type\" content=\"article\" \/>\r\n<meta property=\"og:title\" content=\"Guarulhos lan\u00e7a campanha de combate ao racismo na rede municipal - Educa\u00e7\u00e3o Antirracista\" \/>\r\n<meta property=\"og:description\" content=\"Com o objetivo de combater o racismo e assegurar a equidade racial, a Secretaria de Educa\u00e7\u00e3o de Guarulhos lan\u00e7ou a campanha Todos por Uma EducA\u00c7\u00c3O Antirracista, iniciativa de alerta e &hellip; Guarulhos lan\u00e7a campanha de combate ao racismo na rede municipal Leia mais &raquo;\" \/>\r\n<meta property=\"og:url\" content=\"https:\/\/portaleducacao.guarulhos.sp.gov.br\/wp_site\/educacaoantirracista\/2024\/11\/13\/guarulhos-lanca-campanha-de-combate-ao-racismo-na-rede-municipal\/\" \/>\r\n<meta property=\"og:site_name\" content=\"Educa\u00e7\u00e3o Antirracista\" \/>\r\n<meta property=\"article:published_time\" content=\"2024-11-13T19:19:55+00:00\" \/>\r\n<meta property=\"article:modified_time\" content=\"2024-11-13T19:30:06+00:00\" \/>\r\n<meta property=\"og:image\" content=\"http:\/\/portaleducacao.guarulhos.sp.gov.br\/wp_site\/educacaoantirracista\/wp-content\/uploads\/sites\/31\/2024\/11\/antira.jpeg\" \/>\r\n\t<meta property=\"og:image:width\" content=\"1600\" \/>\r\n\t<meta property=\"og:image:height\" content=\"1110\" \/>\r\n\t<meta property=\"og:image:type\" content=\"image\/jpeg\" \/>\r\n<meta name=\"author\" content=\"sites\" \/>\r\n<meta name=\"twitter:card\" content=\"summary_large_image\" \/>\r\n<meta name=\"twitter:label1\" content=\"Escrito por\" \/>\n\t<meta name=\"twitter:data1\" content=\"sites\" \/>\n\t<meta name=\"twitter:label2\" content=\"Est. tempo de leitura\" \/>\n\t<meta name=\"twitter:data2\" content=\"1 minuto\" \/>\r\n<script type=\"application\/ld+json\" class=\"yoast-schema-graph\">{\"@context\":\"https:\/\/schema.org\",\"@graph\":[{\"@type\":\"WebPage\",\"@id\":\"https:\/\/portaleducacao.guarulhos.sp.gov.br\/wp_site\/educacaoantirracista\/2024\/11\/13\/guarulhos-lanca-campanha-de-combate-ao-racismo-na-rede-municipal\/\",\"url\":\"https:\/\/portaleducacao.guarulhos.sp.gov.br\/wp_site\/educacaoantirracista\/2024\/11\/13\/guarulhos-lanca-campanha-de-combate-ao-racismo-na-rede-municipal\/\",\"name\":\"Guarulhos lan\u00e7a campanha de combate ao racismo na rede municipal - Educa\u00e7\u00e3o Antirracista\",\"isPartOf\":{\"@id\":\"https:\/\/portaleducacao.guarulhos.sp.gov.br\/wp_site\/educacaoantirracista\/#website\"},\"datePublished\":\"2024-11-13T19:19:55+00:00\",\"dateModified\":\"2024-11-13T19:30:06+00:00\",\"author\":{\"@id\":\"https:\/\/portaleducacao.guarulhos.sp.gov.br\/wp_site\/educacaoantirracista\/#\/schema\/person\/9d1c60216648b2e84d2544ba3ee8bb69\"},\"breadcrumb\":{\"@id\":\"https:\/\/portaleducacao.guarulhos.sp.gov.br\/wp_site\/educacaoantirracista\/2024\/11\/13\/guarulhos-lanca-campanha-de-combate-ao-racismo-na-rede-municipal\/#breadcrumb\"},\"inLanguage\":\"pt-BR\",\"potentialAction\":[{\"@type\":\"ReadAction\",\"target\":[\"https:\/\/portaleducacao.guarulhos.sp.gov.br\/wp_site\/educacaoantirracista\/2024\/11\/13\/guarulhos-lanca-campanha-de-combate-ao-racismo-na-rede-municipal\/\"]}]},{\"@type\":\"BreadcrumbList\",\"@id\":\"https:\/\/portaleducacao.guarulhos.sp.gov.br\/wp_site\/educacaoantirracista\/2024\/11\/13\/guarulhos-lanca-campanha-de-combate-ao-racismo-na-rede-municipal\/#breadcrumb\",\"itemListElement\":[{\"@type\":\"ListItem\",\"position\":1,\"name\":\"In\u00edcio\",\"item\":\"https:\/\/portaleducacao.guarulhos.sp.gov.br\/wp_site\/educacaoantirracista\/\"},{\"@type\":\"ListItem\",\"position\":2,\"name\":\"Guarulhos lan\u00e7a campanha de combate ao racismo na rede municipal\"}]},{\"@type\":\"WebSite\",\"@id\":\"https:\/\/portaleducacao.guarulhos.sp.gov.br\/wp_site\/educacaoantirracista\/#website\",\"url\":\"https:\/\/portaleducacao.guarulhos.sp.gov.br\/wp_site\/educacaoantirracista\/\",\"name\":\"Educa\u00e7\u00e3o Antirracista\",\"description\":\"Campanha Todos por uma Educa\u00e7\u00e3o Antirracista\",\"potentialAction\":[{\"@type\":\"SearchAction\",\"target\":{\"@type\":\"EntryPoint\",\"urlTemplate\":\"https:\/\/portaleducacao.guarulhos.sp.gov.br\/wp_site\/educacaoantirracista\/?s={search_term_string}\"},\"query-input\":\"required name=search_term_string\"}],\"inLanguage\":\"pt-BR\"},{\"@type\":\"Person\",\"@id\":\"https:\/\/portaleducacao.guarulhos.sp.gov.br\/wp_site\/educacaoantirracista\/#\/schema\/person\/9d1c60216648b2e84d2544ba3ee8bb69\",\"name\":\"sites\",\"image\":{\"@type\":\"ImageObject\",\"inLanguage\":\"pt-BR\",\"@id\":\"https:\/\/portaleducacao.guarulhos.sp.gov.br\/wp_site\/educacaoantirracista\/#\/schema\/person\/image\/\",\"url\":\"https:\/\/secure.gravatar.com\/avatar\/d320dc056d58878ea1be67e0f28bb03d?s=96&d=mm&r=g\",\"contentUrl\":\"https:\/\/secure.gravatar.com\/avatar\/d320dc056d58878ea1be67e0f28bb03d?s=96&d=mm&r=g\",\"caption\":\"sites\"},\"sameAs\":[\"http:\/\/172.16.208.47\/sites\"],\"url\":\"https:\/\/portaleducacao.guarulhos.sp.gov.br\/wp_site\/educacaoantirracista\/author\/sites\/\"}]}<\/script>\r\n<!-- \/ Yoast SEO plugin. -->","yoast_head_json":{"title":"Guarulhos lan\u00e7a campanha de combate ao racismo na rede municipal - Educa\u00e7\u00e3o Antirracista","robots":{"index":"index","follow":"follow","max-snippet":"max-snippet:-1","max-image-preview":"max-image-preview:large","max-video-preview":"max-video-preview:-1"},"canonical":"https:\/\/portaleducacao.guarulhos.sp.gov.br\/wp_site\/educacaoantirracista\/2024\/11\/13\/guarulhos-lanca-campanha-de-combate-ao-racismo-na-rede-municipal\/","og_locale":"pt_BR","og_type":"article","og_title":"Guarulhos lan\u00e7a campanha de combate ao racismo na rede municipal - Educa\u00e7\u00e3o Antirracista","og_description":"Com o objetivo de combater o racismo e assegurar a equidade racial, a Secretaria de Educa\u00e7\u00e3o de Guarulhos lan\u00e7ou a campanha Todos por Uma EducA\u00c7\u00c3O Antirracista, iniciativa de alerta e &hellip; Guarulhos lan\u00e7a campanha de combate ao racismo na rede municipal Leia mais &raquo;","og_url":"https:\/\/portaleducacao.guarulhos.sp.gov.br\/wp_site\/educacaoantirracista\/2024\/11\/13\/guarulhos-lanca-campanha-de-combate-ao-racismo-na-rede-municipal\/","og_site_name":"Educa\u00e7\u00e3o Antirracista","article_published_time":"2024-11-13T19:19:55+00:00","article_modified_time":"2024-11-13T19:30:06+00:00","og_image":[{"width":1600,"height":1110,"url":"http:\/\/portaleducacao.guarulhos.sp.gov.br\/wp_site\/educacaoantirracista\/wp-content\/uploads\/sites\/31\/2024\/11\/antira.jpeg","type":"image\/jpeg"}],"author":"sites","twitter_card":"summary_large_image","twitter_misc":{"Escrito por":"sites","Est. tempo de leitura":"1 minuto"},"schema":{"@context":"https:\/\/schema.org","@graph":[{"@type":"WebPage","@id":"https:\/\/portaleducacao.guarulhos.sp.gov.br\/wp_site\/educacaoantirracista\/2024\/11\/13\/guarulhos-lanca-campanha-de-combate-ao-racismo-na-rede-municipal\/","url":"https:\/\/portaleducacao.guarulhos.sp.gov.br\/wp_site\/educacaoantirracista\/2024\/11\/13\/guarulhos-lanca-campanha-de-combate-ao-racismo-na-rede-municipal\/","name":"Guarulhos lan\u00e7a campanha de combate ao racismo na rede municipal - Educa\u00e7\u00e3o Antirracista","isPartOf":{"@id":"https:\/\/portaleducacao.guarulhos.sp.gov.br\/wp_site\/educacaoantirracista\/#website"},"datePublished":"2024-11-13T19:19:55+00:00","dateModified":"2024-11-13T19:30:06+00:00","author":{"@id":"https:\/\/portaleducacao.guarulhos.sp.gov.br\/wp_site\/educacaoantirracista\/#\/schema\/person\/9d1c60216648b2e84d2544ba3ee8bb69"},"breadcrumb":{"@id":"https:\/\/portaleducacao.guarulhos.sp.gov.br\/wp_site\/educacaoantirracista\/2024\/11\/13\/guarulhos-lanca-campanha-de-combate-ao-racismo-na-rede-municipal\/#breadcrumb"},"inLanguage":"pt-BR","potentialAction":[{"@type":"ReadAction","target":["https:\/\/portaleducacao.guarulhos.sp.gov.br\/wp_site\/educacaoantirracista\/2024\/11\/13\/guarulhos-lanca-campanha-de-combate-ao-racismo-na-rede-municipal\/"]}]},{"@type":"BreadcrumbList","@id":"https:\/\/portaleducacao.guarulhos.sp.gov.br\/wp_site\/educacaoantirracista\/2024\/11\/13\/guarulhos-lanca-campanha-de-combate-ao-racismo-na-rede-municipal\/#breadcrumb","itemListElement":[{"@type":"ListItem","position":1,"name":"In\u00edcio","item":"https:\/\/portaleducacao.guarulhos.sp.gov.br\/wp_site\/educacaoantirracista\/"},{"@type":"ListItem","position":2,"name":"Guarulhos lan\u00e7a campanha de combate ao racismo na rede municipal"}]},{"@type":"WebSite","@id":"https:\/\/portaleducacao.guarulhos.sp.gov.br\/wp_site\/educacaoantirracista\/#website","url":"https:\/\/portaleducacao.guarulhos.sp.gov.br\/wp_site\/educacaoantirracista\/","name":"Educa\u00e7\u00e3o Antirracista","description":"Campanha Todos por uma Educa\u00e7\u00e3o Antirracista","potentialAction":[{"@type":"SearchAction","target":{"@type":"EntryPoint","urlTemplate":"https:\/\/portaleducacao.guarulhos.sp.gov.br\/wp_site\/educacaoantirracista\/?s={search_term_string}"},"query-input":"required name=search_term_string"}],"inLanguage":"pt-BR"},{"@type":"Person","@id":"https:\/\/portaleducacao.guarulhos.sp.gov.br\/wp_site\/educacaoantirracista\/#\/schema\/person\/9d1c60216648b2e84d2544ba3ee8bb69","name":"sites","image":{"@type":"ImageObject","inLanguage":"pt-BR","@id":"https:\/\/portaleducacao.guarulhos.sp.gov.br\/wp_site\/educacaoantirracista\/#\/schema\/person\/image\/","url":"https:\/\/secure.gravatar.com\/avatar\/d320dc056d58878ea1be67e0f28bb03d?s=96&d=mm&r=g","contentUrl":"https:\/\/secure.gravatar.com\/avatar\/d320dc056d58878ea1be67e0f28bb03d?s=96&d=mm&r=g","caption":"sites"},"sameAs":["http:\/\/172.16.208.47\/sites"],"url":"https:\/\/portaleducacao.guarulhos.sp.gov.br\/wp_site\/educacaoantirracista\/author\/sites\/"}]}},"_links":{"self":[{"href":"https:\/\/portaleducacao.guarulhos.sp.gov.br\/wp_site\/educacaoantirracista\/wp-json\/wp\/v2\/posts\/331"}],"collection":[{"href":"https:\/\/portaleducacao.guarulhos.sp.gov.br\/wp_site\/educacaoantirracista\/wp-json\/wp\/v2\/posts"}],"about":[{"href":"https:\/\/portaleducacao.guarulhos.sp.gov.br\/wp_site\/educacaoantirracista\/wp-json\/wp\/v2\/types\/post"}],"author":[{"embeddable":true,"href":"https:\/\/portaleducacao.guarulhos.sp.gov.br\/wp_site\/educacaoantirracista\/wp-json\/wp\/v2\/users\/1"}],"replies":[{"embeddable":true,"href":"https:\/\/portaleducacao.guarulhos.sp.gov.br\/wp_site\/educacaoantirracista\/wp-json\/wp\/v2\/comments?post=331"}],"version-history":[{"count":3,"href":"https:\/\/portaleducacao.guarulhos.sp.gov.br\/wp_site\/educacaoantirracista\/wp-json\/wp\/v2\/posts\/331\/revisions"}],"predecessor-version":[{"id":343,"href":"https:\/\/portaleducacao.guarulhos.sp.gov.br\/wp_site\/educacaoantirracista\/wp-json\/wp\/v2\/posts\/331\/revisions\/343"}],"wp:featuredmedia":[{"embeddable":true,"href":"https:\/\/portaleducacao.guarulhos.sp.gov.br\/wp_site\/educacaoantirracista\/wp-json\/wp\/v2\/media\/335"}],"wp:attachment":[{"href":"https:\/\/portaleducacao.guarulhos.sp.gov.br\/wp_site\/educacaoantirracista\/wp-json\/wp\/v2\/media?parent=331"}],"wp:term":[{"taxonomy":"category","embeddable":true,"href":"https:\/\/portaleducacao.guarulhos.sp.gov.br\/wp_site\/educacaoantirracista\/wp-json\/wp\/v2\/categories?post=331"},{"taxonomy":"post_tag","embeddable":true,"href":"https:\/\/portaleducacao.guarulhos.sp.gov.br\/wp_site\/educacaoantirracista\/wp-json\/wp\/v2\/tags?post=331"}],"curies":[{"name":"wp","href":"https:\/\/api.w.org\/{rel}","templated":true}]}}