{"id":337,"date":"2024-11-13T17:24:41","date_gmt":"2024-11-13T19:24:41","guid":{"rendered":"https:\/\/portaleducacao.guarulhos.sp.gov.br\/wp_site\/educacaoantirracista\/?p=337"},"modified":"2024-11-13T17:24:43","modified_gmt":"2024-11-13T19:24:43","slug":"programacao-do-novembro-negro-destaca-acoes-formativas-para-uma-educacao-antirracista","status":"publish","type":"post","link":"https:\/\/portaleducacao.guarulhos.sp.gov.br\/wp_site\/educacaoantirracista\/2024\/11\/13\/programacao-do-novembro-negro-destaca-acoes-formativas-para-uma-educacao-antirracista\/","title":{"rendered":"Programa\u00e7\u00e3o do Novembro Negro destaca a\u00e7\u00f5es formativas para uma educa\u00e7\u00e3o antirracista"},"content":{"rendered":"\n<p>Ao longo deste m\u00eas, a Secretaria de Educa\u00e7\u00e3o desenvolve diversas a\u00e7\u00f5es relacionadas ao Novembro Negro para evidenciar os processos de luta do povo negro contra o racismo e desenvolver pol\u00edticas educacionais antirracistas e que valorizem a cultura africana e afro-brasileira.<\/p>\n\n\n\n<p>A partir do tema \u201cTodos por uma Educa\u00e7\u00e3o Antirracista\u201d, as a\u00e7\u00f5es acompanham o curr\u00edculo com base na Lei Federal n\u00ba 10.639, sancionada em 2003, e de acordo com a Pol\u00edtica Nacional de Equidade, Educa\u00e7\u00e3o para as Rela\u00e7\u00f5es \u00c9tnico-Raciais e Educa\u00e7\u00e3o Escolar Quilombola (PNEERQ).<\/p>\n\n\n\n<p>A programa\u00e7\u00e3o voltada aos professores e gestores da rede municipal conta com diversas a\u00e7\u00f5es formativas e debates sobre a condi\u00e7\u00e3o atual da popula\u00e7\u00e3o negra no Brasil, al\u00e9m de promover o reconhecimento da cultura e da ancestralidade dos povos africanos no pa\u00eds.<\/p>\n\n\n\n<p>Nesta quarta-feira (13), das 19h \u00e0s 22h, acontece a palestra \u201cDi\u00e1logos sobre Educa\u00e7\u00e3o Antirracista na EJA\u201d, no audit\u00f3rio t\u00e9rreo da Secretaria de Educa\u00e7\u00e3o, para professores e coordenadores pedag\u00f3gicos que atuam na modalidade. J\u00e1 na quinta-feira (14), \u00e0s 8h e 13h, professores de arte se re\u00fanem no teatro do Centro Municipal de Educa\u00e7\u00e3o Adamastor para o encontro \u201cEduca\u00e7\u00e3o Antirracista e Arte: um di\u00e1logo de possibilidades e urg\u00eancias\u201d.<\/p>\n\n\n\n<p>No dia 21, quinta-feira, das 8h \u00e0s 12h, a Secretaria de Educa\u00e7\u00e3o promove o F\u00f3rum de Pr\u00e1ticas: Desafios e Possibilidades na Constru\u00e7\u00e3o de uma Educa\u00e7\u00e3o Antirracista, destinado aos coordenadores da rede pr\u00f3pria e rede parceira. O evento acontece no Teatro Adamastor, com a apresenta\u00e7\u00e3o de pr\u00e1ticas das EPGs D\u2019Almeida Barbosa, Gilmar Lopes, Machado de Assis e Zumbi dos Palmares.<\/p>\n\n\n\n<p>No dia 25, segunda-feira, das 8h30 \u00e0s 12h, a palestrante Cintia Aparecida da Silva, do N\u00facleo de Assessoria T\u00e9cnica Psicossocial &#8211; NAT nas \u00e1reas de Educa\u00e7\u00e3o e Direitos Humanos do Minist\u00e9rio P\u00fablico do Estado de S\u00e3o Paulo, aborda o papel da escola na implementa\u00e7\u00e3o de pol\u00edticas antirracistas. A forma\u00e7\u00e3o \u00e9 destinada aos diretores da rede municipal, e ser\u00e1 realizada no audit\u00f3rio da Secretaria de Educa\u00e7\u00e3o.<\/p>\n","protected":false},"excerpt":{"rendered":"<p>Ao longo deste m\u00eas, a Secretaria de Educa\u00e7\u00e3o desenvolve diversas a\u00e7\u00f5es relacionadas ao Novembro Negro para evidenciar os processos de luta do povo negro contra o racismo e desenvolver pol\u00edticas &hellip;<\/p>\n<p class=\"read-more\"> <a class=\"\" href=\"https:\/\/portaleducacao.guarulhos.sp.gov.br\/wp_site\/educacaoantirracista\/2024\/11\/13\/programacao-do-novembro-negro-destaca-acoes-formativas-para-uma-educacao-antirracista\/\"> <span class=\"screen-reader-text\">Programa\u00e7\u00e3o do Novembro Negro destaca a\u00e7\u00f5es formativas para uma educa\u00e7\u00e3o antirracista<\/span> Leia mais &raquo;<\/a><\/p>\n","protected":false},"author":1,"featured_media":338,"comment_status":"open","ping_status":"open","sticky":false,"template":"","format":"standard","meta":{"_monsterinsights_skip_tracking":false,"_monsterinsights_sitenote_active":false,"_monsterinsights_sitenote_note":"","_monsterinsights_sitenote_category":0,"site-sidebar-layout":"default","site-content-layout":"default","ast-global-header-display":"","ast-main-header-display":"","ast-hfb-above-header-display":"","ast-hfb-below-header-display":"","ast-hfb-mobile-header-display":"","site-post-title":"","ast-breadcrumbs-content":"","ast-featured-img":"","footer-sml-layout":"","theme-transparent-header-meta":"","adv-header-id-meta":"","stick-header-meta":"","header-above-stick-meta":"","header-main-stick-meta":"","header-below-stick-meta":"","_expiration-date-status":"","_expiration-date":1732134226,"_expiration-date-type":"draft","_expiration-date-categories":[],"_expiration-date-options":[]},"categories":[1],"tags":[],"yoast_head":"<!-- This site is optimized with the Yoast SEO plugin v19.7.1 - https:\/\/yoast.com\/wordpress\/plugins\/seo\/ -->\r\n<title>Programa\u00e7\u00e3o do Novembro Negro destaca a\u00e7\u00f5es formativas para uma educa\u00e7\u00e3o antirracista - Educa\u00e7\u00e3o Antirracista<\/title>\r\n<meta name=\"robots\" content=\"index, follow, max-snippet:-1, max-image-preview:large, max-video-preview:-1\" \/>\r\n<link rel=\"canonical\" href=\"https:\/\/portaleducacao.guarulhos.sp.gov.br\/wp_site\/educacaoantirracista\/2024\/11\/13\/programacao-do-novembro-negro-destaca-acoes-formativas-para-uma-educacao-antirracista\/\" \/>\r\n<meta property=\"og:locale\" content=\"pt_BR\" \/>\r\n<meta property=\"og:type\" content=\"article\" \/>\r\n<meta property=\"og:title\" content=\"Programa\u00e7\u00e3o do Novembro Negro destaca a\u00e7\u00f5es formativas para uma educa\u00e7\u00e3o antirracista - Educa\u00e7\u00e3o Antirracista\" \/>\r\n<meta property=\"og:description\" content=\"Ao longo deste m\u00eas, a Secretaria de Educa\u00e7\u00e3o desenvolve diversas a\u00e7\u00f5es relacionadas ao Novembro Negro para evidenciar os processos de luta do povo negro contra o racismo e desenvolver pol\u00edticas &hellip; Programa\u00e7\u00e3o do Novembro Negro destaca a\u00e7\u00f5es formativas para uma educa\u00e7\u00e3o antirracista Leia mais &raquo;\" \/>\r\n<meta property=\"og:url\" content=\"https:\/\/portaleducacao.guarulhos.sp.gov.br\/wp_site\/educacaoantirracista\/2024\/11\/13\/programacao-do-novembro-negro-destaca-acoes-formativas-para-uma-educacao-antirracista\/\" \/>\r\n<meta property=\"og:site_name\" content=\"Educa\u00e7\u00e3o Antirracista\" \/>\r\n<meta property=\"article:published_time\" content=\"2024-11-13T19:24:41+00:00\" \/>\r\n<meta property=\"article:modified_time\" content=\"2024-11-13T19:24:43+00:00\" \/>\r\n<meta property=\"og:image\" content=\"http:\/\/portaleducacao.guarulhos.sp.gov.br\/wp_site\/educacaoantirracista\/wp-content\/uploads\/sites\/31\/2024\/11\/antira-1.jpeg\" \/>\r\n\t<meta property=\"og:image:width\" content=\"1564\" \/>\r\n\t<meta property=\"og:image:height\" content=\"1084\" \/>\r\n\t<meta property=\"og:image:type\" content=\"image\/jpeg\" \/>\r\n<meta name=\"author\" content=\"sites\" \/>\r\n<meta name=\"twitter:card\" content=\"summary_large_image\" \/>\r\n<meta name=\"twitter:label1\" content=\"Escrito por\" \/>\n\t<meta name=\"twitter:data1\" content=\"sites\" \/>\n\t<meta name=\"twitter:label2\" content=\"Est. tempo de leitura\" \/>\n\t<meta name=\"twitter:data2\" content=\"2 minutos\" \/>\r\n<script type=\"application\/ld+json\" class=\"yoast-schema-graph\">{\"@context\":\"https:\/\/schema.org\",\"@graph\":[{\"@type\":\"WebPage\",\"@id\":\"https:\/\/portaleducacao.guarulhos.sp.gov.br\/wp_site\/educacaoantirracista\/2024\/11\/13\/programacao-do-novembro-negro-destaca-acoes-formativas-para-uma-educacao-antirracista\/\",\"url\":\"https:\/\/portaleducacao.guarulhos.sp.gov.br\/wp_site\/educacaoantirracista\/2024\/11\/13\/programacao-do-novembro-negro-destaca-acoes-formativas-para-uma-educacao-antirracista\/\",\"name\":\"Programa\u00e7\u00e3o do Novembro Negro destaca a\u00e7\u00f5es formativas para uma educa\u00e7\u00e3o antirracista - Educa\u00e7\u00e3o Antirracista\",\"isPartOf\":{\"@id\":\"https:\/\/portaleducacao.guarulhos.sp.gov.br\/wp_site\/educacaoantirracista\/#website\"},\"datePublished\":\"2024-11-13T19:24:41+00:00\",\"dateModified\":\"2024-11-13T19:24:43+00:00\",\"author\":{\"@id\":\"https:\/\/portaleducacao.guarulhos.sp.gov.br\/wp_site\/educacaoantirracista\/#\/schema\/person\/9d1c60216648b2e84d2544ba3ee8bb69\"},\"breadcrumb\":{\"@id\":\"https:\/\/portaleducacao.guarulhos.sp.gov.br\/wp_site\/educacaoantirracista\/2024\/11\/13\/programacao-do-novembro-negro-destaca-acoes-formativas-para-uma-educacao-antirracista\/#breadcrumb\"},\"inLanguage\":\"pt-BR\",\"potentialAction\":[{\"@type\":\"ReadAction\",\"target\":[\"https:\/\/portaleducacao.guarulhos.sp.gov.br\/wp_site\/educacaoantirracista\/2024\/11\/13\/programacao-do-novembro-negro-destaca-acoes-formativas-para-uma-educacao-antirracista\/\"]}]},{\"@type\":\"BreadcrumbList\",\"@id\":\"https:\/\/portaleducacao.guarulhos.sp.gov.br\/wp_site\/educacaoantirracista\/2024\/11\/13\/programacao-do-novembro-negro-destaca-acoes-formativas-para-uma-educacao-antirracista\/#breadcrumb\",\"itemListElement\":[{\"@type\":\"ListItem\",\"position\":1,\"name\":\"In\u00edcio\",\"item\":\"https:\/\/portaleducacao.guarulhos.sp.gov.br\/wp_site\/educacaoantirracista\/\"},{\"@type\":\"ListItem\",\"position\":2,\"name\":\"Programa\u00e7\u00e3o do Novembro Negro destaca a\u00e7\u00f5es formativas para uma educa\u00e7\u00e3o antirracista\"}]},{\"@type\":\"WebSite\",\"@id\":\"https:\/\/portaleducacao.guarulhos.sp.gov.br\/wp_site\/educacaoantirracista\/#website\",\"url\":\"https:\/\/portaleducacao.guarulhos.sp.gov.br\/wp_site\/educacaoantirracista\/\",\"name\":\"Educa\u00e7\u00e3o Antirracista\",\"description\":\"Campanha Todos por uma Educa\u00e7\u00e3o Antirracista\",\"potentialAction\":[{\"@type\":\"SearchAction\",\"target\":{\"@type\":\"EntryPoint\",\"urlTemplate\":\"https:\/\/portaleducacao.guarulhos.sp.gov.br\/wp_site\/educacaoantirracista\/?s={search_term_string}\"},\"query-input\":\"required name=search_term_string\"}],\"inLanguage\":\"pt-BR\"},{\"@type\":\"Person\",\"@id\":\"https:\/\/portaleducacao.guarulhos.sp.gov.br\/wp_site\/educacaoantirracista\/#\/schema\/person\/9d1c60216648b2e84d2544ba3ee8bb69\",\"name\":\"sites\",\"image\":{\"@type\":\"ImageObject\",\"inLanguage\":\"pt-BR\",\"@id\":\"https:\/\/portaleducacao.guarulhos.sp.gov.br\/wp_site\/educacaoantirracista\/#\/schema\/person\/image\/\",\"url\":\"https:\/\/secure.gravatar.com\/avatar\/d320dc056d58878ea1be67e0f28bb03d?s=96&d=mm&r=g\",\"contentUrl\":\"https:\/\/secure.gravatar.com\/avatar\/d320dc056d58878ea1be67e0f28bb03d?s=96&d=mm&r=g\",\"caption\":\"sites\"},\"sameAs\":[\"http:\/\/172.16.208.47\/sites\"],\"url\":\"https:\/\/portaleducacao.guarulhos.sp.gov.br\/wp_site\/educacaoantirracista\/author\/sites\/\"}]}<\/script>\r\n<!-- \/ Yoast SEO plugin. -->","yoast_head_json":{"title":"Programa\u00e7\u00e3o do Novembro Negro destaca a\u00e7\u00f5es formativas para uma educa\u00e7\u00e3o antirracista - Educa\u00e7\u00e3o Antirracista","robots":{"index":"index","follow":"follow","max-snippet":"max-snippet:-1","max-image-preview":"max-image-preview:large","max-video-preview":"max-video-preview:-1"},"canonical":"https:\/\/portaleducacao.guarulhos.sp.gov.br\/wp_site\/educacaoantirracista\/2024\/11\/13\/programacao-do-novembro-negro-destaca-acoes-formativas-para-uma-educacao-antirracista\/","og_locale":"pt_BR","og_type":"article","og_title":"Programa\u00e7\u00e3o do Novembro Negro destaca a\u00e7\u00f5es formativas para uma educa\u00e7\u00e3o antirracista - Educa\u00e7\u00e3o Antirracista","og_description":"Ao longo deste m\u00eas, a Secretaria de Educa\u00e7\u00e3o desenvolve diversas a\u00e7\u00f5es relacionadas ao Novembro Negro para evidenciar os processos de luta do povo negro contra o racismo e desenvolver pol\u00edticas &hellip; Programa\u00e7\u00e3o do Novembro Negro destaca a\u00e7\u00f5es formativas para uma educa\u00e7\u00e3o antirracista Leia mais &raquo;","og_url":"https:\/\/portaleducacao.guarulhos.sp.gov.br\/wp_site\/educacaoantirracista\/2024\/11\/13\/programacao-do-novembro-negro-destaca-acoes-formativas-para-uma-educacao-antirracista\/","og_site_name":"Educa\u00e7\u00e3o Antirracista","article_published_time":"2024-11-13T19:24:41+00:00","article_modified_time":"2024-11-13T19:24:43+00:00","og_image":[{"width":1564,"height":1084,"url":"http:\/\/portaleducacao.guarulhos.sp.gov.br\/wp_site\/educacaoantirracista\/wp-content\/uploads\/sites\/31\/2024\/11\/antira-1.jpeg","type":"image\/jpeg"}],"author":"sites","twitter_card":"summary_large_image","twitter_misc":{"Escrito por":"sites","Est. tempo de leitura":"2 minutos"},"schema":{"@context":"https:\/\/schema.org","@graph":[{"@type":"WebPage","@id":"https:\/\/portaleducacao.guarulhos.sp.gov.br\/wp_site\/educacaoantirracista\/2024\/11\/13\/programacao-do-novembro-negro-destaca-acoes-formativas-para-uma-educacao-antirracista\/","url":"https:\/\/portaleducacao.guarulhos.sp.gov.br\/wp_site\/educacaoantirracista\/2024\/11\/13\/programacao-do-novembro-negro-destaca-acoes-formativas-para-uma-educacao-antirracista\/","name":"Programa\u00e7\u00e3o do Novembro Negro destaca a\u00e7\u00f5es formativas para uma educa\u00e7\u00e3o antirracista - Educa\u00e7\u00e3o Antirracista","isPartOf":{"@id":"https:\/\/portaleducacao.guarulhos.sp.gov.br\/wp_site\/educacaoantirracista\/#website"},"datePublished":"2024-11-13T19:24:41+00:00","dateModified":"2024-11-13T19:24:43+00:00","author":{"@id":"https:\/\/portaleducacao.guarulhos.sp.gov.br\/wp_site\/educacaoantirracista\/#\/schema\/person\/9d1c60216648b2e84d2544ba3ee8bb69"},"breadcrumb":{"@id":"https:\/\/portaleducacao.guarulhos.sp.gov.br\/wp_site\/educacaoantirracista\/2024\/11\/13\/programacao-do-novembro-negro-destaca-acoes-formativas-para-uma-educacao-antirracista\/#breadcrumb"},"inLanguage":"pt-BR","potentialAction":[{"@type":"ReadAction","target":["https:\/\/portaleducacao.guarulhos.sp.gov.br\/wp_site\/educacaoantirracista\/2024\/11\/13\/programacao-do-novembro-negro-destaca-acoes-formativas-para-uma-educacao-antirracista\/"]}]},{"@type":"BreadcrumbList","@id":"https:\/\/portaleducacao.guarulhos.sp.gov.br\/wp_site\/educacaoantirracista\/2024\/11\/13\/programacao-do-novembro-negro-destaca-acoes-formativas-para-uma-educacao-antirracista\/#breadcrumb","itemListElement":[{"@type":"ListItem","position":1,"name":"In\u00edcio","item":"https:\/\/portaleducacao.guarulhos.sp.gov.br\/wp_site\/educacaoantirracista\/"},{"@type":"ListItem","position":2,"name":"Programa\u00e7\u00e3o do Novembro Negro destaca a\u00e7\u00f5es formativas para uma educa\u00e7\u00e3o antirracista"}]},{"@type":"WebSite","@id":"https:\/\/portaleducacao.guarulhos.sp.gov.br\/wp_site\/educacaoantirracista\/#website","url":"https:\/\/portaleducacao.guarulhos.sp.gov.br\/wp_site\/educacaoantirracista\/","name":"Educa\u00e7\u00e3o Antirracista","description":"Campanha Todos por uma Educa\u00e7\u00e3o Antirracista","potentialAction":[{"@type":"SearchAction","target":{"@type":"EntryPoint","urlTemplate":"https:\/\/portaleducacao.guarulhos.sp.gov.br\/wp_site\/educacaoantirracista\/?s={search_term_string}"},"query-input":"required name=search_term_string"}],"inLanguage":"pt-BR"},{"@type":"Person","@id":"https:\/\/portaleducacao.guarulhos.sp.gov.br\/wp_site\/educacaoantirracista\/#\/schema\/person\/9d1c60216648b2e84d2544ba3ee8bb69","name":"sites","image":{"@type":"ImageObject","inLanguage":"pt-BR","@id":"https:\/\/portaleducacao.guarulhos.sp.gov.br\/wp_site\/educacaoantirracista\/#\/schema\/person\/image\/","url":"https:\/\/secure.gravatar.com\/avatar\/d320dc056d58878ea1be67e0f28bb03d?s=96&d=mm&r=g","contentUrl":"https:\/\/secure.gravatar.com\/avatar\/d320dc056d58878ea1be67e0f28bb03d?s=96&d=mm&r=g","caption":"sites"},"sameAs":["http:\/\/172.16.208.47\/sites"],"url":"https:\/\/portaleducacao.guarulhos.sp.gov.br\/wp_site\/educacaoantirracista\/author\/sites\/"}]}},"_links":{"self":[{"href":"https:\/\/portaleducacao.guarulhos.sp.gov.br\/wp_site\/educacaoantirracista\/wp-json\/wp\/v2\/posts\/337"}],"collection":[{"href":"https:\/\/portaleducacao.guarulhos.sp.gov.br\/wp_site\/educacaoantirracista\/wp-json\/wp\/v2\/posts"}],"about":[{"href":"https:\/\/portaleducacao.guarulhos.sp.gov.br\/wp_site\/educacaoantirracista\/wp-json\/wp\/v2\/types\/post"}],"author":[{"embeddable":true,"href":"https:\/\/portaleducacao.guarulhos.sp.gov.br\/wp_site\/educacaoantirracista\/wp-json\/wp\/v2\/users\/1"}],"replies":[{"embeddable":true,"href":"https:\/\/portaleducacao.guarulhos.sp.gov.br\/wp_site\/educacaoantirracista\/wp-json\/wp\/v2\/comments?post=337"}],"version-history":[{"count":1,"href":"https:\/\/portaleducacao.guarulhos.sp.gov.br\/wp_site\/educacaoantirracista\/wp-json\/wp\/v2\/posts\/337\/revisions"}],"predecessor-version":[{"id":339,"href":"https:\/\/portaleducacao.guarulhos.sp.gov.br\/wp_site\/educacaoantirracista\/wp-json\/wp\/v2\/posts\/337\/revisions\/339"}],"wp:featuredmedia":[{"embeddable":true,"href":"https:\/\/portaleducacao.guarulhos.sp.gov.br\/wp_site\/educacaoantirracista\/wp-json\/wp\/v2\/media\/338"}],"wp:attachment":[{"href":"https:\/\/portaleducacao.guarulhos.sp.gov.br\/wp_site\/educacaoantirracista\/wp-json\/wp\/v2\/media?parent=337"}],"wp:term":[{"taxonomy":"category","embeddable":true,"href":"https:\/\/portaleducacao.guarulhos.sp.gov.br\/wp_site\/educacaoantirracista\/wp-json\/wp\/v2\/categories?post=337"},{"taxonomy":"post_tag","embeddable":true,"href":"https:\/\/portaleducacao.guarulhos.sp.gov.br\/wp_site\/educacaoantirracista\/wp-json\/wp\/v2\/tags?post=337"}],"curies":[{"name":"wp","href":"https:\/\/api.w.org\/{rel}","templated":true}]}}