{"id":364,"date":"2024-11-26T14:22:45","date_gmt":"2024-11-26T16:22:45","guid":{"rendered":"https:\/\/portaleducacao.guarulhos.sp.gov.br\/wp_site\/educacaoantirracista\/?p=364"},"modified":"2024-12-02T11:50:35","modified_gmt":"2024-12-02T13:50:35","slug":"forum-debate-acoes-antirracistas-em-escolas-da-rede-municipal","status":"publish","type":"post","link":"https:\/\/portaleducacao.guarulhos.sp.gov.br\/wp_site\/educacaoantirracista\/2024\/11\/26\/forum-debate-acoes-antirracistas-em-escolas-da-rede-municipal\/","title":{"rendered":"F\u00f3rum debate a\u00e7\u00f5es antirracistas em escolas da rede municipal"},"content":{"rendered":"\n<p>Com o tema Desafios e Possibilidades na Constru\u00e7\u00e3o de uma Educa\u00e7\u00e3o Antirracista, na manh\u00e3 desta quinta-feira (21) coordenadores pedag\u00f3gicos e gestores da rede municipal participaram de evento formativo no Teatro Adamastor. O f\u00f3rum integrou a programa\u00e7\u00e3o do Novembro Negro 2024, reunindo pr\u00e1ticas pedag\u00f3gicas que fazem parte do cotidiano das escolas no combate ao racismo, o qual deve ser enfrentado incansavelmente por toda a sociedade.<\/p>\n\n\n\n<p>Iniciativa da Prefeitura de Guarulhos, o evento discutiu o trabalho realizado por meio do Grupo de Trabalho de Pol\u00edticas para uma Educa\u00e7\u00e3o Antirracista, dando \u00eanfase \u00e0 constru\u00e7\u00e3o do site da campanha Todos por uma Educa\u00e7\u00e3o Antirracista no portal da Secretaria de Educa\u00e7\u00e3o, em que os educadores podem encontrar materiais informativos did\u00e1ticos valiosos, entre outros recursos para a conscientiza\u00e7\u00e3o de alunos e comunidade.<\/p>\n\n\n\n<p>\u201cEste momento serve para n\u00f3s reconhecermos e valorizarmos todo o processo de luta contra o racismo daqueles que vieram antes de n\u00f3s, que abriram os caminhos, e daqueles que ainda seguem lutando, porque parar \u00e9 imposs\u00edvel. Mesmo no s\u00e9culo 21 o racismo ainda marca de forma contundente a vida das pessoas, o que vai se revelar nos processos de desigualdade e exclus\u00e3o vivenciados pela popula\u00e7\u00e3o negra\u201d, destacou Claudia Lucena, respons\u00e1vel pela Se\u00e7\u00e3o de A\u00e7\u00f5es Educativas para Igualdade Racial e de G\u00eanero da Prefeitura.<\/p>\n\n\n\n<p>Antonieta de Melo, professora da rede municipal, compartilhou reflex\u00f5es liter\u00e1rias e de resist\u00eancia da escritora Elizandra Souza, com a poesia Calar o Grito \/ Gritar o Sil\u00eancio, e do poeta S\u00e9rgio Vaz. Com a escrita chamada textos marginalizados, o poeta perif\u00e9rico trouxe um aforismo necess\u00e1rio: \u201cPare\u00e7a com aquilo que voc\u00ea acredita. Se n\u00e3o consegue, medita\u201d.<\/p>\n\n\n\n<div style=\"height:100px\" aria-hidden=\"true\" class=\"wp-block-spacer\"><\/div>\n\n\n\n<h2><strong>A\u00e7\u00f5es antirracistas<\/strong><\/h2>\n\n\n\n<p>A abertura do evento contou com uma apresenta\u00e7\u00e3o de dan\u00e7a das alunas da EPG Gilmar Lopes, com a m\u00fasica Canto das Tr\u00eas Ra\u00e7as, imortalizada na voz de Clara Nunes, resultado do trabalho interdisciplinar das professoras de educa\u00e7\u00e3o f\u00edsica e l\u00edngua inglesa. A obra emblem\u00e1tica, que celebra a riqueza da cultura brasileira, destaca a mem\u00f3ria de um povo e sua resist\u00eancia. \u201cNa educa\u00e7\u00e3o f\u00edsica, a riqueza dos ritmos dos movimentos afro-brasileiros \u00e9 explorada como forma de reconhecer e valorizar as tradi\u00e7\u00f5es e a resist\u00eancia desse povo. Na l\u00edngua inglesa, a an\u00e1lise cultural permite que os alunos conhe\u00e7am manifesta\u00e7\u00f5es art\u00edsticas africanas em pa\u00edses que a falam, conectando as lutas e as conquistas de comunidades de ascend\u00eancia africana ao redor do mundo\u201d, explicaram as professoras Liliana Crepaldi e Rita Alencar.<\/p>\n\n\n\n<p>A forma\u00e7\u00e3o seguiu com a apresenta\u00e7\u00e3o de diversas pr\u00e1ticas sobre o tema antirracista desenvolvidas nas EPGs D\u2019Almeida Barbosa, Gilmar Lopes, Machado de Assis e Zumbi dos Palmares, representadas pelas educadoras Andrea Pereira, Liliana Crepaldi, Cacilaine Ribeiro, Tha\u00eds de S\u00e1 e J\u00e9ssica Lemos.<\/p>\n\n\n\n<p>Durante as apresenta\u00e7\u00f5es dos projetos, Andrea refor\u00e7ou a import\u00e2ncia do trio gestor para a concretiza\u00e7\u00e3o dessas pr\u00e1ticas. \u201cDiretor, vice e coordenador precisam estar unidos no mesmo prop\u00f3sito, conhecendo o projeto da escola para que tudo ocorra conforme o planejado. O nosso projeto Ligados pela Terra \u2013 Projetando Futuros Unificados foi acolhido, compreendido e desenvolvido por meio de um mapeamento das crian\u00e7as negras da escola, reuni\u00f5es de familiares e forma\u00e7\u00f5es constantes\u201d, relatou Andreia.<\/p>\n\n\n\n<p>O f\u00f3rum discutiu ainda a import\u00e2ncia de alertar e desenvolver pol\u00edticas afirmativas de forma processual aliadas ao projeto pol\u00edtico-pedag\u00f3gico nas escolas. \u201c\u00c9 fundamental para que estejamos sempre alerta, entendendo que o nosso lugar de educadores \u00e9 um lugar de mobilizar mudan\u00e7as\u201d.<\/p>\n\n\n\n<p><strong>Para saber mais:<\/strong><br>&#8211; <a href=\"https:\/\/portaleducacao.guarulhos.sp.gov.br\/siseduc\/portal\/exibir\/arquivo\/11842\/inline\/\" target=\"_blank\" rel=\"noreferrer noopener\">EPG D&#8217;Almeida Barbosa<\/a><br>&#8211; <a href=\"https:\/\/portaleducacao.guarulhos.sp.gov.br\/siseduc\/portal\/exibir\/arquivo\/11843\/inline\/\" target=\"_blank\" rel=\"noreferrer noopener\">EPG Gilmar Lopes, Vereador<\/a><br>&#8211; <a href=\"https:\/\/portaleducacao.guarulhos.sp.gov.br\/siseduc\/portal\/exibir\/arquivo\/11844\/inline\/\" target=\"_blank\" rel=\"noreferrer noopener\">EPG Machado de Assis<\/a><br>&#8211; <a href=\"https:\/\/portaleducacao.guarulhos.sp.gov.br\/siseduc\/portal\/exibir\/arquivo\/11845\/inline\/\">EPG Zumbi <\/a><a href=\"https:\/\/portaleducacao.guarulhos.sp.gov.br\/siseduc\/portal\/exibir\/arquivo\/11845\/inline\/\" target=\"_blank\" rel=\"noreferrer noopener\">dos <\/a><a href=\"https:\/\/portaleducacao.guarulhos.sp.gov.br\/siseduc\/portal\/exibir\/arquivo\/11845\/inline\/\">Palmares<\/a><\/p>\n","protected":false},"excerpt":{"rendered":"<p>Com o tema Desafios e Possibilidades na Constru\u00e7\u00e3o de uma Educa\u00e7\u00e3o Antirracista, na manh\u00e3 desta quinta-feira (21) coordenadores pedag\u00f3gicos e gestores da rede municipal participaram de evento formativo no Teatro &hellip;<\/p>\n<p class=\"read-more\"> <a class=\"\" href=\"https:\/\/portaleducacao.guarulhos.sp.gov.br\/wp_site\/educacaoantirracista\/2024\/11\/26\/forum-debate-acoes-antirracistas-em-escolas-da-rede-municipal\/\"> <span class=\"screen-reader-text\">F\u00f3rum debate a\u00e7\u00f5es antirracistas em escolas da rede municipal<\/span> Leia mais &raquo;<\/a><\/p>\n","protected":false},"author":12,"featured_media":365,"comment_status":"open","ping_status":"open","sticky":false,"template":"","format":"standard","meta":{"_monsterinsights_skip_tracking":false,"_monsterinsights_sitenote_active":false,"_monsterinsights_sitenote_note":"","_monsterinsights_sitenote_category":0,"site-sidebar-layout":"default","site-content-layout":"default","ast-global-header-display":"","ast-main-header-display":"","ast-hfb-above-header-display":"","ast-hfb-below-header-display":"","ast-hfb-mobile-header-display":"","site-post-title":"","ast-breadcrumbs-content":"","ast-featured-img":"","footer-sml-layout":"","theme-transparent-header-meta":"","adv-header-id-meta":"","stick-header-meta":"","header-above-stick-meta":"","header-main-stick-meta":"","header-below-stick-meta":"","_expiration-date-status":"","_expiration-date":1733755729,"_expiration-date-type":"draft","_expiration-date-categories":[],"_expiration-date-options":[]},"categories":[1],"tags":[],"yoast_head":"<!-- This site is optimized with the Yoast SEO plugin v19.7.1 - https:\/\/yoast.com\/wordpress\/plugins\/seo\/ -->\r\n<title>F\u00f3rum debate a\u00e7\u00f5es antirracistas em escolas da rede municipal - Educa\u00e7\u00e3o Antirracista<\/title>\r\n<meta name=\"robots\" content=\"index, follow, max-snippet:-1, max-image-preview:large, max-video-preview:-1\" \/>\r\n<link rel=\"canonical\" href=\"https:\/\/portaleducacao.guarulhos.sp.gov.br\/wp_site\/educacaoantirracista\/2024\/11\/26\/forum-debate-acoes-antirracistas-em-escolas-da-rede-municipal\/\" \/>\r\n<meta property=\"og:locale\" content=\"pt_BR\" \/>\r\n<meta property=\"og:type\" content=\"article\" \/>\r\n<meta property=\"og:title\" content=\"F\u00f3rum debate a\u00e7\u00f5es antirracistas em escolas da rede municipal - Educa\u00e7\u00e3o Antirracista\" \/>\r\n<meta property=\"og:description\" content=\"Com o tema Desafios e Possibilidades na Constru\u00e7\u00e3o de uma Educa\u00e7\u00e3o Antirracista, na manh\u00e3 desta quinta-feira (21) coordenadores pedag\u00f3gicos e gestores da rede municipal participaram de evento formativo no Teatro &hellip; F\u00f3rum debate a\u00e7\u00f5es antirracistas em escolas da rede municipal Leia mais &raquo;\" \/>\r\n<meta property=\"og:url\" content=\"https:\/\/portaleducacao.guarulhos.sp.gov.br\/wp_site\/educacaoantirracista\/2024\/11\/26\/forum-debate-acoes-antirracistas-em-escolas-da-rede-municipal\/\" \/>\r\n<meta property=\"og:site_name\" content=\"Educa\u00e7\u00e3o Antirracista\" \/>\r\n<meta property=\"article:published_time\" content=\"2024-11-26T16:22:45+00:00\" \/>\r\n<meta property=\"article:modified_time\" content=\"2024-12-02T13:50:35+00:00\" \/>\r\n<meta property=\"og:image\" content=\"http:\/\/portaleducacao.guarulhos.sp.gov.br\/wp_site\/educacaoantirracista\/wp-content\/uploads\/sites\/31\/2024\/11\/d5ccc41f-c5cc-4291-b620-b97fe8fb6dfa.jpeg\" \/>\r\n\t<meta property=\"og:image:width\" content=\"1600\" \/>\r\n\t<meta property=\"og:image:height\" content=\"1066\" \/>\r\n\t<meta property=\"og:image:type\" content=\"image\/jpeg\" \/>\r\n<meta name=\"author\" content=\"Eduardo Calabria\" \/>\r\n<meta name=\"twitter:card\" content=\"summary_large_image\" \/>\r\n<meta name=\"twitter:label1\" content=\"Escrito por\" \/>\n\t<meta name=\"twitter:data1\" content=\"Eduardo Calabria\" \/>\n\t<meta name=\"twitter:label2\" content=\"Est. tempo de leitura\" \/>\n\t<meta name=\"twitter:data2\" content=\"4 minutos\" \/>\r\n<script type=\"application\/ld+json\" class=\"yoast-schema-graph\">{\"@context\":\"https:\/\/schema.org\",\"@graph\":[{\"@type\":\"WebPage\",\"@id\":\"https:\/\/portaleducacao.guarulhos.sp.gov.br\/wp_site\/educacaoantirracista\/2024\/11\/26\/forum-debate-acoes-antirracistas-em-escolas-da-rede-municipal\/\",\"url\":\"https:\/\/portaleducacao.guarulhos.sp.gov.br\/wp_site\/educacaoantirracista\/2024\/11\/26\/forum-debate-acoes-antirracistas-em-escolas-da-rede-municipal\/\",\"name\":\"F\u00f3rum debate a\u00e7\u00f5es antirracistas em escolas da rede municipal - Educa\u00e7\u00e3o Antirracista\",\"isPartOf\":{\"@id\":\"https:\/\/portaleducacao.guarulhos.sp.gov.br\/wp_site\/educacaoantirracista\/#website\"},\"datePublished\":\"2024-11-26T16:22:45+00:00\",\"dateModified\":\"2024-12-02T13:50:35+00:00\",\"author\":{\"@id\":\"https:\/\/portaleducacao.guarulhos.sp.gov.br\/wp_site\/educacaoantirracista\/#\/schema\/person\/3cd59442d86a6bd35a1cb775b093d9af\"},\"breadcrumb\":{\"@id\":\"https:\/\/portaleducacao.guarulhos.sp.gov.br\/wp_site\/educacaoantirracista\/2024\/11\/26\/forum-debate-acoes-antirracistas-em-escolas-da-rede-municipal\/#breadcrumb\"},\"inLanguage\":\"pt-BR\",\"potentialAction\":[{\"@type\":\"ReadAction\",\"target\":[\"https:\/\/portaleducacao.guarulhos.sp.gov.br\/wp_site\/educacaoantirracista\/2024\/11\/26\/forum-debate-acoes-antirracistas-em-escolas-da-rede-municipal\/\"]}]},{\"@type\":\"BreadcrumbList\",\"@id\":\"https:\/\/portaleducacao.guarulhos.sp.gov.br\/wp_site\/educacaoantirracista\/2024\/11\/26\/forum-debate-acoes-antirracistas-em-escolas-da-rede-municipal\/#breadcrumb\",\"itemListElement\":[{\"@type\":\"ListItem\",\"position\":1,\"name\":\"In\u00edcio\",\"item\":\"https:\/\/portaleducacao.guarulhos.sp.gov.br\/wp_site\/educacaoantirracista\/\"},{\"@type\":\"ListItem\",\"position\":2,\"name\":\"F\u00f3rum debate a\u00e7\u00f5es antirracistas em escolas da rede municipal\"}]},{\"@type\":\"WebSite\",\"@id\":\"https:\/\/portaleducacao.guarulhos.sp.gov.br\/wp_site\/educacaoantirracista\/#website\",\"url\":\"https:\/\/portaleducacao.guarulhos.sp.gov.br\/wp_site\/educacaoantirracista\/\",\"name\":\"Educa\u00e7\u00e3o Antirracista\",\"description\":\"Campanha Todos por uma Educa\u00e7\u00e3o Antirracista\",\"potentialAction\":[{\"@type\":\"SearchAction\",\"target\":{\"@type\":\"EntryPoint\",\"urlTemplate\":\"https:\/\/portaleducacao.guarulhos.sp.gov.br\/wp_site\/educacaoantirracista\/?s={search_term_string}\"},\"query-input\":\"required name=search_term_string\"}],\"inLanguage\":\"pt-BR\"},{\"@type\":\"Person\",\"@id\":\"https:\/\/portaleducacao.guarulhos.sp.gov.br\/wp_site\/educacaoantirracista\/#\/schema\/person\/3cd59442d86a6bd35a1cb775b093d9af\",\"name\":\"Eduardo Calabria\",\"image\":{\"@type\":\"ImageObject\",\"inLanguage\":\"pt-BR\",\"@id\":\"https:\/\/portaleducacao.guarulhos.sp.gov.br\/wp_site\/educacaoantirracista\/#\/schema\/person\/image\/\",\"url\":\"https:\/\/secure.gravatar.com\/avatar\/8e9c65076f903828ecdd0e9fa6ab1487?s=96&d=mm&r=g\",\"contentUrl\":\"https:\/\/secure.gravatar.com\/avatar\/8e9c65076f903828ecdd0e9fa6ab1487?s=96&d=mm&r=g\",\"caption\":\"Eduardo Calabria\"},\"url\":\"https:\/\/portaleducacao.guarulhos.sp.gov.br\/wp_site\/educacaoantirracista\/author\/eduardocm\/\"}]}<\/script>\r\n<!-- \/ Yoast SEO plugin. -->","yoast_head_json":{"title":"F\u00f3rum debate a\u00e7\u00f5es antirracistas em escolas da rede municipal - Educa\u00e7\u00e3o Antirracista","robots":{"index":"index","follow":"follow","max-snippet":"max-snippet:-1","max-image-preview":"max-image-preview:large","max-video-preview":"max-video-preview:-1"},"canonical":"https:\/\/portaleducacao.guarulhos.sp.gov.br\/wp_site\/educacaoantirracista\/2024\/11\/26\/forum-debate-acoes-antirracistas-em-escolas-da-rede-municipal\/","og_locale":"pt_BR","og_type":"article","og_title":"F\u00f3rum debate a\u00e7\u00f5es antirracistas em escolas da rede municipal - Educa\u00e7\u00e3o Antirracista","og_description":"Com o tema Desafios e Possibilidades na Constru\u00e7\u00e3o de uma Educa\u00e7\u00e3o Antirracista, na manh\u00e3 desta quinta-feira (21) coordenadores pedag\u00f3gicos e gestores da rede municipal participaram de evento formativo no Teatro &hellip; F\u00f3rum debate a\u00e7\u00f5es antirracistas em escolas da rede municipal Leia mais &raquo;","og_url":"https:\/\/portaleducacao.guarulhos.sp.gov.br\/wp_site\/educacaoantirracista\/2024\/11\/26\/forum-debate-acoes-antirracistas-em-escolas-da-rede-municipal\/","og_site_name":"Educa\u00e7\u00e3o Antirracista","article_published_time":"2024-11-26T16:22:45+00:00","article_modified_time":"2024-12-02T13:50:35+00:00","og_image":[{"width":1600,"height":1066,"url":"http:\/\/portaleducacao.guarulhos.sp.gov.br\/wp_site\/educacaoantirracista\/wp-content\/uploads\/sites\/31\/2024\/11\/d5ccc41f-c5cc-4291-b620-b97fe8fb6dfa.jpeg","type":"image\/jpeg"}],"author":"Eduardo Calabria","twitter_card":"summary_large_image","twitter_misc":{"Escrito por":"Eduardo Calabria","Est. tempo de leitura":"4 minutos"},"schema":{"@context":"https:\/\/schema.org","@graph":[{"@type":"WebPage","@id":"https:\/\/portaleducacao.guarulhos.sp.gov.br\/wp_site\/educacaoantirracista\/2024\/11\/26\/forum-debate-acoes-antirracistas-em-escolas-da-rede-municipal\/","url":"https:\/\/portaleducacao.guarulhos.sp.gov.br\/wp_site\/educacaoantirracista\/2024\/11\/26\/forum-debate-acoes-antirracistas-em-escolas-da-rede-municipal\/","name":"F\u00f3rum debate a\u00e7\u00f5es antirracistas em escolas da rede municipal - Educa\u00e7\u00e3o Antirracista","isPartOf":{"@id":"https:\/\/portaleducacao.guarulhos.sp.gov.br\/wp_site\/educacaoantirracista\/#website"},"datePublished":"2024-11-26T16:22:45+00:00","dateModified":"2024-12-02T13:50:35+00:00","author":{"@id":"https:\/\/portaleducacao.guarulhos.sp.gov.br\/wp_site\/educacaoantirracista\/#\/schema\/person\/3cd59442d86a6bd35a1cb775b093d9af"},"breadcrumb":{"@id":"https:\/\/portaleducacao.guarulhos.sp.gov.br\/wp_site\/educacaoantirracista\/2024\/11\/26\/forum-debate-acoes-antirracistas-em-escolas-da-rede-municipal\/#breadcrumb"},"inLanguage":"pt-BR","potentialAction":[{"@type":"ReadAction","target":["https:\/\/portaleducacao.guarulhos.sp.gov.br\/wp_site\/educacaoantirracista\/2024\/11\/26\/forum-debate-acoes-antirracistas-em-escolas-da-rede-municipal\/"]}]},{"@type":"BreadcrumbList","@id":"https:\/\/portaleducacao.guarulhos.sp.gov.br\/wp_site\/educacaoantirracista\/2024\/11\/26\/forum-debate-acoes-antirracistas-em-escolas-da-rede-municipal\/#breadcrumb","itemListElement":[{"@type":"ListItem","position":1,"name":"In\u00edcio","item":"https:\/\/portaleducacao.guarulhos.sp.gov.br\/wp_site\/educacaoantirracista\/"},{"@type":"ListItem","position":2,"name":"F\u00f3rum debate a\u00e7\u00f5es antirracistas em escolas da rede municipal"}]},{"@type":"WebSite","@id":"https:\/\/portaleducacao.guarulhos.sp.gov.br\/wp_site\/educacaoantirracista\/#website","url":"https:\/\/portaleducacao.guarulhos.sp.gov.br\/wp_site\/educacaoantirracista\/","name":"Educa\u00e7\u00e3o Antirracista","description":"Campanha Todos por uma Educa\u00e7\u00e3o Antirracista","potentialAction":[{"@type":"SearchAction","target":{"@type":"EntryPoint","urlTemplate":"https:\/\/portaleducacao.guarulhos.sp.gov.br\/wp_site\/educacaoantirracista\/?s={search_term_string}"},"query-input":"required name=search_term_string"}],"inLanguage":"pt-BR"},{"@type":"Person","@id":"https:\/\/portaleducacao.guarulhos.sp.gov.br\/wp_site\/educacaoantirracista\/#\/schema\/person\/3cd59442d86a6bd35a1cb775b093d9af","name":"Eduardo Calabria","image":{"@type":"ImageObject","inLanguage":"pt-BR","@id":"https:\/\/portaleducacao.guarulhos.sp.gov.br\/wp_site\/educacaoantirracista\/#\/schema\/person\/image\/","url":"https:\/\/secure.gravatar.com\/avatar\/8e9c65076f903828ecdd0e9fa6ab1487?s=96&d=mm&r=g","contentUrl":"https:\/\/secure.gravatar.com\/avatar\/8e9c65076f903828ecdd0e9fa6ab1487?s=96&d=mm&r=g","caption":"Eduardo Calabria"},"url":"https:\/\/portaleducacao.guarulhos.sp.gov.br\/wp_site\/educacaoantirracista\/author\/eduardocm\/"}]}},"_links":{"self":[{"href":"https:\/\/portaleducacao.guarulhos.sp.gov.br\/wp_site\/educacaoantirracista\/wp-json\/wp\/v2\/posts\/364"}],"collection":[{"href":"https:\/\/portaleducacao.guarulhos.sp.gov.br\/wp_site\/educacaoantirracista\/wp-json\/wp\/v2\/posts"}],"about":[{"href":"https:\/\/portaleducacao.guarulhos.sp.gov.br\/wp_site\/educacaoantirracista\/wp-json\/wp\/v2\/types\/post"}],"author":[{"embeddable":true,"href":"https:\/\/portaleducacao.guarulhos.sp.gov.br\/wp_site\/educacaoantirracista\/wp-json\/wp\/v2\/users\/12"}],"replies":[{"embeddable":true,"href":"https:\/\/portaleducacao.guarulhos.sp.gov.br\/wp_site\/educacaoantirracista\/wp-json\/wp\/v2\/comments?post=364"}],"version-history":[{"count":4,"href":"https:\/\/portaleducacao.guarulhos.sp.gov.br\/wp_site\/educacaoantirracista\/wp-json\/wp\/v2\/posts\/364\/revisions"}],"predecessor-version":[{"id":399,"href":"https:\/\/portaleducacao.guarulhos.sp.gov.br\/wp_site\/educacaoantirracista\/wp-json\/wp\/v2\/posts\/364\/revisions\/399"}],"wp:featuredmedia":[{"embeddable":true,"href":"https:\/\/portaleducacao.guarulhos.sp.gov.br\/wp_site\/educacaoantirracista\/wp-json\/wp\/v2\/media\/365"}],"wp:attachment":[{"href":"https:\/\/portaleducacao.guarulhos.sp.gov.br\/wp_site\/educacaoantirracista\/wp-json\/wp\/v2\/media?parent=364"}],"wp:term":[{"taxonomy":"category","embeddable":true,"href":"https:\/\/portaleducacao.guarulhos.sp.gov.br\/wp_site\/educacaoantirracista\/wp-json\/wp\/v2\/categories?post=364"},{"taxonomy":"post_tag","embeddable":true,"href":"https:\/\/portaleducacao.guarulhos.sp.gov.br\/wp_site\/educacaoantirracista\/wp-json\/wp\/v2\/tags?post=364"}],"curies":[{"name":"wp","href":"https:\/\/api.w.org\/{rel}","templated":true}]}}