{"id":368,"date":"2024-11-26T14:28:20","date_gmt":"2024-11-26T16:28:20","guid":{"rendered":"https:\/\/portaleducacao.guarulhos.sp.gov.br\/wp_site\/educacaoantirracista\/?p=368"},"modified":"2024-11-26T14:29:52","modified_gmt":"2024-11-26T16:29:52","slug":"epg-aristides-castelo-hanssen-promove-evento-sobre-a-cultura-afro-brasileira","status":"publish","type":"post","link":"https:\/\/portaleducacao.guarulhos.sp.gov.br\/wp_site\/educacaoantirracista\/2024\/11\/26\/epg-aristides-castelo-hanssen-promove-evento-sobre-a-cultura-afro-brasileira\/","title":{"rendered":"EPG Aristides Castelo Hanssen promove evento sobre a cultura afro-brasileira"},"content":{"rendered":"\n<p>Para destacar a riqueza e a resist\u00eancia da cultura afro-brasileira e a desconstru\u00e7\u00e3o de pr\u00e1ticas preconceituosas, na \u00faltima quarta-feira (20) a EPG Aristides Castelo Hanssen, no bairro Cidade Ser\u00f3dio, promoveu um evento repleto de atividades culturais em comemora\u00e7\u00e3o ao Dia da Consci\u00eancia Negra. A programa\u00e7\u00e3o do projeto Um Castelo de Sonhos contou com diversas atra\u00e7\u00f5es para os alunos, incluindo m\u00fasica, dan\u00e7a e exposi\u00e7\u00e3o dos trabalhos desenvolvidos durante o 2\u00ba semestre deste ano.<\/p>\n\n\n\n<p>O professor e capoeirista Juliano Alves da Silva, conhecido como Fa\u00edsca, foi convidado para a realiza\u00e7\u00e3o de uma oficina de capoeira, mostrando um pouco das culturas africana e brasileira. A atividade abordou a hist\u00f3ria da capoeira e de que forma surgiu essa express\u00e3o cultural e esportiva no pa\u00eds. Por meio de dan\u00e7a, m\u00fasica e canto, as crian\u00e7as participaram de uma aula mostrando os movimentos b\u00e1sicos e conheceram a hist\u00f3ria do berimbau, entre outros assuntos.<\/p>\n\n\n\n<p>\u201cAlgumas turmas ensaiaram m\u00fasicas para cantar e se apresentaram. A turma do 5\u00ba A entoou a m\u00fasica Canto das Tr\u00eas Ra\u00e7as, de Clara Nunes. Houve ainda a apresenta\u00e7\u00e3o da turma do 5\u00ba C com o ritmo musical africano chamado Ijex\u00e1, que s\u00e3o movimentos que reverenciam a natureza\u201d, explicou a coordenadora pedag\u00f3gica da escola, Marianna Lima Moreira.<\/p>\n\n\n\n<p>O evento contou ainda com a exposi\u00e7\u00e3o dos livros escritos e ilustrados pelos educandos do 5\u00b0 ano A, da professora Cintia Fernandes, com base nos temas que os alunos escolheram para escreverem seus contos: \u201cEduca\u00e7\u00e3o Antirracista\u201d e \u201cJogos e Brincadeiras Ind\u00edgenas\u201d.<\/p>\n\n\n\n<div style=\"height:100px\" aria-hidden=\"true\" class=\"wp-block-spacer\"><\/div>\n\n\n\n<h2><strong>Planejamento<\/strong><\/h2>\n\n\n\n<p><\/p>\n\n\n\n<figure class=\"wp-block-image alignright size-large is-resized\"><img loading=\"lazy\" src=\"https:\/\/portaleducacao.guarulhos.sp.gov.br\/wp_site\/educacaoantirracista\/wp-content\/uploads\/sites\/31\/2024\/11\/0df6a713-0ae1-4bfc-9bc2-a858c8b66c82-1024x771.jpeg\" alt=\"\" class=\"wp-image-370\" width=\"421\" height=\"317\" srcset=\"https:\/\/portaleducacao.guarulhos.sp.gov.br\/wp_site\/educacaoantirracista\/wp-content\/uploads\/sites\/31\/2024\/11\/0df6a713-0ae1-4bfc-9bc2-a858c8b66c82-1024x771.jpeg 1024w, https:\/\/portaleducacao.guarulhos.sp.gov.br\/wp_site\/educacaoantirracista\/wp-content\/uploads\/sites\/31\/2024\/11\/0df6a713-0ae1-4bfc-9bc2-a858c8b66c82-300x226.jpeg 300w, https:\/\/portaleducacao.guarulhos.sp.gov.br\/wp_site\/educacaoantirracista\/wp-content\/uploads\/sites\/31\/2024\/11\/0df6a713-0ae1-4bfc-9bc2-a858c8b66c82-768x578.jpeg 768w, https:\/\/portaleducacao.guarulhos.sp.gov.br\/wp_site\/educacaoantirracista\/wp-content\/uploads\/sites\/31\/2024\/11\/0df6a713-0ae1-4bfc-9bc2-a858c8b66c82-1536x1156.jpeg 1536w, https:\/\/portaleducacao.guarulhos.sp.gov.br\/wp_site\/educacaoantirracista\/wp-content\/uploads\/sites\/31\/2024\/11\/0df6a713-0ae1-4bfc-9bc2-a858c8b66c82.jpeg 1600w\" sizes=\"(max-width: 421px) 100vw, 421px\" \/><\/figure>\n\n\n\n<p>O projeto Um Castelo de Sonhos surgiu ap\u00f3s o mapeamento da comunidade escolar para superar necessidades pedag\u00f3gicas na alfabetiza\u00e7\u00e3o durante o processo de ensino e aprendizagem dos educandos. A proposta foi dividida em quatro partes: tecnologia, sustentabilidade, metodologias de aprendizagem e diversidade.<\/p>\n\n\n\n<p>O trabalho teve in\u00edcio no primeiro semestre com rodas de conversa com as turmas. J\u00e1 no segundo semestre houve a participa\u00e7\u00e3o da professora Gleicy Lopes do Nascimento, com a forma\u00e7\u00e3o em hora-atividade sobre letramento racial para a equipe escolar. Foram realizadas forma\u00e7\u00f5es com os professores sobre o tema com foco na lei 11.645\/2008, a qual tornou obrigat\u00f3rio o ensino da hist\u00f3ria e cultura afro-brasileira e ind\u00edgena nas escolas.<\/p>\n\n\n\n<p>\u201cNossa escola \u00e9 composta de alunos diversos e fazemos parte de uma sociedade diversa, portanto precisamos ter um olhar mais humanizado como educadores, observando nossas pr\u00e1ticas docentes e fazendo com que as crian\u00e7as compreendam o reconhecimento das diferentes identidades humanas, desconstruindo pr\u00e1ticas racistas, homof\u00f3bicas e xenof\u00f3bicas\u201d, ressaltou a coordenadora pedag\u00f3gica Marianna.<\/p>\n","protected":false},"excerpt":{"rendered":"<p>Para destacar a riqueza e a resist\u00eancia da cultura afro-brasileira e a desconstru\u00e7\u00e3o de pr\u00e1ticas preconceituosas, na \u00faltima quarta-feira (20) a EPG Aristides Castelo Hanssen, no bairro Cidade Ser\u00f3dio, promoveu &hellip;<\/p>\n<p class=\"read-more\"> <a class=\"\" href=\"https:\/\/portaleducacao.guarulhos.sp.gov.br\/wp_site\/educacaoantirracista\/2024\/11\/26\/epg-aristides-castelo-hanssen-promove-evento-sobre-a-cultura-afro-brasileira\/\"> <span class=\"screen-reader-text\">EPG Aristides Castelo Hanssen promove evento sobre a cultura afro-brasileira<\/span> Leia mais &raquo;<\/a><\/p>\n","protected":false},"author":12,"featured_media":369,"comment_status":"open","ping_status":"open","sticky":false,"template":"","format":"standard","meta":{"_monsterinsights_skip_tracking":false,"_monsterinsights_sitenote_active":false,"_monsterinsights_sitenote_note":"","_monsterinsights_sitenote_category":0,"site-sidebar-layout":"default","site-content-layout":"default","ast-global-header-display":"","ast-main-header-display":"","ast-hfb-above-header-display":"","ast-hfb-below-header-display":"","ast-hfb-mobile-header-display":"","site-post-title":"","ast-breadcrumbs-content":"","ast-featured-img":"","footer-sml-layout":"","theme-transparent-header-meta":"","adv-header-id-meta":"","stick-header-meta":"","header-above-stick-meta":"","header-main-stick-meta":"","header-below-stick-meta":"","_expiration-date-status":"","_expiration-date":0,"_expiration-date-type":"","_expiration-date-categories":[],"_expiration-date-options":[]},"categories":[1],"tags":[],"yoast_head":"<!-- This site is optimized with the Yoast SEO plugin v19.7.1 - https:\/\/yoast.com\/wordpress\/plugins\/seo\/ -->\r\n<title>EPG Aristides Castelo Hanssen promove evento sobre a cultura afro-brasileira - Educa\u00e7\u00e3o Antirracista<\/title>\r\n<meta name=\"robots\" content=\"index, follow, max-snippet:-1, max-image-preview:large, max-video-preview:-1\" \/>\r\n<link rel=\"canonical\" href=\"https:\/\/portaleducacao.guarulhos.sp.gov.br\/wp_site\/educacaoantirracista\/2024\/11\/26\/epg-aristides-castelo-hanssen-promove-evento-sobre-a-cultura-afro-brasileira\/\" \/>\r\n<meta property=\"og:locale\" content=\"pt_BR\" \/>\r\n<meta property=\"og:type\" content=\"article\" \/>\r\n<meta property=\"og:title\" content=\"EPG Aristides Castelo Hanssen promove evento sobre a cultura afro-brasileira - Educa\u00e7\u00e3o Antirracista\" \/>\r\n<meta property=\"og:description\" content=\"Para destacar a riqueza e a resist\u00eancia da cultura afro-brasileira e a desconstru\u00e7\u00e3o de pr\u00e1ticas preconceituosas, na \u00faltima quarta-feira (20) a EPG Aristides Castelo Hanssen, no bairro Cidade Ser\u00f3dio, promoveu &hellip; EPG Aristides Castelo Hanssen promove evento sobre a cultura afro-brasileira Leia mais &raquo;\" \/>\r\n<meta property=\"og:url\" content=\"https:\/\/portaleducacao.guarulhos.sp.gov.br\/wp_site\/educacaoantirracista\/2024\/11\/26\/epg-aristides-castelo-hanssen-promove-evento-sobre-a-cultura-afro-brasileira\/\" \/>\r\n<meta property=\"og:site_name\" content=\"Educa\u00e7\u00e3o Antirracista\" \/>\r\n<meta property=\"article:published_time\" content=\"2024-11-26T16:28:20+00:00\" \/>\r\n<meta property=\"article:modified_time\" content=\"2024-11-26T16:29:52+00:00\" \/>\r\n<meta property=\"og:image\" content=\"http:\/\/portaleducacao.guarulhos.sp.gov.br\/wp_site\/educacaoantirracista\/wp-content\/uploads\/sites\/31\/2024\/11\/dbe34b1f-5d23-4980-b997-022e9c7216c0.jpeg\" \/>\r\n\t<meta property=\"og:image:width\" content=\"1280\" \/>\r\n\t<meta property=\"og:image:height\" content=\"960\" \/>\r\n\t<meta property=\"og:image:type\" content=\"image\/jpeg\" \/>\r\n<meta name=\"author\" content=\"Eduardo Calabria\" \/>\r\n<meta name=\"twitter:card\" content=\"summary_large_image\" \/>\r\n<meta name=\"twitter:label1\" content=\"Escrito por\" \/>\n\t<meta name=\"twitter:data1\" content=\"Eduardo Calabria\" \/>\n\t<meta name=\"twitter:label2\" content=\"Est. tempo de leitura\" \/>\n\t<meta name=\"twitter:data2\" content=\"3 minutos\" \/>\r\n<script type=\"application\/ld+json\" class=\"yoast-schema-graph\">{\"@context\":\"https:\/\/schema.org\",\"@graph\":[{\"@type\":\"WebPage\",\"@id\":\"https:\/\/portaleducacao.guarulhos.sp.gov.br\/wp_site\/educacaoantirracista\/2024\/11\/26\/epg-aristides-castelo-hanssen-promove-evento-sobre-a-cultura-afro-brasileira\/\",\"url\":\"https:\/\/portaleducacao.guarulhos.sp.gov.br\/wp_site\/educacaoantirracista\/2024\/11\/26\/epg-aristides-castelo-hanssen-promove-evento-sobre-a-cultura-afro-brasileira\/\",\"name\":\"EPG Aristides Castelo Hanssen promove evento sobre a cultura afro-brasileira - Educa\u00e7\u00e3o Antirracista\",\"isPartOf\":{\"@id\":\"https:\/\/portaleducacao.guarulhos.sp.gov.br\/wp_site\/educacaoantirracista\/#website\"},\"datePublished\":\"2024-11-26T16:28:20+00:00\",\"dateModified\":\"2024-11-26T16:29:52+00:00\",\"author\":{\"@id\":\"https:\/\/portaleducacao.guarulhos.sp.gov.br\/wp_site\/educacaoantirracista\/#\/schema\/person\/3cd59442d86a6bd35a1cb775b093d9af\"},\"breadcrumb\":{\"@id\":\"https:\/\/portaleducacao.guarulhos.sp.gov.br\/wp_site\/educacaoantirracista\/2024\/11\/26\/epg-aristides-castelo-hanssen-promove-evento-sobre-a-cultura-afro-brasileira\/#breadcrumb\"},\"inLanguage\":\"pt-BR\",\"potentialAction\":[{\"@type\":\"ReadAction\",\"target\":[\"https:\/\/portaleducacao.guarulhos.sp.gov.br\/wp_site\/educacaoantirracista\/2024\/11\/26\/epg-aristides-castelo-hanssen-promove-evento-sobre-a-cultura-afro-brasileira\/\"]}]},{\"@type\":\"BreadcrumbList\",\"@id\":\"https:\/\/portaleducacao.guarulhos.sp.gov.br\/wp_site\/educacaoantirracista\/2024\/11\/26\/epg-aristides-castelo-hanssen-promove-evento-sobre-a-cultura-afro-brasileira\/#breadcrumb\",\"itemListElement\":[{\"@type\":\"ListItem\",\"position\":1,\"name\":\"In\u00edcio\",\"item\":\"https:\/\/portaleducacao.guarulhos.sp.gov.br\/wp_site\/educacaoantirracista\/\"},{\"@type\":\"ListItem\",\"position\":2,\"name\":\"EPG Aristides Castelo Hanssen promove evento sobre a cultura afro-brasileira\"}]},{\"@type\":\"WebSite\",\"@id\":\"https:\/\/portaleducacao.guarulhos.sp.gov.br\/wp_site\/educacaoantirracista\/#website\",\"url\":\"https:\/\/portaleducacao.guarulhos.sp.gov.br\/wp_site\/educacaoantirracista\/\",\"name\":\"Educa\u00e7\u00e3o Antirracista\",\"description\":\"Campanha Todos por uma Educa\u00e7\u00e3o Antirracista\",\"potentialAction\":[{\"@type\":\"SearchAction\",\"target\":{\"@type\":\"EntryPoint\",\"urlTemplate\":\"https:\/\/portaleducacao.guarulhos.sp.gov.br\/wp_site\/educacaoantirracista\/?s={search_term_string}\"},\"query-input\":\"required name=search_term_string\"}],\"inLanguage\":\"pt-BR\"},{\"@type\":\"Person\",\"@id\":\"https:\/\/portaleducacao.guarulhos.sp.gov.br\/wp_site\/educacaoantirracista\/#\/schema\/person\/3cd59442d86a6bd35a1cb775b093d9af\",\"name\":\"Eduardo Calabria\",\"image\":{\"@type\":\"ImageObject\",\"inLanguage\":\"pt-BR\",\"@id\":\"https:\/\/portaleducacao.guarulhos.sp.gov.br\/wp_site\/educacaoantirracista\/#\/schema\/person\/image\/\",\"url\":\"https:\/\/secure.gravatar.com\/avatar\/8e9c65076f903828ecdd0e9fa6ab1487?s=96&d=mm&r=g\",\"contentUrl\":\"https:\/\/secure.gravatar.com\/avatar\/8e9c65076f903828ecdd0e9fa6ab1487?s=96&d=mm&r=g\",\"caption\":\"Eduardo Calabria\"},\"url\":\"https:\/\/portaleducacao.guarulhos.sp.gov.br\/wp_site\/educacaoantirracista\/author\/eduardocm\/\"}]}<\/script>\r\n<!-- \/ Yoast SEO plugin. -->","yoast_head_json":{"title":"EPG Aristides Castelo Hanssen promove evento sobre a cultura afro-brasileira - Educa\u00e7\u00e3o Antirracista","robots":{"index":"index","follow":"follow","max-snippet":"max-snippet:-1","max-image-preview":"max-image-preview:large","max-video-preview":"max-video-preview:-1"},"canonical":"https:\/\/portaleducacao.guarulhos.sp.gov.br\/wp_site\/educacaoantirracista\/2024\/11\/26\/epg-aristides-castelo-hanssen-promove-evento-sobre-a-cultura-afro-brasileira\/","og_locale":"pt_BR","og_type":"article","og_title":"EPG Aristides Castelo Hanssen promove evento sobre a cultura afro-brasileira - Educa\u00e7\u00e3o Antirracista","og_description":"Para destacar a riqueza e a resist\u00eancia da cultura afro-brasileira e a desconstru\u00e7\u00e3o de pr\u00e1ticas preconceituosas, na \u00faltima quarta-feira (20) a EPG Aristides Castelo Hanssen, no bairro Cidade Ser\u00f3dio, promoveu &hellip; EPG Aristides Castelo Hanssen promove evento sobre a cultura afro-brasileira Leia mais &raquo;","og_url":"https:\/\/portaleducacao.guarulhos.sp.gov.br\/wp_site\/educacaoantirracista\/2024\/11\/26\/epg-aristides-castelo-hanssen-promove-evento-sobre-a-cultura-afro-brasileira\/","og_site_name":"Educa\u00e7\u00e3o Antirracista","article_published_time":"2024-11-26T16:28:20+00:00","article_modified_time":"2024-11-26T16:29:52+00:00","og_image":[{"width":1280,"height":960,"url":"http:\/\/portaleducacao.guarulhos.sp.gov.br\/wp_site\/educacaoantirracista\/wp-content\/uploads\/sites\/31\/2024\/11\/dbe34b1f-5d23-4980-b997-022e9c7216c0.jpeg","type":"image\/jpeg"}],"author":"Eduardo Calabria","twitter_card":"summary_large_image","twitter_misc":{"Escrito por":"Eduardo Calabria","Est. tempo de leitura":"3 minutos"},"schema":{"@context":"https:\/\/schema.org","@graph":[{"@type":"WebPage","@id":"https:\/\/portaleducacao.guarulhos.sp.gov.br\/wp_site\/educacaoantirracista\/2024\/11\/26\/epg-aristides-castelo-hanssen-promove-evento-sobre-a-cultura-afro-brasileira\/","url":"https:\/\/portaleducacao.guarulhos.sp.gov.br\/wp_site\/educacaoantirracista\/2024\/11\/26\/epg-aristides-castelo-hanssen-promove-evento-sobre-a-cultura-afro-brasileira\/","name":"EPG Aristides Castelo Hanssen promove evento sobre a cultura afro-brasileira - Educa\u00e7\u00e3o Antirracista","isPartOf":{"@id":"https:\/\/portaleducacao.guarulhos.sp.gov.br\/wp_site\/educacaoantirracista\/#website"},"datePublished":"2024-11-26T16:28:20+00:00","dateModified":"2024-11-26T16:29:52+00:00","author":{"@id":"https:\/\/portaleducacao.guarulhos.sp.gov.br\/wp_site\/educacaoantirracista\/#\/schema\/person\/3cd59442d86a6bd35a1cb775b093d9af"},"breadcrumb":{"@id":"https:\/\/portaleducacao.guarulhos.sp.gov.br\/wp_site\/educacaoantirracista\/2024\/11\/26\/epg-aristides-castelo-hanssen-promove-evento-sobre-a-cultura-afro-brasileira\/#breadcrumb"},"inLanguage":"pt-BR","potentialAction":[{"@type":"ReadAction","target":["https:\/\/portaleducacao.guarulhos.sp.gov.br\/wp_site\/educacaoantirracista\/2024\/11\/26\/epg-aristides-castelo-hanssen-promove-evento-sobre-a-cultura-afro-brasileira\/"]}]},{"@type":"BreadcrumbList","@id":"https:\/\/portaleducacao.guarulhos.sp.gov.br\/wp_site\/educacaoantirracista\/2024\/11\/26\/epg-aristides-castelo-hanssen-promove-evento-sobre-a-cultura-afro-brasileira\/#breadcrumb","itemListElement":[{"@type":"ListItem","position":1,"name":"In\u00edcio","item":"https:\/\/portaleducacao.guarulhos.sp.gov.br\/wp_site\/educacaoantirracista\/"},{"@type":"ListItem","position":2,"name":"EPG Aristides Castelo Hanssen promove evento sobre a cultura afro-brasileira"}]},{"@type":"WebSite","@id":"https:\/\/portaleducacao.guarulhos.sp.gov.br\/wp_site\/educacaoantirracista\/#website","url":"https:\/\/portaleducacao.guarulhos.sp.gov.br\/wp_site\/educacaoantirracista\/","name":"Educa\u00e7\u00e3o Antirracista","description":"Campanha Todos por uma Educa\u00e7\u00e3o Antirracista","potentialAction":[{"@type":"SearchAction","target":{"@type":"EntryPoint","urlTemplate":"https:\/\/portaleducacao.guarulhos.sp.gov.br\/wp_site\/educacaoantirracista\/?s={search_term_string}"},"query-input":"required name=search_term_string"}],"inLanguage":"pt-BR"},{"@type":"Person","@id":"https:\/\/portaleducacao.guarulhos.sp.gov.br\/wp_site\/educacaoantirracista\/#\/schema\/person\/3cd59442d86a6bd35a1cb775b093d9af","name":"Eduardo Calabria","image":{"@type":"ImageObject","inLanguage":"pt-BR","@id":"https:\/\/portaleducacao.guarulhos.sp.gov.br\/wp_site\/educacaoantirracista\/#\/schema\/person\/image\/","url":"https:\/\/secure.gravatar.com\/avatar\/8e9c65076f903828ecdd0e9fa6ab1487?s=96&d=mm&r=g","contentUrl":"https:\/\/secure.gravatar.com\/avatar\/8e9c65076f903828ecdd0e9fa6ab1487?s=96&d=mm&r=g","caption":"Eduardo Calabria"},"url":"https:\/\/portaleducacao.guarulhos.sp.gov.br\/wp_site\/educacaoantirracista\/author\/eduardocm\/"}]}},"_links":{"self":[{"href":"https:\/\/portaleducacao.guarulhos.sp.gov.br\/wp_site\/educacaoantirracista\/wp-json\/wp\/v2\/posts\/368"}],"collection":[{"href":"https:\/\/portaleducacao.guarulhos.sp.gov.br\/wp_site\/educacaoantirracista\/wp-json\/wp\/v2\/posts"}],"about":[{"href":"https:\/\/portaleducacao.guarulhos.sp.gov.br\/wp_site\/educacaoantirracista\/wp-json\/wp\/v2\/types\/post"}],"author":[{"embeddable":true,"href":"https:\/\/portaleducacao.guarulhos.sp.gov.br\/wp_site\/educacaoantirracista\/wp-json\/wp\/v2\/users\/12"}],"replies":[{"embeddable":true,"href":"https:\/\/portaleducacao.guarulhos.sp.gov.br\/wp_site\/educacaoantirracista\/wp-json\/wp\/v2\/comments?post=368"}],"version-history":[{"count":4,"href":"https:\/\/portaleducacao.guarulhos.sp.gov.br\/wp_site\/educacaoantirracista\/wp-json\/wp\/v2\/posts\/368\/revisions"}],"predecessor-version":[{"id":376,"href":"https:\/\/portaleducacao.guarulhos.sp.gov.br\/wp_site\/educacaoantirracista\/wp-json\/wp\/v2\/posts\/368\/revisions\/376"}],"wp:featuredmedia":[{"embeddable":true,"href":"https:\/\/portaleducacao.guarulhos.sp.gov.br\/wp_site\/educacaoantirracista\/wp-json\/wp\/v2\/media\/369"}],"wp:attachment":[{"href":"https:\/\/portaleducacao.guarulhos.sp.gov.br\/wp_site\/educacaoantirracista\/wp-json\/wp\/v2\/media?parent=368"}],"wp:term":[{"taxonomy":"category","embeddable":true,"href":"https:\/\/portaleducacao.guarulhos.sp.gov.br\/wp_site\/educacaoantirracista\/wp-json\/wp\/v2\/categories?post=368"},{"taxonomy":"post_tag","embeddable":true,"href":"https:\/\/portaleducacao.guarulhos.sp.gov.br\/wp_site\/educacaoantirracista\/wp-json\/wp\/v2\/tags?post=368"}],"curies":[{"name":"wp","href":"https:\/\/api.w.org\/{rel}","templated":true}]}}