{"id":377,"date":"2024-11-26T14:31:31","date_gmt":"2024-11-26T16:31:31","guid":{"rendered":"https:\/\/portaleducacao.guarulhos.sp.gov.br\/wp_site\/educacaoantirracista\/?p=377"},"modified":"2024-11-26T14:31:32","modified_gmt":"2024-11-26T16:31:32","slug":"epg-vicente-ferreira-desenvolve-projeto-de-arte-ligado-ao-combate-a-intolerancia","status":"publish","type":"post","link":"https:\/\/portaleducacao.guarulhos.sp.gov.br\/wp_site\/educacaoantirracista\/2024\/11\/26\/epg-vicente-ferreira-desenvolve-projeto-de-arte-ligado-ao-combate-a-intolerancia\/","title":{"rendered":"EPG Vicente Ferreira desenvolve projeto de arte ligado ao combate \u00e0 intoler\u00e2ncia"},"content":{"rendered":"\n<p>Com o objetivo de promover e estimular a integra\u00e7\u00e3o entre diferentes linguagens art\u00edsticas e o di\u00e1logo com o ensino das rela\u00e7\u00f5es \u00e9tnico-raciais, a EPG Vicente Ferreira Silveira, localizada no Pimentas, promoveu um projeto sobre a valoriza\u00e7\u00e3o da arte como ferramenta de combate \u00e0s intoler\u00e2ncias no cotidiano escolar.<\/p>\n\n\n\n<p>Idealizado pela professora Maria de Nazar\u00e9 Lopes com uma turma do 3\u00ba ano do ensino fundamental, o projeto segue os oito passos para uma educa\u00e7\u00e3o antirracista. Implementadas pela lei federal 11.645\/08, que incluiu no curr\u00edculo oficial das escolas a obrigatoriedade do ensino da hist\u00f3ria e da cultura afro-brasileira e ind\u00edgena no Brasil, tais a\u00e7\u00f5es educativas reconhecem e valorizam as hist\u00f3rias desses povos como ponto fundamental para a desconstru\u00e7\u00e3o do racismo.<\/p>\n\n\n\n<p>Durante as aprendizagens, a professora realizou debates interdisciplinares e reflex\u00f5es sobre a constru\u00e7\u00e3o do Brasil pelos povos ind\u00edgenas e africanos a partir de pr\u00e1ticas di\u00e1rias em sala de aula. &#8220;Durante a roda de conversa no in\u00edcio do projeto perguntei aos educandos o que eles entendiam por racismo e a turma trouxe, al\u00e9m de situa\u00e7\u00f5es familiares, casos noticiados pela imprensa, como os que aconteceram com o jogador de futebol Vin\u00edcius J\u00fanior, na Espanha, onde o racismo \u00e9 classificado como crime de \u00f3dio\u201d, explicou a professora Maria.<\/p>\n\n\n\n<p>A docente falou ainda sobre diversas a\u00e7\u00f5es desenvolvidas na sequ\u00eancia, dentre as quais pesquisas sobre os marcos hist\u00f3ricos das conquistas femininas, acesso \u00e0 educa\u00e7\u00e3o b\u00e1sica e ao ensino superior e o direito ao voto.<\/p>\n\n\n\n<div style=\"height:100px\" aria-hidden=\"true\" class=\"wp-block-spacer\"><\/div>\n\n\n\n<h2><strong>Personalidades inspiradoras<\/strong><\/h2>\n\n\n\n<p><\/p>\n\n\n\n<p>Dentre algumas personalidades marcantes da Hist\u00f3ria, foram abordadas mulheres que fizeram a diferen\u00e7a na sociedade, tais como Dandara, Concei\u00e7\u00e3o Evaristo, Sueli Carneiro e Rebeca Andrade. O projeto tamb\u00e9m abordou personalidades de pa\u00edses africanos, como Nelson Mandela (1918-2013), que recebeu o pr\u00eamio Nobel da Paz pelo seu destaque na luta contra as injusti\u00e7as sociais, o fim do apartheid e da segrega\u00e7\u00e3o racial que existiu na \u00c1frica do Sul at\u00e9 1994.<\/p>\n\n\n\n<p>Em rela\u00e7\u00e3o aos povos ind\u00edgenas do Brasil, foram abordados os trabalhos de ativistas e ambientalistas contempor\u00e2neos como Ailton Krenak, S\u00f4nia Guajajara e Daniel Munduruku.<\/p>\n\n\n\n<p>Durante a visita \u00e0 unidade escolar, a equipe de formadoras da Secretaria de Educa\u00e7\u00e3o prestigiou atividades de valoriza\u00e7\u00e3o da arte e da cultura afro-brasileira, com apresenta\u00e7\u00f5es de capoeira, m\u00fasicas, confec\u00e7\u00e3o de bonecas Abayomi e exposi\u00e7\u00f5es dos educandos.<\/p>\n\n\n\n<p>A partir de intera\u00e7\u00f5es, experi\u00eancias e viv\u00eancias di\u00e1rias ao longo do processo de desenvolvimento do projeto, a turma reconheceu a import\u00e2ncia do respeito \u00e0 diversidade, debatendo situa\u00e7\u00f5es de preconceito, discrimina\u00e7\u00e3o e racismo.<\/p>\n","protected":false},"excerpt":{"rendered":"<p>Com o objetivo de promover e estimular a integra\u00e7\u00e3o entre diferentes linguagens art\u00edsticas e o di\u00e1logo com o ensino das rela\u00e7\u00f5es \u00e9tnico-raciais, a EPG Vicente Ferreira Silveira, localizada no Pimentas, &hellip;<\/p>\n<p class=\"read-more\"> <a class=\"\" href=\"https:\/\/portaleducacao.guarulhos.sp.gov.br\/wp_site\/educacaoantirracista\/2024\/11\/26\/epg-vicente-ferreira-desenvolve-projeto-de-arte-ligado-ao-combate-a-intolerancia\/\"> <span class=\"screen-reader-text\">EPG Vicente Ferreira desenvolve projeto de arte ligado ao combate \u00e0 intoler\u00e2ncia<\/span> Leia mais &raquo;<\/a><\/p>\n","protected":false},"author":12,"featured_media":378,"comment_status":"open","ping_status":"open","sticky":false,"template":"","format":"standard","meta":{"_monsterinsights_skip_tracking":false,"_monsterinsights_sitenote_active":false,"_monsterinsights_sitenote_note":"","_monsterinsights_sitenote_category":0,"site-sidebar-layout":"default","site-content-layout":"default","ast-global-header-display":"","ast-main-header-display":"","ast-hfb-above-header-display":"","ast-hfb-below-header-display":"","ast-hfb-mobile-header-display":"","site-post-title":"","ast-breadcrumbs-content":"","ast-featured-img":"","footer-sml-layout":"","theme-transparent-header-meta":"","adv-header-id-meta":"","stick-header-meta":"","header-above-stick-meta":"","header-main-stick-meta":"","header-below-stick-meta":"","_expiration-date-status":"","_expiration-date":1733247011,"_expiration-date-type":"draft","_expiration-date-categories":[],"_expiration-date-options":[]},"categories":[1],"tags":[],"yoast_head":"<!-- This site is optimized with the Yoast SEO plugin v19.7.1 - https:\/\/yoast.com\/wordpress\/plugins\/seo\/ -->\r\n<title>EPG Vicente Ferreira desenvolve projeto de arte ligado ao combate \u00e0 intoler\u00e2ncia - Educa\u00e7\u00e3o Antirracista<\/title>\r\n<meta name=\"robots\" content=\"index, follow, max-snippet:-1, max-image-preview:large, max-video-preview:-1\" \/>\r\n<link rel=\"canonical\" href=\"https:\/\/portaleducacao.guarulhos.sp.gov.br\/wp_site\/educacaoantirracista\/2024\/11\/26\/epg-vicente-ferreira-desenvolve-projeto-de-arte-ligado-ao-combate-a-intolerancia\/\" \/>\r\n<meta property=\"og:locale\" content=\"pt_BR\" \/>\r\n<meta property=\"og:type\" content=\"article\" \/>\r\n<meta property=\"og:title\" content=\"EPG Vicente Ferreira desenvolve projeto de arte ligado ao combate \u00e0 intoler\u00e2ncia - Educa\u00e7\u00e3o Antirracista\" \/>\r\n<meta property=\"og:description\" content=\"Com o objetivo de promover e estimular a integra\u00e7\u00e3o entre diferentes linguagens art\u00edsticas e o di\u00e1logo com o ensino das rela\u00e7\u00f5es \u00e9tnico-raciais, a EPG Vicente Ferreira Silveira, localizada no Pimentas, &hellip; EPG Vicente Ferreira desenvolve projeto de arte ligado ao combate \u00e0 intoler\u00e2ncia Leia mais &raquo;\" \/>\r\n<meta property=\"og:url\" content=\"https:\/\/portaleducacao.guarulhos.sp.gov.br\/wp_site\/educacaoantirracista\/2024\/11\/26\/epg-vicente-ferreira-desenvolve-projeto-de-arte-ligado-ao-combate-a-intolerancia\/\" \/>\r\n<meta property=\"og:site_name\" content=\"Educa\u00e7\u00e3o Antirracista\" \/>\r\n<meta property=\"article:published_time\" content=\"2024-11-26T16:31:31+00:00\" \/>\r\n<meta property=\"article:modified_time\" content=\"2024-11-26T16:31:32+00:00\" \/>\r\n<meta property=\"og:image\" content=\"http:\/\/portaleducacao.guarulhos.sp.gov.br\/wp_site\/educacaoantirracista\/wp-content\/uploads\/sites\/31\/2024\/11\/e1b93364-bfc4-4b7c-8c26-90a0a3e42443.jpeg\" \/>\r\n\t<meta property=\"og:image:width\" content=\"1600\" \/>\r\n\t<meta property=\"og:image:height\" content=\"1200\" \/>\r\n\t<meta property=\"og:image:type\" content=\"image\/jpeg\" \/>\r\n<meta name=\"author\" content=\"Eduardo Calabria\" \/>\r\n<meta name=\"twitter:card\" content=\"summary_large_image\" \/>\r\n<meta name=\"twitter:label1\" content=\"Escrito por\" \/>\n\t<meta name=\"twitter:data1\" content=\"Eduardo Calabria\" \/>\n\t<meta name=\"twitter:label2\" content=\"Est. tempo de leitura\" \/>\n\t<meta name=\"twitter:data2\" content=\"3 minutos\" \/>\r\n<script type=\"application\/ld+json\" class=\"yoast-schema-graph\">{\"@context\":\"https:\/\/schema.org\",\"@graph\":[{\"@type\":\"WebPage\",\"@id\":\"https:\/\/portaleducacao.guarulhos.sp.gov.br\/wp_site\/educacaoantirracista\/2024\/11\/26\/epg-vicente-ferreira-desenvolve-projeto-de-arte-ligado-ao-combate-a-intolerancia\/\",\"url\":\"https:\/\/portaleducacao.guarulhos.sp.gov.br\/wp_site\/educacaoantirracista\/2024\/11\/26\/epg-vicente-ferreira-desenvolve-projeto-de-arte-ligado-ao-combate-a-intolerancia\/\",\"name\":\"EPG Vicente Ferreira desenvolve projeto de arte ligado ao combate \u00e0 intoler\u00e2ncia - Educa\u00e7\u00e3o Antirracista\",\"isPartOf\":{\"@id\":\"https:\/\/portaleducacao.guarulhos.sp.gov.br\/wp_site\/educacaoantirracista\/#website\"},\"datePublished\":\"2024-11-26T16:31:31+00:00\",\"dateModified\":\"2024-11-26T16:31:32+00:00\",\"author\":{\"@id\":\"https:\/\/portaleducacao.guarulhos.sp.gov.br\/wp_site\/educacaoantirracista\/#\/schema\/person\/3cd59442d86a6bd35a1cb775b093d9af\"},\"breadcrumb\":{\"@id\":\"https:\/\/portaleducacao.guarulhos.sp.gov.br\/wp_site\/educacaoantirracista\/2024\/11\/26\/epg-vicente-ferreira-desenvolve-projeto-de-arte-ligado-ao-combate-a-intolerancia\/#breadcrumb\"},\"inLanguage\":\"pt-BR\",\"potentialAction\":[{\"@type\":\"ReadAction\",\"target\":[\"https:\/\/portaleducacao.guarulhos.sp.gov.br\/wp_site\/educacaoantirracista\/2024\/11\/26\/epg-vicente-ferreira-desenvolve-projeto-de-arte-ligado-ao-combate-a-intolerancia\/\"]}]},{\"@type\":\"BreadcrumbList\",\"@id\":\"https:\/\/portaleducacao.guarulhos.sp.gov.br\/wp_site\/educacaoantirracista\/2024\/11\/26\/epg-vicente-ferreira-desenvolve-projeto-de-arte-ligado-ao-combate-a-intolerancia\/#breadcrumb\",\"itemListElement\":[{\"@type\":\"ListItem\",\"position\":1,\"name\":\"In\u00edcio\",\"item\":\"https:\/\/portaleducacao.guarulhos.sp.gov.br\/wp_site\/educacaoantirracista\/\"},{\"@type\":\"ListItem\",\"position\":2,\"name\":\"EPG Vicente Ferreira desenvolve projeto de arte ligado ao combate \u00e0 intoler\u00e2ncia\"}]},{\"@type\":\"WebSite\",\"@id\":\"https:\/\/portaleducacao.guarulhos.sp.gov.br\/wp_site\/educacaoantirracista\/#website\",\"url\":\"https:\/\/portaleducacao.guarulhos.sp.gov.br\/wp_site\/educacaoantirracista\/\",\"name\":\"Educa\u00e7\u00e3o Antirracista\",\"description\":\"Campanha Todos por uma Educa\u00e7\u00e3o Antirracista\",\"potentialAction\":[{\"@type\":\"SearchAction\",\"target\":{\"@type\":\"EntryPoint\",\"urlTemplate\":\"https:\/\/portaleducacao.guarulhos.sp.gov.br\/wp_site\/educacaoantirracista\/?s={search_term_string}\"},\"query-input\":\"required name=search_term_string\"}],\"inLanguage\":\"pt-BR\"},{\"@type\":\"Person\",\"@id\":\"https:\/\/portaleducacao.guarulhos.sp.gov.br\/wp_site\/educacaoantirracista\/#\/schema\/person\/3cd59442d86a6bd35a1cb775b093d9af\",\"name\":\"Eduardo Calabria\",\"image\":{\"@type\":\"ImageObject\",\"inLanguage\":\"pt-BR\",\"@id\":\"https:\/\/portaleducacao.guarulhos.sp.gov.br\/wp_site\/educacaoantirracista\/#\/schema\/person\/image\/\",\"url\":\"https:\/\/secure.gravatar.com\/avatar\/8e9c65076f903828ecdd0e9fa6ab1487?s=96&d=mm&r=g\",\"contentUrl\":\"https:\/\/secure.gravatar.com\/avatar\/8e9c65076f903828ecdd0e9fa6ab1487?s=96&d=mm&r=g\",\"caption\":\"Eduardo Calabria\"},\"url\":\"https:\/\/portaleducacao.guarulhos.sp.gov.br\/wp_site\/educacaoantirracista\/author\/eduardocm\/\"}]}<\/script>\r\n<!-- \/ Yoast SEO plugin. -->","yoast_head_json":{"title":"EPG Vicente Ferreira desenvolve projeto de arte ligado ao combate \u00e0 intoler\u00e2ncia - Educa\u00e7\u00e3o Antirracista","robots":{"index":"index","follow":"follow","max-snippet":"max-snippet:-1","max-image-preview":"max-image-preview:large","max-video-preview":"max-video-preview:-1"},"canonical":"https:\/\/portaleducacao.guarulhos.sp.gov.br\/wp_site\/educacaoantirracista\/2024\/11\/26\/epg-vicente-ferreira-desenvolve-projeto-de-arte-ligado-ao-combate-a-intolerancia\/","og_locale":"pt_BR","og_type":"article","og_title":"EPG Vicente Ferreira desenvolve projeto de arte ligado ao combate \u00e0 intoler\u00e2ncia - Educa\u00e7\u00e3o Antirracista","og_description":"Com o objetivo de promover e estimular a integra\u00e7\u00e3o entre diferentes linguagens art\u00edsticas e o di\u00e1logo com o ensino das rela\u00e7\u00f5es \u00e9tnico-raciais, a EPG Vicente Ferreira Silveira, localizada no Pimentas, &hellip; EPG Vicente Ferreira desenvolve projeto de arte ligado ao combate \u00e0 intoler\u00e2ncia Leia mais &raquo;","og_url":"https:\/\/portaleducacao.guarulhos.sp.gov.br\/wp_site\/educacaoantirracista\/2024\/11\/26\/epg-vicente-ferreira-desenvolve-projeto-de-arte-ligado-ao-combate-a-intolerancia\/","og_site_name":"Educa\u00e7\u00e3o Antirracista","article_published_time":"2024-11-26T16:31:31+00:00","article_modified_time":"2024-11-26T16:31:32+00:00","og_image":[{"width":1600,"height":1200,"url":"http:\/\/portaleducacao.guarulhos.sp.gov.br\/wp_site\/educacaoantirracista\/wp-content\/uploads\/sites\/31\/2024\/11\/e1b93364-bfc4-4b7c-8c26-90a0a3e42443.jpeg","type":"image\/jpeg"}],"author":"Eduardo Calabria","twitter_card":"summary_large_image","twitter_misc":{"Escrito por":"Eduardo Calabria","Est. tempo de leitura":"3 minutos"},"schema":{"@context":"https:\/\/schema.org","@graph":[{"@type":"WebPage","@id":"https:\/\/portaleducacao.guarulhos.sp.gov.br\/wp_site\/educacaoantirracista\/2024\/11\/26\/epg-vicente-ferreira-desenvolve-projeto-de-arte-ligado-ao-combate-a-intolerancia\/","url":"https:\/\/portaleducacao.guarulhos.sp.gov.br\/wp_site\/educacaoantirracista\/2024\/11\/26\/epg-vicente-ferreira-desenvolve-projeto-de-arte-ligado-ao-combate-a-intolerancia\/","name":"EPG Vicente Ferreira desenvolve projeto de arte ligado ao combate \u00e0 intoler\u00e2ncia - Educa\u00e7\u00e3o Antirracista","isPartOf":{"@id":"https:\/\/portaleducacao.guarulhos.sp.gov.br\/wp_site\/educacaoantirracista\/#website"},"datePublished":"2024-11-26T16:31:31+00:00","dateModified":"2024-11-26T16:31:32+00:00","author":{"@id":"https:\/\/portaleducacao.guarulhos.sp.gov.br\/wp_site\/educacaoantirracista\/#\/schema\/person\/3cd59442d86a6bd35a1cb775b093d9af"},"breadcrumb":{"@id":"https:\/\/portaleducacao.guarulhos.sp.gov.br\/wp_site\/educacaoantirracista\/2024\/11\/26\/epg-vicente-ferreira-desenvolve-projeto-de-arte-ligado-ao-combate-a-intolerancia\/#breadcrumb"},"inLanguage":"pt-BR","potentialAction":[{"@type":"ReadAction","target":["https:\/\/portaleducacao.guarulhos.sp.gov.br\/wp_site\/educacaoantirracista\/2024\/11\/26\/epg-vicente-ferreira-desenvolve-projeto-de-arte-ligado-ao-combate-a-intolerancia\/"]}]},{"@type":"BreadcrumbList","@id":"https:\/\/portaleducacao.guarulhos.sp.gov.br\/wp_site\/educacaoantirracista\/2024\/11\/26\/epg-vicente-ferreira-desenvolve-projeto-de-arte-ligado-ao-combate-a-intolerancia\/#breadcrumb","itemListElement":[{"@type":"ListItem","position":1,"name":"In\u00edcio","item":"https:\/\/portaleducacao.guarulhos.sp.gov.br\/wp_site\/educacaoantirracista\/"},{"@type":"ListItem","position":2,"name":"EPG Vicente Ferreira desenvolve projeto de arte ligado ao combate \u00e0 intoler\u00e2ncia"}]},{"@type":"WebSite","@id":"https:\/\/portaleducacao.guarulhos.sp.gov.br\/wp_site\/educacaoantirracista\/#website","url":"https:\/\/portaleducacao.guarulhos.sp.gov.br\/wp_site\/educacaoantirracista\/","name":"Educa\u00e7\u00e3o Antirracista","description":"Campanha Todos por uma Educa\u00e7\u00e3o Antirracista","potentialAction":[{"@type":"SearchAction","target":{"@type":"EntryPoint","urlTemplate":"https:\/\/portaleducacao.guarulhos.sp.gov.br\/wp_site\/educacaoantirracista\/?s={search_term_string}"},"query-input":"required name=search_term_string"}],"inLanguage":"pt-BR"},{"@type":"Person","@id":"https:\/\/portaleducacao.guarulhos.sp.gov.br\/wp_site\/educacaoantirracista\/#\/schema\/person\/3cd59442d86a6bd35a1cb775b093d9af","name":"Eduardo Calabria","image":{"@type":"ImageObject","inLanguage":"pt-BR","@id":"https:\/\/portaleducacao.guarulhos.sp.gov.br\/wp_site\/educacaoantirracista\/#\/schema\/person\/image\/","url":"https:\/\/secure.gravatar.com\/avatar\/8e9c65076f903828ecdd0e9fa6ab1487?s=96&d=mm&r=g","contentUrl":"https:\/\/secure.gravatar.com\/avatar\/8e9c65076f903828ecdd0e9fa6ab1487?s=96&d=mm&r=g","caption":"Eduardo Calabria"},"url":"https:\/\/portaleducacao.guarulhos.sp.gov.br\/wp_site\/educacaoantirracista\/author\/eduardocm\/"}]}},"_links":{"self":[{"href":"https:\/\/portaleducacao.guarulhos.sp.gov.br\/wp_site\/educacaoantirracista\/wp-json\/wp\/v2\/posts\/377"}],"collection":[{"href":"https:\/\/portaleducacao.guarulhos.sp.gov.br\/wp_site\/educacaoantirracista\/wp-json\/wp\/v2\/posts"}],"about":[{"href":"https:\/\/portaleducacao.guarulhos.sp.gov.br\/wp_site\/educacaoantirracista\/wp-json\/wp\/v2\/types\/post"}],"author":[{"embeddable":true,"href":"https:\/\/portaleducacao.guarulhos.sp.gov.br\/wp_site\/educacaoantirracista\/wp-json\/wp\/v2\/users\/12"}],"replies":[{"embeddable":true,"href":"https:\/\/portaleducacao.guarulhos.sp.gov.br\/wp_site\/educacaoantirracista\/wp-json\/wp\/v2\/comments?post=377"}],"version-history":[{"count":2,"href":"https:\/\/portaleducacao.guarulhos.sp.gov.br\/wp_site\/educacaoantirracista\/wp-json\/wp\/v2\/posts\/377\/revisions"}],"predecessor-version":[{"id":380,"href":"https:\/\/portaleducacao.guarulhos.sp.gov.br\/wp_site\/educacaoantirracista\/wp-json\/wp\/v2\/posts\/377\/revisions\/380"}],"wp:featuredmedia":[{"embeddable":true,"href":"https:\/\/portaleducacao.guarulhos.sp.gov.br\/wp_site\/educacaoantirracista\/wp-json\/wp\/v2\/media\/378"}],"wp:attachment":[{"href":"https:\/\/portaleducacao.guarulhos.sp.gov.br\/wp_site\/educacaoantirracista\/wp-json\/wp\/v2\/media?parent=377"}],"wp:term":[{"taxonomy":"category","embeddable":true,"href":"https:\/\/portaleducacao.guarulhos.sp.gov.br\/wp_site\/educacaoantirracista\/wp-json\/wp\/v2\/categories?post=377"},{"taxonomy":"post_tag","embeddable":true,"href":"https:\/\/portaleducacao.guarulhos.sp.gov.br\/wp_site\/educacaoantirracista\/wp-json\/wp\/v2\/tags?post=377"}],"curies":[{"name":"wp","href":"https:\/\/api.w.org\/{rel}","templated":true}]}}