{"id":106,"date":"2024-10-31T11:20:27","date_gmt":"2024-10-31T14:20:27","guid":{"rendered":"https:\/\/portaleducacao.guarulhos.sp.gov.br\/wp_site\/leia\/?p=106"},"modified":"2024-10-31T11:20:28","modified_gmt":"2024-10-31T14:20:28","slug":"andreia-gomes-da-costa","status":"publish","type":"post","link":"https:\/\/portaleducacao.guarulhos.sp.gov.br\/wp_site\/leia\/2024\/10\/31\/andreia-gomes-da-costa\/","title":{"rendered":"Andreia Gomes da Costa"},"content":{"rendered":"\n<p>P\u00f3s graduada em \u00c9tica, Valores e Sa\u00fade na escola pela EACH &#8211; Escola De Artes, Ci\u00eancias E Humanidades \u2013 Universidade De S\u00e3o Paulo, especializa\u00e7\u00e3o em Forma\u00e7\u00e3o de professores para o uso de Um Computador por Aluno pelo Laborat\u00f3rio de Sistemas Integr\u00e1veis \u2013 Universidade de S\u00e3o Paulo. Ingressou no servi\u00e7o p\u00fablico no munic\u00edpio de Guarulhos em junho de 2000, enquanto professora atuou sempre nas classes de alfabetiza\u00e7\u00e3o tanto no ensino regular quanto na Educa\u00e7\u00e3o de Jovens e adultos. <\/p>\n\n\n\n<p>Participou de cursos de forma\u00e7\u00e3o em alfabetiza\u00e7\u00e3o pela prefeitura de Guarulhos, Pr\u00f3-letramento, Pacto pela alfabetiza\u00e7\u00e3o na idade certa, LEIA \u2013 Leitura, Emancipa\u00e7\u00e3o, Intera\u00e7\u00e3o, Alfabetiza\u00e7\u00e3o, entre outros. <\/p>\n\n\n\n<p>Atuou como coordenadora pedag\u00f3gica e como coordenadora de programas educacionais no CEMEAD. Atualmente \u00e9 tutora do Programa LEIA onde atuou em 2023 no polo 7, regi\u00e3o do Bonsucesso e em 2024 no polo 2, regi\u00e3o dos bairros Tranquilidade e Vila Augusta.<\/p>\n","protected":false},"excerpt":{"rendered":"<p>P\u00f3s graduada em \u00c9tica, Valores e Sa\u00fade na escola pela EACH &#8211; Escola De Artes, Ci\u00eancias E Humanidades \u2013 Universidade De S\u00e3o Paulo, especializa\u00e7\u00e3o em Forma\u00e7\u00e3o de professores para o &hellip;<\/p>\n<p class=\"read-more\"> <a class=\"\" href=\"https:\/\/portaleducacao.guarulhos.sp.gov.br\/wp_site\/leia\/2024\/10\/31\/andreia-gomes-da-costa\/\"> <span class=\"screen-reader-text\">Andreia Gomes da Costa<\/span> Leia mais &raquo;<\/a><\/p>\n","protected":false},"author":1,"featured_media":82,"comment_status":"open","ping_status":"open","sticky":false,"template":"","format":"standard","meta":{"_monsterinsights_skip_tracking":false,"_monsterinsights_sitenote_active":false,"_monsterinsights_sitenote_note":"","_monsterinsights_sitenote_category":0,"site-sidebar-layout":"default","site-content-layout":"default","ast-global-header-display":"","ast-main-header-display":"","ast-hfb-above-header-display":"","ast-hfb-below-header-display":"","ast-hfb-mobile-header-display":"","site-post-title":"","ast-breadcrumbs-content":"","ast-featured-img":"","footer-sml-layout":"","theme-transparent-header-meta":"","adv-header-id-meta":"","stick-header-meta":"","header-above-stick-meta":"","header-main-stick-meta":"","header-below-stick-meta":"","_expiration-date-status":"","_expiration-date":1730985558,"_expiration-date-type":"draft","_expiration-date-categories":[],"_expiration-date-options":[]},"categories":[9],"tags":[],"yoast_head":"<!-- This site is optimized with the Yoast SEO plugin v19.7.1 - https:\/\/yoast.com\/wordpress\/plugins\/seo\/ -->\r\n<title>Andreia Gomes da Costa - Programa Leia \u2013 Leitura \u2013 Emancipa\u00e7\u00e3o \u2013 Intera\u00e7\u00e3o \u2013 Alfabetiza\u00e7\u00e3o<\/title>\r\n<meta name=\"robots\" content=\"index, follow, max-snippet:-1, max-image-preview:large, max-video-preview:-1\" \/>\r\n<link rel=\"canonical\" href=\"https:\/\/portaleducacao.guarulhos.sp.gov.br\/wp_site\/leia\/2024\/10\/31\/andreia-gomes-da-costa\/\" \/>\r\n<meta property=\"og:locale\" content=\"pt_BR\" \/>\r\n<meta property=\"og:type\" content=\"article\" \/>\r\n<meta property=\"og:title\" content=\"Andreia Gomes da Costa - Programa Leia \u2013 Leitura \u2013 Emancipa\u00e7\u00e3o \u2013 Intera\u00e7\u00e3o \u2013 Alfabetiza\u00e7\u00e3o\" \/>\r\n<meta property=\"og:description\" content=\"P\u00f3s graduada em \u00c9tica, Valores e Sa\u00fade na escola pela EACH &#8211; Escola De Artes, Ci\u00eancias E Humanidades \u2013 Universidade De S\u00e3o Paulo, especializa\u00e7\u00e3o em Forma\u00e7\u00e3o de professores para o &hellip; Andreia Gomes da Costa Leia mais &raquo;\" \/>\r\n<meta property=\"og:url\" content=\"https:\/\/portaleducacao.guarulhos.sp.gov.br\/wp_site\/leia\/2024\/10\/31\/andreia-gomes-da-costa\/\" \/>\r\n<meta property=\"og:site_name\" content=\"Programa Leia \u2013 Leitura \u2013 Emancipa\u00e7\u00e3o \u2013 Intera\u00e7\u00e3o \u2013 Alfabetiza\u00e7\u00e3o\" \/>\r\n<meta property=\"article:published_time\" content=\"2024-10-31T14:20:27+00:00\" \/>\r\n<meta property=\"article:modified_time\" content=\"2024-10-31T14:20:28+00:00\" \/>\r\n<meta property=\"og:image\" content=\"http:\/\/portaleducacao.guarulhos.sp.gov.br\/wp_site\/leia\/wp-content\/uploads\/sites\/32\/2024\/10\/WhatsApp-Image-2024-10-28-at-11.02.51-1.jpeg\" \/>\r\n\t<meta property=\"og:image:width\" content=\"200\" \/>\r\n\t<meta property=\"og:image:height\" content=\"300\" \/>\r\n\t<meta property=\"og:image:type\" content=\"image\/jpeg\" \/>\r\n<meta name=\"author\" content=\"sites\" \/>\r\n<meta name=\"twitter:card\" content=\"summary_large_image\" \/>\r\n<meta name=\"twitter:label1\" content=\"Escrito por\" \/>\n\t<meta name=\"twitter:data1\" content=\"sites\" \/>\n\t<meta name=\"twitter:label2\" content=\"Est. tempo de leitura\" \/>\n\t<meta name=\"twitter:data2\" content=\"1 minuto\" \/>\r\n<script type=\"application\/ld+json\" class=\"yoast-schema-graph\">{\"@context\":\"https:\/\/schema.org\",\"@graph\":[{\"@type\":\"WebPage\",\"@id\":\"https:\/\/portaleducacao.guarulhos.sp.gov.br\/wp_site\/leia\/2024\/10\/31\/andreia-gomes-da-costa\/\",\"url\":\"https:\/\/portaleducacao.guarulhos.sp.gov.br\/wp_site\/leia\/2024\/10\/31\/andreia-gomes-da-costa\/\",\"name\":\"Andreia Gomes da Costa - Programa Leia \u2013 Leitura \u2013 Emancipa\u00e7\u00e3o \u2013 Intera\u00e7\u00e3o \u2013 Alfabetiza\u00e7\u00e3o\",\"isPartOf\":{\"@id\":\"https:\/\/portaleducacao.guarulhos.sp.gov.br\/wp_site\/leia\/#website\"},\"datePublished\":\"2024-10-31T14:20:27+00:00\",\"dateModified\":\"2024-10-31T14:20:28+00:00\",\"author\":{\"@id\":\"https:\/\/portaleducacao.guarulhos.sp.gov.br\/wp_site\/leia\/#\/schema\/person\/9d1c60216648b2e84d2544ba3ee8bb69\"},\"breadcrumb\":{\"@id\":\"https:\/\/portaleducacao.guarulhos.sp.gov.br\/wp_site\/leia\/2024\/10\/31\/andreia-gomes-da-costa\/#breadcrumb\"},\"inLanguage\":\"pt-BR\",\"potentialAction\":[{\"@type\":\"ReadAction\",\"target\":[\"https:\/\/portaleducacao.guarulhos.sp.gov.br\/wp_site\/leia\/2024\/10\/31\/andreia-gomes-da-costa\/\"]}]},{\"@type\":\"BreadcrumbList\",\"@id\":\"https:\/\/portaleducacao.guarulhos.sp.gov.br\/wp_site\/leia\/2024\/10\/31\/andreia-gomes-da-costa\/#breadcrumb\",\"itemListElement\":[{\"@type\":\"ListItem\",\"position\":1,\"name\":\"In\u00edcio\",\"item\":\"https:\/\/portaleducacao.guarulhos.sp.gov.br\/wp_site\/leia\/\"},{\"@type\":\"ListItem\",\"position\":2,\"name\":\"Andreia Gomes da Costa\"}]},{\"@type\":\"WebSite\",\"@id\":\"https:\/\/portaleducacao.guarulhos.sp.gov.br\/wp_site\/leia\/#website\",\"url\":\"https:\/\/portaleducacao.guarulhos.sp.gov.br\/wp_site\/leia\/\",\"name\":\"Programa Leia \u2013 Leitura \u2013 Emancipa\u00e7\u00e3o \u2013 Intera\u00e7\u00e3o \u2013 Alfabetiza\u00e7\u00e3o\",\"description\":\"S\u00f3 mais um site Portal SE Informe\",\"potentialAction\":[{\"@type\":\"SearchAction\",\"target\":{\"@type\":\"EntryPoint\",\"urlTemplate\":\"https:\/\/portaleducacao.guarulhos.sp.gov.br\/wp_site\/leia\/?s={search_term_string}\"},\"query-input\":\"required name=search_term_string\"}],\"inLanguage\":\"pt-BR\"},{\"@type\":\"Person\",\"@id\":\"https:\/\/portaleducacao.guarulhos.sp.gov.br\/wp_site\/leia\/#\/schema\/person\/9d1c60216648b2e84d2544ba3ee8bb69\",\"name\":\"sites\",\"image\":{\"@type\":\"ImageObject\",\"inLanguage\":\"pt-BR\",\"@id\":\"https:\/\/portaleducacao.guarulhos.sp.gov.br\/wp_site\/leia\/#\/schema\/person\/image\/\",\"url\":\"https:\/\/secure.gravatar.com\/avatar\/d320dc056d58878ea1be67e0f28bb03d?s=96&d=mm&r=g\",\"contentUrl\":\"https:\/\/secure.gravatar.com\/avatar\/d320dc056d58878ea1be67e0f28bb03d?s=96&d=mm&r=g\",\"caption\":\"sites\"},\"sameAs\":[\"http:\/\/172.16.208.47\/sites\"],\"url\":\"https:\/\/portaleducacao.guarulhos.sp.gov.br\/wp_site\/leia\/author\/sites\/\"}]}<\/script>\r\n<!-- \/ Yoast SEO plugin. -->","yoast_head_json":{"title":"Andreia Gomes da Costa - Programa Leia \u2013 Leitura \u2013 Emancipa\u00e7\u00e3o \u2013 Intera\u00e7\u00e3o \u2013 Alfabetiza\u00e7\u00e3o","robots":{"index":"index","follow":"follow","max-snippet":"max-snippet:-1","max-image-preview":"max-image-preview:large","max-video-preview":"max-video-preview:-1"},"canonical":"https:\/\/portaleducacao.guarulhos.sp.gov.br\/wp_site\/leia\/2024\/10\/31\/andreia-gomes-da-costa\/","og_locale":"pt_BR","og_type":"article","og_title":"Andreia Gomes da Costa - Programa Leia \u2013 Leitura \u2013 Emancipa\u00e7\u00e3o \u2013 Intera\u00e7\u00e3o \u2013 Alfabetiza\u00e7\u00e3o","og_description":"P\u00f3s graduada em \u00c9tica, Valores e Sa\u00fade na escola pela EACH &#8211; Escola De Artes, Ci\u00eancias E Humanidades \u2013 Universidade De S\u00e3o Paulo, especializa\u00e7\u00e3o em Forma\u00e7\u00e3o de professores para o &hellip; Andreia Gomes da Costa Leia mais &raquo;","og_url":"https:\/\/portaleducacao.guarulhos.sp.gov.br\/wp_site\/leia\/2024\/10\/31\/andreia-gomes-da-costa\/","og_site_name":"Programa Leia \u2013 Leitura \u2013 Emancipa\u00e7\u00e3o \u2013 Intera\u00e7\u00e3o \u2013 Alfabetiza\u00e7\u00e3o","article_published_time":"2024-10-31T14:20:27+00:00","article_modified_time":"2024-10-31T14:20:28+00:00","og_image":[{"width":200,"height":300,"url":"http:\/\/portaleducacao.guarulhos.sp.gov.br\/wp_site\/leia\/wp-content\/uploads\/sites\/32\/2024\/10\/WhatsApp-Image-2024-10-28-at-11.02.51-1.jpeg","type":"image\/jpeg"}],"author":"sites","twitter_card":"summary_large_image","twitter_misc":{"Escrito por":"sites","Est. tempo de leitura":"1 minuto"},"schema":{"@context":"https:\/\/schema.org","@graph":[{"@type":"WebPage","@id":"https:\/\/portaleducacao.guarulhos.sp.gov.br\/wp_site\/leia\/2024\/10\/31\/andreia-gomes-da-costa\/","url":"https:\/\/portaleducacao.guarulhos.sp.gov.br\/wp_site\/leia\/2024\/10\/31\/andreia-gomes-da-costa\/","name":"Andreia Gomes da Costa - Programa Leia \u2013 Leitura \u2013 Emancipa\u00e7\u00e3o \u2013 Intera\u00e7\u00e3o \u2013 Alfabetiza\u00e7\u00e3o","isPartOf":{"@id":"https:\/\/portaleducacao.guarulhos.sp.gov.br\/wp_site\/leia\/#website"},"datePublished":"2024-10-31T14:20:27+00:00","dateModified":"2024-10-31T14:20:28+00:00","author":{"@id":"https:\/\/portaleducacao.guarulhos.sp.gov.br\/wp_site\/leia\/#\/schema\/person\/9d1c60216648b2e84d2544ba3ee8bb69"},"breadcrumb":{"@id":"https:\/\/portaleducacao.guarulhos.sp.gov.br\/wp_site\/leia\/2024\/10\/31\/andreia-gomes-da-costa\/#breadcrumb"},"inLanguage":"pt-BR","potentialAction":[{"@type":"ReadAction","target":["https:\/\/portaleducacao.guarulhos.sp.gov.br\/wp_site\/leia\/2024\/10\/31\/andreia-gomes-da-costa\/"]}]},{"@type":"BreadcrumbList","@id":"https:\/\/portaleducacao.guarulhos.sp.gov.br\/wp_site\/leia\/2024\/10\/31\/andreia-gomes-da-costa\/#breadcrumb","itemListElement":[{"@type":"ListItem","position":1,"name":"In\u00edcio","item":"https:\/\/portaleducacao.guarulhos.sp.gov.br\/wp_site\/leia\/"},{"@type":"ListItem","position":2,"name":"Andreia Gomes da Costa"}]},{"@type":"WebSite","@id":"https:\/\/portaleducacao.guarulhos.sp.gov.br\/wp_site\/leia\/#website","url":"https:\/\/portaleducacao.guarulhos.sp.gov.br\/wp_site\/leia\/","name":"Programa Leia \u2013 Leitura \u2013 Emancipa\u00e7\u00e3o \u2013 Intera\u00e7\u00e3o \u2013 Alfabetiza\u00e7\u00e3o","description":"S\u00f3 mais um site Portal SE Informe","potentialAction":[{"@type":"SearchAction","target":{"@type":"EntryPoint","urlTemplate":"https:\/\/portaleducacao.guarulhos.sp.gov.br\/wp_site\/leia\/?s={search_term_string}"},"query-input":"required name=search_term_string"}],"inLanguage":"pt-BR"},{"@type":"Person","@id":"https:\/\/portaleducacao.guarulhos.sp.gov.br\/wp_site\/leia\/#\/schema\/person\/9d1c60216648b2e84d2544ba3ee8bb69","name":"sites","image":{"@type":"ImageObject","inLanguage":"pt-BR","@id":"https:\/\/portaleducacao.guarulhos.sp.gov.br\/wp_site\/leia\/#\/schema\/person\/image\/","url":"https:\/\/secure.gravatar.com\/avatar\/d320dc056d58878ea1be67e0f28bb03d?s=96&d=mm&r=g","contentUrl":"https:\/\/secure.gravatar.com\/avatar\/d320dc056d58878ea1be67e0f28bb03d?s=96&d=mm&r=g","caption":"sites"},"sameAs":["http:\/\/172.16.208.47\/sites"],"url":"https:\/\/portaleducacao.guarulhos.sp.gov.br\/wp_site\/leia\/author\/sites\/"}]}},"_links":{"self":[{"href":"https:\/\/portaleducacao.guarulhos.sp.gov.br\/wp_site\/leia\/wp-json\/wp\/v2\/posts\/106"}],"collection":[{"href":"https:\/\/portaleducacao.guarulhos.sp.gov.br\/wp_site\/leia\/wp-json\/wp\/v2\/posts"}],"about":[{"href":"https:\/\/portaleducacao.guarulhos.sp.gov.br\/wp_site\/leia\/wp-json\/wp\/v2\/types\/post"}],"author":[{"embeddable":true,"href":"https:\/\/portaleducacao.guarulhos.sp.gov.br\/wp_site\/leia\/wp-json\/wp\/v2\/users\/1"}],"replies":[{"embeddable":true,"href":"https:\/\/portaleducacao.guarulhos.sp.gov.br\/wp_site\/leia\/wp-json\/wp\/v2\/comments?post=106"}],"version-history":[{"count":1,"href":"https:\/\/portaleducacao.guarulhos.sp.gov.br\/wp_site\/leia\/wp-json\/wp\/v2\/posts\/106\/revisions"}],"predecessor-version":[{"id":107,"href":"https:\/\/portaleducacao.guarulhos.sp.gov.br\/wp_site\/leia\/wp-json\/wp\/v2\/posts\/106\/revisions\/107"}],"wp:featuredmedia":[{"embeddable":true,"href":"https:\/\/portaleducacao.guarulhos.sp.gov.br\/wp_site\/leia\/wp-json\/wp\/v2\/media\/82"}],"wp:attachment":[{"href":"https:\/\/portaleducacao.guarulhos.sp.gov.br\/wp_site\/leia\/wp-json\/wp\/v2\/media?parent=106"}],"wp:term":[{"taxonomy":"category","embeddable":true,"href":"https:\/\/portaleducacao.guarulhos.sp.gov.br\/wp_site\/leia\/wp-json\/wp\/v2\/categories?post=106"},{"taxonomy":"post_tag","embeddable":true,"href":"https:\/\/portaleducacao.guarulhos.sp.gov.br\/wp_site\/leia\/wp-json\/wp\/v2\/tags?post=106"}],"curies":[{"name":"wp","href":"https:\/\/api.w.org\/{rel}","templated":true}]}}