{"id":115,"date":"2024-10-31T11:26:57","date_gmt":"2024-10-31T14:26:57","guid":{"rendered":"https:\/\/portaleducacao.guarulhos.sp.gov.br\/wp_site\/leia\/?p=115"},"modified":"2024-10-31T11:34:07","modified_gmt":"2024-10-31T14:34:07","slug":"luciene-alves-fraga","status":"publish","type":"post","link":"https:\/\/portaleducacao.guarulhos.sp.gov.br\/wp_site\/leia\/2024\/10\/31\/luciene-alves-fraga\/","title":{"rendered":"Luciene Alves Fraga"},"content":{"rendered":"\n<p>Professora de Educa\u00e7\u00e3o Infantil na Rede Municipal de Guarulhos desde de 2011.Graduada em Pedagogia pela Universidade Presbiteriana Mackenzie, p\u00f3s-graduada em Alfabetiza\u00e7\u00e3o e Letramento, Educa\u00e7\u00e3o Infantil, Pr\u00e1ticas Pedag\u00f3gicas, Neuro psicopedagogia e Educa\u00e7\u00e3o Integral. <\/p>\n\n\n\n<p>Atualmente faz parte da equipe do Programa LEIA \u2013 SE\/Guarulhos, Polo 1- regi\u00e3o centro e Cabu\u00e7u.<\/p>\n","protected":false},"excerpt":{"rendered":"<p>Professora de Educa\u00e7\u00e3o Infantil na Rede Municipal de Guarulhos desde de 2011.Graduada em Pedagogia pela Universidade Presbiteriana Mackenzie, p\u00f3s-graduada em Alfabetiza\u00e7\u00e3o e Letramento, Educa\u00e7\u00e3o Infantil, Pr\u00e1ticas Pedag\u00f3gicas, Neuro psicopedagogia e &hellip;<\/p>\n<p class=\"read-more\"> <a class=\"\" href=\"https:\/\/portaleducacao.guarulhos.sp.gov.br\/wp_site\/leia\/2024\/10\/31\/luciene-alves-fraga\/\"> <span class=\"screen-reader-text\">Luciene Alves Fraga<\/span> Leia mais &raquo;<\/a><\/p>\n","protected":false},"author":1,"featured_media":117,"comment_status":"open","ping_status":"open","sticky":false,"template":"","format":"standard","meta":{"_monsterinsights_skip_tracking":false,"_monsterinsights_sitenote_active":false,"_monsterinsights_sitenote_note":"","_monsterinsights_sitenote_category":0,"site-sidebar-layout":"default","site-content-layout":"default","ast-global-header-display":"","ast-main-header-display":"","ast-hfb-above-header-display":"","ast-hfb-below-header-display":"","ast-hfb-mobile-header-display":"","site-post-title":"","ast-breadcrumbs-content":"","ast-featured-img":"","footer-sml-layout":"","theme-transparent-header-meta":"","adv-header-id-meta":"","stick-header-meta":"","header-above-stick-meta":"","header-main-stick-meta":"","header-below-stick-meta":"","_expiration-date-status":"","_expiration-date":0,"_expiration-date-type":"","_expiration-date-categories":[],"_expiration-date-options":[]},"categories":[9],"tags":[],"yoast_head":"<!-- This site is optimized with the Yoast SEO plugin v19.7.1 - https:\/\/yoast.com\/wordpress\/plugins\/seo\/ -->\r\n<title>Luciene Alves Fraga - Programa Leia \u2013 Leitura \u2013 Emancipa\u00e7\u00e3o \u2013 Intera\u00e7\u00e3o \u2013 Alfabetiza\u00e7\u00e3o<\/title>\r\n<meta name=\"robots\" content=\"index, follow, max-snippet:-1, max-image-preview:large, max-video-preview:-1\" \/>\r\n<link rel=\"canonical\" href=\"https:\/\/portaleducacao.guarulhos.sp.gov.br\/wp_site\/leia\/2024\/10\/31\/luciene-alves-fraga\/\" \/>\r\n<meta property=\"og:locale\" content=\"pt_BR\" \/>\r\n<meta property=\"og:type\" content=\"article\" \/>\r\n<meta property=\"og:title\" content=\"Luciene Alves Fraga - Programa Leia \u2013 Leitura \u2013 Emancipa\u00e7\u00e3o \u2013 Intera\u00e7\u00e3o \u2013 Alfabetiza\u00e7\u00e3o\" \/>\r\n<meta property=\"og:description\" content=\"Professora de Educa\u00e7\u00e3o Infantil na Rede Municipal de Guarulhos desde de 2011.Graduada em Pedagogia pela Universidade Presbiteriana Mackenzie, p\u00f3s-graduada em Alfabetiza\u00e7\u00e3o e Letramento, Educa\u00e7\u00e3o Infantil, Pr\u00e1ticas Pedag\u00f3gicas, Neuro psicopedagogia e &hellip; Luciene Alves Fraga Leia mais &raquo;\" \/>\r\n<meta property=\"og:url\" content=\"https:\/\/portaleducacao.guarulhos.sp.gov.br\/wp_site\/leia\/2024\/10\/31\/luciene-alves-fraga\/\" \/>\r\n<meta property=\"og:site_name\" content=\"Programa Leia \u2013 Leitura \u2013 Emancipa\u00e7\u00e3o \u2013 Intera\u00e7\u00e3o \u2013 Alfabetiza\u00e7\u00e3o\" \/>\r\n<meta property=\"article:published_time\" content=\"2024-10-31T14:26:57+00:00\" \/>\r\n<meta property=\"article:modified_time\" content=\"2024-10-31T14:34:07+00:00\" \/>\r\n<meta property=\"og:image\" content=\"http:\/\/portaleducacao.guarulhos.sp.gov.br\/wp_site\/leia\/wp-content\/uploads\/sites\/32\/2024\/10\/WhatsApp-Image-2024-10-28-at-11.02.52.jpeg\" \/>\r\n\t<meta property=\"og:image:width\" content=\"200\" \/>\r\n\t<meta property=\"og:image:height\" content=\"300\" \/>\r\n\t<meta property=\"og:image:type\" content=\"image\/jpeg\" \/>\r\n<meta name=\"author\" content=\"sites\" \/>\r\n<meta name=\"twitter:card\" content=\"summary_large_image\" \/>\r\n<meta name=\"twitter:label1\" content=\"Escrito por\" \/>\n\t<meta name=\"twitter:data1\" content=\"sites\" \/>\n\t<meta name=\"twitter:label2\" content=\"Est. tempo de leitura\" \/>\n\t<meta name=\"twitter:data2\" content=\"1 minuto\" \/>\r\n<script type=\"application\/ld+json\" class=\"yoast-schema-graph\">{\"@context\":\"https:\/\/schema.org\",\"@graph\":[{\"@type\":\"WebPage\",\"@id\":\"https:\/\/portaleducacao.guarulhos.sp.gov.br\/wp_site\/leia\/2024\/10\/31\/luciene-alves-fraga\/\",\"url\":\"https:\/\/portaleducacao.guarulhos.sp.gov.br\/wp_site\/leia\/2024\/10\/31\/luciene-alves-fraga\/\",\"name\":\"Luciene Alves Fraga - Programa Leia \u2013 Leitura \u2013 Emancipa\u00e7\u00e3o \u2013 Intera\u00e7\u00e3o \u2013 Alfabetiza\u00e7\u00e3o\",\"isPartOf\":{\"@id\":\"https:\/\/portaleducacao.guarulhos.sp.gov.br\/wp_site\/leia\/#website\"},\"datePublished\":\"2024-10-31T14:26:57+00:00\",\"dateModified\":\"2024-10-31T14:34:07+00:00\",\"author\":{\"@id\":\"https:\/\/portaleducacao.guarulhos.sp.gov.br\/wp_site\/leia\/#\/schema\/person\/9d1c60216648b2e84d2544ba3ee8bb69\"},\"breadcrumb\":{\"@id\":\"https:\/\/portaleducacao.guarulhos.sp.gov.br\/wp_site\/leia\/2024\/10\/31\/luciene-alves-fraga\/#breadcrumb\"},\"inLanguage\":\"pt-BR\",\"potentialAction\":[{\"@type\":\"ReadAction\",\"target\":[\"https:\/\/portaleducacao.guarulhos.sp.gov.br\/wp_site\/leia\/2024\/10\/31\/luciene-alves-fraga\/\"]}]},{\"@type\":\"BreadcrumbList\",\"@id\":\"https:\/\/portaleducacao.guarulhos.sp.gov.br\/wp_site\/leia\/2024\/10\/31\/luciene-alves-fraga\/#breadcrumb\",\"itemListElement\":[{\"@type\":\"ListItem\",\"position\":1,\"name\":\"In\u00edcio\",\"item\":\"https:\/\/portaleducacao.guarulhos.sp.gov.br\/wp_site\/leia\/\"},{\"@type\":\"ListItem\",\"position\":2,\"name\":\"Luciene Alves Fraga\"}]},{\"@type\":\"WebSite\",\"@id\":\"https:\/\/portaleducacao.guarulhos.sp.gov.br\/wp_site\/leia\/#website\",\"url\":\"https:\/\/portaleducacao.guarulhos.sp.gov.br\/wp_site\/leia\/\",\"name\":\"Programa Leia \u2013 Leitura \u2013 Emancipa\u00e7\u00e3o \u2013 Intera\u00e7\u00e3o \u2013 Alfabetiza\u00e7\u00e3o\",\"description\":\"S\u00f3 mais um site Portal SE Informe\",\"potentialAction\":[{\"@type\":\"SearchAction\",\"target\":{\"@type\":\"EntryPoint\",\"urlTemplate\":\"https:\/\/portaleducacao.guarulhos.sp.gov.br\/wp_site\/leia\/?s={search_term_string}\"},\"query-input\":\"required name=search_term_string\"}],\"inLanguage\":\"pt-BR\"},{\"@type\":\"Person\",\"@id\":\"https:\/\/portaleducacao.guarulhos.sp.gov.br\/wp_site\/leia\/#\/schema\/person\/9d1c60216648b2e84d2544ba3ee8bb69\",\"name\":\"sites\",\"image\":{\"@type\":\"ImageObject\",\"inLanguage\":\"pt-BR\",\"@id\":\"https:\/\/portaleducacao.guarulhos.sp.gov.br\/wp_site\/leia\/#\/schema\/person\/image\/\",\"url\":\"https:\/\/secure.gravatar.com\/avatar\/d320dc056d58878ea1be67e0f28bb03d?s=96&d=mm&r=g\",\"contentUrl\":\"https:\/\/secure.gravatar.com\/avatar\/d320dc056d58878ea1be67e0f28bb03d?s=96&d=mm&r=g\",\"caption\":\"sites\"},\"sameAs\":[\"http:\/\/172.16.208.47\/sites\"],\"url\":\"https:\/\/portaleducacao.guarulhos.sp.gov.br\/wp_site\/leia\/author\/sites\/\"}]}<\/script>\r\n<!-- \/ Yoast SEO plugin. -->","yoast_head_json":{"title":"Luciene Alves Fraga - Programa Leia \u2013 Leitura \u2013 Emancipa\u00e7\u00e3o \u2013 Intera\u00e7\u00e3o \u2013 Alfabetiza\u00e7\u00e3o","robots":{"index":"index","follow":"follow","max-snippet":"max-snippet:-1","max-image-preview":"max-image-preview:large","max-video-preview":"max-video-preview:-1"},"canonical":"https:\/\/portaleducacao.guarulhos.sp.gov.br\/wp_site\/leia\/2024\/10\/31\/luciene-alves-fraga\/","og_locale":"pt_BR","og_type":"article","og_title":"Luciene Alves Fraga - Programa Leia \u2013 Leitura \u2013 Emancipa\u00e7\u00e3o \u2013 Intera\u00e7\u00e3o \u2013 Alfabetiza\u00e7\u00e3o","og_description":"Professora de Educa\u00e7\u00e3o Infantil na Rede Municipal de Guarulhos desde de 2011.Graduada em Pedagogia pela Universidade Presbiteriana Mackenzie, p\u00f3s-graduada em Alfabetiza\u00e7\u00e3o e Letramento, Educa\u00e7\u00e3o Infantil, Pr\u00e1ticas Pedag\u00f3gicas, Neuro psicopedagogia e &hellip; Luciene Alves Fraga Leia mais &raquo;","og_url":"https:\/\/portaleducacao.guarulhos.sp.gov.br\/wp_site\/leia\/2024\/10\/31\/luciene-alves-fraga\/","og_site_name":"Programa Leia \u2013 Leitura \u2013 Emancipa\u00e7\u00e3o \u2013 Intera\u00e7\u00e3o \u2013 Alfabetiza\u00e7\u00e3o","article_published_time":"2024-10-31T14:26:57+00:00","article_modified_time":"2024-10-31T14:34:07+00:00","og_image":[{"width":200,"height":300,"url":"http:\/\/portaleducacao.guarulhos.sp.gov.br\/wp_site\/leia\/wp-content\/uploads\/sites\/32\/2024\/10\/WhatsApp-Image-2024-10-28-at-11.02.52.jpeg","type":"image\/jpeg"}],"author":"sites","twitter_card":"summary_large_image","twitter_misc":{"Escrito por":"sites","Est. tempo de leitura":"1 minuto"},"schema":{"@context":"https:\/\/schema.org","@graph":[{"@type":"WebPage","@id":"https:\/\/portaleducacao.guarulhos.sp.gov.br\/wp_site\/leia\/2024\/10\/31\/luciene-alves-fraga\/","url":"https:\/\/portaleducacao.guarulhos.sp.gov.br\/wp_site\/leia\/2024\/10\/31\/luciene-alves-fraga\/","name":"Luciene Alves Fraga - Programa Leia \u2013 Leitura \u2013 Emancipa\u00e7\u00e3o \u2013 Intera\u00e7\u00e3o \u2013 Alfabetiza\u00e7\u00e3o","isPartOf":{"@id":"https:\/\/portaleducacao.guarulhos.sp.gov.br\/wp_site\/leia\/#website"},"datePublished":"2024-10-31T14:26:57+00:00","dateModified":"2024-10-31T14:34:07+00:00","author":{"@id":"https:\/\/portaleducacao.guarulhos.sp.gov.br\/wp_site\/leia\/#\/schema\/person\/9d1c60216648b2e84d2544ba3ee8bb69"},"breadcrumb":{"@id":"https:\/\/portaleducacao.guarulhos.sp.gov.br\/wp_site\/leia\/2024\/10\/31\/luciene-alves-fraga\/#breadcrumb"},"inLanguage":"pt-BR","potentialAction":[{"@type":"ReadAction","target":["https:\/\/portaleducacao.guarulhos.sp.gov.br\/wp_site\/leia\/2024\/10\/31\/luciene-alves-fraga\/"]}]},{"@type":"BreadcrumbList","@id":"https:\/\/portaleducacao.guarulhos.sp.gov.br\/wp_site\/leia\/2024\/10\/31\/luciene-alves-fraga\/#breadcrumb","itemListElement":[{"@type":"ListItem","position":1,"name":"In\u00edcio","item":"https:\/\/portaleducacao.guarulhos.sp.gov.br\/wp_site\/leia\/"},{"@type":"ListItem","position":2,"name":"Luciene Alves Fraga"}]},{"@type":"WebSite","@id":"https:\/\/portaleducacao.guarulhos.sp.gov.br\/wp_site\/leia\/#website","url":"https:\/\/portaleducacao.guarulhos.sp.gov.br\/wp_site\/leia\/","name":"Programa Leia \u2013 Leitura \u2013 Emancipa\u00e7\u00e3o \u2013 Intera\u00e7\u00e3o \u2013 Alfabetiza\u00e7\u00e3o","description":"S\u00f3 mais um site Portal SE Informe","potentialAction":[{"@type":"SearchAction","target":{"@type":"EntryPoint","urlTemplate":"https:\/\/portaleducacao.guarulhos.sp.gov.br\/wp_site\/leia\/?s={search_term_string}"},"query-input":"required name=search_term_string"}],"inLanguage":"pt-BR"},{"@type":"Person","@id":"https:\/\/portaleducacao.guarulhos.sp.gov.br\/wp_site\/leia\/#\/schema\/person\/9d1c60216648b2e84d2544ba3ee8bb69","name":"sites","image":{"@type":"ImageObject","inLanguage":"pt-BR","@id":"https:\/\/portaleducacao.guarulhos.sp.gov.br\/wp_site\/leia\/#\/schema\/person\/image\/","url":"https:\/\/secure.gravatar.com\/avatar\/d320dc056d58878ea1be67e0f28bb03d?s=96&d=mm&r=g","contentUrl":"https:\/\/secure.gravatar.com\/avatar\/d320dc056d58878ea1be67e0f28bb03d?s=96&d=mm&r=g","caption":"sites"},"sameAs":["http:\/\/172.16.208.47\/sites"],"url":"https:\/\/portaleducacao.guarulhos.sp.gov.br\/wp_site\/leia\/author\/sites\/"}]}},"_links":{"self":[{"href":"https:\/\/portaleducacao.guarulhos.sp.gov.br\/wp_site\/leia\/wp-json\/wp\/v2\/posts\/115"}],"collection":[{"href":"https:\/\/portaleducacao.guarulhos.sp.gov.br\/wp_site\/leia\/wp-json\/wp\/v2\/posts"}],"about":[{"href":"https:\/\/portaleducacao.guarulhos.sp.gov.br\/wp_site\/leia\/wp-json\/wp\/v2\/types\/post"}],"author":[{"embeddable":true,"href":"https:\/\/portaleducacao.guarulhos.sp.gov.br\/wp_site\/leia\/wp-json\/wp\/v2\/users\/1"}],"replies":[{"embeddable":true,"href":"https:\/\/portaleducacao.guarulhos.sp.gov.br\/wp_site\/leia\/wp-json\/wp\/v2\/comments?post=115"}],"version-history":[{"count":2,"href":"https:\/\/portaleducacao.guarulhos.sp.gov.br\/wp_site\/leia\/wp-json\/wp\/v2\/posts\/115\/revisions"}],"predecessor-version":[{"id":120,"href":"https:\/\/portaleducacao.guarulhos.sp.gov.br\/wp_site\/leia\/wp-json\/wp\/v2\/posts\/115\/revisions\/120"}],"wp:featuredmedia":[{"embeddable":true,"href":"https:\/\/portaleducacao.guarulhos.sp.gov.br\/wp_site\/leia\/wp-json\/wp\/v2\/media\/117"}],"wp:attachment":[{"href":"https:\/\/portaleducacao.guarulhos.sp.gov.br\/wp_site\/leia\/wp-json\/wp\/v2\/media?parent=115"}],"wp:term":[{"taxonomy":"category","embeddable":true,"href":"https:\/\/portaleducacao.guarulhos.sp.gov.br\/wp_site\/leia\/wp-json\/wp\/v2\/categories?post=115"},{"taxonomy":"post_tag","embeddable":true,"href":"https:\/\/portaleducacao.guarulhos.sp.gov.br\/wp_site\/leia\/wp-json\/wp\/v2\/tags?post=115"}],"curies":[{"name":"wp","href":"https:\/\/api.w.org\/{rel}","templated":true}]}}