{"id":1039,"date":"2024-10-21T15:11:55","date_gmt":"2024-10-21T18:11:55","guid":{"rendered":"https:\/\/portaleducacao.guarulhos.sp.gov.br\/wp_site\/museudodesenho\/?p=1039"},"modified":"2024-10-21T15:11:56","modified_gmt":"2024-10-21T18:11:56","slug":"emilly-3-anos-2","status":"publish","type":"post","link":"https:\/\/portaleducacao.guarulhos.sp.gov.br\/wp_site\/museudodesenho\/2024\/10\/21\/emilly-3-anos-2\/","title":{"rendered":"Emilly, 3 anos."},"content":{"rendered":"\n<p>Emilly se aproximou lentamente dos materiais apresentados, pegou uma \u00fanica canetinha rosa, a qual utilizou para fazer todo o desenho, n\u00e3o esbo\u00e7ando interesse em querer utilizar outras cores para desenhar. Desenhou por um longo per\u00edodo de tempo em sil\u00eancio. Um colega perguntou o que ela estava fazendo, mas Emilly n\u00e3o respondeu. Ao final, ela disse baixinho \u00e0 professora: &#8216;Floresta&#8217;, e apontando para outra imagem de seu desenho, disse que era sua m\u00e3e.<br>Professora Noeli Ribeiro Ramos.<\/p>\n","protected":false},"excerpt":{"rendered":"<p>Emilly se aproximou lentamente dos materiais apresentados, pegou uma \u00fanica canetinha rosa, a qual utilizou para fazer todo o desenho, n\u00e3o esbo\u00e7ando interesse em querer utilizar outras cores para desenhar. &hellip;<\/p>\n<p class=\"read-more\"> <a class=\"\" href=\"https:\/\/portaleducacao.guarulhos.sp.gov.br\/wp_site\/museudodesenho\/2024\/10\/21\/emilly-3-anos-2\/\"> <span class=\"screen-reader-text\">Emilly, 3 anos.<\/span> Leia mais &raquo;<\/a><\/p>\n","protected":false},"author":29,"featured_media":1040,"comment_status":"open","ping_status":"open","sticky":false,"template":"","format":"standard","meta":{"_monsterinsights_skip_tracking":false,"_monsterinsights_sitenote_active":false,"_monsterinsights_sitenote_note":"","_monsterinsights_sitenote_category":0,"site-sidebar-layout":"default","site-content-layout":"default","ast-global-header-display":"","ast-main-header-display":"","ast-hfb-above-header-display":"","ast-hfb-below-header-display":"","ast-hfb-mobile-header-display":"","site-post-title":"","ast-breadcrumbs-content":"","ast-featured-img":"","footer-sml-layout":"","theme-transparent-header-meta":"","adv-header-id-meta":"","stick-header-meta":"","header-above-stick-meta":"","header-main-stick-meta":"","header-below-stick-meta":"","_expiration-date-status":"","_expiration-date":0,"_expiration-date-type":"","_expiration-date-categories":[],"_expiration-date-options":[]},"categories":[33],"tags":[],"yoast_head":"<!-- This site is optimized with the Yoast SEO plugin v19.7.1 - https:\/\/yoast.com\/wordpress\/plugins\/seo\/ -->\r\n<title>Emilly, 3 anos. - Museu do Desenho<\/title>\r\n<meta name=\"robots\" content=\"index, follow, max-snippet:-1, max-image-preview:large, max-video-preview:-1\" \/>\r\n<link rel=\"canonical\" href=\"https:\/\/portaleducacao.guarulhos.sp.gov.br\/wp_site\/museudodesenho\/2024\/10\/21\/emilly-3-anos-2\/\" \/>\r\n<meta property=\"og:locale\" content=\"pt_BR\" \/>\r\n<meta property=\"og:type\" content=\"article\" \/>\r\n<meta property=\"og:title\" content=\"Emilly, 3 anos. - Museu do Desenho\" \/>\r\n<meta property=\"og:description\" content=\"Emilly se aproximou lentamente dos materiais apresentados, pegou uma \u00fanica canetinha rosa, a qual utilizou para fazer todo o desenho, n\u00e3o esbo\u00e7ando interesse em querer utilizar outras cores para desenhar. &hellip; Emilly, 3 anos. Leia mais &raquo;\" \/>\r\n<meta property=\"og:url\" content=\"https:\/\/portaleducacao.guarulhos.sp.gov.br\/wp_site\/museudodesenho\/2024\/10\/21\/emilly-3-anos-2\/\" \/>\r\n<meta property=\"og:site_name\" content=\"Museu do Desenho\" \/>\r\n<meta property=\"article:published_time\" content=\"2024-10-21T18:11:55+00:00\" \/>\r\n<meta property=\"article:modified_time\" content=\"2024-10-21T18:11:56+00:00\" \/>\r\n<meta property=\"og:image\" content=\"http:\/\/portaleducacao.guarulhos.sp.gov.br\/wp_site\/museudodesenho\/wp-content\/uploads\/sites\/27\/2024\/10\/43.-Emilly-3-anos.POSTAR.png\" \/>\r\n\t<meta property=\"og:image:width\" content=\"600\" \/>\r\n\t<meta property=\"og:image:height\" content=\"450\" \/>\r\n\t<meta property=\"og:image:type\" content=\"image\/png\" \/>\r\n<meta name=\"author\" content=\"wallacesv\" \/>\r\n<meta name=\"twitter:card\" content=\"summary_large_image\" \/>\r\n<meta name=\"twitter:label1\" content=\"Escrito por\" \/>\n\t<meta name=\"twitter:data1\" content=\"wallacesv\" \/>\n\t<meta name=\"twitter:label2\" content=\"Est. tempo de leitura\" \/>\n\t<meta name=\"twitter:data2\" content=\"1 minuto\" \/>\r\n<script type=\"application\/ld+json\" class=\"yoast-schema-graph\">{\"@context\":\"https:\/\/schema.org\",\"@graph\":[{\"@type\":\"WebPage\",\"@id\":\"https:\/\/portaleducacao.guarulhos.sp.gov.br\/wp_site\/museudodesenho\/2024\/10\/21\/emilly-3-anos-2\/\",\"url\":\"https:\/\/portaleducacao.guarulhos.sp.gov.br\/wp_site\/museudodesenho\/2024\/10\/21\/emilly-3-anos-2\/\",\"name\":\"Emilly, 3 anos. - Museu do Desenho\",\"isPartOf\":{\"@id\":\"https:\/\/portaleducacao.guarulhos.sp.gov.br\/wp_site\/museudodesenho\/#website\"},\"datePublished\":\"2024-10-21T18:11:55+00:00\",\"dateModified\":\"2024-10-21T18:11:56+00:00\",\"author\":{\"@id\":\"https:\/\/portaleducacao.guarulhos.sp.gov.br\/wp_site\/museudodesenho\/#\/schema\/person\/104060cc474c3ddd760020220b2cc173\"},\"breadcrumb\":{\"@id\":\"https:\/\/portaleducacao.guarulhos.sp.gov.br\/wp_site\/museudodesenho\/2024\/10\/21\/emilly-3-anos-2\/#breadcrumb\"},\"inLanguage\":\"pt-BR\",\"potentialAction\":[{\"@type\":\"ReadAction\",\"target\":[\"https:\/\/portaleducacao.guarulhos.sp.gov.br\/wp_site\/museudodesenho\/2024\/10\/21\/emilly-3-anos-2\/\"]}]},{\"@type\":\"BreadcrumbList\",\"@id\":\"https:\/\/portaleducacao.guarulhos.sp.gov.br\/wp_site\/museudodesenho\/2024\/10\/21\/emilly-3-anos-2\/#breadcrumb\",\"itemListElement\":[{\"@type\":\"ListItem\",\"position\":1,\"name\":\"In\u00edcio\",\"item\":\"https:\/\/portaleducacao.guarulhos.sp.gov.br\/wp_site\/museudodesenho\/\"},{\"@type\":\"ListItem\",\"position\":2,\"name\":\"Emilly, 3 anos.\"}]},{\"@type\":\"WebSite\",\"@id\":\"https:\/\/portaleducacao.guarulhos.sp.gov.br\/wp_site\/museudodesenho\/#website\",\"url\":\"https:\/\/portaleducacao.guarulhos.sp.gov.br\/wp_site\/museudodesenho\/\",\"name\":\"Museu do Desenho\",\"description\":\"Secretaria de Educa\u00e7\u00e3o\",\"potentialAction\":[{\"@type\":\"SearchAction\",\"target\":{\"@type\":\"EntryPoint\",\"urlTemplate\":\"https:\/\/portaleducacao.guarulhos.sp.gov.br\/wp_site\/museudodesenho\/?s={search_term_string}\"},\"query-input\":\"required name=search_term_string\"}],\"inLanguage\":\"pt-BR\"},{\"@type\":\"Person\",\"@id\":\"https:\/\/portaleducacao.guarulhos.sp.gov.br\/wp_site\/museudodesenho\/#\/schema\/person\/104060cc474c3ddd760020220b2cc173\",\"name\":\"wallacesv\",\"image\":{\"@type\":\"ImageObject\",\"inLanguage\":\"pt-BR\",\"@id\":\"https:\/\/portaleducacao.guarulhos.sp.gov.br\/wp_site\/museudodesenho\/#\/schema\/person\/image\/\",\"url\":\"https:\/\/secure.gravatar.com\/avatar\/f70360ed9eb43035b615054f5205e1a5?s=96&d=mm&r=g\",\"contentUrl\":\"https:\/\/secure.gravatar.com\/avatar\/f70360ed9eb43035b615054f5205e1a5?s=96&d=mm&r=g\",\"caption\":\"wallacesv\"},\"url\":\"https:\/\/portaleducacao.guarulhos.sp.gov.br\/wp_site\/museudodesenho\/author\/wallacesv\/\"}]}<\/script>\r\n<!-- \/ Yoast SEO plugin. -->","yoast_head_json":{"title":"Emilly, 3 anos. - Museu do Desenho","robots":{"index":"index","follow":"follow","max-snippet":"max-snippet:-1","max-image-preview":"max-image-preview:large","max-video-preview":"max-video-preview:-1"},"canonical":"https:\/\/portaleducacao.guarulhos.sp.gov.br\/wp_site\/museudodesenho\/2024\/10\/21\/emilly-3-anos-2\/","og_locale":"pt_BR","og_type":"article","og_title":"Emilly, 3 anos. - Museu do Desenho","og_description":"Emilly se aproximou lentamente dos materiais apresentados, pegou uma \u00fanica canetinha rosa, a qual utilizou para fazer todo o desenho, n\u00e3o esbo\u00e7ando interesse em querer utilizar outras cores para desenhar. &hellip; Emilly, 3 anos. Leia mais &raquo;","og_url":"https:\/\/portaleducacao.guarulhos.sp.gov.br\/wp_site\/museudodesenho\/2024\/10\/21\/emilly-3-anos-2\/","og_site_name":"Museu do Desenho","article_published_time":"2024-10-21T18:11:55+00:00","article_modified_time":"2024-10-21T18:11:56+00:00","og_image":[{"width":600,"height":450,"url":"http:\/\/portaleducacao.guarulhos.sp.gov.br\/wp_site\/museudodesenho\/wp-content\/uploads\/sites\/27\/2024\/10\/43.-Emilly-3-anos.POSTAR.png","type":"image\/png"}],"author":"wallacesv","twitter_card":"summary_large_image","twitter_misc":{"Escrito por":"wallacesv","Est. tempo de leitura":"1 minuto"},"schema":{"@context":"https:\/\/schema.org","@graph":[{"@type":"WebPage","@id":"https:\/\/portaleducacao.guarulhos.sp.gov.br\/wp_site\/museudodesenho\/2024\/10\/21\/emilly-3-anos-2\/","url":"https:\/\/portaleducacao.guarulhos.sp.gov.br\/wp_site\/museudodesenho\/2024\/10\/21\/emilly-3-anos-2\/","name":"Emilly, 3 anos. - Museu do Desenho","isPartOf":{"@id":"https:\/\/portaleducacao.guarulhos.sp.gov.br\/wp_site\/museudodesenho\/#website"},"datePublished":"2024-10-21T18:11:55+00:00","dateModified":"2024-10-21T18:11:56+00:00","author":{"@id":"https:\/\/portaleducacao.guarulhos.sp.gov.br\/wp_site\/museudodesenho\/#\/schema\/person\/104060cc474c3ddd760020220b2cc173"},"breadcrumb":{"@id":"https:\/\/portaleducacao.guarulhos.sp.gov.br\/wp_site\/museudodesenho\/2024\/10\/21\/emilly-3-anos-2\/#breadcrumb"},"inLanguage":"pt-BR","potentialAction":[{"@type":"ReadAction","target":["https:\/\/portaleducacao.guarulhos.sp.gov.br\/wp_site\/museudodesenho\/2024\/10\/21\/emilly-3-anos-2\/"]}]},{"@type":"BreadcrumbList","@id":"https:\/\/portaleducacao.guarulhos.sp.gov.br\/wp_site\/museudodesenho\/2024\/10\/21\/emilly-3-anos-2\/#breadcrumb","itemListElement":[{"@type":"ListItem","position":1,"name":"In\u00edcio","item":"https:\/\/portaleducacao.guarulhos.sp.gov.br\/wp_site\/museudodesenho\/"},{"@type":"ListItem","position":2,"name":"Emilly, 3 anos."}]},{"@type":"WebSite","@id":"https:\/\/portaleducacao.guarulhos.sp.gov.br\/wp_site\/museudodesenho\/#website","url":"https:\/\/portaleducacao.guarulhos.sp.gov.br\/wp_site\/museudodesenho\/","name":"Museu do Desenho","description":"Secretaria de Educa\u00e7\u00e3o","potentialAction":[{"@type":"SearchAction","target":{"@type":"EntryPoint","urlTemplate":"https:\/\/portaleducacao.guarulhos.sp.gov.br\/wp_site\/museudodesenho\/?s={search_term_string}"},"query-input":"required name=search_term_string"}],"inLanguage":"pt-BR"},{"@type":"Person","@id":"https:\/\/portaleducacao.guarulhos.sp.gov.br\/wp_site\/museudodesenho\/#\/schema\/person\/104060cc474c3ddd760020220b2cc173","name":"wallacesv","image":{"@type":"ImageObject","inLanguage":"pt-BR","@id":"https:\/\/portaleducacao.guarulhos.sp.gov.br\/wp_site\/museudodesenho\/#\/schema\/person\/image\/","url":"https:\/\/secure.gravatar.com\/avatar\/f70360ed9eb43035b615054f5205e1a5?s=96&d=mm&r=g","contentUrl":"https:\/\/secure.gravatar.com\/avatar\/f70360ed9eb43035b615054f5205e1a5?s=96&d=mm&r=g","caption":"wallacesv"},"url":"https:\/\/portaleducacao.guarulhos.sp.gov.br\/wp_site\/museudodesenho\/author\/wallacesv\/"}]}},"_links":{"self":[{"href":"https:\/\/portaleducacao.guarulhos.sp.gov.br\/wp_site\/museudodesenho\/wp-json\/wp\/v2\/posts\/1039"}],"collection":[{"href":"https:\/\/portaleducacao.guarulhos.sp.gov.br\/wp_site\/museudodesenho\/wp-json\/wp\/v2\/posts"}],"about":[{"href":"https:\/\/portaleducacao.guarulhos.sp.gov.br\/wp_site\/museudodesenho\/wp-json\/wp\/v2\/types\/post"}],"author":[{"embeddable":true,"href":"https:\/\/portaleducacao.guarulhos.sp.gov.br\/wp_site\/museudodesenho\/wp-json\/wp\/v2\/users\/29"}],"replies":[{"embeddable":true,"href":"https:\/\/portaleducacao.guarulhos.sp.gov.br\/wp_site\/museudodesenho\/wp-json\/wp\/v2\/comments?post=1039"}],"version-history":[{"count":1,"href":"https:\/\/portaleducacao.guarulhos.sp.gov.br\/wp_site\/museudodesenho\/wp-json\/wp\/v2\/posts\/1039\/revisions"}],"predecessor-version":[{"id":1041,"href":"https:\/\/portaleducacao.guarulhos.sp.gov.br\/wp_site\/museudodesenho\/wp-json\/wp\/v2\/posts\/1039\/revisions\/1041"}],"wp:featuredmedia":[{"embeddable":true,"href":"https:\/\/portaleducacao.guarulhos.sp.gov.br\/wp_site\/museudodesenho\/wp-json\/wp\/v2\/media\/1040"}],"wp:attachment":[{"href":"https:\/\/portaleducacao.guarulhos.sp.gov.br\/wp_site\/museudodesenho\/wp-json\/wp\/v2\/media?parent=1039"}],"wp:term":[{"taxonomy":"category","embeddable":true,"href":"https:\/\/portaleducacao.guarulhos.sp.gov.br\/wp_site\/museudodesenho\/wp-json\/wp\/v2\/categories?post=1039"},{"taxonomy":"post_tag","embeddable":true,"href":"https:\/\/portaleducacao.guarulhos.sp.gov.br\/wp_site\/museudodesenho\/wp-json\/wp\/v2\/tags?post=1039"}],"curies":[{"name":"wp","href":"https:\/\/api.w.org\/{rel}","templated":true}]}}