{"id":1223,"date":"2024-10-25T10:45:37","date_gmt":"2024-10-25T13:45:37","guid":{"rendered":"https:\/\/portaleducacao.guarulhos.sp.gov.br\/wp_site\/museudodesenho\/?p=1223"},"modified":"2024-10-25T10:45:38","modified_gmt":"2024-10-25T13:45:38","slug":"isabelly-5-anos","status":"publish","type":"post","link":"https:\/\/portaleducacao.guarulhos.sp.gov.br\/wp_site\/museudodesenho\/2024\/10\/25\/isabelly-5-anos\/","title":{"rendered":"Isabelly, 5 anos"},"content":{"rendered":"\n<p>A Isabelly \u00e9 uma crian\u00e7a muito t\u00edmida, tento me aproximar ao m\u00e1ximo dela, quase n\u00e3o fala. Fiquei surpresa e muito feliz ao realizar essa atividade, depois de algumas tentativas para que ela me relatasse algo sobre seu desenho, eu consegui que ela falasse que gosta de desenhar, mas gosta mais de desenhar casas.<\/p>\n","protected":false},"excerpt":{"rendered":"<p>A Isabelly \u00e9 uma crian\u00e7a muito t\u00edmida, tento me aproximar ao m\u00e1ximo dela, quase n\u00e3o fala. Fiquei surpresa e muito feliz ao realizar essa atividade, depois de algumas tentativas para &hellip;<\/p>\n<p class=\"read-more\"> <a class=\"\" href=\"https:\/\/portaleducacao.guarulhos.sp.gov.br\/wp_site\/museudodesenho\/2024\/10\/25\/isabelly-5-anos\/\"> <span class=\"screen-reader-text\">Isabelly, 5 anos<\/span> Leia mais &raquo;<\/a><\/p>\n","protected":false},"author":30,"featured_media":1224,"comment_status":"open","ping_status":"open","sticky":false,"template":"","format":"standard","meta":{"_monsterinsights_skip_tracking":false,"_monsterinsights_sitenote_active":false,"_monsterinsights_sitenote_note":"","_monsterinsights_sitenote_category":0,"site-sidebar-layout":"default","site-content-layout":"default","ast-global-header-display":"","ast-main-header-display":"","ast-hfb-above-header-display":"","ast-hfb-below-header-display":"","ast-hfb-mobile-header-display":"","site-post-title":"","ast-breadcrumbs-content":"","ast-featured-img":"","footer-sml-layout":"","theme-transparent-header-meta":"","adv-header-id-meta":"","stick-header-meta":"","header-above-stick-meta":"","header-main-stick-meta":"","header-below-stick-meta":"","_expiration-date-status":"","_expiration-date":0,"_expiration-date-type":"","_expiration-date-categories":[],"_expiration-date-options":[]},"categories":[34,31],"tags":[],"yoast_head":"<!-- This site is optimized with the Yoast SEO plugin v19.7.1 - https:\/\/yoast.com\/wordpress\/plugins\/seo\/ -->\r\n<title>Isabelly, 5 anos - Museu do Desenho<\/title>\r\n<meta name=\"robots\" content=\"index, follow, max-snippet:-1, max-image-preview:large, max-video-preview:-1\" \/>\r\n<link rel=\"canonical\" href=\"https:\/\/portaleducacao.guarulhos.sp.gov.br\/wp_site\/museudodesenho\/2024\/10\/25\/isabelly-5-anos\/\" \/>\r\n<meta property=\"og:locale\" content=\"pt_BR\" \/>\r\n<meta property=\"og:type\" content=\"article\" \/>\r\n<meta property=\"og:title\" content=\"Isabelly, 5 anos - Museu do Desenho\" \/>\r\n<meta property=\"og:description\" content=\"A Isabelly \u00e9 uma crian\u00e7a muito t\u00edmida, tento me aproximar ao m\u00e1ximo dela, quase n\u00e3o fala. Fiquei surpresa e muito feliz ao realizar essa atividade, depois de algumas tentativas para &hellip; Isabelly, 5 anos Leia mais &raquo;\" \/>\r\n<meta property=\"og:url\" content=\"https:\/\/portaleducacao.guarulhos.sp.gov.br\/wp_site\/museudodesenho\/2024\/10\/25\/isabelly-5-anos\/\" \/>\r\n<meta property=\"og:site_name\" content=\"Museu do Desenho\" \/>\r\n<meta property=\"article:published_time\" content=\"2024-10-25T13:45:37+00:00\" \/>\r\n<meta property=\"article:modified_time\" content=\"2024-10-25T13:45:38+00:00\" \/>\r\n<meta property=\"og:image\" content=\"http:\/\/portaleducacao.guarulhos.sp.gov.br\/wp_site\/museudodesenho\/wp-content\/uploads\/sites\/27\/2024\/10\/Isabelly-6-anos.png\" \/>\r\n\t<meta property=\"og:image:width\" content=\"599\" \/>\r\n\t<meta property=\"og:image:height\" content=\"449\" \/>\r\n\t<meta property=\"og:image:type\" content=\"image\/png\" \/>\r\n<meta name=\"author\" content=\"angelacms\" \/>\r\n<meta name=\"twitter:card\" content=\"summary_large_image\" \/>\r\n<meta name=\"twitter:label1\" content=\"Escrito por\" \/>\n\t<meta name=\"twitter:data1\" content=\"angelacms\" \/>\n\t<meta name=\"twitter:label2\" content=\"Est. tempo de leitura\" \/>\n\t<meta name=\"twitter:data2\" content=\"1 minuto\" \/>\r\n<script type=\"application\/ld+json\" class=\"yoast-schema-graph\">{\"@context\":\"https:\/\/schema.org\",\"@graph\":[{\"@type\":\"WebPage\",\"@id\":\"https:\/\/portaleducacao.guarulhos.sp.gov.br\/wp_site\/museudodesenho\/2024\/10\/25\/isabelly-5-anos\/\",\"url\":\"https:\/\/portaleducacao.guarulhos.sp.gov.br\/wp_site\/museudodesenho\/2024\/10\/25\/isabelly-5-anos\/\",\"name\":\"Isabelly, 5 anos - Museu do Desenho\",\"isPartOf\":{\"@id\":\"https:\/\/portaleducacao.guarulhos.sp.gov.br\/wp_site\/museudodesenho\/#website\"},\"datePublished\":\"2024-10-25T13:45:37+00:00\",\"dateModified\":\"2024-10-25T13:45:38+00:00\",\"author\":{\"@id\":\"https:\/\/portaleducacao.guarulhos.sp.gov.br\/wp_site\/museudodesenho\/#\/schema\/person\/ccaedce0fbbe86d67d78608a5ad4863b\"},\"breadcrumb\":{\"@id\":\"https:\/\/portaleducacao.guarulhos.sp.gov.br\/wp_site\/museudodesenho\/2024\/10\/25\/isabelly-5-anos\/#breadcrumb\"},\"inLanguage\":\"pt-BR\",\"potentialAction\":[{\"@type\":\"ReadAction\",\"target\":[\"https:\/\/portaleducacao.guarulhos.sp.gov.br\/wp_site\/museudodesenho\/2024\/10\/25\/isabelly-5-anos\/\"]}]},{\"@type\":\"BreadcrumbList\",\"@id\":\"https:\/\/portaleducacao.guarulhos.sp.gov.br\/wp_site\/museudodesenho\/2024\/10\/25\/isabelly-5-anos\/#breadcrumb\",\"itemListElement\":[{\"@type\":\"ListItem\",\"position\":1,\"name\":\"In\u00edcio\",\"item\":\"https:\/\/portaleducacao.guarulhos.sp.gov.br\/wp_site\/museudodesenho\/\"},{\"@type\":\"ListItem\",\"position\":2,\"name\":\"Isabelly, 5 anos\"}]},{\"@type\":\"WebSite\",\"@id\":\"https:\/\/portaleducacao.guarulhos.sp.gov.br\/wp_site\/museudodesenho\/#website\",\"url\":\"https:\/\/portaleducacao.guarulhos.sp.gov.br\/wp_site\/museudodesenho\/\",\"name\":\"Museu do Desenho\",\"description\":\"Secretaria de Educa\u00e7\u00e3o\",\"potentialAction\":[{\"@type\":\"SearchAction\",\"target\":{\"@type\":\"EntryPoint\",\"urlTemplate\":\"https:\/\/portaleducacao.guarulhos.sp.gov.br\/wp_site\/museudodesenho\/?s={search_term_string}\"},\"query-input\":\"required name=search_term_string\"}],\"inLanguage\":\"pt-BR\"},{\"@type\":\"Person\",\"@id\":\"https:\/\/portaleducacao.guarulhos.sp.gov.br\/wp_site\/museudodesenho\/#\/schema\/person\/ccaedce0fbbe86d67d78608a5ad4863b\",\"name\":\"angelacms\",\"image\":{\"@type\":\"ImageObject\",\"inLanguage\":\"pt-BR\",\"@id\":\"https:\/\/portaleducacao.guarulhos.sp.gov.br\/wp_site\/museudodesenho\/#\/schema\/person\/image\/\",\"url\":\"https:\/\/secure.gravatar.com\/avatar\/20dc1c24dcac67af22074c9c7b3f5a69?s=96&d=mm&r=g\",\"contentUrl\":\"https:\/\/secure.gravatar.com\/avatar\/20dc1c24dcac67af22074c9c7b3f5a69?s=96&d=mm&r=g\",\"caption\":\"angelacms\"},\"url\":\"https:\/\/portaleducacao.guarulhos.sp.gov.br\/wp_site\/museudodesenho\/author\/angelacms\/\"}]}<\/script>\r\n<!-- \/ Yoast SEO plugin. -->","yoast_head_json":{"title":"Isabelly, 5 anos - Museu do Desenho","robots":{"index":"index","follow":"follow","max-snippet":"max-snippet:-1","max-image-preview":"max-image-preview:large","max-video-preview":"max-video-preview:-1"},"canonical":"https:\/\/portaleducacao.guarulhos.sp.gov.br\/wp_site\/museudodesenho\/2024\/10\/25\/isabelly-5-anos\/","og_locale":"pt_BR","og_type":"article","og_title":"Isabelly, 5 anos - Museu do Desenho","og_description":"A Isabelly \u00e9 uma crian\u00e7a muito t\u00edmida, tento me aproximar ao m\u00e1ximo dela, quase n\u00e3o fala. Fiquei surpresa e muito feliz ao realizar essa atividade, depois de algumas tentativas para &hellip; Isabelly, 5 anos Leia mais &raquo;","og_url":"https:\/\/portaleducacao.guarulhos.sp.gov.br\/wp_site\/museudodesenho\/2024\/10\/25\/isabelly-5-anos\/","og_site_name":"Museu do Desenho","article_published_time":"2024-10-25T13:45:37+00:00","article_modified_time":"2024-10-25T13:45:38+00:00","og_image":[{"width":599,"height":449,"url":"http:\/\/portaleducacao.guarulhos.sp.gov.br\/wp_site\/museudodesenho\/wp-content\/uploads\/sites\/27\/2024\/10\/Isabelly-6-anos.png","type":"image\/png"}],"author":"angelacms","twitter_card":"summary_large_image","twitter_misc":{"Escrito por":"angelacms","Est. tempo de leitura":"1 minuto"},"schema":{"@context":"https:\/\/schema.org","@graph":[{"@type":"WebPage","@id":"https:\/\/portaleducacao.guarulhos.sp.gov.br\/wp_site\/museudodesenho\/2024\/10\/25\/isabelly-5-anos\/","url":"https:\/\/portaleducacao.guarulhos.sp.gov.br\/wp_site\/museudodesenho\/2024\/10\/25\/isabelly-5-anos\/","name":"Isabelly, 5 anos - Museu do Desenho","isPartOf":{"@id":"https:\/\/portaleducacao.guarulhos.sp.gov.br\/wp_site\/museudodesenho\/#website"},"datePublished":"2024-10-25T13:45:37+00:00","dateModified":"2024-10-25T13:45:38+00:00","author":{"@id":"https:\/\/portaleducacao.guarulhos.sp.gov.br\/wp_site\/museudodesenho\/#\/schema\/person\/ccaedce0fbbe86d67d78608a5ad4863b"},"breadcrumb":{"@id":"https:\/\/portaleducacao.guarulhos.sp.gov.br\/wp_site\/museudodesenho\/2024\/10\/25\/isabelly-5-anos\/#breadcrumb"},"inLanguage":"pt-BR","potentialAction":[{"@type":"ReadAction","target":["https:\/\/portaleducacao.guarulhos.sp.gov.br\/wp_site\/museudodesenho\/2024\/10\/25\/isabelly-5-anos\/"]}]},{"@type":"BreadcrumbList","@id":"https:\/\/portaleducacao.guarulhos.sp.gov.br\/wp_site\/museudodesenho\/2024\/10\/25\/isabelly-5-anos\/#breadcrumb","itemListElement":[{"@type":"ListItem","position":1,"name":"In\u00edcio","item":"https:\/\/portaleducacao.guarulhos.sp.gov.br\/wp_site\/museudodesenho\/"},{"@type":"ListItem","position":2,"name":"Isabelly, 5 anos"}]},{"@type":"WebSite","@id":"https:\/\/portaleducacao.guarulhos.sp.gov.br\/wp_site\/museudodesenho\/#website","url":"https:\/\/portaleducacao.guarulhos.sp.gov.br\/wp_site\/museudodesenho\/","name":"Museu do Desenho","description":"Secretaria de Educa\u00e7\u00e3o","potentialAction":[{"@type":"SearchAction","target":{"@type":"EntryPoint","urlTemplate":"https:\/\/portaleducacao.guarulhos.sp.gov.br\/wp_site\/museudodesenho\/?s={search_term_string}"},"query-input":"required name=search_term_string"}],"inLanguage":"pt-BR"},{"@type":"Person","@id":"https:\/\/portaleducacao.guarulhos.sp.gov.br\/wp_site\/museudodesenho\/#\/schema\/person\/ccaedce0fbbe86d67d78608a5ad4863b","name":"angelacms","image":{"@type":"ImageObject","inLanguage":"pt-BR","@id":"https:\/\/portaleducacao.guarulhos.sp.gov.br\/wp_site\/museudodesenho\/#\/schema\/person\/image\/","url":"https:\/\/secure.gravatar.com\/avatar\/20dc1c24dcac67af22074c9c7b3f5a69?s=96&d=mm&r=g","contentUrl":"https:\/\/secure.gravatar.com\/avatar\/20dc1c24dcac67af22074c9c7b3f5a69?s=96&d=mm&r=g","caption":"angelacms"},"url":"https:\/\/portaleducacao.guarulhos.sp.gov.br\/wp_site\/museudodesenho\/author\/angelacms\/"}]}},"_links":{"self":[{"href":"https:\/\/portaleducacao.guarulhos.sp.gov.br\/wp_site\/museudodesenho\/wp-json\/wp\/v2\/posts\/1223"}],"collection":[{"href":"https:\/\/portaleducacao.guarulhos.sp.gov.br\/wp_site\/museudodesenho\/wp-json\/wp\/v2\/posts"}],"about":[{"href":"https:\/\/portaleducacao.guarulhos.sp.gov.br\/wp_site\/museudodesenho\/wp-json\/wp\/v2\/types\/post"}],"author":[{"embeddable":true,"href":"https:\/\/portaleducacao.guarulhos.sp.gov.br\/wp_site\/museudodesenho\/wp-json\/wp\/v2\/users\/30"}],"replies":[{"embeddable":true,"href":"https:\/\/portaleducacao.guarulhos.sp.gov.br\/wp_site\/museudodesenho\/wp-json\/wp\/v2\/comments?post=1223"}],"version-history":[{"count":1,"href":"https:\/\/portaleducacao.guarulhos.sp.gov.br\/wp_site\/museudodesenho\/wp-json\/wp\/v2\/posts\/1223\/revisions"}],"predecessor-version":[{"id":1225,"href":"https:\/\/portaleducacao.guarulhos.sp.gov.br\/wp_site\/museudodesenho\/wp-json\/wp\/v2\/posts\/1223\/revisions\/1225"}],"wp:featuredmedia":[{"embeddable":true,"href":"https:\/\/portaleducacao.guarulhos.sp.gov.br\/wp_site\/museudodesenho\/wp-json\/wp\/v2\/media\/1224"}],"wp:attachment":[{"href":"https:\/\/portaleducacao.guarulhos.sp.gov.br\/wp_site\/museudodesenho\/wp-json\/wp\/v2\/media?parent=1223"}],"wp:term":[{"taxonomy":"category","embeddable":true,"href":"https:\/\/portaleducacao.guarulhos.sp.gov.br\/wp_site\/museudodesenho\/wp-json\/wp\/v2\/categories?post=1223"},{"taxonomy":"post_tag","embeddable":true,"href":"https:\/\/portaleducacao.guarulhos.sp.gov.br\/wp_site\/museudodesenho\/wp-json\/wp\/v2\/tags?post=1223"}],"curies":[{"name":"wp","href":"https:\/\/api.w.org\/{rel}","templated":true}]}}